
{"id":591653,"date":"2022-04-27T14:15:30","date_gmt":"2022-04-27T12:15:30","guid":{"rendered":"https:\/\/webalkans.eu\/news\/wbf-signs-contracts-with-the-winners-of-the-first-regional-grant-scheme\/"},"modified":"2022-05-10T12:42:34","modified_gmt":"2022-05-10T10:42:34","slug":"wbf-signs-contracts-with-the-winners-of-the-first-regional-grant-scheme","status":"publish","type":"post","link":"https:\/\/webalkans.eu\/sr\/news\/wbf-signs-contracts-with-the-winners-of-the-first-regional-grant-scheme\/","title":{"rendered":"WBF potpisuje ugovore sa pobednicima prve regionalne \u0161eme grantova"},"content":{"rendered":"<p style=\"font-weight: 400;\">U prisustvu vi\u0161e od 100 istaknutih gostiju, Fond za zapadni Balkan (WBF) pozdravio je 30 dobitnika Prve regionalne \u0161eme bespovratnih sredstava koju sufinansira Evropska unija. Izabrani predlozi se finansiraju kroz Instrument pretpristupne pomo\u0107i u okviru projekta \u201ePodr\u0161ka promociji regionalnih akcija civilnog dru\u0161tva na Zapadnom Balkanu\u201c.<\/p>\n<p>&nbsp;<\/p>\n<p style=\"font-weight: 400;\">Nj. E. Aleksis Hupin, otpravnik poslova u Delegaciji Evropske unije u Albaniji, govorio je u ime Evropske unije: \u201eEU je zapravo projekat koji je po\u010deo na osnovu ideje o dobrosusedskim odnosima. Ako presko\u010dimo nekoliko decenija i pogledamo EU 2022. i preokret doga\u0111aja u na\u0161em susedstvu, rat u Ukrajini jo\u0161 jednom je rasvetlio zna\u010daj dobrosusedskih odnosa, po\u0161tovanja suvereniteta i teritorijalnog integriteta\u201c.<\/p>\n<p>&nbsp;<\/p>\n<p style=\"font-weight: 400;\">Proces prijave za prvi sufinansirani konkurs za podno\u0161enje projekata pokrenut je 8. novembra 2021. godine i podneto je 207 projekata koji uklju\u010duju skoro 750 zainteresovanih strana. Proces selekcije sproveden je u prvim mesecima ove godine uz pomo\u0107 spoljnih stru\u010dnjaka. Trideset pobedni\u010dkih projekata usmereno je na vode\u0107a pitanja kao \u0161to su zelena i digitalna ekonomija, ljudska prava, rodna ravnopravnost, obrazovanje, istra\u017eivanje i kulturna saradnja.<\/p>\n<p>&nbsp;<\/p>\n<p style=\"font-weight: 400;\">Fond za Zapadni Balkan je me\u0111unarodna organizacija osnovana 2017. godine od strane ministarstava spoljnih poslova zemalja Zapadnog Balkana. Pre sufinansirane \u0161eme bespovratnih sredstava, WBF je raspisao jo\u0161 tri uspe\u0161na konkursa za podno\u0161enje projekata, finansiraju\u0107i 68 projekata sa ukupno 10.000 direktnih korisnika.<\/p>\n","protected":false},"excerpt":{"rendered":"<p>U prisustvu vi\u0161e od 100 istaknutih gostiju, Fond za zapadni Balkan (WBF) pozdravio je 30 dobitnika Prve regionalne \u0161eme bespovratnih sredstava koju sufinansira Evropska unija. <\/p>\n","protected":false},"author":152227,"featured_media":583222,"comment_status":"closed","ping_status":"closed","sticky":false,"template":"","format":"standard","meta":{"_acf_changed":false,"_monsterinsights_skip_tracking":false,"_monsterinsights_sitenote_active":false,"_monsterinsights_sitenote_note":"","_monsterinsights_sitenote_category":0,"footnotes":""},"country-for-news":[419],"class_list":["post-591653","post","type-post","status-publish","format-standard","has-post-thumbnail","hentry","wb_theme-democracy-and-fundamental-rights","country-for-news-albania"],"acf":[],"yoast_head":"<!-- This site is optimized with the Yoast SEO plugin v25.3.1 - https:\/\/yoast.com\/wordpress\/plugins\/seo\/ -->\n<title>WBF potpisuje ugovore sa pobednicima prve regionalne \u0161eme grantova News | WeBalkans<\/title>\n<meta name=\"description\" content=\"WBF potpisuje ugovore sa pobednicima prve regionalne \u0161eme grantova\" \/>\n<meta name=\"robots\" content=\"index, follow, max-snippet:-1, max-image-preview:large, max-video-preview:-1\" \/>\n<link rel=\"canonical\" href=\"https:\/\/webalkans.eu\/sr\/news\/wbf-signs-contracts-with-the-winners-of-the-first-regional-grant-scheme\/\" \/>\n<meta property=\"og:locale\" content=\"sr_RS\" \/>\n<meta property=\"og:type\" content=\"article\" \/>\n<meta property=\"og:title\" content=\"WBF potpisuje ugovore sa pobednicima prve regionalne \u0161eme grantova News | WeBalkans\" \/>\n<meta property=\"og:description\" content=\"WBF potpisuje ugovore sa pobednicima prve regionalne \u0161eme grantova\" \/>\n<meta property=\"og:url\" content=\"https:\/\/webalkans.eu\/sr\/news\/wbf-signs-contracts-with-the-winners-of-the-first-regional-grant-scheme\/\" \/>\n<meta property=\"og:site_name\" content=\"WeBalkans | EU Projects in the Western Balkans\" \/>\n<meta property=\"article:publisher\" content=\"https:\/\/www.facebook.com\/webalkans.eu\" \/>\n<meta property=\"article:published_time\" content=\"2022-04-27T12:15:30+00:00\" \/>\n<meta property=\"article:modified_time\" content=\"2022-05-10T10:42:34+00:00\" \/>\n<meta property=\"og:image\" content=\"https:\/\/webalkans.eu\/wp-content\/uploads\/2022\/04\/3-2-1024x768.png\" \/>\n\t<meta property=\"og:image:width\" content=\"1024\" \/>\n\t<meta property=\"og:image:height\" content=\"768\" \/>\n\t<meta property=\"og:image:type\" content=\"image\/png\" \/>\n<meta name=\"author\" content=\"007designstudio@gmail.com\" \/>\n<meta name=\"twitter:card\" content=\"summary_large_image\" \/>\n<meta name=\"twitter:creator\" content=\"@WeBalkans\" \/>\n<meta name=\"twitter:site\" content=\"@WeBalkans\" \/>\n<meta name=\"twitter:label1\" content=\"\u041d\u0430\u043f\u0438\u0441\u0430\u043d\u043e \u043e\u0434\" \/>\n\t<meta name=\"twitter:data1\" content=\"007designstudio@gmail.com\" \/>\n\t<meta name=\"twitter:label2\" content=\"\u041f\u0440\u043e\u0446\u0435\u045a\u0435\u043d\u043e \u0432\u0440\u0435\u043c\u0435 \u0447\u0438\u0442\u0430\u045a\u0430\" \/>\n\t<meta name=\"twitter:data2\" content=\"1 \u043c\u0438\u043d\u0443\u0442\" \/>\n<script type=\"application\/ld+json\" class=\"yoast-schema-graph\">{\"@context\":\"https:\/\/schema.org\",\"@graph\":[{\"@type\":\"Article\",\"@id\":\"https:\/\/webalkans.eu\/sr\/news\/wbf-signs-contracts-with-the-winners-of-the-first-regional-grant-scheme\/#article\",\"isPartOf\":{\"@id\":\"https:\/\/webalkans.eu\/sr\/news\/wbf-signs-contracts-with-the-winners-of-the-first-regional-grant-scheme\/\"},\"author\":{\"name\":\"007designstudio@gmail.com\",\"@id\":\"https:\/\/webalkans.eu\/sr\/#\/schema\/person\/95a8ea19ef21de3b7766e9b65ffdb4da\"},\"headline\":\"WBF potpisuje ugovore sa pobednicima prve regionalne \u0161eme grantova\",\"datePublished\":\"2022-04-27T12:15:30+00:00\",\"dateModified\":\"2022-05-10T10:42:34+00:00\",\"mainEntityOfPage\":{\"@id\":\"https:\/\/webalkans.eu\/sr\/news\/wbf-signs-contracts-with-the-winners-of-the-first-regional-grant-scheme\/\"},\"wordCount\":231,\"publisher\":{\"@id\":\"https:\/\/webalkans.eu\/sr\/#organization\"},\"image\":{\"@id\":\"https:\/\/webalkans.eu\/sr\/news\/wbf-signs-contracts-with-the-winners-of-the-first-regional-grant-scheme\/#primaryimage\"},\"thumbnailUrl\":\"https:\/\/webalkans.eu\/wp-content\/uploads\/2022\/04\/3-2.png\",\"inLanguage\":\"sr-RS\"},{\"@type\":\"WebPage\",\"@id\":\"https:\/\/webalkans.eu\/sr\/news\/wbf-signs-contracts-with-the-winners-of-the-first-regional-grant-scheme\/\",\"url\":\"https:\/\/webalkans.eu\/sr\/news\/wbf-signs-contracts-with-the-winners-of-the-first-regional-grant-scheme\/\",\"name\":\"WBF potpisuje ugovore sa pobednicima prve regionalne \u0161eme grantova News | WeBalkans\",\"isPartOf\":{\"@id\":\"https:\/\/webalkans.eu\/sr\/#website\"},\"primaryImageOfPage\":{\"@id\":\"https:\/\/webalkans.eu\/sr\/news\/wbf-signs-contracts-with-the-winners-of-the-first-regional-grant-scheme\/#primaryimage\"},\"image\":{\"@id\":\"https:\/\/webalkans.eu\/sr\/news\/wbf-signs-contracts-with-the-winners-of-the-first-regional-grant-scheme\/#primaryimage\"},\"thumbnailUrl\":\"https:\/\/webalkans.eu\/wp-content\/uploads\/2022\/04\/3-2.png\",\"datePublished\":\"2022-04-27T12:15:30+00:00\",\"dateModified\":\"2022-05-10T10:42:34+00:00\",\"description\":\"WBF potpisuje ugovore sa pobednicima prve regionalne \u0161eme grantova\",\"breadcrumb\":{\"@id\":\"https:\/\/webalkans.eu\/sr\/news\/wbf-signs-contracts-with-the-winners-of-the-first-regional-grant-scheme\/#breadcrumb\"},\"inLanguage\":\"sr-RS\",\"potentialAction\":[{\"@type\":\"ReadAction\",\"target\":[\"https:\/\/webalkans.eu\/sr\/news\/wbf-signs-contracts-with-the-winners-of-the-first-regional-grant-scheme\/\"]}]},{\"@type\":\"ImageObject\",\"inLanguage\":\"sr-RS\",\"@id\":\"https:\/\/webalkans.eu\/sr\/news\/wbf-signs-contracts-with-the-winners-of-the-first-regional-grant-scheme\/#primaryimage\",\"url\":\"https:\/\/webalkans.eu\/wp-content\/uploads\/2022\/04\/3-2.png\",\"contentUrl\":\"https:\/\/webalkans.eu\/wp-content\/uploads\/2022\/04\/3-2.png\",\"width\":1440,\"height\":1080},{\"@type\":\"BreadcrumbList\",\"@id\":\"https:\/\/webalkans.eu\/sr\/news\/wbf-signs-contracts-with-the-winners-of-the-first-regional-grant-scheme\/#breadcrumb\",\"itemListElement\":[{\"@type\":\"ListItem\",\"position\":1,\"name\":\"Home\",\"item\":\"https:\/\/webalkans.eu\/sr\/homepage\/\"},{\"@type\":\"ListItem\",\"position\":2,\"name\":\"WBF potpisuje ugovore sa pobednicima prve regionalne \u0161eme grantova\"}]},{\"@type\":\"WebSite\",\"@id\":\"https:\/\/webalkans.eu\/sr\/#website\",\"url\":\"https:\/\/webalkans.eu\/sr\/\",\"name\":\"WeBalkans | EU Projects in the Western Balkans\",\"description\":\"\",\"publisher\":{\"@id\":\"https:\/\/webalkans.eu\/sr\/#organization\"},\"potentialAction\":[{\"@type\":\"SearchAction\",\"target\":{\"@type\":\"EntryPoint\",\"urlTemplate\":\"https:\/\/webalkans.eu\/sr\/?s={search_term_string}\"},\"query-input\":{\"@type\":\"PropertyValueSpecification\",\"valueRequired\":true,\"valueName\":\"search_term_string\"}}],\"inLanguage\":\"sr-RS\"},{\"@type\":\"Organization\",\"@id\":\"https:\/\/webalkans.eu\/sr\/#organization\",\"name\":\"European Union\",\"url\":\"https:\/\/webalkans.eu\/sr\/\",\"logo\":{\"@type\":\"ImageObject\",\"inLanguage\":\"sr-RS\",\"@id\":\"https:\/\/webalkans.eu\/sr\/#\/schema\/logo\/image\/\",\"url\":\"https:\/\/webalkans.eu\/wp-content\/uploads\/2020\/11\/eu_flag.jpg\",\"contentUrl\":\"https:\/\/webalkans.eu\/wp-content\/uploads\/2020\/11\/eu_flag.jpg\",\"width\":600,\"height\":401,\"caption\":\"European Union\"},\"image\":{\"@id\":\"https:\/\/webalkans.eu\/sr\/#\/schema\/logo\/image\/\"},\"sameAs\":[\"https:\/\/www.facebook.com\/webalkans.eu\",\"https:\/\/x.com\/WeBalkans\"]},{\"@type\":\"Person\",\"@id\":\"https:\/\/webalkans.eu\/sr\/#\/schema\/person\/95a8ea19ef21de3b7766e9b65ffdb4da\",\"name\":\"007designstudio@gmail.com\"}]}<\/script>\n<!-- \/ Yoast SEO plugin. -->","yoast_head_json":{"title":"WBF potpisuje ugovore sa pobednicima prve regionalne \u0161eme grantova News | WeBalkans","description":"WBF potpisuje ugovore sa pobednicima prve regionalne \u0161eme grantova","robots":{"index":"index","follow":"follow","max-snippet":"max-snippet:-1","max-image-preview":"max-image-preview:large","max-video-preview":"max-video-preview:-1"},"canonical":"https:\/\/webalkans.eu\/sr\/news\/wbf-signs-contracts-with-the-winners-of-the-first-regional-grant-scheme\/","og_locale":"sr_RS","og_type":"article","og_title":"WBF potpisuje ugovore sa pobednicima prve regionalne \u0161eme grantova News | WeBalkans","og_description":"WBF potpisuje ugovore sa pobednicima prve regionalne \u0161eme grantova","og_url":"https:\/\/webalkans.eu\/sr\/news\/wbf-signs-contracts-with-the-winners-of-the-first-regional-grant-scheme\/","og_site_name":"WeBalkans | EU Projects in the Western Balkans","article_publisher":"https:\/\/www.facebook.com\/webalkans.eu","article_published_time":"2022-04-27T12:15:30+00:00","article_modified_time":"2022-05-10T10:42:34+00:00","og_image":[{"width":1024,"height":768,"url":"https:\/\/webalkans.eu\/wp-content\/uploads\/2022\/04\/3-2-1024x768.png","type":"image\/png"}],"author":"007designstudio@gmail.com","twitter_card":"summary_large_image","twitter_creator":"@WeBalkans","twitter_site":"@WeBalkans","twitter_misc":{"\u041d\u0430\u043f\u0438\u0441\u0430\u043d\u043e \u043e\u0434":"007designstudio@gmail.com","\u041f\u0440\u043e\u0446\u0435\u045a\u0435\u043d\u043e \u0432\u0440\u0435\u043c\u0435 \u0447\u0438\u0442\u0430\u045a\u0430":"1 \u043c\u0438\u043d\u0443\u0442"},"schema":{"@context":"https:\/\/schema.org","@graph":[{"@type":"Article","@id":"https:\/\/webalkans.eu\/sr\/news\/wbf-signs-contracts-with-the-winners-of-the-first-regional-grant-scheme\/#article","isPartOf":{"@id":"https:\/\/webalkans.eu\/sr\/news\/wbf-signs-contracts-with-the-winners-of-the-first-regional-grant-scheme\/"},"author":{"name":"007designstudio@gmail.com","@id":"https:\/\/webalkans.eu\/sr\/#\/schema\/person\/95a8ea19ef21de3b7766e9b65ffdb4da"},"headline":"WBF potpisuje ugovore sa pobednicima prve regionalne \u0161eme grantova","datePublished":"2022-04-27T12:15:30+00:00","dateModified":"2022-05-10T10:42:34+00:00","mainEntityOfPage":{"@id":"https:\/\/webalkans.eu\/sr\/news\/wbf-signs-contracts-with-the-winners-of-the-first-regional-grant-scheme\/"},"wordCount":231,"publisher":{"@id":"https:\/\/webalkans.eu\/sr\/#organization"},"image":{"@id":"https:\/\/webalkans.eu\/sr\/news\/wbf-signs-contracts-with-the-winners-of-the-first-regional-grant-scheme\/#primaryimage"},"thumbnailUrl":"https:\/\/webalkans.eu\/wp-content\/uploads\/2022\/04\/3-2.png","inLanguage":"sr-RS"},{"@type":"WebPage","@id":"https:\/\/webalkans.eu\/sr\/news\/wbf-signs-contracts-with-the-winners-of-the-first-regional-grant-scheme\/","url":"https:\/\/webalkans.eu\/sr\/news\/wbf-signs-contracts-with-the-winners-of-the-first-regional-grant-scheme\/","name":"WBF potpisuje ugovore sa pobednicima prve regionalne \u0161eme grantova News | WeBalkans","isPartOf":{"@id":"https:\/\/webalkans.eu\/sr\/#website"},"primaryImageOfPage":{"@id":"https:\/\/webalkans.eu\/sr\/news\/wbf-signs-contracts-with-the-winners-of-the-first-regional-grant-scheme\/#primaryimage"},"image":{"@id":"https:\/\/webalkans.eu\/sr\/news\/wbf-signs-contracts-with-the-winners-of-the-first-regional-grant-scheme\/#primaryimage"},"thumbnailUrl":"https:\/\/webalkans.eu\/wp-content\/uploads\/2022\/04\/3-2.png","datePublished":"2022-04-27T12:15:30+00:00","dateModified":"2022-05-10T10:42:34+00:00","description":"WBF potpisuje ugovore sa pobednicima prve regionalne \u0161eme grantova","breadcrumb":{"@id":"https:\/\/webalkans.eu\/sr\/news\/wbf-signs-contracts-with-the-winners-of-the-first-regional-grant-scheme\/#breadcrumb"},"inLanguage":"sr-RS","potentialAction":[{"@type":"ReadAction","target":["https:\/\/webalkans.eu\/sr\/news\/wbf-signs-contracts-with-the-winners-of-the-first-regional-grant-scheme\/"]}]},{"@type":"ImageObject","inLanguage":"sr-RS","@id":"https:\/\/webalkans.eu\/sr\/news\/wbf-signs-contracts-with-the-winners-of-the-first-regional-grant-scheme\/#primaryimage","url":"https:\/\/webalkans.eu\/wp-content\/uploads\/2022\/04\/3-2.png","contentUrl":"https:\/\/webalkans.eu\/wp-content\/uploads\/2022\/04\/3-2.png","width":1440,"height":1080},{"@type":"BreadcrumbList","@id":"https:\/\/webalkans.eu\/sr\/news\/wbf-signs-contracts-with-the-winners-of-the-first-regional-grant-scheme\/#breadcrumb","itemListElement":[{"@type":"ListItem","position":1,"name":"Home","item":"https:\/\/webalkans.eu\/sr\/homepage\/"},{"@type":"ListItem","position":2,"name":"WBF potpisuje ugovore sa pobednicima prve regionalne \u0161eme grantova"}]},{"@type":"WebSite","@id":"https:\/\/webalkans.eu\/sr\/#website","url":"https:\/\/webalkans.eu\/sr\/","name":"WeBalkans | EU Projects in the Western Balkans","description":"","publisher":{"@id":"https:\/\/webalkans.eu\/sr\/#organization"},"potentialAction":[{"@type":"SearchAction","target":{"@type":"EntryPoint","urlTemplate":"https:\/\/webalkans.eu\/sr\/?s={search_term_string}"},"query-input":{"@type":"PropertyValueSpecification","valueRequired":true,"valueName":"search_term_string"}}],"inLanguage":"sr-RS"},{"@type":"Organization","@id":"https:\/\/webalkans.eu\/sr\/#organization","name":"European Union","url":"https:\/\/webalkans.eu\/sr\/","logo":{"@type":"ImageObject","inLanguage":"sr-RS","@id":"https:\/\/webalkans.eu\/sr\/#\/schema\/logo\/image\/","url":"https:\/\/webalkans.eu\/wp-content\/uploads\/2020\/11\/eu_flag.jpg","contentUrl":"https:\/\/webalkans.eu\/wp-content\/uploads\/2020\/11\/eu_flag.jpg","width":600,"height":401,"caption":"European Union"},"image":{"@id":"https:\/\/webalkans.eu\/sr\/#\/schema\/logo\/image\/"},"sameAs":["https:\/\/www.facebook.com\/webalkans.eu","https:\/\/x.com\/WeBalkans"]},{"@type":"Person","@id":"https:\/\/webalkans.eu\/sr\/#\/schema\/person\/95a8ea19ef21de3b7766e9b65ffdb4da","name":"007designstudio@gmail.com"}]}},"_links":{"self":[{"href":"https:\/\/webalkans.eu\/sr\/wp-json\/wp\/v2\/posts\/591653"}],"collection":[{"href":"https:\/\/webalkans.eu\/sr\/wp-json\/wp\/v2\/posts"}],"about":[{"href":"https:\/\/webalkans.eu\/sr\/wp-json\/wp\/v2\/types\/post"}],"author":[{"embeddable":true,"href":"https:\/\/webalkans.eu\/sr\/wp-json\/wp\/v2\/users\/152227"}],"replies":[{"embeddable":true,"href":"https:\/\/webalkans.eu\/sr\/wp-json\/wp\/v2\/comments?post=591653"}],"version-history":[{"count":0,"href":"https:\/\/webalkans.eu\/sr\/wp-json\/wp\/v2\/posts\/591653\/revisions"}],"wp:featuredmedia":[{"embeddable":true,"href":"https:\/\/webalkans.eu\/sr\/wp-json\/wp\/v2\/media\/583222"}],"wp:attachment":[{"href":"https:\/\/webalkans.eu\/sr\/wp-json\/wp\/v2\/media?parent=591653"}],"wp:term":[{"taxonomy":"country-for-news","embeddable":true,"href":"https:\/\/webalkans.eu\/sr\/wp-json\/wp\/v2\/country-for-news?post=591653"}],"curies":[{"name":"wp","href":"https:\/\/api.w.org\/{rel}","templated":true}]}}