
{"id":569439,"date":"2022-03-17T12:06:40","date_gmt":"2022-03-17T11:06:40","guid":{"rendered":"https:\/\/webalkans.eu\/news\/eu-in-north-macedonia-presents-first-ever-european-woman-of-the-year-award\/"},"modified":"2022-04-07T18:01:10","modified_gmt":"2022-04-07T16:01:10","slug":"eu-in-north-macedonia-presents-first-ever-european-woman-of-the-year-award","status":"publish","type":"post","link":"https:\/\/webalkans.eu\/sr\/news\/eu-in-north-macedonia-presents-first-ever-european-woman-of-the-year-award\/","title":{"rendered":"EU po prvi put uru\u010dila nagradu za Evropljanku godine u Severnoj Makedoniji"},"content":{"rendered":"<p style=\"font-weight: 400;\">Pet izuzetnih \u017eena koje se isti\u010du u svojim oblastima i istovremeno slu\u017ee kao nadahnu\u0107e dru\u0161tvu u celini nominovane su od strane #TeamEurope u Severnoj Makedoniji za nagradu Evropljanka godine 2022.<\/p>\n<p>&nbsp;<\/p>\n<p style=\"font-weight: 400;\">Nominovane su nacionalna koordinatorka za transplantaciju Maja Mojsova Mijovska, alpinistkinja Ilina Arsova, filmska rediteljka i spisateljica Dina Duma, direktorka Nacionalne galerije Dita Starova \u0106erimi i osniva\u010dica kompanije MaMa Organa Natalija Burgieva. Njih su predlo\u017eile ambasadorke Hrvatske (Nives Tiganj), Nema\u010dke (Anke Hol\u0161tajn), Rumunije (Monika Aksinte) i \u0160vedske (Kristen Forsgren Bengtson) i ambasador EU (Dejvid Gir).<\/p>\n<p>&nbsp;<\/p>\n<p style=\"font-weight: 400;\">\u201eObele\u017eavamo Me\u0111unarodni dan \u017eena odaju\u0107i po\u010dast izuzetnim \u017eenama koje su pokazale da je samo nebo granica u ostvarivanju snova i u radu za op\u0161te dobro. Njihove pri\u010de su inspirativne. Razbijaju predrasude. One dokazuju da pol nema veze sa sposobnostima i da kapacitet i posve\u0107enost nemaju rod\u201c, rekla je ambasadorka Gir na sve\u010danosti kojoj je prisustvovala i prva dama Elizabeta \u0110orgievska.<\/p>\n<p>&nbsp;<\/p>\n<p style=\"font-weight: 400;\">Nagrada Delegacije EU Evropljanka godine \u2013 kao dopuna nagradi Evropljanin(ka) godine koju je Delegacija uvela 2019. godine \u2013 ima za cilj podizanje svesti o preprekama za rodnu ravnopravnost, istovremeno odaju\u0107i priznanje \u017eenama koje vode primerom i poma\u017eu u stvaranju ravnopravnijeg sveta.<\/p>\n<p style=\"font-weight: 400;\">\n","protected":false},"excerpt":{"rendered":"<p>Pet izuzetnih \u017eena koje se isti\u010du u svojim oblastima i istovremeno slu\u017ee kao nadahnu\u0107e dru\u0161tvu u celini nominovane su od strane #TeamEurope u Severnoj Makedoniji <\/p>\n","protected":false},"author":152227,"featured_media":555818,"comment_status":"closed","ping_status":"closed","sticky":false,"template":"","format":"standard","meta":{"_acf_changed":false,"_monsterinsights_skip_tracking":false,"_monsterinsights_sitenote_active":false,"_monsterinsights_sitenote_note":"","_monsterinsights_sitenote_category":0,"footnotes":""},"country-for-news":[436],"class_list":["post-569439","post","type-post","status-publish","format-standard","has-post-thumbnail","hentry","wb_theme-equality-and-fair-society","country-for-news-north-macedonia"],"acf":[],"yoast_head":"<!-- This site is optimized with the Yoast SEO plugin v25.3.1 - https:\/\/yoast.com\/wordpress\/plugins\/seo\/ -->\n<title>EU po prvi put uru\u010dila nagradu za Evropljanku godine u Severnoj Makedoniji News | WeBalkans<\/title>\n<meta name=\"description\" content=\"Pet izuzetnih \u017eena koje se isti\u010du u svojim oblastima i istovremeno slu\u017ee kao nadahnu\u0107e dru\u0161tvu u celini nominovane su od strane #TeamEurope u Severnoj Makedoniji za nagradu Evropljanka godine 2022.\" \/>\n<meta name=\"robots\" content=\"index, follow, max-snippet:-1, max-image-preview:large, max-video-preview:-1\" \/>\n<link rel=\"canonical\" href=\"https:\/\/webalkans.eu\/sr\/news\/eu-in-north-macedonia-presents-first-ever-european-woman-of-the-year-award\/\" \/>\n<meta property=\"og:locale\" content=\"sr_RS\" \/>\n<meta property=\"og:type\" content=\"article\" \/>\n<meta property=\"og:title\" content=\"EU po prvi put uru\u010dila nagradu za Evropljanku godine u Severnoj Makedoniji News | WeBalkans\" \/>\n<meta property=\"og:description\" content=\"Pet izuzetnih \u017eena koje se isti\u010du u svojim oblastima i istovremeno slu\u017ee kao nadahnu\u0107e dru\u0161tvu u celini nominovane su od strane #TeamEurope u Severnoj Makedoniji za nagradu Evropljanka godine 2022.\" \/>\n<meta property=\"og:url\" content=\"https:\/\/webalkans.eu\/sr\/news\/eu-in-north-macedonia-presents-first-ever-european-woman-of-the-year-award\/\" \/>\n<meta property=\"og:site_name\" content=\"WeBalkans | EU Projects in the Western Balkans\" \/>\n<meta property=\"article:publisher\" content=\"https:\/\/www.facebook.com\/webalkans.eu\" \/>\n<meta property=\"article:published_time\" content=\"2022-03-17T11:06:40+00:00\" \/>\n<meta property=\"article:modified_time\" content=\"2022-04-07T16:01:10+00:00\" \/>\n<meta property=\"og:image\" content=\"https:\/\/webalkans.eu\/wp-content\/uploads\/2022\/03\/1-3.jpeg\" \/>\n\t<meta property=\"og:image:width\" content=\"750\" \/>\n\t<meta property=\"og:image:height\" content=\"501\" \/>\n\t<meta property=\"og:image:type\" content=\"image\/jpeg\" \/>\n<meta name=\"author\" content=\"007designstudio@gmail.com\" \/>\n<meta name=\"twitter:card\" content=\"summary_large_image\" \/>\n<meta name=\"twitter:creator\" content=\"@WeBalkans\" \/>\n<meta name=\"twitter:site\" content=\"@WeBalkans\" \/>\n<meta name=\"twitter:label1\" content=\"\u041d\u0430\u043f\u0438\u0441\u0430\u043d\u043e \u043e\u0434\" \/>\n\t<meta name=\"twitter:data1\" content=\"007designstudio@gmail.com\" \/>\n\t<meta name=\"twitter:label2\" content=\"\u041f\u0440\u043e\u0446\u0435\u045a\u0435\u043d\u043e \u0432\u0440\u0435\u043c\u0435 \u0447\u0438\u0442\u0430\u045a\u0430\" \/>\n\t<meta name=\"twitter:data2\" content=\"1 \u043c\u0438\u043d\u0443\u0442\" \/>\n<script type=\"application\/ld+json\" class=\"yoast-schema-graph\">{\"@context\":\"https:\/\/schema.org\",\"@graph\":[{\"@type\":\"Article\",\"@id\":\"https:\/\/webalkans.eu\/sr\/news\/eu-in-north-macedonia-presents-first-ever-european-woman-of-the-year-award\/#article\",\"isPartOf\":{\"@id\":\"https:\/\/webalkans.eu\/sr\/news\/eu-in-north-macedonia-presents-first-ever-european-woman-of-the-year-award\/\"},\"author\":{\"name\":\"007designstudio@gmail.com\",\"@id\":\"https:\/\/webalkans.eu\/sr\/#\/schema\/person\/95a8ea19ef21de3b7766e9b65ffdb4da\"},\"headline\":\"EU po prvi put uru\u010dila nagradu za Evropljanku godine u Severnoj Makedoniji\",\"datePublished\":\"2022-03-17T11:06:40+00:00\",\"dateModified\":\"2022-04-07T16:01:10+00:00\",\"mainEntityOfPage\":{\"@id\":\"https:\/\/webalkans.eu\/sr\/news\/eu-in-north-macedonia-presents-first-ever-european-woman-of-the-year-award\/\"},\"wordCount\":216,\"publisher\":{\"@id\":\"https:\/\/webalkans.eu\/sr\/#organization\"},\"image\":{\"@id\":\"https:\/\/webalkans.eu\/sr\/news\/eu-in-north-macedonia-presents-first-ever-european-woman-of-the-year-award\/#primaryimage\"},\"thumbnailUrl\":\"https:\/\/webalkans.eu\/wp-content\/uploads\/2022\/03\/1-3.jpeg\",\"inLanguage\":\"sr-RS\"},{\"@type\":\"WebPage\",\"@id\":\"https:\/\/webalkans.eu\/sr\/news\/eu-in-north-macedonia-presents-first-ever-european-woman-of-the-year-award\/\",\"url\":\"https:\/\/webalkans.eu\/sr\/news\/eu-in-north-macedonia-presents-first-ever-european-woman-of-the-year-award\/\",\"name\":\"EU po prvi put uru\u010dila nagradu za Evropljanku godine u Severnoj Makedoniji News | WeBalkans\",\"isPartOf\":{\"@id\":\"https:\/\/webalkans.eu\/sr\/#website\"},\"primaryImageOfPage\":{\"@id\":\"https:\/\/webalkans.eu\/sr\/news\/eu-in-north-macedonia-presents-first-ever-european-woman-of-the-year-award\/#primaryimage\"},\"image\":{\"@id\":\"https:\/\/webalkans.eu\/sr\/news\/eu-in-north-macedonia-presents-first-ever-european-woman-of-the-year-award\/#primaryimage\"},\"thumbnailUrl\":\"https:\/\/webalkans.eu\/wp-content\/uploads\/2022\/03\/1-3.jpeg\",\"datePublished\":\"2022-03-17T11:06:40+00:00\",\"dateModified\":\"2022-04-07T16:01:10+00:00\",\"description\":\"Pet izuzetnih \u017eena koje se isti\u010du u svojim oblastima i istovremeno slu\u017ee kao nadahnu\u0107e dru\u0161tvu u celini nominovane su od strane #TeamEurope u Severnoj Makedoniji za nagradu Evropljanka godine 2022.\",\"breadcrumb\":{\"@id\":\"https:\/\/webalkans.eu\/sr\/news\/eu-in-north-macedonia-presents-first-ever-european-woman-of-the-year-award\/#breadcrumb\"},\"inLanguage\":\"sr-RS\",\"potentialAction\":[{\"@type\":\"ReadAction\",\"target\":[\"https:\/\/webalkans.eu\/sr\/news\/eu-in-north-macedonia-presents-first-ever-european-woman-of-the-year-award\/\"]}]},{\"@type\":\"ImageObject\",\"inLanguage\":\"sr-RS\",\"@id\":\"https:\/\/webalkans.eu\/sr\/news\/eu-in-north-macedonia-presents-first-ever-european-woman-of-the-year-award\/#primaryimage\",\"url\":\"https:\/\/webalkans.eu\/wp-content\/uploads\/2022\/03\/1-3.jpeg\",\"contentUrl\":\"https:\/\/webalkans.eu\/wp-content\/uploads\/2022\/03\/1-3.jpeg\",\"width\":750,\"height\":501},{\"@type\":\"BreadcrumbList\",\"@id\":\"https:\/\/webalkans.eu\/sr\/news\/eu-in-north-macedonia-presents-first-ever-european-woman-of-the-year-award\/#breadcrumb\",\"itemListElement\":[{\"@type\":\"ListItem\",\"position\":1,\"name\":\"Home\",\"item\":\"https:\/\/webalkans.eu\/sr\/homepage\/\"},{\"@type\":\"ListItem\",\"position\":2,\"name\":\"EU po prvi put uru\u010dila nagradu za Evropljanku godine u Severnoj Makedoniji\"}]},{\"@type\":\"WebSite\",\"@id\":\"https:\/\/webalkans.eu\/sr\/#website\",\"url\":\"https:\/\/webalkans.eu\/sr\/\",\"name\":\"WeBalkans | EU Projects in the Western Balkans\",\"description\":\"\",\"publisher\":{\"@id\":\"https:\/\/webalkans.eu\/sr\/#organization\"},\"potentialAction\":[{\"@type\":\"SearchAction\",\"target\":{\"@type\":\"EntryPoint\",\"urlTemplate\":\"https:\/\/webalkans.eu\/sr\/?s={search_term_string}\"},\"query-input\":{\"@type\":\"PropertyValueSpecification\",\"valueRequired\":true,\"valueName\":\"search_term_string\"}}],\"inLanguage\":\"sr-RS\"},{\"@type\":\"Organization\",\"@id\":\"https:\/\/webalkans.eu\/sr\/#organization\",\"name\":\"European Union\",\"url\":\"https:\/\/webalkans.eu\/sr\/\",\"logo\":{\"@type\":\"ImageObject\",\"inLanguage\":\"sr-RS\",\"@id\":\"https:\/\/webalkans.eu\/sr\/#\/schema\/logo\/image\/\",\"url\":\"https:\/\/webalkans.eu\/wp-content\/uploads\/2020\/11\/eu_flag.jpg\",\"contentUrl\":\"https:\/\/webalkans.eu\/wp-content\/uploads\/2020\/11\/eu_flag.jpg\",\"width\":600,\"height\":401,\"caption\":\"European Union\"},\"image\":{\"@id\":\"https:\/\/webalkans.eu\/sr\/#\/schema\/logo\/image\/\"},\"sameAs\":[\"https:\/\/www.facebook.com\/webalkans.eu\",\"https:\/\/x.com\/WeBalkans\"]},{\"@type\":\"Person\",\"@id\":\"https:\/\/webalkans.eu\/sr\/#\/schema\/person\/95a8ea19ef21de3b7766e9b65ffdb4da\",\"name\":\"007designstudio@gmail.com\"}]}<\/script>\n<!-- \/ Yoast SEO plugin. -->","yoast_head_json":{"title":"EU po prvi put uru\u010dila nagradu za Evropljanku godine u Severnoj Makedoniji News | WeBalkans","description":"Pet izuzetnih \u017eena koje se isti\u010du u svojim oblastima i istovremeno slu\u017ee kao nadahnu\u0107e dru\u0161tvu u celini nominovane su od strane #TeamEurope u Severnoj Makedoniji za nagradu Evropljanka godine 2022.","robots":{"index":"index","follow":"follow","max-snippet":"max-snippet:-1","max-image-preview":"max-image-preview:large","max-video-preview":"max-video-preview:-1"},"canonical":"https:\/\/webalkans.eu\/sr\/news\/eu-in-north-macedonia-presents-first-ever-european-woman-of-the-year-award\/","og_locale":"sr_RS","og_type":"article","og_title":"EU po prvi put uru\u010dila nagradu za Evropljanku godine u Severnoj Makedoniji News | WeBalkans","og_description":"Pet izuzetnih \u017eena koje se isti\u010du u svojim oblastima i istovremeno slu\u017ee kao nadahnu\u0107e dru\u0161tvu u celini nominovane su od strane #TeamEurope u Severnoj Makedoniji za nagradu Evropljanka godine 2022.","og_url":"https:\/\/webalkans.eu\/sr\/news\/eu-in-north-macedonia-presents-first-ever-european-woman-of-the-year-award\/","og_site_name":"WeBalkans | EU Projects in the Western Balkans","article_publisher":"https:\/\/www.facebook.com\/webalkans.eu","article_published_time":"2022-03-17T11:06:40+00:00","article_modified_time":"2022-04-07T16:01:10+00:00","og_image":[{"width":750,"height":501,"url":"https:\/\/webalkans.eu\/wp-content\/uploads\/2022\/03\/1-3.jpeg","type":"image\/jpeg"}],"author":"007designstudio@gmail.com","twitter_card":"summary_large_image","twitter_creator":"@WeBalkans","twitter_site":"@WeBalkans","twitter_misc":{"\u041d\u0430\u043f\u0438\u0441\u0430\u043d\u043e \u043e\u0434":"007designstudio@gmail.com","\u041f\u0440\u043e\u0446\u0435\u045a\u0435\u043d\u043e \u0432\u0440\u0435\u043c\u0435 \u0447\u0438\u0442\u0430\u045a\u0430":"1 \u043c\u0438\u043d\u0443\u0442"},"schema":{"@context":"https:\/\/schema.org","@graph":[{"@type":"Article","@id":"https:\/\/webalkans.eu\/sr\/news\/eu-in-north-macedonia-presents-first-ever-european-woman-of-the-year-award\/#article","isPartOf":{"@id":"https:\/\/webalkans.eu\/sr\/news\/eu-in-north-macedonia-presents-first-ever-european-woman-of-the-year-award\/"},"author":{"name":"007designstudio@gmail.com","@id":"https:\/\/webalkans.eu\/sr\/#\/schema\/person\/95a8ea19ef21de3b7766e9b65ffdb4da"},"headline":"EU po prvi put uru\u010dila nagradu za Evropljanku godine u Severnoj Makedoniji","datePublished":"2022-03-17T11:06:40+00:00","dateModified":"2022-04-07T16:01:10+00:00","mainEntityOfPage":{"@id":"https:\/\/webalkans.eu\/sr\/news\/eu-in-north-macedonia-presents-first-ever-european-woman-of-the-year-award\/"},"wordCount":216,"publisher":{"@id":"https:\/\/webalkans.eu\/sr\/#organization"},"image":{"@id":"https:\/\/webalkans.eu\/sr\/news\/eu-in-north-macedonia-presents-first-ever-european-woman-of-the-year-award\/#primaryimage"},"thumbnailUrl":"https:\/\/webalkans.eu\/wp-content\/uploads\/2022\/03\/1-3.jpeg","inLanguage":"sr-RS"},{"@type":"WebPage","@id":"https:\/\/webalkans.eu\/sr\/news\/eu-in-north-macedonia-presents-first-ever-european-woman-of-the-year-award\/","url":"https:\/\/webalkans.eu\/sr\/news\/eu-in-north-macedonia-presents-first-ever-european-woman-of-the-year-award\/","name":"EU po prvi put uru\u010dila nagradu za Evropljanku godine u Severnoj Makedoniji News | WeBalkans","isPartOf":{"@id":"https:\/\/webalkans.eu\/sr\/#website"},"primaryImageOfPage":{"@id":"https:\/\/webalkans.eu\/sr\/news\/eu-in-north-macedonia-presents-first-ever-european-woman-of-the-year-award\/#primaryimage"},"image":{"@id":"https:\/\/webalkans.eu\/sr\/news\/eu-in-north-macedonia-presents-first-ever-european-woman-of-the-year-award\/#primaryimage"},"thumbnailUrl":"https:\/\/webalkans.eu\/wp-content\/uploads\/2022\/03\/1-3.jpeg","datePublished":"2022-03-17T11:06:40+00:00","dateModified":"2022-04-07T16:01:10+00:00","description":"Pet izuzetnih \u017eena koje se isti\u010du u svojim oblastima i istovremeno slu\u017ee kao nadahnu\u0107e dru\u0161tvu u celini nominovane su od strane #TeamEurope u Severnoj Makedoniji za nagradu Evropljanka godine 2022.","breadcrumb":{"@id":"https:\/\/webalkans.eu\/sr\/news\/eu-in-north-macedonia-presents-first-ever-european-woman-of-the-year-award\/#breadcrumb"},"inLanguage":"sr-RS","potentialAction":[{"@type":"ReadAction","target":["https:\/\/webalkans.eu\/sr\/news\/eu-in-north-macedonia-presents-first-ever-european-woman-of-the-year-award\/"]}]},{"@type":"ImageObject","inLanguage":"sr-RS","@id":"https:\/\/webalkans.eu\/sr\/news\/eu-in-north-macedonia-presents-first-ever-european-woman-of-the-year-award\/#primaryimage","url":"https:\/\/webalkans.eu\/wp-content\/uploads\/2022\/03\/1-3.jpeg","contentUrl":"https:\/\/webalkans.eu\/wp-content\/uploads\/2022\/03\/1-3.jpeg","width":750,"height":501},{"@type":"BreadcrumbList","@id":"https:\/\/webalkans.eu\/sr\/news\/eu-in-north-macedonia-presents-first-ever-european-woman-of-the-year-award\/#breadcrumb","itemListElement":[{"@type":"ListItem","position":1,"name":"Home","item":"https:\/\/webalkans.eu\/sr\/homepage\/"},{"@type":"ListItem","position":2,"name":"EU po prvi put uru\u010dila nagradu za Evropljanku godine u Severnoj Makedoniji"}]},{"@type":"WebSite","@id":"https:\/\/webalkans.eu\/sr\/#website","url":"https:\/\/webalkans.eu\/sr\/","name":"WeBalkans | EU Projects in the Western Balkans","description":"","publisher":{"@id":"https:\/\/webalkans.eu\/sr\/#organization"},"potentialAction":[{"@type":"SearchAction","target":{"@type":"EntryPoint","urlTemplate":"https:\/\/webalkans.eu\/sr\/?s={search_term_string}"},"query-input":{"@type":"PropertyValueSpecification","valueRequired":true,"valueName":"search_term_string"}}],"inLanguage":"sr-RS"},{"@type":"Organization","@id":"https:\/\/webalkans.eu\/sr\/#organization","name":"European Union","url":"https:\/\/webalkans.eu\/sr\/","logo":{"@type":"ImageObject","inLanguage":"sr-RS","@id":"https:\/\/webalkans.eu\/sr\/#\/schema\/logo\/image\/","url":"https:\/\/webalkans.eu\/wp-content\/uploads\/2020\/11\/eu_flag.jpg","contentUrl":"https:\/\/webalkans.eu\/wp-content\/uploads\/2020\/11\/eu_flag.jpg","width":600,"height":401,"caption":"European Union"},"image":{"@id":"https:\/\/webalkans.eu\/sr\/#\/schema\/logo\/image\/"},"sameAs":["https:\/\/www.facebook.com\/webalkans.eu","https:\/\/x.com\/WeBalkans"]},{"@type":"Person","@id":"https:\/\/webalkans.eu\/sr\/#\/schema\/person\/95a8ea19ef21de3b7766e9b65ffdb4da","name":"007designstudio@gmail.com"}]}},"_links":{"self":[{"href":"https:\/\/webalkans.eu\/sr\/wp-json\/wp\/v2\/posts\/569439"}],"collection":[{"href":"https:\/\/webalkans.eu\/sr\/wp-json\/wp\/v2\/posts"}],"about":[{"href":"https:\/\/webalkans.eu\/sr\/wp-json\/wp\/v2\/types\/post"}],"author":[{"embeddable":true,"href":"https:\/\/webalkans.eu\/sr\/wp-json\/wp\/v2\/users\/152227"}],"replies":[{"embeddable":true,"href":"https:\/\/webalkans.eu\/sr\/wp-json\/wp\/v2\/comments?post=569439"}],"version-history":[{"count":0,"href":"https:\/\/webalkans.eu\/sr\/wp-json\/wp\/v2\/posts\/569439\/revisions"}],"wp:featuredmedia":[{"embeddable":true,"href":"https:\/\/webalkans.eu\/sr\/wp-json\/wp\/v2\/media\/555818"}],"wp:attachment":[{"href":"https:\/\/webalkans.eu\/sr\/wp-json\/wp\/v2\/media?parent=569439"}],"wp:term":[{"taxonomy":"country-for-news","embeddable":true,"href":"https:\/\/webalkans.eu\/sr\/wp-json\/wp\/v2\/country-for-news?post=569439"}],"curies":[{"name":"wp","href":"https:\/\/api.w.org\/{rel}","templated":true}]}}