
{"id":545032,"date":"2022-03-01T11:49:23","date_gmt":"2022-03-01T10:49:23","guid":{"rendered":"https:\/\/webalkans.eu\/news\/commissioner-varhelyi-attends-western-balkans-investment-summit-2022\/"},"modified":"2022-03-07T12:43:17","modified_gmt":"2022-03-07T11:43:17","slug":"commissioner-varhelyi-attends-western-balkans-investment-summit-2022","status":"publish","type":"post","link":"https:\/\/webalkans.eu\/sr\/news\/commissioner-varhelyi-attends-western-balkans-investment-summit-2022\/","title":{"rendered":"Komesar Varhelj na Investicionom samitu Zapadnog Balkana 2022"},"content":{"rendered":"<div>\n<p><span lang=\"SR-LATN-RS\">Evropska banka za obnovu i razvoj (EBRD) ju\u010de je do\u010dekala evropskog komesara za susedstvo i pro\u0161irenje Olivera Varhelja i \u0161efove vlada\u00a0<\/span><span lang=\"SR-LATN-RS\"><a href=\"https:\/\/www.ebrd.com\/albania.html\">Albanije<\/a><\/span><span lang=\"SR-LATN-RS\">,\u00a0<\/span><span lang=\"SR-LATN-RS\"><a href=\"https:\/\/www.ebrd.com\/ebrd-in-bosnia-and-herzegovina.html\">Bosne i Hercegovine<\/a><\/span><span lang=\"SR-LATN-RS\">,\u00a0<\/span><span lang=\"SR-LATN-RS\"><a href=\"https:\/\/www.ebrd.com\/montenegro-country.html\">Crne Gore<\/a><\/span><span lang=\"SR-LATN-RS\">,\u00a0<\/span><span lang=\"SR-LATN-RS\"><a href=\"https:\/\/www.ebrd.com\/kosovo.html\">Kosova<\/a><\/span><span lang=\"SR-LATN-RS\">,\u00a0<\/span><span lang=\"SR-LATN-RS\"><a href=\"https:\/\/www.ebrd.com\/north-macedonia.html\">Severne Makedonije<\/a><\/span><span lang=\"SR-LATN-RS\">\u00a0i\u00a0<\/span><span lang=\"SR-LATN-RS\"><a href=\"https:\/\/www.ebrd.com\/serbia.html\">Srbije<\/a><\/span><span lang=\"SR-LATN-RS\">\u00a0na svom\u00a0<\/span><span lang=\"SR-LATN-RS\"><a href=\"https:\/\/www.ebrd.com\/news\/events\/western-balkans-investment-summit-2022.html\">Investicionom samitu Zapadnog Balkana 2022<\/a><\/span><span lang=\"SR-LATN-RS\">.<\/span><\/p>\n<p>&nbsp;<\/p>\n<\/div>\n<div>\n<p><span lang=\"SR-LATN-RS\">Doga\u0111aj je otvorila\u00a0<\/span><span lang=\"SR-LATN-RS\"><a href=\"https:\/\/www.ebrd.com\/who-we-are\/ebrd-president-odile-renaud-basso\">predsednica EBRD-a Odil Reno Baso<\/a><\/span><span lang=\"SR-LATN-RS\">, koja je\u00a0<\/span><span lang=\"SR-LATN-RS\"><a href=\"https:\/\/www.ebrd.com\/news\/speeches\/the-ebrd-plays-a-key-role-in-the-western-balkans-.html\">u svom govoru naglasila<\/a><\/span><span lang=\"SR-LATN-RS\">\u00a0da je regionalna saradnja od vitalnog zna\u010daja za ekonomske izglede i politi\u010dku stabilnost Zapadnog Balkana.<\/span><\/p>\n<p>&nbsp;<\/p>\n<\/div>\n<div>\n<p><span lang=\"SR-LATN-RS\">U svom obra\u0107anju, evropski komesar za susedstvo i pro\u0161irenje Oliver Varhelj izneo je da\u00a0<\/span><span lang=\"SR-LATN-RS\"><a href=\"https:\/\/www.ebrd.com\/who-we-are\/structure-and-management\/shareholders\/european-union.html\">Evropska unija<\/a><\/span><span lang=\"SR-LATN-RS\"> planira da pove\u0107a ekonomsku podr\u0161ku regionu na 30 milijardi evra u narednim godinama. Sprovedeno u partnerstvu sa institucionalnim i privatnim investitorima, finansiranje ima za cilj da ubrza socijalnu i ekonomsku konvergenciju regiona sa EU i o\u010dekuje se da \u0107e pove\u0107ati njegov bruto doma\u0107i proizvod za 3,6%.<\/span><\/p>\n<p>&nbsp;<\/p>\n<\/div>\n<div>\n<p class=\"P68B1DB1-NormalWeb4\"><span lang=\"SR-LATN-RS\">\u201eEvropa se ne zavr\u0161ava u Zagrebu ili Budimpe\u0161ti\u201c, rekao je Varhelj. \u201eZapadni Balkan joj tako\u0111e prirodno pripada.\u201c<\/span><\/p>\n<p>&nbsp;<\/p>\n<\/div>\n<div>\n<p class=\"P68B1DB1-NormalWeb4\"><span lang=\"SR-LATN-RS\">U svojim govorima i odgovorima na pitanja investitora, \u010delnici vlada sumirali su svoje investicione prioritete. Svi lideri su govorili o planovima za razvoj obnovljivih izvora energije, koji zahtevaju regionalni energetski sistem kako bi se uravnote\u017eilo priklju\u010denje obnovljivih izvora energije u nacionalne mre\u017ee i, u nekim zemljama, izmene zakonodavstva kako bi se omogu\u0107ila velika privatna ulaganja.<\/span><\/p>\n<p>&nbsp;<\/p>\n<\/div>\n<div>\n<p><span lang=\"SR-LATN-RS\">Dana\u0161nji doga\u0111aj bio je peti samit EBRD-a te vrste. Inauguralni <\/span><span lang=\"SR-LATN-RS\"><a href=\"https:\/\/www.ebrd.com\/news\/2014\/western-balkans-investment-forum-at-the-ebrd.html\">Samit Zapadnog Balkana<\/a><\/span><span lang=\"SR-LATN-RS\"> koji je po prvi put okupio sve premijere regiona, odr\u017ean je u sedi\u0161tu EBRD-a u Londonu u februaru 2014. godine.<\/span><\/p>\n<\/div>\n","protected":false},"excerpt":{"rendered":"<p>Evropska banka za obnovu i razvoj (EBRD) ju\u010de je do\u010dekala evropskog komesara za susedstvo i pro\u0161irenje Olivera Varhelja i \u0161efove vlada\u00a0Albanije,\u00a0Bosne i Hercegovine,\u00a0Crne Gore,\u00a0Kosova,\u00a0Severne Makedonije\u00a0i\u00a0Srbije\u00a0na <\/p>\n","protected":false},"author":152227,"featured_media":537858,"comment_status":"closed","ping_status":"closed","sticky":false,"template":"","format":"standard","meta":{"_acf_changed":false,"_monsterinsights_skip_tracking":false,"_monsterinsights_sitenote_active":false,"_monsterinsights_sitenote_note":"","_monsterinsights_sitenote_category":0,"footnotes":""},"country-for-news":[419,422,426,430,436,440],"class_list":["post-545032","post","type-post","status-publish","format-standard","has-post-thumbnail","hentry","wb_theme-connectivity","wb_theme-digitalisation","wb_theme-energy","wb_theme-transport","wb_theme-environment","wb_theme-environmental-protection","country-for-news-albania","country-for-news-bosnia-and-herzegovina","country-for-news-kosovo","country-for-news-montenegro","country-for-news-north-macedonia","country-for-news-serbia"],"acf":[],"yoast_head":"<!-- This site is optimized with the Yoast SEO plugin v25.3.1 - https:\/\/yoast.com\/wordpress\/plugins\/seo\/ -->\n<title>Komesar Varhelj na Investicionom samitu Zapadnog Balkana 2022 News | WeBalkans<\/title>\n<meta name=\"description\" content=\"Komesar Varhelj na Investicionom samitu Zapadnog Balkana 2022\" \/>\n<meta name=\"robots\" content=\"index, follow, max-snippet:-1, max-image-preview:large, max-video-preview:-1\" \/>\n<link rel=\"canonical\" href=\"https:\/\/webalkans.eu\/sr\/news\/commissioner-varhelyi-attends-western-balkans-investment-summit-2022\/\" \/>\n<meta property=\"og:locale\" content=\"sr_RS\" \/>\n<meta property=\"og:type\" content=\"article\" \/>\n<meta property=\"og:title\" content=\"Komesar Varhelj na Investicionom samitu Zapadnog Balkana 2022 News | WeBalkans\" \/>\n<meta property=\"og:description\" content=\"Komesar Varhelj na Investicionom samitu Zapadnog Balkana 2022\" \/>\n<meta property=\"og:url\" content=\"https:\/\/webalkans.eu\/sr\/news\/commissioner-varhelyi-attends-western-balkans-investment-summit-2022\/\" \/>\n<meta property=\"og:site_name\" content=\"WeBalkans | EU Projects in the Western Balkans\" \/>\n<meta property=\"article:publisher\" content=\"https:\/\/www.facebook.com\/webalkans.eu\" \/>\n<meta property=\"article:published_time\" content=\"2022-03-01T10:49:23+00:00\" \/>\n<meta property=\"article:modified_time\" content=\"2022-03-07T11:43:17+00:00\" \/>\n<meta property=\"og:image\" content=\"https:\/\/webalkans.eu\/wp-content\/uploads\/2022\/03\/Varhely.jpg\" \/>\n\t<meta property=\"og:image:width\" content=\"799\" \/>\n\t<meta property=\"og:image:height\" content=\"776\" \/>\n\t<meta property=\"og:image:type\" content=\"image\/jpeg\" \/>\n<meta name=\"author\" content=\"007designstudio@gmail.com\" \/>\n<meta name=\"twitter:card\" content=\"summary_large_image\" \/>\n<meta name=\"twitter:creator\" content=\"@WeBalkans\" \/>\n<meta name=\"twitter:site\" content=\"@WeBalkans\" \/>\n<meta name=\"twitter:label1\" content=\"\u041d\u0430\u043f\u0438\u0441\u0430\u043d\u043e \u043e\u0434\" \/>\n\t<meta name=\"twitter:data1\" content=\"007designstudio@gmail.com\" \/>\n\t<meta name=\"twitter:label2\" content=\"\u041f\u0440\u043e\u0446\u0435\u045a\u0435\u043d\u043e \u0432\u0440\u0435\u043c\u0435 \u0447\u0438\u0442\u0430\u045a\u0430\" \/>\n\t<meta name=\"twitter:data2\" content=\"2 \u043c\u0438\u043d\u0443\u0442\u0430\" \/>\n<script type=\"application\/ld+json\" class=\"yoast-schema-graph\">{\"@context\":\"https:\/\/schema.org\",\"@graph\":[{\"@type\":\"Article\",\"@id\":\"https:\/\/webalkans.eu\/sr\/news\/commissioner-varhelyi-attends-western-balkans-investment-summit-2022\/#article\",\"isPartOf\":{\"@id\":\"https:\/\/webalkans.eu\/sr\/news\/commissioner-varhelyi-attends-western-balkans-investment-summit-2022\/\"},\"author\":{\"name\":\"007designstudio@gmail.com\",\"@id\":\"https:\/\/webalkans.eu\/sr\/#\/schema\/person\/95a8ea19ef21de3b7766e9b65ffdb4da\"},\"headline\":\"Komesar Varhelj na Investicionom samitu Zapadnog Balkana 2022\",\"datePublished\":\"2022-03-01T10:49:23+00:00\",\"dateModified\":\"2022-03-07T11:43:17+00:00\",\"mainEntityOfPage\":{\"@id\":\"https:\/\/webalkans.eu\/sr\/news\/commissioner-varhelyi-attends-western-balkans-investment-summit-2022\/\"},\"wordCount\":267,\"publisher\":{\"@id\":\"https:\/\/webalkans.eu\/sr\/#organization\"},\"image\":{\"@id\":\"https:\/\/webalkans.eu\/sr\/news\/commissioner-varhelyi-attends-western-balkans-investment-summit-2022\/#primaryimage\"},\"thumbnailUrl\":\"https:\/\/webalkans.eu\/wp-content\/uploads\/2022\/03\/Varhely.jpg\",\"inLanguage\":\"sr-RS\"},{\"@type\":\"WebPage\",\"@id\":\"https:\/\/webalkans.eu\/sr\/news\/commissioner-varhelyi-attends-western-balkans-investment-summit-2022\/\",\"url\":\"https:\/\/webalkans.eu\/sr\/news\/commissioner-varhelyi-attends-western-balkans-investment-summit-2022\/\",\"name\":\"Komesar Varhelj na Investicionom samitu Zapadnog Balkana 2022 News | WeBalkans\",\"isPartOf\":{\"@id\":\"https:\/\/webalkans.eu\/sr\/#website\"},\"primaryImageOfPage\":{\"@id\":\"https:\/\/webalkans.eu\/sr\/news\/commissioner-varhelyi-attends-western-balkans-investment-summit-2022\/#primaryimage\"},\"image\":{\"@id\":\"https:\/\/webalkans.eu\/sr\/news\/commissioner-varhelyi-attends-western-balkans-investment-summit-2022\/#primaryimage\"},\"thumbnailUrl\":\"https:\/\/webalkans.eu\/wp-content\/uploads\/2022\/03\/Varhely.jpg\",\"datePublished\":\"2022-03-01T10:49:23+00:00\",\"dateModified\":\"2022-03-07T11:43:17+00:00\",\"description\":\"Komesar Varhelj na Investicionom samitu Zapadnog Balkana 2022\",\"breadcrumb\":{\"@id\":\"https:\/\/webalkans.eu\/sr\/news\/commissioner-varhelyi-attends-western-balkans-investment-summit-2022\/#breadcrumb\"},\"inLanguage\":\"sr-RS\",\"potentialAction\":[{\"@type\":\"ReadAction\",\"target\":[\"https:\/\/webalkans.eu\/sr\/news\/commissioner-varhelyi-attends-western-balkans-investment-summit-2022\/\"]}]},{\"@type\":\"ImageObject\",\"inLanguage\":\"sr-RS\",\"@id\":\"https:\/\/webalkans.eu\/sr\/news\/commissioner-varhelyi-attends-western-balkans-investment-summit-2022\/#primaryimage\",\"url\":\"https:\/\/webalkans.eu\/wp-content\/uploads\/2022\/03\/Varhely.jpg\",\"contentUrl\":\"https:\/\/webalkans.eu\/wp-content\/uploads\/2022\/03\/Varhely.jpg\",\"width\":799,\"height\":776},{\"@type\":\"BreadcrumbList\",\"@id\":\"https:\/\/webalkans.eu\/sr\/news\/commissioner-varhelyi-attends-western-balkans-investment-summit-2022\/#breadcrumb\",\"itemListElement\":[{\"@type\":\"ListItem\",\"position\":1,\"name\":\"Home\",\"item\":\"https:\/\/webalkans.eu\/sr\/homepage\/\"},{\"@type\":\"ListItem\",\"position\":2,\"name\":\"Komesar Varhelj na Investicionom samitu Zapadnog Balkana 2022\"}]},{\"@type\":\"WebSite\",\"@id\":\"https:\/\/webalkans.eu\/sr\/#website\",\"url\":\"https:\/\/webalkans.eu\/sr\/\",\"name\":\"WeBalkans | EU Projects in the Western Balkans\",\"description\":\"\",\"publisher\":{\"@id\":\"https:\/\/webalkans.eu\/sr\/#organization\"},\"potentialAction\":[{\"@type\":\"SearchAction\",\"target\":{\"@type\":\"EntryPoint\",\"urlTemplate\":\"https:\/\/webalkans.eu\/sr\/?s={search_term_string}\"},\"query-input\":{\"@type\":\"PropertyValueSpecification\",\"valueRequired\":true,\"valueName\":\"search_term_string\"}}],\"inLanguage\":\"sr-RS\"},{\"@type\":\"Organization\",\"@id\":\"https:\/\/webalkans.eu\/sr\/#organization\",\"name\":\"European Union\",\"url\":\"https:\/\/webalkans.eu\/sr\/\",\"logo\":{\"@type\":\"ImageObject\",\"inLanguage\":\"sr-RS\",\"@id\":\"https:\/\/webalkans.eu\/sr\/#\/schema\/logo\/image\/\",\"url\":\"https:\/\/webalkans.eu\/wp-content\/uploads\/2020\/11\/eu_flag.jpg\",\"contentUrl\":\"https:\/\/webalkans.eu\/wp-content\/uploads\/2020\/11\/eu_flag.jpg\",\"width\":600,\"height\":401,\"caption\":\"European Union\"},\"image\":{\"@id\":\"https:\/\/webalkans.eu\/sr\/#\/schema\/logo\/image\/\"},\"sameAs\":[\"https:\/\/www.facebook.com\/webalkans.eu\",\"https:\/\/x.com\/WeBalkans\"]},{\"@type\":\"Person\",\"@id\":\"https:\/\/webalkans.eu\/sr\/#\/schema\/person\/95a8ea19ef21de3b7766e9b65ffdb4da\",\"name\":\"007designstudio@gmail.com\"}]}<\/script>\n<!-- \/ Yoast SEO plugin. -->","yoast_head_json":{"title":"Komesar Varhelj na Investicionom samitu Zapadnog Balkana 2022 News | WeBalkans","description":"Komesar Varhelj na Investicionom samitu Zapadnog Balkana 2022","robots":{"index":"index","follow":"follow","max-snippet":"max-snippet:-1","max-image-preview":"max-image-preview:large","max-video-preview":"max-video-preview:-1"},"canonical":"https:\/\/webalkans.eu\/sr\/news\/commissioner-varhelyi-attends-western-balkans-investment-summit-2022\/","og_locale":"sr_RS","og_type":"article","og_title":"Komesar Varhelj na Investicionom samitu Zapadnog Balkana 2022 News | WeBalkans","og_description":"Komesar Varhelj na Investicionom samitu Zapadnog Balkana 2022","og_url":"https:\/\/webalkans.eu\/sr\/news\/commissioner-varhelyi-attends-western-balkans-investment-summit-2022\/","og_site_name":"WeBalkans | EU Projects in the Western Balkans","article_publisher":"https:\/\/www.facebook.com\/webalkans.eu","article_published_time":"2022-03-01T10:49:23+00:00","article_modified_time":"2022-03-07T11:43:17+00:00","og_image":[{"width":799,"height":776,"url":"https:\/\/webalkans.eu\/wp-content\/uploads\/2022\/03\/Varhely.jpg","type":"image\/jpeg"}],"author":"007designstudio@gmail.com","twitter_card":"summary_large_image","twitter_creator":"@WeBalkans","twitter_site":"@WeBalkans","twitter_misc":{"\u041d\u0430\u043f\u0438\u0441\u0430\u043d\u043e \u043e\u0434":"007designstudio@gmail.com","\u041f\u0440\u043e\u0446\u0435\u045a\u0435\u043d\u043e \u0432\u0440\u0435\u043c\u0435 \u0447\u0438\u0442\u0430\u045a\u0430":"2 \u043c\u0438\u043d\u0443\u0442\u0430"},"schema":{"@context":"https:\/\/schema.org","@graph":[{"@type":"Article","@id":"https:\/\/webalkans.eu\/sr\/news\/commissioner-varhelyi-attends-western-balkans-investment-summit-2022\/#article","isPartOf":{"@id":"https:\/\/webalkans.eu\/sr\/news\/commissioner-varhelyi-attends-western-balkans-investment-summit-2022\/"},"author":{"name":"007designstudio@gmail.com","@id":"https:\/\/webalkans.eu\/sr\/#\/schema\/person\/95a8ea19ef21de3b7766e9b65ffdb4da"},"headline":"Komesar Varhelj na Investicionom samitu Zapadnog Balkana 2022","datePublished":"2022-03-01T10:49:23+00:00","dateModified":"2022-03-07T11:43:17+00:00","mainEntityOfPage":{"@id":"https:\/\/webalkans.eu\/sr\/news\/commissioner-varhelyi-attends-western-balkans-investment-summit-2022\/"},"wordCount":267,"publisher":{"@id":"https:\/\/webalkans.eu\/sr\/#organization"},"image":{"@id":"https:\/\/webalkans.eu\/sr\/news\/commissioner-varhelyi-attends-western-balkans-investment-summit-2022\/#primaryimage"},"thumbnailUrl":"https:\/\/webalkans.eu\/wp-content\/uploads\/2022\/03\/Varhely.jpg","inLanguage":"sr-RS"},{"@type":"WebPage","@id":"https:\/\/webalkans.eu\/sr\/news\/commissioner-varhelyi-attends-western-balkans-investment-summit-2022\/","url":"https:\/\/webalkans.eu\/sr\/news\/commissioner-varhelyi-attends-western-balkans-investment-summit-2022\/","name":"Komesar Varhelj na Investicionom samitu Zapadnog Balkana 2022 News | WeBalkans","isPartOf":{"@id":"https:\/\/webalkans.eu\/sr\/#website"},"primaryImageOfPage":{"@id":"https:\/\/webalkans.eu\/sr\/news\/commissioner-varhelyi-attends-western-balkans-investment-summit-2022\/#primaryimage"},"image":{"@id":"https:\/\/webalkans.eu\/sr\/news\/commissioner-varhelyi-attends-western-balkans-investment-summit-2022\/#primaryimage"},"thumbnailUrl":"https:\/\/webalkans.eu\/wp-content\/uploads\/2022\/03\/Varhely.jpg","datePublished":"2022-03-01T10:49:23+00:00","dateModified":"2022-03-07T11:43:17+00:00","description":"Komesar Varhelj na Investicionom samitu Zapadnog Balkana 2022","breadcrumb":{"@id":"https:\/\/webalkans.eu\/sr\/news\/commissioner-varhelyi-attends-western-balkans-investment-summit-2022\/#breadcrumb"},"inLanguage":"sr-RS","potentialAction":[{"@type":"ReadAction","target":["https:\/\/webalkans.eu\/sr\/news\/commissioner-varhelyi-attends-western-balkans-investment-summit-2022\/"]}]},{"@type":"ImageObject","inLanguage":"sr-RS","@id":"https:\/\/webalkans.eu\/sr\/news\/commissioner-varhelyi-attends-western-balkans-investment-summit-2022\/#primaryimage","url":"https:\/\/webalkans.eu\/wp-content\/uploads\/2022\/03\/Varhely.jpg","contentUrl":"https:\/\/webalkans.eu\/wp-content\/uploads\/2022\/03\/Varhely.jpg","width":799,"height":776},{"@type":"BreadcrumbList","@id":"https:\/\/webalkans.eu\/sr\/news\/commissioner-varhelyi-attends-western-balkans-investment-summit-2022\/#breadcrumb","itemListElement":[{"@type":"ListItem","position":1,"name":"Home","item":"https:\/\/webalkans.eu\/sr\/homepage\/"},{"@type":"ListItem","position":2,"name":"Komesar Varhelj na Investicionom samitu Zapadnog Balkana 2022"}]},{"@type":"WebSite","@id":"https:\/\/webalkans.eu\/sr\/#website","url":"https:\/\/webalkans.eu\/sr\/","name":"WeBalkans | EU Projects in the Western Balkans","description":"","publisher":{"@id":"https:\/\/webalkans.eu\/sr\/#organization"},"potentialAction":[{"@type":"SearchAction","target":{"@type":"EntryPoint","urlTemplate":"https:\/\/webalkans.eu\/sr\/?s={search_term_string}"},"query-input":{"@type":"PropertyValueSpecification","valueRequired":true,"valueName":"search_term_string"}}],"inLanguage":"sr-RS"},{"@type":"Organization","@id":"https:\/\/webalkans.eu\/sr\/#organization","name":"European Union","url":"https:\/\/webalkans.eu\/sr\/","logo":{"@type":"ImageObject","inLanguage":"sr-RS","@id":"https:\/\/webalkans.eu\/sr\/#\/schema\/logo\/image\/","url":"https:\/\/webalkans.eu\/wp-content\/uploads\/2020\/11\/eu_flag.jpg","contentUrl":"https:\/\/webalkans.eu\/wp-content\/uploads\/2020\/11\/eu_flag.jpg","width":600,"height":401,"caption":"European Union"},"image":{"@id":"https:\/\/webalkans.eu\/sr\/#\/schema\/logo\/image\/"},"sameAs":["https:\/\/www.facebook.com\/webalkans.eu","https:\/\/x.com\/WeBalkans"]},{"@type":"Person","@id":"https:\/\/webalkans.eu\/sr\/#\/schema\/person\/95a8ea19ef21de3b7766e9b65ffdb4da","name":"007designstudio@gmail.com"}]}},"_links":{"self":[{"href":"https:\/\/webalkans.eu\/sr\/wp-json\/wp\/v2\/posts\/545032"}],"collection":[{"href":"https:\/\/webalkans.eu\/sr\/wp-json\/wp\/v2\/posts"}],"about":[{"href":"https:\/\/webalkans.eu\/sr\/wp-json\/wp\/v2\/types\/post"}],"author":[{"embeddable":true,"href":"https:\/\/webalkans.eu\/sr\/wp-json\/wp\/v2\/users\/152227"}],"replies":[{"embeddable":true,"href":"https:\/\/webalkans.eu\/sr\/wp-json\/wp\/v2\/comments?post=545032"}],"version-history":[{"count":0,"href":"https:\/\/webalkans.eu\/sr\/wp-json\/wp\/v2\/posts\/545032\/revisions"}],"wp:featuredmedia":[{"embeddable":true,"href":"https:\/\/webalkans.eu\/sr\/wp-json\/wp\/v2\/media\/537858"}],"wp:attachment":[{"href":"https:\/\/webalkans.eu\/sr\/wp-json\/wp\/v2\/media?parent=545032"}],"wp:term":[{"taxonomy":"country-for-news","embeddable":true,"href":"https:\/\/webalkans.eu\/sr\/wp-json\/wp\/v2\/country-for-news?post=545032"}],"curies":[{"name":"wp","href":"https:\/\/api.w.org\/{rel}","templated":true}]}}