
{"id":1239730,"date":"2023-11-07T08:12:31","date_gmt":"2023-11-07T07:12:31","guid":{"rendered":"https:\/\/webalkans.eu\/news\/yeas-organize-media-information-literacy-workshops-in-serbia-and-montenegro\/"},"modified":"2023-11-22T12:00:23","modified_gmt":"2023-11-22T11:00:23","slug":"yeas-organize-media-information-literacy-workshops-in-serbia-and-montenegro","status":"publish","type":"post","link":"https:\/\/webalkans.eu\/sr\/news\/yeas-organize-media-information-literacy-workshops-in-serbia-and-montenegro\/","title":{"rendered":"YEA organizuju radionice o medijskoj pismenosti u Srbiji i Crnoj Gori"},"content":{"rendered":"<p style=\"font-weight: 400;\">Dana 24. i 25. oktobra, Mladi evropski ambasadori (MEA) uspe\u0161no su sproveli seriju radionica o medijskoj pismenosti (RMP) u Novom Sadu i Ni\u0161u, Srbija, kao i u Podgorici, Crna Gora. Tokom ovih radionica, MEA su imali dragocenu priliku da podele svoje znanje o temama vezanim za medije, novinarstvo i razli\u010dite aspekte medijske pismenosti sa svojim vr\u0161njacima. Doga\u0111aji su postali mogu\u0107i zahvaljuju\u0107i posve\u0107enosti i naporima Mladih evropskih ambasadora, uklju\u010duju\u0107i Bojanu Mara\u0161, An\u0111elu Mici\u0107, Maju Trajkovi\u0107, Anju Kafed\u017eisku, Teodoru Ceki\u0107 i Aleksandru Grbovi\u0107 Biti\u0107.<\/p>\n","protected":false},"excerpt":{"rendered":"<p>Dana 24. i 25. oktobra, Mladi evropski ambasadori (MEA) uspe\u0161no su sproveli seriju radionica o medijskoj pismenosti (RMP) u Novom Sadu i Ni\u0161u, Srbija, kao <\/p>\n","protected":false},"author":152227,"featured_media":1228467,"comment_status":"closed","ping_status":"closed","sticky":false,"template":"","format":"standard","meta":{"_acf_changed":false,"_monsterinsights_skip_tracking":false,"_monsterinsights_sitenote_active":false,"_monsterinsights_sitenote_note":"","_monsterinsights_sitenote_category":0,"footnotes":""},"country-for-news":[430,440],"class_list":["post-1239730","post","type-post","status-publish","format-standard","has-post-thumbnail","hentry","wb_theme-culture-and-youth","wb_theme-democracy-and-fundamental-rights","country-for-news-montenegro","country-for-news-serbia"],"acf":[],"yoast_head":"<!-- This site is optimized with the Yoast SEO plugin v25.3.1 - https:\/\/yoast.com\/wordpress\/plugins\/seo\/ -->\n<title>YEA organizuju radionice o medijskoj pismenosti u Srbiji i Crnoj Gori News | WeBalkans<\/title>\n<meta name=\"description\" content=\"YEAs Organize Media Information Literacy Workshops in Serbia and Montenegro\" \/>\n<meta name=\"robots\" content=\"index, follow, max-snippet:-1, max-image-preview:large, max-video-preview:-1\" \/>\n<link rel=\"canonical\" href=\"https:\/\/webalkans.eu\/sr\/news\/yeas-organize-media-information-literacy-workshops-in-serbia-and-montenegro\/\" \/>\n<meta property=\"og:locale\" content=\"sr_RS\" \/>\n<meta property=\"og:type\" content=\"article\" \/>\n<meta property=\"og:title\" content=\"YEA organizuju radionice o medijskoj pismenosti u Srbiji i Crnoj Gori News | WeBalkans\" \/>\n<meta property=\"og:description\" content=\"YEAs Organize Media Information Literacy Workshops in Serbia and Montenegro\" \/>\n<meta property=\"og:url\" content=\"https:\/\/webalkans.eu\/sr\/news\/yeas-organize-media-information-literacy-workshops-in-serbia-and-montenegro\/\" \/>\n<meta property=\"og:site_name\" content=\"WeBalkans | EU Projects in the Western Balkans\" \/>\n<meta property=\"article:publisher\" content=\"https:\/\/www.facebook.com\/webalkans.eu\" \/>\n<meta property=\"article:published_time\" content=\"2023-11-07T07:12:31+00:00\" \/>\n<meta property=\"article:modified_time\" content=\"2023-11-22T11:00:23+00:00\" \/>\n<meta property=\"og:image\" content=\"https:\/\/webalkans.eu\/wp-content\/uploads\/2023\/11\/4-scaled.jpg\" \/>\n\t<meta property=\"og:image:width\" content=\"2560\" \/>\n\t<meta property=\"og:image:height\" content=\"1707\" \/>\n\t<meta property=\"og:image:type\" content=\"image\/jpeg\" \/>\n<meta name=\"author\" content=\"007designstudio@gmail.com\" \/>\n<meta name=\"twitter:card\" content=\"summary_large_image\" \/>\n<meta name=\"twitter:creator\" content=\"@WeBalkans\" \/>\n<meta name=\"twitter:site\" content=\"@WeBalkans\" \/>\n<meta name=\"twitter:label1\" content=\"\u041d\u0430\u043f\u0438\u0441\u0430\u043d\u043e \u043e\u0434\" \/>\n\t<meta name=\"twitter:data1\" content=\"007designstudio@gmail.com\" \/>\n<script type=\"application\/ld+json\" class=\"yoast-schema-graph\">{\"@context\":\"https:\/\/schema.org\",\"@graph\":[{\"@type\":\"Article\",\"@id\":\"https:\/\/webalkans.eu\/sr\/news\/yeas-organize-media-information-literacy-workshops-in-serbia-and-montenegro\/#article\",\"isPartOf\":{\"@id\":\"https:\/\/webalkans.eu\/sr\/news\/yeas-organize-media-information-literacy-workshops-in-serbia-and-montenegro\/\"},\"author\":{\"name\":\"007designstudio@gmail.com\",\"@id\":\"https:\/\/webalkans.eu\/sr\/#\/schema\/person\/95a8ea19ef21de3b7766e9b65ffdb4da\"},\"headline\":\"YEA organizuju radionice o medijskoj pismenosti u Srbiji i Crnoj Gori\",\"datePublished\":\"2023-11-07T07:12:31+00:00\",\"dateModified\":\"2023-11-22T11:00:23+00:00\",\"mainEntityOfPage\":{\"@id\":\"https:\/\/webalkans.eu\/sr\/news\/yeas-organize-media-information-literacy-workshops-in-serbia-and-montenegro\/\"},\"wordCount\":103,\"publisher\":{\"@id\":\"https:\/\/webalkans.eu\/sr\/#organization\"},\"image\":{\"@id\":\"https:\/\/webalkans.eu\/sr\/news\/yeas-organize-media-information-literacy-workshops-in-serbia-and-montenegro\/#primaryimage\"},\"thumbnailUrl\":\"https:\/\/webalkans.eu\/wp-content\/uploads\/2023\/11\/4-scaled.jpg\",\"inLanguage\":\"sr-RS\"},{\"@type\":\"WebPage\",\"@id\":\"https:\/\/webalkans.eu\/sr\/news\/yeas-organize-media-information-literacy-workshops-in-serbia-and-montenegro\/\",\"url\":\"https:\/\/webalkans.eu\/sr\/news\/yeas-organize-media-information-literacy-workshops-in-serbia-and-montenegro\/\",\"name\":\"YEA organizuju radionice o medijskoj pismenosti u Srbiji i Crnoj Gori News | WeBalkans\",\"isPartOf\":{\"@id\":\"https:\/\/webalkans.eu\/sr\/#website\"},\"primaryImageOfPage\":{\"@id\":\"https:\/\/webalkans.eu\/sr\/news\/yeas-organize-media-information-literacy-workshops-in-serbia-and-montenegro\/#primaryimage\"},\"image\":{\"@id\":\"https:\/\/webalkans.eu\/sr\/news\/yeas-organize-media-information-literacy-workshops-in-serbia-and-montenegro\/#primaryimage\"},\"thumbnailUrl\":\"https:\/\/webalkans.eu\/wp-content\/uploads\/2023\/11\/4-scaled.jpg\",\"datePublished\":\"2023-11-07T07:12:31+00:00\",\"dateModified\":\"2023-11-22T11:00:23+00:00\",\"description\":\"YEAs Organize Media Information Literacy Workshops in Serbia and Montenegro\",\"breadcrumb\":{\"@id\":\"https:\/\/webalkans.eu\/sr\/news\/yeas-organize-media-information-literacy-workshops-in-serbia-and-montenegro\/#breadcrumb\"},\"inLanguage\":\"sr-RS\",\"potentialAction\":[{\"@type\":\"ReadAction\",\"target\":[\"https:\/\/webalkans.eu\/sr\/news\/yeas-organize-media-information-literacy-workshops-in-serbia-and-montenegro\/\"]}]},{\"@type\":\"ImageObject\",\"inLanguage\":\"sr-RS\",\"@id\":\"https:\/\/webalkans.eu\/sr\/news\/yeas-organize-media-information-literacy-workshops-in-serbia-and-montenegro\/#primaryimage\",\"url\":\"https:\/\/webalkans.eu\/wp-content\/uploads\/2023\/11\/4-scaled.jpg\",\"contentUrl\":\"https:\/\/webalkans.eu\/wp-content\/uploads\/2023\/11\/4-scaled.jpg\",\"width\":2560,\"height\":1707},{\"@type\":\"BreadcrumbList\",\"@id\":\"https:\/\/webalkans.eu\/sr\/news\/yeas-organize-media-information-literacy-workshops-in-serbia-and-montenegro\/#breadcrumb\",\"itemListElement\":[{\"@type\":\"ListItem\",\"position\":1,\"name\":\"Home\",\"item\":\"https:\/\/webalkans.eu\/sr\/homepage\/\"},{\"@type\":\"ListItem\",\"position\":2,\"name\":\"YEA organizuju radionice o medijskoj pismenosti u Srbiji i Crnoj Gori\"}]},{\"@type\":\"WebSite\",\"@id\":\"https:\/\/webalkans.eu\/sr\/#website\",\"url\":\"https:\/\/webalkans.eu\/sr\/\",\"name\":\"WeBalkans | EU Projects in the Western Balkans\",\"description\":\"\",\"publisher\":{\"@id\":\"https:\/\/webalkans.eu\/sr\/#organization\"},\"potentialAction\":[{\"@type\":\"SearchAction\",\"target\":{\"@type\":\"EntryPoint\",\"urlTemplate\":\"https:\/\/webalkans.eu\/sr\/?s={search_term_string}\"},\"query-input\":{\"@type\":\"PropertyValueSpecification\",\"valueRequired\":true,\"valueName\":\"search_term_string\"}}],\"inLanguage\":\"sr-RS\"},{\"@type\":\"Organization\",\"@id\":\"https:\/\/webalkans.eu\/sr\/#organization\",\"name\":\"European Union\",\"url\":\"https:\/\/webalkans.eu\/sr\/\",\"logo\":{\"@type\":\"ImageObject\",\"inLanguage\":\"sr-RS\",\"@id\":\"https:\/\/webalkans.eu\/sr\/#\/schema\/logo\/image\/\",\"url\":\"https:\/\/webalkans.eu\/wp-content\/uploads\/2020\/11\/eu_flag.jpg\",\"contentUrl\":\"https:\/\/webalkans.eu\/wp-content\/uploads\/2020\/11\/eu_flag.jpg\",\"width\":600,\"height\":401,\"caption\":\"European Union\"},\"image\":{\"@id\":\"https:\/\/webalkans.eu\/sr\/#\/schema\/logo\/image\/\"},\"sameAs\":[\"https:\/\/www.facebook.com\/webalkans.eu\",\"https:\/\/x.com\/WeBalkans\"]},{\"@type\":\"Person\",\"@id\":\"https:\/\/webalkans.eu\/sr\/#\/schema\/person\/95a8ea19ef21de3b7766e9b65ffdb4da\",\"name\":\"007designstudio@gmail.com\"}]}<\/script>\n<!-- \/ Yoast SEO plugin. -->","yoast_head_json":{"title":"YEA organizuju radionice o medijskoj pismenosti u Srbiji i Crnoj Gori News | WeBalkans","description":"YEAs Organize Media Information Literacy Workshops in Serbia and Montenegro","robots":{"index":"index","follow":"follow","max-snippet":"max-snippet:-1","max-image-preview":"max-image-preview:large","max-video-preview":"max-video-preview:-1"},"canonical":"https:\/\/webalkans.eu\/sr\/news\/yeas-organize-media-information-literacy-workshops-in-serbia-and-montenegro\/","og_locale":"sr_RS","og_type":"article","og_title":"YEA organizuju radionice o medijskoj pismenosti u Srbiji i Crnoj Gori News | WeBalkans","og_description":"YEAs Organize Media Information Literacy Workshops in Serbia and Montenegro","og_url":"https:\/\/webalkans.eu\/sr\/news\/yeas-organize-media-information-literacy-workshops-in-serbia-and-montenegro\/","og_site_name":"WeBalkans | EU Projects in the Western Balkans","article_publisher":"https:\/\/www.facebook.com\/webalkans.eu","article_published_time":"2023-11-07T07:12:31+00:00","article_modified_time":"2023-11-22T11:00:23+00:00","og_image":[{"width":2560,"height":1707,"url":"https:\/\/webalkans.eu\/wp-content\/uploads\/2023\/11\/4-scaled.jpg","type":"image\/jpeg"}],"author":"007designstudio@gmail.com","twitter_card":"summary_large_image","twitter_creator":"@WeBalkans","twitter_site":"@WeBalkans","twitter_misc":{"\u041d\u0430\u043f\u0438\u0441\u0430\u043d\u043e \u043e\u0434":"007designstudio@gmail.com"},"schema":{"@context":"https:\/\/schema.org","@graph":[{"@type":"Article","@id":"https:\/\/webalkans.eu\/sr\/news\/yeas-organize-media-information-literacy-workshops-in-serbia-and-montenegro\/#article","isPartOf":{"@id":"https:\/\/webalkans.eu\/sr\/news\/yeas-organize-media-information-literacy-workshops-in-serbia-and-montenegro\/"},"author":{"name":"007designstudio@gmail.com","@id":"https:\/\/webalkans.eu\/sr\/#\/schema\/person\/95a8ea19ef21de3b7766e9b65ffdb4da"},"headline":"YEA organizuju radionice o medijskoj pismenosti u Srbiji i Crnoj Gori","datePublished":"2023-11-07T07:12:31+00:00","dateModified":"2023-11-22T11:00:23+00:00","mainEntityOfPage":{"@id":"https:\/\/webalkans.eu\/sr\/news\/yeas-organize-media-information-literacy-workshops-in-serbia-and-montenegro\/"},"wordCount":103,"publisher":{"@id":"https:\/\/webalkans.eu\/sr\/#organization"},"image":{"@id":"https:\/\/webalkans.eu\/sr\/news\/yeas-organize-media-information-literacy-workshops-in-serbia-and-montenegro\/#primaryimage"},"thumbnailUrl":"https:\/\/webalkans.eu\/wp-content\/uploads\/2023\/11\/4-scaled.jpg","inLanguage":"sr-RS"},{"@type":"WebPage","@id":"https:\/\/webalkans.eu\/sr\/news\/yeas-organize-media-information-literacy-workshops-in-serbia-and-montenegro\/","url":"https:\/\/webalkans.eu\/sr\/news\/yeas-organize-media-information-literacy-workshops-in-serbia-and-montenegro\/","name":"YEA organizuju radionice o medijskoj pismenosti u Srbiji i Crnoj Gori News | WeBalkans","isPartOf":{"@id":"https:\/\/webalkans.eu\/sr\/#website"},"primaryImageOfPage":{"@id":"https:\/\/webalkans.eu\/sr\/news\/yeas-organize-media-information-literacy-workshops-in-serbia-and-montenegro\/#primaryimage"},"image":{"@id":"https:\/\/webalkans.eu\/sr\/news\/yeas-organize-media-information-literacy-workshops-in-serbia-and-montenegro\/#primaryimage"},"thumbnailUrl":"https:\/\/webalkans.eu\/wp-content\/uploads\/2023\/11\/4-scaled.jpg","datePublished":"2023-11-07T07:12:31+00:00","dateModified":"2023-11-22T11:00:23+00:00","description":"YEAs Organize Media Information Literacy Workshops in Serbia and Montenegro","breadcrumb":{"@id":"https:\/\/webalkans.eu\/sr\/news\/yeas-organize-media-information-literacy-workshops-in-serbia-and-montenegro\/#breadcrumb"},"inLanguage":"sr-RS","potentialAction":[{"@type":"ReadAction","target":["https:\/\/webalkans.eu\/sr\/news\/yeas-organize-media-information-literacy-workshops-in-serbia-and-montenegro\/"]}]},{"@type":"ImageObject","inLanguage":"sr-RS","@id":"https:\/\/webalkans.eu\/sr\/news\/yeas-organize-media-information-literacy-workshops-in-serbia-and-montenegro\/#primaryimage","url":"https:\/\/webalkans.eu\/wp-content\/uploads\/2023\/11\/4-scaled.jpg","contentUrl":"https:\/\/webalkans.eu\/wp-content\/uploads\/2023\/11\/4-scaled.jpg","width":2560,"height":1707},{"@type":"BreadcrumbList","@id":"https:\/\/webalkans.eu\/sr\/news\/yeas-organize-media-information-literacy-workshops-in-serbia-and-montenegro\/#breadcrumb","itemListElement":[{"@type":"ListItem","position":1,"name":"Home","item":"https:\/\/webalkans.eu\/sr\/homepage\/"},{"@type":"ListItem","position":2,"name":"YEA organizuju radionice o medijskoj pismenosti u Srbiji i Crnoj Gori"}]},{"@type":"WebSite","@id":"https:\/\/webalkans.eu\/sr\/#website","url":"https:\/\/webalkans.eu\/sr\/","name":"WeBalkans | EU Projects in the Western Balkans","description":"","publisher":{"@id":"https:\/\/webalkans.eu\/sr\/#organization"},"potentialAction":[{"@type":"SearchAction","target":{"@type":"EntryPoint","urlTemplate":"https:\/\/webalkans.eu\/sr\/?s={search_term_string}"},"query-input":{"@type":"PropertyValueSpecification","valueRequired":true,"valueName":"search_term_string"}}],"inLanguage":"sr-RS"},{"@type":"Organization","@id":"https:\/\/webalkans.eu\/sr\/#organization","name":"European Union","url":"https:\/\/webalkans.eu\/sr\/","logo":{"@type":"ImageObject","inLanguage":"sr-RS","@id":"https:\/\/webalkans.eu\/sr\/#\/schema\/logo\/image\/","url":"https:\/\/webalkans.eu\/wp-content\/uploads\/2020\/11\/eu_flag.jpg","contentUrl":"https:\/\/webalkans.eu\/wp-content\/uploads\/2020\/11\/eu_flag.jpg","width":600,"height":401,"caption":"European Union"},"image":{"@id":"https:\/\/webalkans.eu\/sr\/#\/schema\/logo\/image\/"},"sameAs":["https:\/\/www.facebook.com\/webalkans.eu","https:\/\/x.com\/WeBalkans"]},{"@type":"Person","@id":"https:\/\/webalkans.eu\/sr\/#\/schema\/person\/95a8ea19ef21de3b7766e9b65ffdb4da","name":"007designstudio@gmail.com"}]}},"_links":{"self":[{"href":"https:\/\/webalkans.eu\/sr\/wp-json\/wp\/v2\/posts\/1239730"}],"collection":[{"href":"https:\/\/webalkans.eu\/sr\/wp-json\/wp\/v2\/posts"}],"about":[{"href":"https:\/\/webalkans.eu\/sr\/wp-json\/wp\/v2\/types\/post"}],"author":[{"embeddable":true,"href":"https:\/\/webalkans.eu\/sr\/wp-json\/wp\/v2\/users\/152227"}],"replies":[{"embeddable":true,"href":"https:\/\/webalkans.eu\/sr\/wp-json\/wp\/v2\/comments?post=1239730"}],"version-history":[{"count":0,"href":"https:\/\/webalkans.eu\/sr\/wp-json\/wp\/v2\/posts\/1239730\/revisions"}],"wp:featuredmedia":[{"embeddable":true,"href":"https:\/\/webalkans.eu\/sr\/wp-json\/wp\/v2\/media\/1228467"}],"wp:attachment":[{"href":"https:\/\/webalkans.eu\/sr\/wp-json\/wp\/v2\/media?parent=1239730"}],"wp:term":[{"taxonomy":"country-for-news","embeddable":true,"href":"https:\/\/webalkans.eu\/sr\/wp-json\/wp\/v2\/country-for-news?post=1239730"}],"curies":[{"name":"wp","href":"https:\/\/api.w.org\/{rel}","templated":true}]}}