
{"id":1239713,"date":"2023-11-08T18:15:23","date_gmt":"2023-11-08T17:15:23","guid":{"rendered":"https:\/\/webalkans.eu\/news\/commission-presents-a-new-growth-plan-for-the-western-balkans-including-e6-billion-in-grants-and-loans-to-accelerate-economic-convergence-with-the-eu\/"},"modified":"2023-11-22T11:56:10","modified_gmt":"2023-11-22T10:56:10","slug":"commission-presents-a-new-growth-plan-for-the-western-balkans-including-e6-billion-in-grants-and-loans-to-accelerate-economic-convergence-with-the-eu","status":"publish","type":"post","link":"https:\/\/webalkans.eu\/sr\/news\/commission-presents-a-new-growth-plan-for-the-western-balkans-including-e6-billion-in-grants-and-loans-to-accelerate-economic-convergence-with-the-eu\/","title":{"rendered":"Komisija predstavlja novi Plan rasta za Zapadni Balkan, uklju\u010duju\u0107i 6 milijardi evra grantova i kredita kako bi ubrzala ekonomsku konvergenciju sa EU"},"content":{"rendered":"<p style=\"font-weight: 400;\">Danas je Evropska komisija usvojila novi Plan rasta za Zapadni Balkan, s ciljem da unapredi neke od koristi \u010dlanstva u regionu pre pristupanja, podstakne ekonomski rast i ubrza neophodnu socijalno-ekonomsku konvergenciju. Cilj je omogu\u0107iti partnerima da ubrzaju reforme i investicije kako bi zna\u010dajno ubrzali proces pro\u0161irenja i rast njihovih ekonomija. U tu svrhu, predlo\u017een je novi Fond za reforme i rast za Zapadni Balkan u iznosu od 6 milijardi evra za period 2024-2027. Isplate \u0107e se vr\u0161iti tek nakon ispunjenja dogovorenih reformi.Kao deo Plana rasta, svaki partner sa Zapadnog Balkana bi\u0107e pozvan da pripremi Reformsku agendu na osnovu postoje\u0107ih preporuka, uklju\u010duju\u0107i one iz godi\u0161njeg Paketa pro\u0161irenja i programa ekonomske reforme zemalja (PER). Agenda reformi \u0107e biti predmet konsultacija, ocene i usvajanja od strane Komisije.<\/p>\n<p>&nbsp;<\/p>\n<p style=\"font-weight: 400;\">Predsednica Evropske komisije Ursula fon der Lajen izjavila je: &#8222;Usvajanjem novog Plana rasta za Zapadni Balkan u iznosu od 6 milijardi evra, danas pribli\u017eavamo ekonomije Zapadnog Balkana EU. Potencijal ovog Plana rasta je izuzetan. Ovaj Plan rasta mo\u017ee udvostru\u010diti ekonomiju Zapadnog Balkana u narednih 10 godina. Svojom kombinacijom reformi i investicija omogu\u0107i\u0107e Zapadnom Balkanu da uskoro profitira iz klju\u010dnih oblasti na\u0161eg jedinstvenog tr\u017ei\u0161ta, uklju\u010duju\u0107i slobodno kretanje robe, usluga i radne snage, jedinstveno evropsko podru\u010dje pla\u0107anja, transport, energetiku i digitalno jedinstveno tr\u017ei\u0161te.&#8220;<\/p>\n<p>&nbsp;<\/p>\n<p style=\"font-weight: 400;\"><strong>Slede\u0107i koraci<\/strong><\/p>\n<p>&nbsp;<\/p>\n<p style=\"font-weight: 400;\">Sada je na Evropskom parlamentu i Savetu da ispita predlog za Fond u okviru paketa pregleda srednjero\u010dnih finansijskih okvira (MFF). Kada bude usvojen, \u0161est partnera sa Zapadnog Balkana bi\u0107e pozvano da dostave svoje individualne reformne agende u kojima \u0107e opisati socijalno-ekonomske i osnovne reforme koje \u0107e preduzeti kako bi podstakli rast i konvergenciju u okviru Plana rasta tokom perioda od 2024. do 2027. godine. Srbija i Kosovo moraju konstruktivno u\u010destvovati u dijalogu o normalizaciji odnosa, koji vodi Visoki predstavnik EU, kao neophodan preduslov.<\/p>\n","protected":false},"excerpt":{"rendered":"<p>Danas je Evropska komisija usvojila novi Plan rasta za Zapadni Balkan, s ciljem da unapredi neke od koristi \u010dlanstva u regionu pre pristupanja, podstakne ekonomski <\/p>\n","protected":false},"author":152227,"featured_media":1228126,"comment_status":"closed","ping_status":"closed","sticky":false,"template":"","format":"standard","meta":{"_acf_changed":false,"_monsterinsights_skip_tracking":false,"_monsterinsights_sitenote_active":false,"_monsterinsights_sitenote_note":"","_monsterinsights_sitenote_category":0,"footnotes":""},"country-for-news":[419,422,426,430,436,440],"class_list":["post-1239713","post","type-post","status-publish","format-standard","has-post-thumbnail","hentry","wb_theme-equality-and-fair-society","wb_theme-innovation-and-skills","wb_theme-regional-cooperation","wb_theme-connectivity","wb_theme-culture-and-youth","wb_theme-democracy-and-fundamental-rights","wb_theme-economy","wb_theme-environment","country-for-news-albania","country-for-news-bosnia-and-herzegovina","country-for-news-kosovo","country-for-news-montenegro","country-for-news-north-macedonia","country-for-news-serbia"],"acf":[],"yoast_head":"<!-- This site is optimized with the Yoast SEO plugin v25.3.1 - https:\/\/yoast.com\/wordpress\/plugins\/seo\/ -->\n<title>Komisija predstavlja novi Plan rasta za Zapadni Balkan, uklju\u010duju\u0107i 6 milijardi evra grantova i kredita kako bi ubrzala ekonomsku konvergenciju sa EU News | WeBalkans<\/title>\n<meta name=\"description\" content=\"Komisija predstavlja novi Plan rasta za Zapadni Balkan, uklju\u010duju\u0107i 6 milijardi evra grantova i kredita kako bi ubrzala ekonomsku konvergenciju sa EU\" \/>\n<meta name=\"robots\" content=\"index, follow, max-snippet:-1, max-image-preview:large, max-video-preview:-1\" \/>\n<link rel=\"canonical\" href=\"https:\/\/webalkans.eu\/sr\/news\/commission-presents-a-new-growth-plan-for-the-western-balkans-including-e6-billion-in-grants-and-loans-to-accelerate-economic-convergence-with-the-eu\/\" \/>\n<meta property=\"og:locale\" content=\"sr_RS\" \/>\n<meta property=\"og:type\" content=\"article\" \/>\n<meta property=\"og:title\" content=\"Komisija predstavlja novi Plan rasta za Zapadni Balkan, uklju\u010duju\u0107i 6 milijardi evra grantova i kredita kako bi ubrzala ekonomsku konvergenciju sa EU News | WeBalkans\" \/>\n<meta property=\"og:description\" content=\"Komisija predstavlja novi Plan rasta za Zapadni Balkan, uklju\u010duju\u0107i 6 milijardi evra grantova i kredita kako bi ubrzala ekonomsku konvergenciju sa EU\" \/>\n<meta property=\"og:url\" content=\"https:\/\/webalkans.eu\/sr\/news\/commission-presents-a-new-growth-plan-for-the-western-balkans-including-e6-billion-in-grants-and-loans-to-accelerate-economic-convergence-with-the-eu\/\" \/>\n<meta property=\"og:site_name\" content=\"WeBalkans | EU Projects in the Western Balkans\" \/>\n<meta property=\"article:publisher\" content=\"https:\/\/www.facebook.com\/webalkans.eu\" \/>\n<meta property=\"article:published_time\" content=\"2023-11-08T17:15:23+00:00\" \/>\n<meta property=\"article:modified_time\" content=\"2023-11-22T10:56:10+00:00\" \/>\n<meta property=\"og:image\" content=\"https:\/\/webalkans.eu\/wp-content\/uploads\/2023\/11\/2-1.jpeg\" \/>\n\t<meta property=\"og:image:width\" content=\"1000\" \/>\n\t<meta property=\"og:image:height\" content=\"698\" \/>\n\t<meta property=\"og:image:type\" content=\"image\/jpeg\" \/>\n<meta name=\"author\" content=\"007designstudio@gmail.com\" \/>\n<meta name=\"twitter:card\" content=\"summary_large_image\" \/>\n<meta name=\"twitter:creator\" content=\"@WeBalkans\" \/>\n<meta name=\"twitter:site\" content=\"@WeBalkans\" \/>\n<meta name=\"twitter:label1\" content=\"\u041d\u0430\u043f\u0438\u0441\u0430\u043d\u043e \u043e\u0434\" \/>\n\t<meta name=\"twitter:data1\" content=\"007designstudio@gmail.com\" \/>\n\t<meta name=\"twitter:label2\" content=\"\u041f\u0440\u043e\u0446\u0435\u045a\u0435\u043d\u043e \u0432\u0440\u0435\u043c\u0435 \u0447\u0438\u0442\u0430\u045a\u0430\" \/>\n\t<meta name=\"twitter:data2\" content=\"2 \u043c\u0438\u043d\u0443\u0442\u0430\" \/>\n<script type=\"application\/ld+json\" class=\"yoast-schema-graph\">{\"@context\":\"https:\/\/schema.org\",\"@graph\":[{\"@type\":\"Article\",\"@id\":\"https:\/\/webalkans.eu\/sr\/news\/commission-presents-a-new-growth-plan-for-the-western-balkans-including-e6-billion-in-grants-and-loans-to-accelerate-economic-convergence-with-the-eu\/#article\",\"isPartOf\":{\"@id\":\"https:\/\/webalkans.eu\/sr\/news\/commission-presents-a-new-growth-plan-for-the-western-balkans-including-e6-billion-in-grants-and-loans-to-accelerate-economic-convergence-with-the-eu\/\"},\"author\":{\"name\":\"007designstudio@gmail.com\",\"@id\":\"https:\/\/webalkans.eu\/sr\/#\/schema\/person\/95a8ea19ef21de3b7766e9b65ffdb4da\"},\"headline\":\"Komisija predstavlja novi Plan rasta za Zapadni Balkan, uklju\u010duju\u0107i 6 milijardi evra grantova i kredita kako bi ubrzala ekonomsku konvergenciju sa EU\",\"datePublished\":\"2023-11-08T17:15:23+00:00\",\"dateModified\":\"2023-11-22T10:56:10+00:00\",\"mainEntityOfPage\":{\"@id\":\"https:\/\/webalkans.eu\/sr\/news\/commission-presents-a-new-growth-plan-for-the-western-balkans-including-e6-billion-in-grants-and-loans-to-accelerate-economic-convergence-with-the-eu\/\"},\"wordCount\":342,\"publisher\":{\"@id\":\"https:\/\/webalkans.eu\/sr\/#organization\"},\"image\":{\"@id\":\"https:\/\/webalkans.eu\/sr\/news\/commission-presents-a-new-growth-plan-for-the-western-balkans-including-e6-billion-in-grants-and-loans-to-accelerate-economic-convergence-with-the-eu\/#primaryimage\"},\"thumbnailUrl\":\"https:\/\/webalkans.eu\/wp-content\/uploads\/2023\/11\/2-1.jpeg\",\"inLanguage\":\"sr-RS\"},{\"@type\":\"WebPage\",\"@id\":\"https:\/\/webalkans.eu\/sr\/news\/commission-presents-a-new-growth-plan-for-the-western-balkans-including-e6-billion-in-grants-and-loans-to-accelerate-economic-convergence-with-the-eu\/\",\"url\":\"https:\/\/webalkans.eu\/sr\/news\/commission-presents-a-new-growth-plan-for-the-western-balkans-including-e6-billion-in-grants-and-loans-to-accelerate-economic-convergence-with-the-eu\/\",\"name\":\"Komisija predstavlja novi Plan rasta za Zapadni Balkan, uklju\u010duju\u0107i 6 milijardi evra grantova i kredita kako bi ubrzala ekonomsku konvergenciju sa EU News | WeBalkans\",\"isPartOf\":{\"@id\":\"https:\/\/webalkans.eu\/sr\/#website\"},\"primaryImageOfPage\":{\"@id\":\"https:\/\/webalkans.eu\/sr\/news\/commission-presents-a-new-growth-plan-for-the-western-balkans-including-e6-billion-in-grants-and-loans-to-accelerate-economic-convergence-with-the-eu\/#primaryimage\"},\"image\":{\"@id\":\"https:\/\/webalkans.eu\/sr\/news\/commission-presents-a-new-growth-plan-for-the-western-balkans-including-e6-billion-in-grants-and-loans-to-accelerate-economic-convergence-with-the-eu\/#primaryimage\"},\"thumbnailUrl\":\"https:\/\/webalkans.eu\/wp-content\/uploads\/2023\/11\/2-1.jpeg\",\"datePublished\":\"2023-11-08T17:15:23+00:00\",\"dateModified\":\"2023-11-22T10:56:10+00:00\",\"description\":\"Komisija predstavlja novi Plan rasta za Zapadni Balkan, uklju\u010duju\u0107i 6 milijardi evra grantova i kredita kako bi ubrzala ekonomsku konvergenciju sa EU\",\"breadcrumb\":{\"@id\":\"https:\/\/webalkans.eu\/sr\/news\/commission-presents-a-new-growth-plan-for-the-western-balkans-including-e6-billion-in-grants-and-loans-to-accelerate-economic-convergence-with-the-eu\/#breadcrumb\"},\"inLanguage\":\"sr-RS\",\"potentialAction\":[{\"@type\":\"ReadAction\",\"target\":[\"https:\/\/webalkans.eu\/sr\/news\/commission-presents-a-new-growth-plan-for-the-western-balkans-including-e6-billion-in-grants-and-loans-to-accelerate-economic-convergence-with-the-eu\/\"]}]},{\"@type\":\"ImageObject\",\"inLanguage\":\"sr-RS\",\"@id\":\"https:\/\/webalkans.eu\/sr\/news\/commission-presents-a-new-growth-plan-for-the-western-balkans-including-e6-billion-in-grants-and-loans-to-accelerate-economic-convergence-with-the-eu\/#primaryimage\",\"url\":\"https:\/\/webalkans.eu\/wp-content\/uploads\/2023\/11\/2-1.jpeg\",\"contentUrl\":\"https:\/\/webalkans.eu\/wp-content\/uploads\/2023\/11\/2-1.jpeg\",\"width\":1000,\"height\":698},{\"@type\":\"BreadcrumbList\",\"@id\":\"https:\/\/webalkans.eu\/sr\/news\/commission-presents-a-new-growth-plan-for-the-western-balkans-including-e6-billion-in-grants-and-loans-to-accelerate-economic-convergence-with-the-eu\/#breadcrumb\",\"itemListElement\":[{\"@type\":\"ListItem\",\"position\":1,\"name\":\"Home\",\"item\":\"https:\/\/webalkans.eu\/sr\/homepage\/\"},{\"@type\":\"ListItem\",\"position\":2,\"name\":\"Komisija predstavlja novi Plan rasta za Zapadni Balkan, uklju\u010duju\u0107i 6 milijardi evra grantova i kredita kako bi ubrzala ekonomsku konvergenciju sa EU\"}]},{\"@type\":\"WebSite\",\"@id\":\"https:\/\/webalkans.eu\/sr\/#website\",\"url\":\"https:\/\/webalkans.eu\/sr\/\",\"name\":\"WeBalkans | EU Projects in the Western Balkans\",\"description\":\"\",\"publisher\":{\"@id\":\"https:\/\/webalkans.eu\/sr\/#organization\"},\"potentialAction\":[{\"@type\":\"SearchAction\",\"target\":{\"@type\":\"EntryPoint\",\"urlTemplate\":\"https:\/\/webalkans.eu\/sr\/?s={search_term_string}\"},\"query-input\":{\"@type\":\"PropertyValueSpecification\",\"valueRequired\":true,\"valueName\":\"search_term_string\"}}],\"inLanguage\":\"sr-RS\"},{\"@type\":\"Organization\",\"@id\":\"https:\/\/webalkans.eu\/sr\/#organization\",\"name\":\"European Union\",\"url\":\"https:\/\/webalkans.eu\/sr\/\",\"logo\":{\"@type\":\"ImageObject\",\"inLanguage\":\"sr-RS\",\"@id\":\"https:\/\/webalkans.eu\/sr\/#\/schema\/logo\/image\/\",\"url\":\"https:\/\/webalkans.eu\/wp-content\/uploads\/2020\/11\/eu_flag.jpg\",\"contentUrl\":\"https:\/\/webalkans.eu\/wp-content\/uploads\/2020\/11\/eu_flag.jpg\",\"width\":600,\"height\":401,\"caption\":\"European Union\"},\"image\":{\"@id\":\"https:\/\/webalkans.eu\/sr\/#\/schema\/logo\/image\/\"},\"sameAs\":[\"https:\/\/www.facebook.com\/webalkans.eu\",\"https:\/\/x.com\/WeBalkans\"]},{\"@type\":\"Person\",\"@id\":\"https:\/\/webalkans.eu\/sr\/#\/schema\/person\/95a8ea19ef21de3b7766e9b65ffdb4da\",\"name\":\"007designstudio@gmail.com\"}]}<\/script>\n<!-- \/ Yoast SEO plugin. -->","yoast_head_json":{"title":"Komisija predstavlja novi Plan rasta za Zapadni Balkan, uklju\u010duju\u0107i 6 milijardi evra grantova i kredita kako bi ubrzala ekonomsku konvergenciju sa EU News | WeBalkans","description":"Komisija predstavlja novi Plan rasta za Zapadni Balkan, uklju\u010duju\u0107i 6 milijardi evra grantova i kredita kako bi ubrzala ekonomsku konvergenciju sa EU","robots":{"index":"index","follow":"follow","max-snippet":"max-snippet:-1","max-image-preview":"max-image-preview:large","max-video-preview":"max-video-preview:-1"},"canonical":"https:\/\/webalkans.eu\/sr\/news\/commission-presents-a-new-growth-plan-for-the-western-balkans-including-e6-billion-in-grants-and-loans-to-accelerate-economic-convergence-with-the-eu\/","og_locale":"sr_RS","og_type":"article","og_title":"Komisija predstavlja novi Plan rasta za Zapadni Balkan, uklju\u010duju\u0107i 6 milijardi evra grantova i kredita kako bi ubrzala ekonomsku konvergenciju sa EU News | WeBalkans","og_description":"Komisija predstavlja novi Plan rasta za Zapadni Balkan, uklju\u010duju\u0107i 6 milijardi evra grantova i kredita kako bi ubrzala ekonomsku konvergenciju sa EU","og_url":"https:\/\/webalkans.eu\/sr\/news\/commission-presents-a-new-growth-plan-for-the-western-balkans-including-e6-billion-in-grants-and-loans-to-accelerate-economic-convergence-with-the-eu\/","og_site_name":"WeBalkans | EU Projects in the Western Balkans","article_publisher":"https:\/\/www.facebook.com\/webalkans.eu","article_published_time":"2023-11-08T17:15:23+00:00","article_modified_time":"2023-11-22T10:56:10+00:00","og_image":[{"width":1000,"height":698,"url":"https:\/\/webalkans.eu\/wp-content\/uploads\/2023\/11\/2-1.jpeg","type":"image\/jpeg"}],"author":"007designstudio@gmail.com","twitter_card":"summary_large_image","twitter_creator":"@WeBalkans","twitter_site":"@WeBalkans","twitter_misc":{"\u041d\u0430\u043f\u0438\u0441\u0430\u043d\u043e \u043e\u0434":"007designstudio@gmail.com","\u041f\u0440\u043e\u0446\u0435\u045a\u0435\u043d\u043e \u0432\u0440\u0435\u043c\u0435 \u0447\u0438\u0442\u0430\u045a\u0430":"2 \u043c\u0438\u043d\u0443\u0442\u0430"},"schema":{"@context":"https:\/\/schema.org","@graph":[{"@type":"Article","@id":"https:\/\/webalkans.eu\/sr\/news\/commission-presents-a-new-growth-plan-for-the-western-balkans-including-e6-billion-in-grants-and-loans-to-accelerate-economic-convergence-with-the-eu\/#article","isPartOf":{"@id":"https:\/\/webalkans.eu\/sr\/news\/commission-presents-a-new-growth-plan-for-the-western-balkans-including-e6-billion-in-grants-and-loans-to-accelerate-economic-convergence-with-the-eu\/"},"author":{"name":"007designstudio@gmail.com","@id":"https:\/\/webalkans.eu\/sr\/#\/schema\/person\/95a8ea19ef21de3b7766e9b65ffdb4da"},"headline":"Komisija predstavlja novi Plan rasta za Zapadni Balkan, uklju\u010duju\u0107i 6 milijardi evra grantova i kredita kako bi ubrzala ekonomsku konvergenciju sa EU","datePublished":"2023-11-08T17:15:23+00:00","dateModified":"2023-11-22T10:56:10+00:00","mainEntityOfPage":{"@id":"https:\/\/webalkans.eu\/sr\/news\/commission-presents-a-new-growth-plan-for-the-western-balkans-including-e6-billion-in-grants-and-loans-to-accelerate-economic-convergence-with-the-eu\/"},"wordCount":342,"publisher":{"@id":"https:\/\/webalkans.eu\/sr\/#organization"},"image":{"@id":"https:\/\/webalkans.eu\/sr\/news\/commission-presents-a-new-growth-plan-for-the-western-balkans-including-e6-billion-in-grants-and-loans-to-accelerate-economic-convergence-with-the-eu\/#primaryimage"},"thumbnailUrl":"https:\/\/webalkans.eu\/wp-content\/uploads\/2023\/11\/2-1.jpeg","inLanguage":"sr-RS"},{"@type":"WebPage","@id":"https:\/\/webalkans.eu\/sr\/news\/commission-presents-a-new-growth-plan-for-the-western-balkans-including-e6-billion-in-grants-and-loans-to-accelerate-economic-convergence-with-the-eu\/","url":"https:\/\/webalkans.eu\/sr\/news\/commission-presents-a-new-growth-plan-for-the-western-balkans-including-e6-billion-in-grants-and-loans-to-accelerate-economic-convergence-with-the-eu\/","name":"Komisija predstavlja novi Plan rasta za Zapadni Balkan, uklju\u010duju\u0107i 6 milijardi evra grantova i kredita kako bi ubrzala ekonomsku konvergenciju sa EU News | WeBalkans","isPartOf":{"@id":"https:\/\/webalkans.eu\/sr\/#website"},"primaryImageOfPage":{"@id":"https:\/\/webalkans.eu\/sr\/news\/commission-presents-a-new-growth-plan-for-the-western-balkans-including-e6-billion-in-grants-and-loans-to-accelerate-economic-convergence-with-the-eu\/#primaryimage"},"image":{"@id":"https:\/\/webalkans.eu\/sr\/news\/commission-presents-a-new-growth-plan-for-the-western-balkans-including-e6-billion-in-grants-and-loans-to-accelerate-economic-convergence-with-the-eu\/#primaryimage"},"thumbnailUrl":"https:\/\/webalkans.eu\/wp-content\/uploads\/2023\/11\/2-1.jpeg","datePublished":"2023-11-08T17:15:23+00:00","dateModified":"2023-11-22T10:56:10+00:00","description":"Komisija predstavlja novi Plan rasta za Zapadni Balkan, uklju\u010duju\u0107i 6 milijardi evra grantova i kredita kako bi ubrzala ekonomsku konvergenciju sa EU","breadcrumb":{"@id":"https:\/\/webalkans.eu\/sr\/news\/commission-presents-a-new-growth-plan-for-the-western-balkans-including-e6-billion-in-grants-and-loans-to-accelerate-economic-convergence-with-the-eu\/#breadcrumb"},"inLanguage":"sr-RS","potentialAction":[{"@type":"ReadAction","target":["https:\/\/webalkans.eu\/sr\/news\/commission-presents-a-new-growth-plan-for-the-western-balkans-including-e6-billion-in-grants-and-loans-to-accelerate-economic-convergence-with-the-eu\/"]}]},{"@type":"ImageObject","inLanguage":"sr-RS","@id":"https:\/\/webalkans.eu\/sr\/news\/commission-presents-a-new-growth-plan-for-the-western-balkans-including-e6-billion-in-grants-and-loans-to-accelerate-economic-convergence-with-the-eu\/#primaryimage","url":"https:\/\/webalkans.eu\/wp-content\/uploads\/2023\/11\/2-1.jpeg","contentUrl":"https:\/\/webalkans.eu\/wp-content\/uploads\/2023\/11\/2-1.jpeg","width":1000,"height":698},{"@type":"BreadcrumbList","@id":"https:\/\/webalkans.eu\/sr\/news\/commission-presents-a-new-growth-plan-for-the-western-balkans-including-e6-billion-in-grants-and-loans-to-accelerate-economic-convergence-with-the-eu\/#breadcrumb","itemListElement":[{"@type":"ListItem","position":1,"name":"Home","item":"https:\/\/webalkans.eu\/sr\/homepage\/"},{"@type":"ListItem","position":2,"name":"Komisija predstavlja novi Plan rasta za Zapadni Balkan, uklju\u010duju\u0107i 6 milijardi evra grantova i kredita kako bi ubrzala ekonomsku konvergenciju sa EU"}]},{"@type":"WebSite","@id":"https:\/\/webalkans.eu\/sr\/#website","url":"https:\/\/webalkans.eu\/sr\/","name":"WeBalkans | EU Projects in the Western Balkans","description":"","publisher":{"@id":"https:\/\/webalkans.eu\/sr\/#organization"},"potentialAction":[{"@type":"SearchAction","target":{"@type":"EntryPoint","urlTemplate":"https:\/\/webalkans.eu\/sr\/?s={search_term_string}"},"query-input":{"@type":"PropertyValueSpecification","valueRequired":true,"valueName":"search_term_string"}}],"inLanguage":"sr-RS"},{"@type":"Organization","@id":"https:\/\/webalkans.eu\/sr\/#organization","name":"European Union","url":"https:\/\/webalkans.eu\/sr\/","logo":{"@type":"ImageObject","inLanguage":"sr-RS","@id":"https:\/\/webalkans.eu\/sr\/#\/schema\/logo\/image\/","url":"https:\/\/webalkans.eu\/wp-content\/uploads\/2020\/11\/eu_flag.jpg","contentUrl":"https:\/\/webalkans.eu\/wp-content\/uploads\/2020\/11\/eu_flag.jpg","width":600,"height":401,"caption":"European Union"},"image":{"@id":"https:\/\/webalkans.eu\/sr\/#\/schema\/logo\/image\/"},"sameAs":["https:\/\/www.facebook.com\/webalkans.eu","https:\/\/x.com\/WeBalkans"]},{"@type":"Person","@id":"https:\/\/webalkans.eu\/sr\/#\/schema\/person\/95a8ea19ef21de3b7766e9b65ffdb4da","name":"007designstudio@gmail.com"}]}},"_links":{"self":[{"href":"https:\/\/webalkans.eu\/sr\/wp-json\/wp\/v2\/posts\/1239713"}],"collection":[{"href":"https:\/\/webalkans.eu\/sr\/wp-json\/wp\/v2\/posts"}],"about":[{"href":"https:\/\/webalkans.eu\/sr\/wp-json\/wp\/v2\/types\/post"}],"author":[{"embeddable":true,"href":"https:\/\/webalkans.eu\/sr\/wp-json\/wp\/v2\/users\/152227"}],"replies":[{"embeddable":true,"href":"https:\/\/webalkans.eu\/sr\/wp-json\/wp\/v2\/comments?post=1239713"}],"version-history":[{"count":0,"href":"https:\/\/webalkans.eu\/sr\/wp-json\/wp\/v2\/posts\/1239713\/revisions"}],"wp:featuredmedia":[{"embeddable":true,"href":"https:\/\/webalkans.eu\/sr\/wp-json\/wp\/v2\/media\/1228126"}],"wp:attachment":[{"href":"https:\/\/webalkans.eu\/sr\/wp-json\/wp\/v2\/media?parent=1239713"}],"wp:term":[{"taxonomy":"country-for-news","embeddable":true,"href":"https:\/\/webalkans.eu\/sr\/wp-json\/wp\/v2\/country-for-news?post=1239713"}],"curies":[{"name":"wp","href":"https:\/\/api.w.org\/{rel}","templated":true}]}}