
{"id":1222077,"date":"2023-10-16T16:12:47","date_gmt":"2023-10-16T14:12:47","guid":{"rendered":"https:\/\/webalkans.eu\/news\/opening-remarks-by-president-von-der-leyen-at-the-berlin-process-summit\/"},"modified":"2023-11-01T13:08:50","modified_gmt":"2023-11-01T12:08:50","slug":"opening-remarks-by-president-von-der-leyen-at-the-berlin-process-summit","status":"publish","type":"post","link":"https:\/\/webalkans.eu\/sr\/news\/opening-remarks-by-president-von-der-leyen-at-the-berlin-process-summit\/","title":{"rendered":"Uvodna re\u010d predsednice fon der Lajen na Samitu Berlinskog procesa"},"content":{"rendered":"<p style=\"font-weight: 400;\">Hvala puno, premijeru, dragi Edi,<\/p>\n<p>&nbsp;<\/p>\n<p style=\"font-weight: 400;\">Herr Bundeskanzler,<\/p>\n<p>&nbsp;<\/p>\n<p style=\"font-weight: 400;\">Dragi prijatelji,<\/p>\n<p>&nbsp;<\/p>\n<p style=\"font-weight: 400;\">Kakva pri\u010da koju smo upravo videli na ekranu, kakva pri\u010da. I kakva je moc\u0301na poruka da je to ne samo deseti Berlinski proces vec\u0301 prvi put u zemlji zapadnog Balkana. Sna\u017ena poruka u svetu koji si opisao, Edi, gde smo svedoci u\u017easnog rata koji je Rusija pokrenula protiv Ukrajine. Ukrajina se bori za svoj suverenitet i teritorijalni integritet i za na\u0161e vrednosti. Tako\u0111e smo videli gnusni teroristi\u010dki napad Hamasa koji je ubio vi\u0161e od 1.400 ljudi, mu\u0161karaca, \u017eena, dece, beba, samo zato \u0161to su Jevreji. \u017divimo na zapaljenoj planeti. Izaziva nas GenAI. U ovim vremenima, potrebni su vam najbolji prijatelji. I rekao si, ti si najbolji prijatelj kog mo\u017eemo po\u017eeleti. Dozvolite nam da radimo tako da se pridru\u017eite Evropskoj uniji koja je dokazala da je moguc\u0301e zajedno imati trajni mir i odr\u017eivi prosperitet.<\/p>\n<p>&nbsp;<\/p>\n<p style=\"font-weight: 400;\">I zaista, kakva moc\u0301na poruka ju\u010de, kada smo zapo\u010deli registraciju u Tirani College of Europe. A ti mladi studenti c\u0301e sada studirati evropske poslove. Oni dolaze iz Albanije, celog Zapadnog Balkana, iz Evropske unije. Kakva moc\u0301na poruka za sledec\u0301u generaciju koja c\u0301e prenositi ideju Evropske unije napred.<\/p>\n<p>&nbsp;<\/p>\n<p style=\"font-weight: 400;\">Berlinski proces je, kako ste rekli, po\u010deo 2014. I vredi pogledati papire iz tog vremena: \u201eCilj da se ostvari stvarni napredak u procesu reformi i regionalnoj ekonomskoj saradnji.\u201c Zato smo ovde. A mi smo vec\u0301 sa na\u0161im Ekonomsko-investicionim planom od 30 milijardi evra postavili dobre temelje. Isporu\u010duje. Polovina Plana, 16 milijardi evra, zapravo je vec\u0301 realizovana. Ali treba u\u010diniti vi\u0161e. I \u017eelim da se fokusiram nekoliko minuta na to.<\/p>\n<p>&nbsp;<\/p>\n<p style=\"font-weight: 400;\">Na\u0161e ekonomije, Zapadni Balkan i jedinstveno evropsko tr\u017ei\u0161te, jo\u0161 uvek su previ\u0161e udaljeni. Ekonomije Zapadnog Balkana su 35% proseka EU. Dakle, zaista moramo da iskoristimo potencijal koji postoji ovde na Zapadnom Balkanu i da ga pribli\u017eimo jedinstvenom evropskom tr\u017ei\u0161tu. I to je ono o \u010demu se radi u Planu rasta. Znamo da je, iz iskustva pro\u0161irenja, snaga pro\u0161irenja naravno u vrednostima koje nas spajaju sa zemljama koje su se korak po korak pridru\u017eile Evropskoj uniji. Ali druga moc\u0301 je ekonomski razvoj. Kad god je do\u0161lo do pro\u0161irenja, ne samo one zemlje koje su pristupile Evropskoj uniji imale su ogroman podsticaj u svom ekonomskom razvoju jer su pristupile Jedinstvenom tr\u017ei\u0161tu, vec\u0301 je i Evropska unija napredovala jer je jedinstveno tr\u017ei\u0161te postalo vec\u0301e.<\/p>\n<p>&nbsp;<\/p>\n<p style=\"font-weight: 400;\">I ovo je sada princip Plana rasta. U osnovi \u017eelimo da u odre\u0111enim oblastima otvorimo vrata jedinstvenog tr\u017ei\u0161ta, jedinstvenog evropskog tr\u017ei\u0161ta, kompanijama sa Zapadnog Balkana. I to sada moramo da osmislimo. Otvaramo ga u oblastima kao \u0161to su slobodno kretanje roba i usluga, drumski transport, energija, elektri\u010dna energija, jedinstveno digitalno tr\u017ei\u0161te EU i, \u0161to je veoma va\u017eno, olak\u0161avanje bezgotovinskog plac\u0301anja sa jedinstvenim evropskim platnim podru\u010djem, da navedemo samo nekoliko elemenata.<\/p>\n<p>&nbsp;<\/p>\n<p style=\"font-weight: 400;\">Ali, naravno, otvaranje vrata nije dovoljno. Zemlje zapadnog Balkana tako\u0111e treba da upotpune svoje zajedni\u010dko regionalno tr\u017ei\u0161te. A to zna\u010di da je uslov da i zemlje Zapadnog Balkana svojim susedima daju pristup svom tr\u017ei\u0161tu [da svojim susedima daju pristup svom tr\u017ei\u0161tu]. Drugim re\u010dima, ako okrenem, ako postoje blokade, jedino mo\u017eete da blokirate sebe. Ostali c\u0301e krenuti dalje.<\/p>\n<p>&nbsp;<\/p>\n<p style=\"font-weight: 400;\">A da bismo krenuli dalje, potrebne su reforme, duboko ukorenjene reforme, tako\u0111e da bi se pobolj\u0161ala poslovna klima, da bi okru\u017eenje postalo privla\u010dnije. Ove reforme c\u0301e biti prac\u0301ene finansiranjem investicija iz Evropske unije, ako do njih do\u0111e. Ovaj plan rasta je veoma sna\u017ean podsticaj. To je podsticaj da se vrata ekonomski otvore, ali i da se tra\u017ei otvaranje granica izme\u0111u zemalja Zapadnog Balkana i da se urade neophodne reforme. Sa tim dolazi i finansiranje investicija.<\/p>\n<p>&nbsp;<\/p>\n<p style=\"font-weight: 400;\">Samo zajedni\u010dkim radom dove\u0161c\u0301emo Zapadni Balkan tamo gde i pripadate, u srce Evropske unije. Istorija je, zaista, u pokretu. Moja poruka je: Ovo je sada odlu\u010dujuc\u0301i trenutak. Ne propustite priliku, zgrabite priliku, iskoristite trenutak i radimo zajedno sa vama na tome.<\/p>\n<p style=\"font-weight: 400;\">\n<p style=\"font-weight: 400;\">Mnogo hvala, Edi.<\/p>\n<p style=\"font-weight: 400;\">\n","protected":false},"excerpt":{"rendered":"<p>Hvala puno, premijeru, dragi Edi, &nbsp; Herr Bundeskanzler, &nbsp; Dragi prijatelji, &nbsp; Kakva pri\u010da koju smo upravo videli na ekranu, kakva pri\u010da. I kakva je <\/p>\n","protected":false},"author":152227,"featured_media":1212663,"comment_status":"closed","ping_status":"closed","sticky":false,"template":"","format":"standard","meta":{"_acf_changed":false,"_monsterinsights_skip_tracking":false,"_monsterinsights_sitenote_active":false,"_monsterinsights_sitenote_note":"","_monsterinsights_sitenote_category":0,"footnotes":""},"country-for-news":[419,422,426,430,436,440],"class_list":["post-1222077","post","type-post","status-publish","format-standard","has-post-thumbnail","hentry","wb_theme-economy","wb_theme-environment","wb_theme-equality-and-fair-society","wb_theme-innovation-and-skills","wb_theme-regional-cooperation","wb_theme-connectivity","wb_theme-culture-and-youth","wb_theme-democracy-and-fundamental-rights","country-for-news-albania","country-for-news-bosnia-and-herzegovina","country-for-news-kosovo","country-for-news-montenegro","country-for-news-north-macedonia","country-for-news-serbia"],"acf":[],"yoast_head":"<!-- This site is optimized with the Yoast SEO plugin v25.3.1 - https:\/\/yoast.com\/wordpress\/plugins\/seo\/ -->\n<title>Uvodna re\u010d predsednice fon der Lajen na Samitu Berlinskog procesa News | WeBalkans<\/title>\n<meta name=\"description\" content=\"Uvodna re\u010d predsednice fon der Lajen na Samitu Berlinskog procesa\" \/>\n<meta name=\"robots\" content=\"index, follow, max-snippet:-1, max-image-preview:large, max-video-preview:-1\" \/>\n<link rel=\"canonical\" href=\"https:\/\/webalkans.eu\/sr\/news\/opening-remarks-by-president-von-der-leyen-at-the-berlin-process-summit\/\" \/>\n<meta property=\"og:locale\" content=\"sr_RS\" \/>\n<meta property=\"og:type\" content=\"article\" \/>\n<meta property=\"og:title\" content=\"Uvodna re\u010d predsednice fon der Lajen na Samitu Berlinskog procesa News | WeBalkans\" \/>\n<meta property=\"og:description\" content=\"Uvodna re\u010d predsednice fon der Lajen na Samitu Berlinskog procesa\" \/>\n<meta property=\"og:url\" content=\"https:\/\/webalkans.eu\/sr\/news\/opening-remarks-by-president-von-der-leyen-at-the-berlin-process-summit\/\" \/>\n<meta property=\"og:site_name\" content=\"WeBalkans | EU Projects in the Western Balkans\" \/>\n<meta property=\"article:publisher\" content=\"https:\/\/www.facebook.com\/webalkans.eu\" \/>\n<meta property=\"article:published_time\" content=\"2023-10-16T14:12:47+00:00\" \/>\n<meta property=\"article:modified_time\" content=\"2023-11-01T12:08:50+00:00\" \/>\n<meta property=\"og:image\" content=\"https:\/\/webalkans.eu\/wp-content\/uploads\/2023\/10\/3-4.jpeg\" \/>\n\t<meta property=\"og:image:width\" content=\"2048\" \/>\n\t<meta property=\"og:image:height\" content=\"1366\" \/>\n\t<meta property=\"og:image:type\" content=\"image\/jpeg\" \/>\n<meta name=\"author\" content=\"007designstudio@gmail.com\" \/>\n<meta name=\"twitter:card\" content=\"summary_large_image\" \/>\n<meta name=\"twitter:creator\" content=\"@WeBalkans\" \/>\n<meta name=\"twitter:site\" content=\"@WeBalkans\" \/>\n<meta name=\"twitter:label1\" content=\"\u041d\u0430\u043f\u0438\u0441\u0430\u043d\u043e \u043e\u0434\" \/>\n\t<meta name=\"twitter:data1\" content=\"007designstudio@gmail.com\" \/>\n\t<meta name=\"twitter:label2\" content=\"\u041f\u0440\u043e\u0446\u0435\u045a\u0435\u043d\u043e \u0432\u0440\u0435\u043c\u0435 \u0447\u0438\u0442\u0430\u045a\u0430\" \/>\n\t<meta name=\"twitter:data2\" content=\"4 \u043c\u0438\u043d\u0443\u0442\u0430\" \/>\n<script type=\"application\/ld+json\" class=\"yoast-schema-graph\">{\"@context\":\"https:\/\/schema.org\",\"@graph\":[{\"@type\":\"Article\",\"@id\":\"https:\/\/webalkans.eu\/sr\/news\/opening-remarks-by-president-von-der-leyen-at-the-berlin-process-summit\/#article\",\"isPartOf\":{\"@id\":\"https:\/\/webalkans.eu\/sr\/news\/opening-remarks-by-president-von-der-leyen-at-the-berlin-process-summit\/\"},\"author\":{\"name\":\"007designstudio@gmail.com\",\"@id\":\"https:\/\/webalkans.eu\/sr\/#\/schema\/person\/95a8ea19ef21de3b7766e9b65ffdb4da\"},\"headline\":\"Uvodna re\u010d predsednice fon der Lajen na Samitu Berlinskog procesa\",\"datePublished\":\"2023-10-16T14:12:47+00:00\",\"dateModified\":\"2023-11-01T12:08:50+00:00\",\"mainEntityOfPage\":{\"@id\":\"https:\/\/webalkans.eu\/sr\/news\/opening-remarks-by-president-von-der-leyen-at-the-berlin-process-summit\/\"},\"wordCount\":723,\"publisher\":{\"@id\":\"https:\/\/webalkans.eu\/sr\/#organization\"},\"image\":{\"@id\":\"https:\/\/webalkans.eu\/sr\/news\/opening-remarks-by-president-von-der-leyen-at-the-berlin-process-summit\/#primaryimage\"},\"thumbnailUrl\":\"https:\/\/webalkans.eu\/wp-content\/uploads\/2023\/10\/3-4.jpeg\",\"inLanguage\":\"sr-RS\"},{\"@type\":\"WebPage\",\"@id\":\"https:\/\/webalkans.eu\/sr\/news\/opening-remarks-by-president-von-der-leyen-at-the-berlin-process-summit\/\",\"url\":\"https:\/\/webalkans.eu\/sr\/news\/opening-remarks-by-president-von-der-leyen-at-the-berlin-process-summit\/\",\"name\":\"Uvodna re\u010d predsednice fon der Lajen na Samitu Berlinskog procesa News | WeBalkans\",\"isPartOf\":{\"@id\":\"https:\/\/webalkans.eu\/sr\/#website\"},\"primaryImageOfPage\":{\"@id\":\"https:\/\/webalkans.eu\/sr\/news\/opening-remarks-by-president-von-der-leyen-at-the-berlin-process-summit\/#primaryimage\"},\"image\":{\"@id\":\"https:\/\/webalkans.eu\/sr\/news\/opening-remarks-by-president-von-der-leyen-at-the-berlin-process-summit\/#primaryimage\"},\"thumbnailUrl\":\"https:\/\/webalkans.eu\/wp-content\/uploads\/2023\/10\/3-4.jpeg\",\"datePublished\":\"2023-10-16T14:12:47+00:00\",\"dateModified\":\"2023-11-01T12:08:50+00:00\",\"description\":\"Uvodna re\u010d predsednice fon der Lajen na Samitu Berlinskog procesa\",\"breadcrumb\":{\"@id\":\"https:\/\/webalkans.eu\/sr\/news\/opening-remarks-by-president-von-der-leyen-at-the-berlin-process-summit\/#breadcrumb\"},\"inLanguage\":\"sr-RS\",\"potentialAction\":[{\"@type\":\"ReadAction\",\"target\":[\"https:\/\/webalkans.eu\/sr\/news\/opening-remarks-by-president-von-der-leyen-at-the-berlin-process-summit\/\"]}]},{\"@type\":\"ImageObject\",\"inLanguage\":\"sr-RS\",\"@id\":\"https:\/\/webalkans.eu\/sr\/news\/opening-remarks-by-president-von-der-leyen-at-the-berlin-process-summit\/#primaryimage\",\"url\":\"https:\/\/webalkans.eu\/wp-content\/uploads\/2023\/10\/3-4.jpeg\",\"contentUrl\":\"https:\/\/webalkans.eu\/wp-content\/uploads\/2023\/10\/3-4.jpeg\",\"width\":2048,\"height\":1366,\"caption\":\"First row, from left to right, Charles Michel, Olaf Scholz, Edi Rama, Ursula von der Leyen\"},{\"@type\":\"BreadcrumbList\",\"@id\":\"https:\/\/webalkans.eu\/sr\/news\/opening-remarks-by-president-von-der-leyen-at-the-berlin-process-summit\/#breadcrumb\",\"itemListElement\":[{\"@type\":\"ListItem\",\"position\":1,\"name\":\"Home\",\"item\":\"https:\/\/webalkans.eu\/sr\/homepage\/\"},{\"@type\":\"ListItem\",\"position\":2,\"name\":\"Uvodna re\u010d predsednice fon der Lajen na Samitu Berlinskog procesa\"}]},{\"@type\":\"WebSite\",\"@id\":\"https:\/\/webalkans.eu\/sr\/#website\",\"url\":\"https:\/\/webalkans.eu\/sr\/\",\"name\":\"WeBalkans | EU Projects in the Western Balkans\",\"description\":\"\",\"publisher\":{\"@id\":\"https:\/\/webalkans.eu\/sr\/#organization\"},\"potentialAction\":[{\"@type\":\"SearchAction\",\"target\":{\"@type\":\"EntryPoint\",\"urlTemplate\":\"https:\/\/webalkans.eu\/sr\/?s={search_term_string}\"},\"query-input\":{\"@type\":\"PropertyValueSpecification\",\"valueRequired\":true,\"valueName\":\"search_term_string\"}}],\"inLanguage\":\"sr-RS\"},{\"@type\":\"Organization\",\"@id\":\"https:\/\/webalkans.eu\/sr\/#organization\",\"name\":\"European Union\",\"url\":\"https:\/\/webalkans.eu\/sr\/\",\"logo\":{\"@type\":\"ImageObject\",\"inLanguage\":\"sr-RS\",\"@id\":\"https:\/\/webalkans.eu\/sr\/#\/schema\/logo\/image\/\",\"url\":\"https:\/\/webalkans.eu\/wp-content\/uploads\/2020\/11\/eu_flag.jpg\",\"contentUrl\":\"https:\/\/webalkans.eu\/wp-content\/uploads\/2020\/11\/eu_flag.jpg\",\"width\":600,\"height\":401,\"caption\":\"European Union\"},\"image\":{\"@id\":\"https:\/\/webalkans.eu\/sr\/#\/schema\/logo\/image\/\"},\"sameAs\":[\"https:\/\/www.facebook.com\/webalkans.eu\",\"https:\/\/x.com\/WeBalkans\"]},{\"@type\":\"Person\",\"@id\":\"https:\/\/webalkans.eu\/sr\/#\/schema\/person\/95a8ea19ef21de3b7766e9b65ffdb4da\",\"name\":\"007designstudio@gmail.com\"}]}<\/script>\n<!-- \/ Yoast SEO plugin. -->","yoast_head_json":{"title":"Uvodna re\u010d predsednice fon der Lajen na Samitu Berlinskog procesa News | WeBalkans","description":"Uvodna re\u010d predsednice fon der Lajen na Samitu Berlinskog procesa","robots":{"index":"index","follow":"follow","max-snippet":"max-snippet:-1","max-image-preview":"max-image-preview:large","max-video-preview":"max-video-preview:-1"},"canonical":"https:\/\/webalkans.eu\/sr\/news\/opening-remarks-by-president-von-der-leyen-at-the-berlin-process-summit\/","og_locale":"sr_RS","og_type":"article","og_title":"Uvodna re\u010d predsednice fon der Lajen na Samitu Berlinskog procesa News | WeBalkans","og_description":"Uvodna re\u010d predsednice fon der Lajen na Samitu Berlinskog procesa","og_url":"https:\/\/webalkans.eu\/sr\/news\/opening-remarks-by-president-von-der-leyen-at-the-berlin-process-summit\/","og_site_name":"WeBalkans | EU Projects in the Western Balkans","article_publisher":"https:\/\/www.facebook.com\/webalkans.eu","article_published_time":"2023-10-16T14:12:47+00:00","article_modified_time":"2023-11-01T12:08:50+00:00","og_image":[{"width":2048,"height":1366,"url":"https:\/\/webalkans.eu\/wp-content\/uploads\/2023\/10\/3-4.jpeg","type":"image\/jpeg"}],"author":"007designstudio@gmail.com","twitter_card":"summary_large_image","twitter_creator":"@WeBalkans","twitter_site":"@WeBalkans","twitter_misc":{"\u041d\u0430\u043f\u0438\u0441\u0430\u043d\u043e \u043e\u0434":"007designstudio@gmail.com","\u041f\u0440\u043e\u0446\u0435\u045a\u0435\u043d\u043e \u0432\u0440\u0435\u043c\u0435 \u0447\u0438\u0442\u0430\u045a\u0430":"4 \u043c\u0438\u043d\u0443\u0442\u0430"},"schema":{"@context":"https:\/\/schema.org","@graph":[{"@type":"Article","@id":"https:\/\/webalkans.eu\/sr\/news\/opening-remarks-by-president-von-der-leyen-at-the-berlin-process-summit\/#article","isPartOf":{"@id":"https:\/\/webalkans.eu\/sr\/news\/opening-remarks-by-president-von-der-leyen-at-the-berlin-process-summit\/"},"author":{"name":"007designstudio@gmail.com","@id":"https:\/\/webalkans.eu\/sr\/#\/schema\/person\/95a8ea19ef21de3b7766e9b65ffdb4da"},"headline":"Uvodna re\u010d predsednice fon der Lajen na Samitu Berlinskog procesa","datePublished":"2023-10-16T14:12:47+00:00","dateModified":"2023-11-01T12:08:50+00:00","mainEntityOfPage":{"@id":"https:\/\/webalkans.eu\/sr\/news\/opening-remarks-by-president-von-der-leyen-at-the-berlin-process-summit\/"},"wordCount":723,"publisher":{"@id":"https:\/\/webalkans.eu\/sr\/#organization"},"image":{"@id":"https:\/\/webalkans.eu\/sr\/news\/opening-remarks-by-president-von-der-leyen-at-the-berlin-process-summit\/#primaryimage"},"thumbnailUrl":"https:\/\/webalkans.eu\/wp-content\/uploads\/2023\/10\/3-4.jpeg","inLanguage":"sr-RS"},{"@type":"WebPage","@id":"https:\/\/webalkans.eu\/sr\/news\/opening-remarks-by-president-von-der-leyen-at-the-berlin-process-summit\/","url":"https:\/\/webalkans.eu\/sr\/news\/opening-remarks-by-president-von-der-leyen-at-the-berlin-process-summit\/","name":"Uvodna re\u010d predsednice fon der Lajen na Samitu Berlinskog procesa News | WeBalkans","isPartOf":{"@id":"https:\/\/webalkans.eu\/sr\/#website"},"primaryImageOfPage":{"@id":"https:\/\/webalkans.eu\/sr\/news\/opening-remarks-by-president-von-der-leyen-at-the-berlin-process-summit\/#primaryimage"},"image":{"@id":"https:\/\/webalkans.eu\/sr\/news\/opening-remarks-by-president-von-der-leyen-at-the-berlin-process-summit\/#primaryimage"},"thumbnailUrl":"https:\/\/webalkans.eu\/wp-content\/uploads\/2023\/10\/3-4.jpeg","datePublished":"2023-10-16T14:12:47+00:00","dateModified":"2023-11-01T12:08:50+00:00","description":"Uvodna re\u010d predsednice fon der Lajen na Samitu Berlinskog procesa","breadcrumb":{"@id":"https:\/\/webalkans.eu\/sr\/news\/opening-remarks-by-president-von-der-leyen-at-the-berlin-process-summit\/#breadcrumb"},"inLanguage":"sr-RS","potentialAction":[{"@type":"ReadAction","target":["https:\/\/webalkans.eu\/sr\/news\/opening-remarks-by-president-von-der-leyen-at-the-berlin-process-summit\/"]}]},{"@type":"ImageObject","inLanguage":"sr-RS","@id":"https:\/\/webalkans.eu\/sr\/news\/opening-remarks-by-president-von-der-leyen-at-the-berlin-process-summit\/#primaryimage","url":"https:\/\/webalkans.eu\/wp-content\/uploads\/2023\/10\/3-4.jpeg","contentUrl":"https:\/\/webalkans.eu\/wp-content\/uploads\/2023\/10\/3-4.jpeg","width":2048,"height":1366,"caption":"First row, from left to right, Charles Michel, Olaf Scholz, Edi Rama, Ursula von der Leyen"},{"@type":"BreadcrumbList","@id":"https:\/\/webalkans.eu\/sr\/news\/opening-remarks-by-president-von-der-leyen-at-the-berlin-process-summit\/#breadcrumb","itemListElement":[{"@type":"ListItem","position":1,"name":"Home","item":"https:\/\/webalkans.eu\/sr\/homepage\/"},{"@type":"ListItem","position":2,"name":"Uvodna re\u010d predsednice fon der Lajen na Samitu Berlinskog procesa"}]},{"@type":"WebSite","@id":"https:\/\/webalkans.eu\/sr\/#website","url":"https:\/\/webalkans.eu\/sr\/","name":"WeBalkans | EU Projects in the Western Balkans","description":"","publisher":{"@id":"https:\/\/webalkans.eu\/sr\/#organization"},"potentialAction":[{"@type":"SearchAction","target":{"@type":"EntryPoint","urlTemplate":"https:\/\/webalkans.eu\/sr\/?s={search_term_string}"},"query-input":{"@type":"PropertyValueSpecification","valueRequired":true,"valueName":"search_term_string"}}],"inLanguage":"sr-RS"},{"@type":"Organization","@id":"https:\/\/webalkans.eu\/sr\/#organization","name":"European Union","url":"https:\/\/webalkans.eu\/sr\/","logo":{"@type":"ImageObject","inLanguage":"sr-RS","@id":"https:\/\/webalkans.eu\/sr\/#\/schema\/logo\/image\/","url":"https:\/\/webalkans.eu\/wp-content\/uploads\/2020\/11\/eu_flag.jpg","contentUrl":"https:\/\/webalkans.eu\/wp-content\/uploads\/2020\/11\/eu_flag.jpg","width":600,"height":401,"caption":"European Union"},"image":{"@id":"https:\/\/webalkans.eu\/sr\/#\/schema\/logo\/image\/"},"sameAs":["https:\/\/www.facebook.com\/webalkans.eu","https:\/\/x.com\/WeBalkans"]},{"@type":"Person","@id":"https:\/\/webalkans.eu\/sr\/#\/schema\/person\/95a8ea19ef21de3b7766e9b65ffdb4da","name":"007designstudio@gmail.com"}]}},"_links":{"self":[{"href":"https:\/\/webalkans.eu\/sr\/wp-json\/wp\/v2\/posts\/1222077"}],"collection":[{"href":"https:\/\/webalkans.eu\/sr\/wp-json\/wp\/v2\/posts"}],"about":[{"href":"https:\/\/webalkans.eu\/sr\/wp-json\/wp\/v2\/types\/post"}],"author":[{"embeddable":true,"href":"https:\/\/webalkans.eu\/sr\/wp-json\/wp\/v2\/users\/152227"}],"replies":[{"embeddable":true,"href":"https:\/\/webalkans.eu\/sr\/wp-json\/wp\/v2\/comments?post=1222077"}],"version-history":[{"count":0,"href":"https:\/\/webalkans.eu\/sr\/wp-json\/wp\/v2\/posts\/1222077\/revisions"}],"wp:featuredmedia":[{"embeddable":true,"href":"https:\/\/webalkans.eu\/sr\/wp-json\/wp\/v2\/media\/1212663"}],"wp:attachment":[{"href":"https:\/\/webalkans.eu\/sr\/wp-json\/wp\/v2\/media?parent=1222077"}],"wp:term":[{"taxonomy":"country-for-news","embeddable":true,"href":"https:\/\/webalkans.eu\/sr\/wp-json\/wp\/v2\/country-for-news?post=1222077"}],"curies":[{"name":"wp","href":"https:\/\/api.w.org\/{rel}","templated":true}]}}