
{"id":1158749,"date":"2023-06-07T17:39:17","date_gmt":"2023-06-07T15:39:17","guid":{"rendered":"https:\/\/webalkans.eu\/news\/15-displaced-families-receive-keys-to-new-rhp-homes-in-rogatica-bosnia-and-herzegovina\/"},"modified":"2023-07-06T18:51:07","modified_gmt":"2023-07-06T16:51:07","slug":"15-displaced-families-receive-keys-to-new-rhp-homes-in-rogatica-bosnia-and-herzegovina","status":"publish","type":"post","link":"https:\/\/webalkans.eu\/sr\/news\/15-displaced-families-receive-keys-to-new-rhp-homes-in-rogatica-bosnia-and-herzegovina\/","title":{"rendered":"15 raseljenih porodica dobilo klju\u010deve novih domova RHP u Rogatici, Bosna i Hercegovina"},"content":{"rendered":"<p style=\"font-weight: 400;\">Jo\u0161 15 ugro\u017eenih raseljenih porodica dobilo je danas klju\u010deve novih stanova iz Regionalnog stambenog programa (RHP) u Rogatici, u Bosni i Hercegovini (BiH), \u010dime je RHP jo\u0161 jedan korak bli\u017ee uspe\u0161nom zavr\u0161etku 30. juna.<\/p>\n<p>&nbsp;<\/p>\n<p style=\"font-weight: 400;\">Pored samih korisnika, doga\u0111aju su prisustvovali Sevlid Hurti\u0107, ministar za ljudska prava i izbeglice Bosne i Hercegovine; \u0110anluka Vanini, \u0161ef operacija, Odsek za dru\u0161tveni razvoj, civilno dru\u0161tvo i prekograni\u010dnu saradnju u Delegaciji Evropske unije u BiH; Davor \u010corda\u0161, direktor Republi\u010dkog sekretarijata za raseljena lica i migracije; Milorad Jagodi\u0107, na\u010delnik op\u0161tine Rogatica i Sanja Hamidovi\u0107, programska menad\u017eerka Delegacije EU u BiH, izme\u0111u ostalih.<\/p>\n<p>&nbsp;<\/p>\n<p style=\"font-weight: 400;\">Ministar Hurti\u0107 je iskoristio priliku da istakne da je RHP bio jedan od najuspe\u0161nijih programa ove vrste u BiH, koji je doprineo ne samo pomo\u0107i najugro\u017eenijim, ve\u0107 i pomirenju u \u0161irem smislu. \u201ePored obezbe\u0111ivanja dostojanstvenih domova ugro\u017eenim porodicama, RHP je ujedinio celu zemlju, uklju\u010duju\u0107i organe od dr\u017eavnog do lokalnog nivoa, oko cilja re\u0161avanja ovog dugogodi\u0161njeg izazova\u201c, naveo je on. On je tako\u0111e zahvalio donatorima RHP \u2013 EU, SAD, Nema\u010dkoj, Norve\u0161koj, \u0160vajcarskoj, Italiji, Danskoj i Turskoj, izme\u0111u ostalih \u2013 \u0161to su program u\u010dinili mogu\u0107im.<\/p>\n<p>&nbsp;<\/p>\n<p style=\"font-weight: 400;\">U ime Evropske unije, najve\u0107eg donatora RHP-a, \u0110anluka Vanini je izjavio da mu je drago \u0161to je imao priliku da razgovara sa nekim od porodica. \u201eOvi domovi su opipljiv simbol podr\u0161ke EU za neke od najugro\u017eenijih porodica u BiH \u2013 izbeglice i raseljena lica koja predugo \u017eive u privremenom sme\u0161taju\u201c, rekao je on.<\/p>\n<p style=\"font-weight: 400;\"><em><strong>\u00a0<\/strong><\/em><\/p>\n","protected":false},"excerpt":{"rendered":"<p>Jo\u0161 15 ugro\u017eenih raseljenih porodica dobilo je danas klju\u010deve novih stanova iz Regionalnog stambenog programa (RHP) u Rogatici, u Bosni i Hercegovini (BiH), \u010dime je <\/p>\n","protected":false},"author":152227,"featured_media":1133720,"comment_status":"closed","ping_status":"closed","sticky":false,"template":"","format":"standard","meta":{"_acf_changed":false,"_monsterinsights_skip_tracking":false,"_monsterinsights_sitenote_active":false,"_monsterinsights_sitenote_note":"","_monsterinsights_sitenote_category":0,"footnotes":""},"country-for-news":[422],"class_list":["post-1158749","post","type-post","status-publish","format-standard","has-post-thumbnail","hentry","wb_theme-equality-and-fair-society","country-for-news-bosnia-and-herzegovina"],"acf":[],"yoast_head":"<!-- This site is optimized with the Yoast SEO plugin v25.3.1 - https:\/\/yoast.com\/wordpress\/plugins\/seo\/ -->\n<title>15 raseljenih porodica dobilo klju\u010deve novih domova RHP u Rogatici, Bosna i Hercegovina News | WeBalkans<\/title>\n<meta name=\"description\" content=\"15 raseljenih porodica dobilo klju\u010deve novih domova RHP u Rogatici, Bosna i Hercegovina\" \/>\n<meta name=\"robots\" content=\"index, follow, max-snippet:-1, max-image-preview:large, max-video-preview:-1\" \/>\n<link rel=\"canonical\" href=\"https:\/\/webalkans.eu\/sr\/news\/15-displaced-families-receive-keys-to-new-rhp-homes-in-rogatica-bosnia-and-herzegovina\/\" \/>\n<meta property=\"og:locale\" content=\"sr_RS\" \/>\n<meta property=\"og:type\" content=\"article\" \/>\n<meta property=\"og:title\" content=\"15 raseljenih porodica dobilo klju\u010deve novih domova RHP u Rogatici, Bosna i Hercegovina News | WeBalkans\" \/>\n<meta property=\"og:description\" content=\"15 raseljenih porodica dobilo klju\u010deve novih domova RHP u Rogatici, Bosna i Hercegovina\" \/>\n<meta property=\"og:url\" content=\"https:\/\/webalkans.eu\/sr\/news\/15-displaced-families-receive-keys-to-new-rhp-homes-in-rogatica-bosnia-and-herzegovina\/\" \/>\n<meta property=\"og:site_name\" content=\"WeBalkans | EU Projects in the Western Balkans\" \/>\n<meta property=\"article:publisher\" content=\"https:\/\/www.facebook.com\/webalkans.eu\" \/>\n<meta property=\"article:published_time\" content=\"2023-06-07T15:39:17+00:00\" \/>\n<meta property=\"article:modified_time\" content=\"2023-07-06T16:51:07+00:00\" \/>\n<meta property=\"og:image\" content=\"https:\/\/webalkans.eu\/wp-content\/uploads\/2023\/06\/9.jpeg\" \/>\n\t<meta property=\"og:image:width\" content=\"2560\" \/>\n\t<meta property=\"og:image:height\" content=\"1442\" \/>\n\t<meta property=\"og:image:type\" content=\"image\/jpeg\" \/>\n<meta name=\"author\" content=\"007designstudio@gmail.com\" \/>\n<meta name=\"twitter:card\" content=\"summary_large_image\" \/>\n<meta name=\"twitter:creator\" content=\"@WeBalkans\" \/>\n<meta name=\"twitter:site\" content=\"@WeBalkans\" \/>\n<meta name=\"twitter:label1\" content=\"\u041d\u0430\u043f\u0438\u0441\u0430\u043d\u043e \u043e\u0434\" \/>\n\t<meta name=\"twitter:data1\" content=\"007designstudio@gmail.com\" \/>\n\t<meta name=\"twitter:label2\" content=\"\u041f\u0440\u043e\u0446\u0435\u045a\u0435\u043d\u043e \u0432\u0440\u0435\u043c\u0435 \u0447\u0438\u0442\u0430\u045a\u0430\" \/>\n\t<meta name=\"twitter:data2\" content=\"2 \u043c\u0438\u043d\u0443\u0442\u0430\" \/>\n<script type=\"application\/ld+json\" class=\"yoast-schema-graph\">{\"@context\":\"https:\/\/schema.org\",\"@graph\":[{\"@type\":\"Article\",\"@id\":\"https:\/\/webalkans.eu\/sr\/news\/15-displaced-families-receive-keys-to-new-rhp-homes-in-rogatica-bosnia-and-herzegovina\/#article\",\"isPartOf\":{\"@id\":\"https:\/\/webalkans.eu\/sr\/news\/15-displaced-families-receive-keys-to-new-rhp-homes-in-rogatica-bosnia-and-herzegovina\/\"},\"author\":{\"name\":\"007designstudio@gmail.com\",\"@id\":\"https:\/\/webalkans.eu\/sr\/#\/schema\/person\/95a8ea19ef21de3b7766e9b65ffdb4da\"},\"headline\":\"15 raseljenih porodica dobilo klju\u010deve novih domova RHP u Rogatici, Bosna i Hercegovina\",\"datePublished\":\"2023-06-07T15:39:17+00:00\",\"dateModified\":\"2023-07-06T16:51:07+00:00\",\"mainEntityOfPage\":{\"@id\":\"https:\/\/webalkans.eu\/sr\/news\/15-displaced-families-receive-keys-to-new-rhp-homes-in-rogatica-bosnia-and-herzegovina\/\"},\"wordCount\":277,\"publisher\":{\"@id\":\"https:\/\/webalkans.eu\/sr\/#organization\"},\"image\":{\"@id\":\"https:\/\/webalkans.eu\/sr\/news\/15-displaced-families-receive-keys-to-new-rhp-homes-in-rogatica-bosnia-and-herzegovina\/#primaryimage\"},\"thumbnailUrl\":\"https:\/\/webalkans.eu\/wp-content\/uploads\/2023\/06\/9.jpeg\",\"inLanguage\":\"sr-RS\"},{\"@type\":\"WebPage\",\"@id\":\"https:\/\/webalkans.eu\/sr\/news\/15-displaced-families-receive-keys-to-new-rhp-homes-in-rogatica-bosnia-and-herzegovina\/\",\"url\":\"https:\/\/webalkans.eu\/sr\/news\/15-displaced-families-receive-keys-to-new-rhp-homes-in-rogatica-bosnia-and-herzegovina\/\",\"name\":\"15 raseljenih porodica dobilo klju\u010deve novih domova RHP u Rogatici, Bosna i Hercegovina News | WeBalkans\",\"isPartOf\":{\"@id\":\"https:\/\/webalkans.eu\/sr\/#website\"},\"primaryImageOfPage\":{\"@id\":\"https:\/\/webalkans.eu\/sr\/news\/15-displaced-families-receive-keys-to-new-rhp-homes-in-rogatica-bosnia-and-herzegovina\/#primaryimage\"},\"image\":{\"@id\":\"https:\/\/webalkans.eu\/sr\/news\/15-displaced-families-receive-keys-to-new-rhp-homes-in-rogatica-bosnia-and-herzegovina\/#primaryimage\"},\"thumbnailUrl\":\"https:\/\/webalkans.eu\/wp-content\/uploads\/2023\/06\/9.jpeg\",\"datePublished\":\"2023-06-07T15:39:17+00:00\",\"dateModified\":\"2023-07-06T16:51:07+00:00\",\"description\":\"15 raseljenih porodica dobilo klju\u010deve novih domova RHP u Rogatici, Bosna i Hercegovina\",\"breadcrumb\":{\"@id\":\"https:\/\/webalkans.eu\/sr\/news\/15-displaced-families-receive-keys-to-new-rhp-homes-in-rogatica-bosnia-and-herzegovina\/#breadcrumb\"},\"inLanguage\":\"sr-RS\",\"potentialAction\":[{\"@type\":\"ReadAction\",\"target\":[\"https:\/\/webalkans.eu\/sr\/news\/15-displaced-families-receive-keys-to-new-rhp-homes-in-rogatica-bosnia-and-herzegovina\/\"]}]},{\"@type\":\"ImageObject\",\"inLanguage\":\"sr-RS\",\"@id\":\"https:\/\/webalkans.eu\/sr\/news\/15-displaced-families-receive-keys-to-new-rhp-homes-in-rogatica-bosnia-and-herzegovina\/#primaryimage\",\"url\":\"https:\/\/webalkans.eu\/wp-content\/uploads\/2023\/06\/9.jpeg\",\"contentUrl\":\"https:\/\/webalkans.eu\/wp-content\/uploads\/2023\/06\/9.jpeg\",\"width\":2560,\"height\":1442},{\"@type\":\"BreadcrumbList\",\"@id\":\"https:\/\/webalkans.eu\/sr\/news\/15-displaced-families-receive-keys-to-new-rhp-homes-in-rogatica-bosnia-and-herzegovina\/#breadcrumb\",\"itemListElement\":[{\"@type\":\"ListItem\",\"position\":1,\"name\":\"Home\",\"item\":\"https:\/\/webalkans.eu\/sr\/homepage\/\"},{\"@type\":\"ListItem\",\"position\":2,\"name\":\"15 raseljenih porodica dobilo klju\u010deve novih domova RHP u Rogatici, Bosna i Hercegovina\"}]},{\"@type\":\"WebSite\",\"@id\":\"https:\/\/webalkans.eu\/sr\/#website\",\"url\":\"https:\/\/webalkans.eu\/sr\/\",\"name\":\"WeBalkans | EU Projects in the Western Balkans\",\"description\":\"\",\"publisher\":{\"@id\":\"https:\/\/webalkans.eu\/sr\/#organization\"},\"potentialAction\":[{\"@type\":\"SearchAction\",\"target\":{\"@type\":\"EntryPoint\",\"urlTemplate\":\"https:\/\/webalkans.eu\/sr\/?s={search_term_string}\"},\"query-input\":{\"@type\":\"PropertyValueSpecification\",\"valueRequired\":true,\"valueName\":\"search_term_string\"}}],\"inLanguage\":\"sr-RS\"},{\"@type\":\"Organization\",\"@id\":\"https:\/\/webalkans.eu\/sr\/#organization\",\"name\":\"European Union\",\"url\":\"https:\/\/webalkans.eu\/sr\/\",\"logo\":{\"@type\":\"ImageObject\",\"inLanguage\":\"sr-RS\",\"@id\":\"https:\/\/webalkans.eu\/sr\/#\/schema\/logo\/image\/\",\"url\":\"https:\/\/webalkans.eu\/wp-content\/uploads\/2020\/11\/eu_flag.jpg\",\"contentUrl\":\"https:\/\/webalkans.eu\/wp-content\/uploads\/2020\/11\/eu_flag.jpg\",\"width\":600,\"height\":401,\"caption\":\"European Union\"},\"image\":{\"@id\":\"https:\/\/webalkans.eu\/sr\/#\/schema\/logo\/image\/\"},\"sameAs\":[\"https:\/\/www.facebook.com\/webalkans.eu\",\"https:\/\/x.com\/WeBalkans\"]},{\"@type\":\"Person\",\"@id\":\"https:\/\/webalkans.eu\/sr\/#\/schema\/person\/95a8ea19ef21de3b7766e9b65ffdb4da\",\"name\":\"007designstudio@gmail.com\"}]}<\/script>\n<!-- \/ Yoast SEO plugin. -->","yoast_head_json":{"title":"15 raseljenih porodica dobilo klju\u010deve novih domova RHP u Rogatici, Bosna i Hercegovina News | WeBalkans","description":"15 raseljenih porodica dobilo klju\u010deve novih domova RHP u Rogatici, Bosna i Hercegovina","robots":{"index":"index","follow":"follow","max-snippet":"max-snippet:-1","max-image-preview":"max-image-preview:large","max-video-preview":"max-video-preview:-1"},"canonical":"https:\/\/webalkans.eu\/sr\/news\/15-displaced-families-receive-keys-to-new-rhp-homes-in-rogatica-bosnia-and-herzegovina\/","og_locale":"sr_RS","og_type":"article","og_title":"15 raseljenih porodica dobilo klju\u010deve novih domova RHP u Rogatici, Bosna i Hercegovina News | WeBalkans","og_description":"15 raseljenih porodica dobilo klju\u010deve novih domova RHP u Rogatici, Bosna i Hercegovina","og_url":"https:\/\/webalkans.eu\/sr\/news\/15-displaced-families-receive-keys-to-new-rhp-homes-in-rogatica-bosnia-and-herzegovina\/","og_site_name":"WeBalkans | EU Projects in the Western Balkans","article_publisher":"https:\/\/www.facebook.com\/webalkans.eu","article_published_time":"2023-06-07T15:39:17+00:00","article_modified_time":"2023-07-06T16:51:07+00:00","og_image":[{"width":2560,"height":1442,"url":"https:\/\/webalkans.eu\/wp-content\/uploads\/2023\/06\/9.jpeg","type":"image\/jpeg"}],"author":"007designstudio@gmail.com","twitter_card":"summary_large_image","twitter_creator":"@WeBalkans","twitter_site":"@WeBalkans","twitter_misc":{"\u041d\u0430\u043f\u0438\u0441\u0430\u043d\u043e \u043e\u0434":"007designstudio@gmail.com","\u041f\u0440\u043e\u0446\u0435\u045a\u0435\u043d\u043e \u0432\u0440\u0435\u043c\u0435 \u0447\u0438\u0442\u0430\u045a\u0430":"2 \u043c\u0438\u043d\u0443\u0442\u0430"},"schema":{"@context":"https:\/\/schema.org","@graph":[{"@type":"Article","@id":"https:\/\/webalkans.eu\/sr\/news\/15-displaced-families-receive-keys-to-new-rhp-homes-in-rogatica-bosnia-and-herzegovina\/#article","isPartOf":{"@id":"https:\/\/webalkans.eu\/sr\/news\/15-displaced-families-receive-keys-to-new-rhp-homes-in-rogatica-bosnia-and-herzegovina\/"},"author":{"name":"007designstudio@gmail.com","@id":"https:\/\/webalkans.eu\/sr\/#\/schema\/person\/95a8ea19ef21de3b7766e9b65ffdb4da"},"headline":"15 raseljenih porodica dobilo klju\u010deve novih domova RHP u Rogatici, Bosna i Hercegovina","datePublished":"2023-06-07T15:39:17+00:00","dateModified":"2023-07-06T16:51:07+00:00","mainEntityOfPage":{"@id":"https:\/\/webalkans.eu\/sr\/news\/15-displaced-families-receive-keys-to-new-rhp-homes-in-rogatica-bosnia-and-herzegovina\/"},"wordCount":277,"publisher":{"@id":"https:\/\/webalkans.eu\/sr\/#organization"},"image":{"@id":"https:\/\/webalkans.eu\/sr\/news\/15-displaced-families-receive-keys-to-new-rhp-homes-in-rogatica-bosnia-and-herzegovina\/#primaryimage"},"thumbnailUrl":"https:\/\/webalkans.eu\/wp-content\/uploads\/2023\/06\/9.jpeg","inLanguage":"sr-RS"},{"@type":"WebPage","@id":"https:\/\/webalkans.eu\/sr\/news\/15-displaced-families-receive-keys-to-new-rhp-homes-in-rogatica-bosnia-and-herzegovina\/","url":"https:\/\/webalkans.eu\/sr\/news\/15-displaced-families-receive-keys-to-new-rhp-homes-in-rogatica-bosnia-and-herzegovina\/","name":"15 raseljenih porodica dobilo klju\u010deve novih domova RHP u Rogatici, Bosna i Hercegovina News | WeBalkans","isPartOf":{"@id":"https:\/\/webalkans.eu\/sr\/#website"},"primaryImageOfPage":{"@id":"https:\/\/webalkans.eu\/sr\/news\/15-displaced-families-receive-keys-to-new-rhp-homes-in-rogatica-bosnia-and-herzegovina\/#primaryimage"},"image":{"@id":"https:\/\/webalkans.eu\/sr\/news\/15-displaced-families-receive-keys-to-new-rhp-homes-in-rogatica-bosnia-and-herzegovina\/#primaryimage"},"thumbnailUrl":"https:\/\/webalkans.eu\/wp-content\/uploads\/2023\/06\/9.jpeg","datePublished":"2023-06-07T15:39:17+00:00","dateModified":"2023-07-06T16:51:07+00:00","description":"15 raseljenih porodica dobilo klju\u010deve novih domova RHP u Rogatici, Bosna i Hercegovina","breadcrumb":{"@id":"https:\/\/webalkans.eu\/sr\/news\/15-displaced-families-receive-keys-to-new-rhp-homes-in-rogatica-bosnia-and-herzegovina\/#breadcrumb"},"inLanguage":"sr-RS","potentialAction":[{"@type":"ReadAction","target":["https:\/\/webalkans.eu\/sr\/news\/15-displaced-families-receive-keys-to-new-rhp-homes-in-rogatica-bosnia-and-herzegovina\/"]}]},{"@type":"ImageObject","inLanguage":"sr-RS","@id":"https:\/\/webalkans.eu\/sr\/news\/15-displaced-families-receive-keys-to-new-rhp-homes-in-rogatica-bosnia-and-herzegovina\/#primaryimage","url":"https:\/\/webalkans.eu\/wp-content\/uploads\/2023\/06\/9.jpeg","contentUrl":"https:\/\/webalkans.eu\/wp-content\/uploads\/2023\/06\/9.jpeg","width":2560,"height":1442},{"@type":"BreadcrumbList","@id":"https:\/\/webalkans.eu\/sr\/news\/15-displaced-families-receive-keys-to-new-rhp-homes-in-rogatica-bosnia-and-herzegovina\/#breadcrumb","itemListElement":[{"@type":"ListItem","position":1,"name":"Home","item":"https:\/\/webalkans.eu\/sr\/homepage\/"},{"@type":"ListItem","position":2,"name":"15 raseljenih porodica dobilo klju\u010deve novih domova RHP u Rogatici, Bosna i Hercegovina"}]},{"@type":"WebSite","@id":"https:\/\/webalkans.eu\/sr\/#website","url":"https:\/\/webalkans.eu\/sr\/","name":"WeBalkans | EU Projects in the Western Balkans","description":"","publisher":{"@id":"https:\/\/webalkans.eu\/sr\/#organization"},"potentialAction":[{"@type":"SearchAction","target":{"@type":"EntryPoint","urlTemplate":"https:\/\/webalkans.eu\/sr\/?s={search_term_string}"},"query-input":{"@type":"PropertyValueSpecification","valueRequired":true,"valueName":"search_term_string"}}],"inLanguage":"sr-RS"},{"@type":"Organization","@id":"https:\/\/webalkans.eu\/sr\/#organization","name":"European Union","url":"https:\/\/webalkans.eu\/sr\/","logo":{"@type":"ImageObject","inLanguage":"sr-RS","@id":"https:\/\/webalkans.eu\/sr\/#\/schema\/logo\/image\/","url":"https:\/\/webalkans.eu\/wp-content\/uploads\/2020\/11\/eu_flag.jpg","contentUrl":"https:\/\/webalkans.eu\/wp-content\/uploads\/2020\/11\/eu_flag.jpg","width":600,"height":401,"caption":"European Union"},"image":{"@id":"https:\/\/webalkans.eu\/sr\/#\/schema\/logo\/image\/"},"sameAs":["https:\/\/www.facebook.com\/webalkans.eu","https:\/\/x.com\/WeBalkans"]},{"@type":"Person","@id":"https:\/\/webalkans.eu\/sr\/#\/schema\/person\/95a8ea19ef21de3b7766e9b65ffdb4da","name":"007designstudio@gmail.com"}]}},"_links":{"self":[{"href":"https:\/\/webalkans.eu\/sr\/wp-json\/wp\/v2\/posts\/1158749"}],"collection":[{"href":"https:\/\/webalkans.eu\/sr\/wp-json\/wp\/v2\/posts"}],"about":[{"href":"https:\/\/webalkans.eu\/sr\/wp-json\/wp\/v2\/types\/post"}],"author":[{"embeddable":true,"href":"https:\/\/webalkans.eu\/sr\/wp-json\/wp\/v2\/users\/152227"}],"replies":[{"embeddable":true,"href":"https:\/\/webalkans.eu\/sr\/wp-json\/wp\/v2\/comments?post=1158749"}],"version-history":[{"count":0,"href":"https:\/\/webalkans.eu\/sr\/wp-json\/wp\/v2\/posts\/1158749\/revisions"}],"wp:featuredmedia":[{"embeddable":true,"href":"https:\/\/webalkans.eu\/sr\/wp-json\/wp\/v2\/media\/1133720"}],"wp:attachment":[{"href":"https:\/\/webalkans.eu\/sr\/wp-json\/wp\/v2\/media?parent=1158749"}],"wp:term":[{"taxonomy":"country-for-news","embeddable":true,"href":"https:\/\/webalkans.eu\/sr\/wp-json\/wp\/v2\/country-for-news?post=1158749"}],"curies":[{"name":"wp","href":"https:\/\/api.w.org\/{rel}","templated":true}]}}