
{"id":1097901,"date":"2023-04-05T16:58:49","date_gmt":"2023-04-05T14:58:49","guid":{"rendered":"https:\/\/webalkans.eu\/news\/we-care-better-together\/"},"modified":"2023-04-25T18:36:18","modified_gmt":"2023-04-25T16:36:18","slug":"we-care-better-together","status":"publish","type":"post","link":"https:\/\/webalkans.eu\/sr\/news\/we-care-better-together\/","title":{"rendered":"STALO NAM JE \u2013 BOLJI SMO ZAJEDNO!"},"content":{"rendered":"<p style=\"font-weight: 400;\">\u201eStalo nam je do Evrope, stalo nam je do Srbije i njenih gra\u0111ana \u2013 bolje nam je zajedno\u201c, glavna je poruka kampanje u kojoj u\u010destvuju ambasador Evropske unije u Srbiji i ambasadori zemalja \u010dlanica.<\/p>\n<p>&nbsp;<\/p>\n<p style=\"font-weight: 400;\">Ambasador \u017diofre i njegove kolege su na promociji kampanje ugostili predstavnike medija u rezidenciji Evropske unije u Beogradu. Doga\u0111aju je prisustvovala i ministarka za evropske integracije Tanja Mi\u0161\u010devi\u0107, u duhu partnerstva Srbije i EU, kao i dokaz da Srbija nastavlja svoj put evropske integracije.<\/p>\n<p>&nbsp;<\/p>\n<p style=\"font-weight: 400;\">Ambasador \u017diofre objasnio je motive za pokretanje ove kampanje.<\/p>\n<p>&nbsp;<\/p>\n<p style=\"font-weight: 400;\">\u201eZa\u0161to smo pokrenuli ovu kampanju? \u010cesto nas vidite u medijima kako raspravljamo o politi\u010dkim pitanjima \u2013 kao \u0161to je dijalog Beograda i Pri\u0161tine ili uskla\u0111ivanje sa spoljnom politikom. To su va\u017ene teme, ali ponekad ne obja\u0161njavamo za\u0161to ula\u017eemo toliko energije i resursa. Odgovor je u sloganu kampanje \u2013 Stalo nam je do Srbije i njenih gra\u0111ana \u2013 Bolji smo zajedno\u201c, ka\u017ee ambasador \u017diofre.<\/p>\n<p>&nbsp;<\/p>\n<p style=\"font-weight: 400;\">Ambasadori su naveli da ovom kampanjom \u017eele da naglase da im je stalo do gra\u0111ana Srbije i do istih stvari kao i njima \u2013 uspe\u0161ne poljoprivrede, osna\u017eivanja preduze\u0107a, \u017eivotne sredine, obezbe\u0111ivanja boljeg kvaliteta vazduha, putne infrastrukture i povezanosti, energetske efikasnosti i podr\u0161ke u prevazila\u017eenju energetske krize, kulturnog nasle\u0111a, vladavine prava, obrazovanja i mnogih drugih tema.<\/p>\n<p style=\"font-weight: 400;\">\n","protected":false},"excerpt":{"rendered":"<p>\u201eStalo nam je do Evrope, stalo nam je do Srbije i njenih gra\u0111ana \u2013 bolje nam je zajedno\u201c, glavna je poruka kampanje u kojoj u\u010destvuju <\/p>\n","protected":false},"author":152227,"featured_media":1081923,"comment_status":"closed","ping_status":"closed","sticky":false,"template":"","format":"standard","meta":{"_acf_changed":false,"_monsterinsights_skip_tracking":false,"_monsterinsights_sitenote_active":false,"_monsterinsights_sitenote_note":"","_monsterinsights_sitenote_category":0,"footnotes":""},"country-for-news":[440],"class_list":["post-1097901","post","type-post","status-publish","format-standard","has-post-thumbnail","hentry","wb_theme-equality-and-fair-society","wb_theme-innovation-and-skills","wb_theme-regional-cooperation","wb_theme-connectivity","wb_theme-culture-and-youth","wb_theme-democracy-and-fundamental-rights","wb_theme-economy","wb_theme-environment","country-for-news-serbia"],"acf":[],"yoast_head":"<!-- This site is optimized with the Yoast SEO plugin v25.3.1 - https:\/\/yoast.com\/wordpress\/plugins\/seo\/ -->\n<title>STALO NAM JE \u2013 BOLJI SMO ZAJEDNO! News | WeBalkans<\/title>\n<meta name=\"description\" content=\"STALO NAM JE \u2013 BOLJI SMO ZAJEDNO!\" \/>\n<meta name=\"robots\" content=\"index, follow, max-snippet:-1, max-image-preview:large, max-video-preview:-1\" \/>\n<link rel=\"canonical\" href=\"https:\/\/webalkans.eu\/sr\/news\/we-care-better-together\/\" \/>\n<meta property=\"og:locale\" content=\"sr_RS\" \/>\n<meta property=\"og:type\" content=\"article\" \/>\n<meta property=\"og:title\" content=\"STALO NAM JE \u2013 BOLJI SMO ZAJEDNO! News | WeBalkans\" \/>\n<meta property=\"og:description\" content=\"STALO NAM JE \u2013 BOLJI SMO ZAJEDNO!\" \/>\n<meta property=\"og:url\" content=\"https:\/\/webalkans.eu\/sr\/news\/we-care-better-together\/\" \/>\n<meta property=\"og:site_name\" content=\"WeBalkans | EU Projects in the Western Balkans\" \/>\n<meta property=\"article:publisher\" content=\"https:\/\/www.facebook.com\/webalkans.eu\" \/>\n<meta property=\"article:published_time\" content=\"2023-04-05T14:58:49+00:00\" \/>\n<meta property=\"article:modified_time\" content=\"2023-04-25T16:36:18+00:00\" \/>\n<meta property=\"og:image\" content=\"https:\/\/webalkans.eu\/wp-content\/uploads\/2023\/04\/1.jpeg\" \/>\n\t<meta property=\"og:image:width\" content=\"1600\" \/>\n\t<meta property=\"og:image:height\" content=\"1066\" \/>\n\t<meta property=\"og:image:type\" content=\"image\/jpeg\" \/>\n<meta name=\"author\" content=\"007designstudio@gmail.com\" \/>\n<meta name=\"twitter:card\" content=\"summary_large_image\" \/>\n<meta name=\"twitter:creator\" content=\"@WeBalkans\" \/>\n<meta name=\"twitter:site\" content=\"@WeBalkans\" \/>\n<meta name=\"twitter:label1\" content=\"\u041d\u0430\u043f\u0438\u0441\u0430\u043d\u043e \u043e\u0434\" \/>\n\t<meta name=\"twitter:data1\" content=\"007designstudio@gmail.com\" \/>\n\t<meta name=\"twitter:label2\" content=\"\u041f\u0440\u043e\u0446\u0435\u045a\u0435\u043d\u043e \u0432\u0440\u0435\u043c\u0435 \u0447\u0438\u0442\u0430\u045a\u0430\" \/>\n\t<meta name=\"twitter:data2\" content=\"1 \u043c\u0438\u043d\u0443\u0442\" \/>\n<script type=\"application\/ld+json\" class=\"yoast-schema-graph\">{\"@context\":\"https:\/\/schema.org\",\"@graph\":[{\"@type\":\"Article\",\"@id\":\"https:\/\/webalkans.eu\/sr\/news\/we-care-better-together\/#article\",\"isPartOf\":{\"@id\":\"https:\/\/webalkans.eu\/sr\/news\/we-care-better-together\/\"},\"author\":{\"name\":\"007designstudio@gmail.com\",\"@id\":\"https:\/\/webalkans.eu\/sr\/#\/schema\/person\/95a8ea19ef21de3b7766e9b65ffdb4da\"},\"headline\":\"STALO NAM JE \u2013 BOLJI SMO ZAJEDNO!\",\"datePublished\":\"2023-04-05T14:58:49+00:00\",\"dateModified\":\"2023-04-25T16:36:18+00:00\",\"mainEntityOfPage\":{\"@id\":\"https:\/\/webalkans.eu\/sr\/news\/we-care-better-together\/\"},\"wordCount\":232,\"publisher\":{\"@id\":\"https:\/\/webalkans.eu\/sr\/#organization\"},\"image\":{\"@id\":\"https:\/\/webalkans.eu\/sr\/news\/we-care-better-together\/#primaryimage\"},\"thumbnailUrl\":\"https:\/\/webalkans.eu\/wp-content\/uploads\/2023\/04\/1.jpeg\",\"inLanguage\":\"sr-RS\"},{\"@type\":\"WebPage\",\"@id\":\"https:\/\/webalkans.eu\/sr\/news\/we-care-better-together\/\",\"url\":\"https:\/\/webalkans.eu\/sr\/news\/we-care-better-together\/\",\"name\":\"STALO NAM JE \u2013 BOLJI SMO ZAJEDNO! News | WeBalkans\",\"isPartOf\":{\"@id\":\"https:\/\/webalkans.eu\/sr\/#website\"},\"primaryImageOfPage\":{\"@id\":\"https:\/\/webalkans.eu\/sr\/news\/we-care-better-together\/#primaryimage\"},\"image\":{\"@id\":\"https:\/\/webalkans.eu\/sr\/news\/we-care-better-together\/#primaryimage\"},\"thumbnailUrl\":\"https:\/\/webalkans.eu\/wp-content\/uploads\/2023\/04\/1.jpeg\",\"datePublished\":\"2023-04-05T14:58:49+00:00\",\"dateModified\":\"2023-04-25T16:36:18+00:00\",\"description\":\"STALO NAM JE \u2013 BOLJI SMO ZAJEDNO!\",\"breadcrumb\":{\"@id\":\"https:\/\/webalkans.eu\/sr\/news\/we-care-better-together\/#breadcrumb\"},\"inLanguage\":\"sr-RS\",\"potentialAction\":[{\"@type\":\"ReadAction\",\"target\":[\"https:\/\/webalkans.eu\/sr\/news\/we-care-better-together\/\"]}]},{\"@type\":\"ImageObject\",\"inLanguage\":\"sr-RS\",\"@id\":\"https:\/\/webalkans.eu\/sr\/news\/we-care-better-together\/#primaryimage\",\"url\":\"https:\/\/webalkans.eu\/wp-content\/uploads\/2023\/04\/1.jpeg\",\"contentUrl\":\"https:\/\/webalkans.eu\/wp-content\/uploads\/2023\/04\/1.jpeg\",\"width\":1600,\"height\":1066},{\"@type\":\"BreadcrumbList\",\"@id\":\"https:\/\/webalkans.eu\/sr\/news\/we-care-better-together\/#breadcrumb\",\"itemListElement\":[{\"@type\":\"ListItem\",\"position\":1,\"name\":\"Home\",\"item\":\"https:\/\/webalkans.eu\/sr\/homepage\/\"},{\"@type\":\"ListItem\",\"position\":2,\"name\":\"STALO NAM JE \u2013 BOLJI SMO ZAJEDNO!\"}]},{\"@type\":\"WebSite\",\"@id\":\"https:\/\/webalkans.eu\/sr\/#website\",\"url\":\"https:\/\/webalkans.eu\/sr\/\",\"name\":\"WeBalkans | EU Projects in the Western Balkans\",\"description\":\"\",\"publisher\":{\"@id\":\"https:\/\/webalkans.eu\/sr\/#organization\"},\"potentialAction\":[{\"@type\":\"SearchAction\",\"target\":{\"@type\":\"EntryPoint\",\"urlTemplate\":\"https:\/\/webalkans.eu\/sr\/?s={search_term_string}\"},\"query-input\":{\"@type\":\"PropertyValueSpecification\",\"valueRequired\":true,\"valueName\":\"search_term_string\"}}],\"inLanguage\":\"sr-RS\"},{\"@type\":\"Organization\",\"@id\":\"https:\/\/webalkans.eu\/sr\/#organization\",\"name\":\"European Union\",\"url\":\"https:\/\/webalkans.eu\/sr\/\",\"logo\":{\"@type\":\"ImageObject\",\"inLanguage\":\"sr-RS\",\"@id\":\"https:\/\/webalkans.eu\/sr\/#\/schema\/logo\/image\/\",\"url\":\"https:\/\/webalkans.eu\/wp-content\/uploads\/2020\/11\/eu_flag.jpg\",\"contentUrl\":\"https:\/\/webalkans.eu\/wp-content\/uploads\/2020\/11\/eu_flag.jpg\",\"width\":600,\"height\":401,\"caption\":\"European Union\"},\"image\":{\"@id\":\"https:\/\/webalkans.eu\/sr\/#\/schema\/logo\/image\/\"},\"sameAs\":[\"https:\/\/www.facebook.com\/webalkans.eu\",\"https:\/\/x.com\/WeBalkans\"]},{\"@type\":\"Person\",\"@id\":\"https:\/\/webalkans.eu\/sr\/#\/schema\/person\/95a8ea19ef21de3b7766e9b65ffdb4da\",\"name\":\"007designstudio@gmail.com\"}]}<\/script>\n<!-- \/ Yoast SEO plugin. -->","yoast_head_json":{"title":"STALO NAM JE \u2013 BOLJI SMO ZAJEDNO! News | WeBalkans","description":"STALO NAM JE \u2013 BOLJI SMO ZAJEDNO!","robots":{"index":"index","follow":"follow","max-snippet":"max-snippet:-1","max-image-preview":"max-image-preview:large","max-video-preview":"max-video-preview:-1"},"canonical":"https:\/\/webalkans.eu\/sr\/news\/we-care-better-together\/","og_locale":"sr_RS","og_type":"article","og_title":"STALO NAM JE \u2013 BOLJI SMO ZAJEDNO! News | WeBalkans","og_description":"STALO NAM JE \u2013 BOLJI SMO ZAJEDNO!","og_url":"https:\/\/webalkans.eu\/sr\/news\/we-care-better-together\/","og_site_name":"WeBalkans | EU Projects in the Western Balkans","article_publisher":"https:\/\/www.facebook.com\/webalkans.eu","article_published_time":"2023-04-05T14:58:49+00:00","article_modified_time":"2023-04-25T16:36:18+00:00","og_image":[{"width":1600,"height":1066,"url":"https:\/\/webalkans.eu\/wp-content\/uploads\/2023\/04\/1.jpeg","type":"image\/jpeg"}],"author":"007designstudio@gmail.com","twitter_card":"summary_large_image","twitter_creator":"@WeBalkans","twitter_site":"@WeBalkans","twitter_misc":{"\u041d\u0430\u043f\u0438\u0441\u0430\u043d\u043e \u043e\u0434":"007designstudio@gmail.com","\u041f\u0440\u043e\u0446\u0435\u045a\u0435\u043d\u043e \u0432\u0440\u0435\u043c\u0435 \u0447\u0438\u0442\u0430\u045a\u0430":"1 \u043c\u0438\u043d\u0443\u0442"},"schema":{"@context":"https:\/\/schema.org","@graph":[{"@type":"Article","@id":"https:\/\/webalkans.eu\/sr\/news\/we-care-better-together\/#article","isPartOf":{"@id":"https:\/\/webalkans.eu\/sr\/news\/we-care-better-together\/"},"author":{"name":"007designstudio@gmail.com","@id":"https:\/\/webalkans.eu\/sr\/#\/schema\/person\/95a8ea19ef21de3b7766e9b65ffdb4da"},"headline":"STALO NAM JE \u2013 BOLJI SMO ZAJEDNO!","datePublished":"2023-04-05T14:58:49+00:00","dateModified":"2023-04-25T16:36:18+00:00","mainEntityOfPage":{"@id":"https:\/\/webalkans.eu\/sr\/news\/we-care-better-together\/"},"wordCount":232,"publisher":{"@id":"https:\/\/webalkans.eu\/sr\/#organization"},"image":{"@id":"https:\/\/webalkans.eu\/sr\/news\/we-care-better-together\/#primaryimage"},"thumbnailUrl":"https:\/\/webalkans.eu\/wp-content\/uploads\/2023\/04\/1.jpeg","inLanguage":"sr-RS"},{"@type":"WebPage","@id":"https:\/\/webalkans.eu\/sr\/news\/we-care-better-together\/","url":"https:\/\/webalkans.eu\/sr\/news\/we-care-better-together\/","name":"STALO NAM JE \u2013 BOLJI SMO ZAJEDNO! News | WeBalkans","isPartOf":{"@id":"https:\/\/webalkans.eu\/sr\/#website"},"primaryImageOfPage":{"@id":"https:\/\/webalkans.eu\/sr\/news\/we-care-better-together\/#primaryimage"},"image":{"@id":"https:\/\/webalkans.eu\/sr\/news\/we-care-better-together\/#primaryimage"},"thumbnailUrl":"https:\/\/webalkans.eu\/wp-content\/uploads\/2023\/04\/1.jpeg","datePublished":"2023-04-05T14:58:49+00:00","dateModified":"2023-04-25T16:36:18+00:00","description":"STALO NAM JE \u2013 BOLJI SMO ZAJEDNO!","breadcrumb":{"@id":"https:\/\/webalkans.eu\/sr\/news\/we-care-better-together\/#breadcrumb"},"inLanguage":"sr-RS","potentialAction":[{"@type":"ReadAction","target":["https:\/\/webalkans.eu\/sr\/news\/we-care-better-together\/"]}]},{"@type":"ImageObject","inLanguage":"sr-RS","@id":"https:\/\/webalkans.eu\/sr\/news\/we-care-better-together\/#primaryimage","url":"https:\/\/webalkans.eu\/wp-content\/uploads\/2023\/04\/1.jpeg","contentUrl":"https:\/\/webalkans.eu\/wp-content\/uploads\/2023\/04\/1.jpeg","width":1600,"height":1066},{"@type":"BreadcrumbList","@id":"https:\/\/webalkans.eu\/sr\/news\/we-care-better-together\/#breadcrumb","itemListElement":[{"@type":"ListItem","position":1,"name":"Home","item":"https:\/\/webalkans.eu\/sr\/homepage\/"},{"@type":"ListItem","position":2,"name":"STALO NAM JE \u2013 BOLJI SMO ZAJEDNO!"}]},{"@type":"WebSite","@id":"https:\/\/webalkans.eu\/sr\/#website","url":"https:\/\/webalkans.eu\/sr\/","name":"WeBalkans | EU Projects in the Western Balkans","description":"","publisher":{"@id":"https:\/\/webalkans.eu\/sr\/#organization"},"potentialAction":[{"@type":"SearchAction","target":{"@type":"EntryPoint","urlTemplate":"https:\/\/webalkans.eu\/sr\/?s={search_term_string}"},"query-input":{"@type":"PropertyValueSpecification","valueRequired":true,"valueName":"search_term_string"}}],"inLanguage":"sr-RS"},{"@type":"Organization","@id":"https:\/\/webalkans.eu\/sr\/#organization","name":"European Union","url":"https:\/\/webalkans.eu\/sr\/","logo":{"@type":"ImageObject","inLanguage":"sr-RS","@id":"https:\/\/webalkans.eu\/sr\/#\/schema\/logo\/image\/","url":"https:\/\/webalkans.eu\/wp-content\/uploads\/2020\/11\/eu_flag.jpg","contentUrl":"https:\/\/webalkans.eu\/wp-content\/uploads\/2020\/11\/eu_flag.jpg","width":600,"height":401,"caption":"European Union"},"image":{"@id":"https:\/\/webalkans.eu\/sr\/#\/schema\/logo\/image\/"},"sameAs":["https:\/\/www.facebook.com\/webalkans.eu","https:\/\/x.com\/WeBalkans"]},{"@type":"Person","@id":"https:\/\/webalkans.eu\/sr\/#\/schema\/person\/95a8ea19ef21de3b7766e9b65ffdb4da","name":"007designstudio@gmail.com"}]}},"_links":{"self":[{"href":"https:\/\/webalkans.eu\/sr\/wp-json\/wp\/v2\/posts\/1097901"}],"collection":[{"href":"https:\/\/webalkans.eu\/sr\/wp-json\/wp\/v2\/posts"}],"about":[{"href":"https:\/\/webalkans.eu\/sr\/wp-json\/wp\/v2\/types\/post"}],"author":[{"embeddable":true,"href":"https:\/\/webalkans.eu\/sr\/wp-json\/wp\/v2\/users\/152227"}],"replies":[{"embeddable":true,"href":"https:\/\/webalkans.eu\/sr\/wp-json\/wp\/v2\/comments?post=1097901"}],"version-history":[{"count":0,"href":"https:\/\/webalkans.eu\/sr\/wp-json\/wp\/v2\/posts\/1097901\/revisions"}],"wp:featuredmedia":[{"embeddable":true,"href":"https:\/\/webalkans.eu\/sr\/wp-json\/wp\/v2\/media\/1081923"}],"wp:attachment":[{"href":"https:\/\/webalkans.eu\/sr\/wp-json\/wp\/v2\/media?parent=1097901"}],"wp:term":[{"taxonomy":"country-for-news","embeddable":true,"href":"https:\/\/webalkans.eu\/sr\/wp-json\/wp\/v2\/country-for-news?post=1097901"}],"curies":[{"name":"wp","href":"https:\/\/api.w.org\/{rel}","templated":true}]}}