
{"id":972233,"date":"2022-12-21T09:06:32","date_gmt":"2022-12-21T08:06:32","guid":{"rendered":"https:\/\/webalkans.eu\/news\/sarajevo-part-of-the-100-net-zero-emission-cities-mission-launch-of-coalition-for-greener-projects\/"},"modified":"2022-12-30T10:33:42","modified_gmt":"2022-12-30T09:33:42","slug":"sarajevo-part-of-the-100-net-zero-emission-cities-mission-launch-of-coalition-for-greener-projects","status":"publish","type":"post","link":"https:\/\/webalkans.eu\/sq\/news\/sarajevo-part-of-the-100-net-zero-emission-cities-mission-launch-of-coalition-for-greener-projects\/","title":{"rendered":"Sarajeva, pjes\u00eb e misionit 100 Net Zero Emission Cities: Nisja e koalicionit p\u00ebr projekte m\u00eb t\u00eb gjelbra"},"content":{"rendered":"<p style=\"font-weight: 400;\">Pas p\u00ebrzgjedhjes s\u00eb Sarajevo Functional Urban Area, si pjes\u00eb e misionit 100 Net Zero Emission Cities, Zyra e BE-s\u00eb n\u00eb BH dhe n\u00eb kantonin e Sarajev\u00ebs nd\u00ebrmori misionin Net Zero Emission Coalition m\u00eb 14 dhjetor. Partner\u00ebt e Koalicionit u angazhuan n\u00eb koordinimin e aktiviteteve t\u00eb tyre dhe orientimin e burimeve drejt projekteve p\u00ebr zero emetim n\u00eb Sarajev\u00eb.<\/p>\n<p>&nbsp;<\/p>\n<p style=\"font-weight: 400;\">Prezantimi i koalicionit, q\u00eb do t\u00eb p\u00ebrfaq\u00ebsoj\u00eb nj\u00eb ndryshim themelor n\u00eb m\u00ebnyr\u00ebn se si shpenzohen fondet, \u00ebsht\u00eb nj\u00eb mund\u00ebsi p\u00ebr ta lidhur financimin me objektivat e nj\u00eb ambienti m\u00eb t\u00eb past\u00ebr, ve\u00e7an\u00ebrisht n\u00eb zonat e ndotura urbane si Sarajeva.<\/p>\n<p>&nbsp;<\/p>\n<p style=\"font-weight: 400;\">Pas p\u00ebrzgjedhjes s\u00eb Sarajevo Functional Urban Area nd\u00ebr \u201c100 cities\u201d, duhet t\u00eb zhvillohet nj\u00eb Net Zero Action Plan dhjet\u00eb vje\u00e7ar, duke p\u00ebrfshir\u00eb k\u00ebtu nj\u00eb plan p\u00ebr neutralitetin e klim\u00ebs q\u00eb t\u00eb p\u00ebrfshij\u00eb t\u00eb gjith\u00eb sektor\u00ebt, si energjetik\u00ebn, godinat, menaxhimin e mbetjeve dhe transportin, s\u00eb bashku me plane t\u00eb ngjashme investimi. Te ky proces do t\u00eb p\u00ebrfshihen qytetar\u00ebt, organizatat k\u00ebrkimore dhe sektori privat. Net Zero Emission Coalition do t\u00eb mblidhet rregullisht p\u00ebr takime praktike pune, q\u00eb do t\u00eb jen\u00eb nj\u00eb mund\u00ebsi p\u00ebr t\u00eb koordinuar aktivitetet dhe p\u00ebr t\u00eb ndar\u00eb me t\u00eb tjer\u00ebt praktikat m\u00eb t\u00eb mira.<\/p>\n","protected":false},"excerpt":{"rendered":"<p>Pas p\u00ebrzgjedhjes s\u00eb Sarajevo Functional Urban Area, si pjes\u00eb e misionit 100 Net Zero Emission Cities, Zyra e BE-s\u00eb n\u00eb BH dhe n\u00eb kantonin e <\/p>\n","protected":false},"author":152227,"featured_media":947568,"comment_status":"closed","ping_status":"closed","sticky":false,"template":"","format":"standard","meta":{"_acf_changed":false,"_monsterinsights_skip_tracking":false,"_monsterinsights_sitenote_active":false,"_monsterinsights_sitenote_note":"","_monsterinsights_sitenote_category":0,"footnotes":""},"country-for-news":[421],"class_list":["post-972233","post","type-post","status-publish","format-standard","has-post-thumbnail","hentry","wb_theme-environment","country-for-news-bosnia-and-herzegovina"],"acf":[],"yoast_head":"<!-- This site is optimized with the Yoast SEO plugin v25.3.1 - https:\/\/yoast.com\/wordpress\/plugins\/seo\/ -->\n<title>Sarajeva, pjes\u00eb e misionit 100 Net Zero Emission Cities: Nisja e koalicionit p\u00ebr projekte m\u00eb t\u00eb gjelbra News | WeBalkans<\/title>\n<meta name=\"description\" content=\"Sarajeva, pjes\u00eb e misionit 100 Net Zero Emission Cities: Nisja e koalicionit p\u00ebr projekte m\u00eb t\u00eb gjelbra\" \/>\n<meta name=\"robots\" content=\"index, follow, max-snippet:-1, max-image-preview:large, max-video-preview:-1\" \/>\n<link rel=\"canonical\" href=\"https:\/\/webalkans.eu\/sq\/news\/sarajevo-part-of-the-100-net-zero-emission-cities-mission-launch-of-coalition-for-greener-projects\/\" \/>\n<meta property=\"og:locale\" content=\"sq_AL\" \/>\n<meta property=\"og:type\" content=\"article\" \/>\n<meta property=\"og:title\" content=\"Sarajeva, pjes\u00eb e misionit 100 Net Zero Emission Cities: Nisja e koalicionit p\u00ebr projekte m\u00eb t\u00eb gjelbra News | WeBalkans\" \/>\n<meta property=\"og:description\" content=\"Sarajeva, pjes\u00eb e misionit 100 Net Zero Emission Cities: Nisja e koalicionit p\u00ebr projekte m\u00eb t\u00eb gjelbra\" \/>\n<meta property=\"og:url\" content=\"https:\/\/webalkans.eu\/sq\/news\/sarajevo-part-of-the-100-net-zero-emission-cities-mission-launch-of-coalition-for-greener-projects\/\" \/>\n<meta property=\"og:site_name\" content=\"WeBalkans | EU Projects in the Western Balkans\" \/>\n<meta property=\"article:publisher\" content=\"https:\/\/www.facebook.com\/webalkans.eu\" \/>\n<meta property=\"article:published_time\" content=\"2022-12-21T08:06:32+00:00\" \/>\n<meta property=\"article:modified_time\" content=\"2022-12-30T09:33:42+00:00\" \/>\n<meta property=\"og:image\" content=\"https:\/\/webalkans.eu\/wp-content\/uploads\/2022\/12\/5-1.jpeg\" \/>\n\t<meta property=\"og:image:width\" content=\"2048\" \/>\n\t<meta property=\"og:image:height\" content=\"1363\" \/>\n\t<meta property=\"og:image:type\" content=\"image\/jpeg\" \/>\n<meta name=\"author\" content=\"007designstudio@gmail.com\" \/>\n<meta name=\"twitter:card\" content=\"summary_large_image\" \/>\n<meta name=\"twitter:creator\" content=\"@WeBalkans\" \/>\n<meta name=\"twitter:site\" content=\"@WeBalkans\" \/>\n<meta name=\"twitter:label1\" content=\"Written by\" \/>\n\t<meta name=\"twitter:data1\" content=\"007designstudio@gmail.com\" \/>\n\t<meta name=\"twitter:label2\" content=\"Est. reading time\" \/>\n\t<meta name=\"twitter:data2\" content=\"1 minute\" \/>\n<script type=\"application\/ld+json\" class=\"yoast-schema-graph\">{\"@context\":\"https:\/\/schema.org\",\"@graph\":[{\"@type\":\"Article\",\"@id\":\"https:\/\/webalkans.eu\/sq\/news\/sarajevo-part-of-the-100-net-zero-emission-cities-mission-launch-of-coalition-for-greener-projects\/#article\",\"isPartOf\":{\"@id\":\"https:\/\/webalkans.eu\/sq\/news\/sarajevo-part-of-the-100-net-zero-emission-cities-mission-launch-of-coalition-for-greener-projects\/\"},\"author\":{\"name\":\"007designstudio@gmail.com\",\"@id\":\"https:\/\/webalkans.eu\/sq\/#\/schema\/person\/95a8ea19ef21de3b7766e9b65ffdb4da\"},\"headline\":\"Sarajeva, pjes\u00eb e misionit 100 Net Zero Emission Cities: Nisja e koalicionit p\u00ebr projekte m\u00eb t\u00eb gjelbra\",\"datePublished\":\"2022-12-21T08:06:32+00:00\",\"dateModified\":\"2022-12-30T09:33:42+00:00\",\"mainEntityOfPage\":{\"@id\":\"https:\/\/webalkans.eu\/sq\/news\/sarajevo-part-of-the-100-net-zero-emission-cities-mission-launch-of-coalition-for-greener-projects\/\"},\"wordCount\":239,\"publisher\":{\"@id\":\"https:\/\/webalkans.eu\/sq\/#organization\"},\"image\":{\"@id\":\"https:\/\/webalkans.eu\/sq\/news\/sarajevo-part-of-the-100-net-zero-emission-cities-mission-launch-of-coalition-for-greener-projects\/#primaryimage\"},\"thumbnailUrl\":\"https:\/\/webalkans.eu\/wp-content\/uploads\/2022\/12\/5-1.jpeg\",\"inLanguage\":\"sq-AL\"},{\"@type\":\"WebPage\",\"@id\":\"https:\/\/webalkans.eu\/sq\/news\/sarajevo-part-of-the-100-net-zero-emission-cities-mission-launch-of-coalition-for-greener-projects\/\",\"url\":\"https:\/\/webalkans.eu\/sq\/news\/sarajevo-part-of-the-100-net-zero-emission-cities-mission-launch-of-coalition-for-greener-projects\/\",\"name\":\"Sarajeva, pjes\u00eb e misionit 100 Net Zero Emission Cities: Nisja e koalicionit p\u00ebr projekte m\u00eb t\u00eb gjelbra News | WeBalkans\",\"isPartOf\":{\"@id\":\"https:\/\/webalkans.eu\/sq\/#website\"},\"primaryImageOfPage\":{\"@id\":\"https:\/\/webalkans.eu\/sq\/news\/sarajevo-part-of-the-100-net-zero-emission-cities-mission-launch-of-coalition-for-greener-projects\/#primaryimage\"},\"image\":{\"@id\":\"https:\/\/webalkans.eu\/sq\/news\/sarajevo-part-of-the-100-net-zero-emission-cities-mission-launch-of-coalition-for-greener-projects\/#primaryimage\"},\"thumbnailUrl\":\"https:\/\/webalkans.eu\/wp-content\/uploads\/2022\/12\/5-1.jpeg\",\"datePublished\":\"2022-12-21T08:06:32+00:00\",\"dateModified\":\"2022-12-30T09:33:42+00:00\",\"description\":\"Sarajeva, pjes\u00eb e misionit 100 Net Zero Emission Cities: Nisja e koalicionit p\u00ebr projekte m\u00eb t\u00eb gjelbra\",\"breadcrumb\":{\"@id\":\"https:\/\/webalkans.eu\/sq\/news\/sarajevo-part-of-the-100-net-zero-emission-cities-mission-launch-of-coalition-for-greener-projects\/#breadcrumb\"},\"inLanguage\":\"sq-AL\",\"potentialAction\":[{\"@type\":\"ReadAction\",\"target\":[\"https:\/\/webalkans.eu\/sq\/news\/sarajevo-part-of-the-100-net-zero-emission-cities-mission-launch-of-coalition-for-greener-projects\/\"]}]},{\"@type\":\"ImageObject\",\"inLanguage\":\"sq-AL\",\"@id\":\"https:\/\/webalkans.eu\/sq\/news\/sarajevo-part-of-the-100-net-zero-emission-cities-mission-launch-of-coalition-for-greener-projects\/#primaryimage\",\"url\":\"https:\/\/webalkans.eu\/wp-content\/uploads\/2022\/12\/5-1.jpeg\",\"contentUrl\":\"https:\/\/webalkans.eu\/wp-content\/uploads\/2022\/12\/5-1.jpeg\",\"width\":2048,\"height\":1363},{\"@type\":\"BreadcrumbList\",\"@id\":\"https:\/\/webalkans.eu\/sq\/news\/sarajevo-part-of-the-100-net-zero-emission-cities-mission-launch-of-coalition-for-greener-projects\/#breadcrumb\",\"itemListElement\":[{\"@type\":\"ListItem\",\"position\":1,\"name\":\"Home\",\"item\":\"https:\/\/webalkans.eu\/sq\/homepage\/\"},{\"@type\":\"ListItem\",\"position\":2,\"name\":\"Sarajeva, pjes\u00eb e misionit 100 Net Zero Emission Cities: Nisja e koalicionit p\u00ebr projekte m\u00eb t\u00eb gjelbra\"}]},{\"@type\":\"WebSite\",\"@id\":\"https:\/\/webalkans.eu\/sq\/#website\",\"url\":\"https:\/\/webalkans.eu\/sq\/\",\"name\":\"WeBalkans | EU Projects in the Western Balkans\",\"description\":\"\",\"publisher\":{\"@id\":\"https:\/\/webalkans.eu\/sq\/#organization\"},\"potentialAction\":[{\"@type\":\"SearchAction\",\"target\":{\"@type\":\"EntryPoint\",\"urlTemplate\":\"https:\/\/webalkans.eu\/sq\/?s={search_term_string}\"},\"query-input\":{\"@type\":\"PropertyValueSpecification\",\"valueRequired\":true,\"valueName\":\"search_term_string\"}}],\"inLanguage\":\"sq-AL\"},{\"@type\":\"Organization\",\"@id\":\"https:\/\/webalkans.eu\/sq\/#organization\",\"name\":\"European Union\",\"url\":\"https:\/\/webalkans.eu\/sq\/\",\"logo\":{\"@type\":\"ImageObject\",\"inLanguage\":\"sq-AL\",\"@id\":\"https:\/\/webalkans.eu\/sq\/#\/schema\/logo\/image\/\",\"url\":\"https:\/\/webalkans.eu\/wp-content\/uploads\/2020\/11\/eu_flag.jpg\",\"contentUrl\":\"https:\/\/webalkans.eu\/wp-content\/uploads\/2020\/11\/eu_flag.jpg\",\"width\":600,\"height\":401,\"caption\":\"European Union\"},\"image\":{\"@id\":\"https:\/\/webalkans.eu\/sq\/#\/schema\/logo\/image\/\"},\"sameAs\":[\"https:\/\/www.facebook.com\/webalkans.eu\",\"https:\/\/x.com\/WeBalkans\"]},{\"@type\":\"Person\",\"@id\":\"https:\/\/webalkans.eu\/sq\/#\/schema\/person\/95a8ea19ef21de3b7766e9b65ffdb4da\",\"name\":\"007designstudio@gmail.com\"}]}<\/script>\n<!-- \/ Yoast SEO plugin. -->","yoast_head_json":{"title":"Sarajeva, pjes\u00eb e misionit 100 Net Zero Emission Cities: Nisja e koalicionit p\u00ebr projekte m\u00eb t\u00eb gjelbra News | WeBalkans","description":"Sarajeva, pjes\u00eb e misionit 100 Net Zero Emission Cities: Nisja e koalicionit p\u00ebr projekte m\u00eb t\u00eb gjelbra","robots":{"index":"index","follow":"follow","max-snippet":"max-snippet:-1","max-image-preview":"max-image-preview:large","max-video-preview":"max-video-preview:-1"},"canonical":"https:\/\/webalkans.eu\/sq\/news\/sarajevo-part-of-the-100-net-zero-emission-cities-mission-launch-of-coalition-for-greener-projects\/","og_locale":"sq_AL","og_type":"article","og_title":"Sarajeva, pjes\u00eb e misionit 100 Net Zero Emission Cities: Nisja e koalicionit p\u00ebr projekte m\u00eb t\u00eb gjelbra News | WeBalkans","og_description":"Sarajeva, pjes\u00eb e misionit 100 Net Zero Emission Cities: Nisja e koalicionit p\u00ebr projekte m\u00eb t\u00eb gjelbra","og_url":"https:\/\/webalkans.eu\/sq\/news\/sarajevo-part-of-the-100-net-zero-emission-cities-mission-launch-of-coalition-for-greener-projects\/","og_site_name":"WeBalkans | EU Projects in the Western Balkans","article_publisher":"https:\/\/www.facebook.com\/webalkans.eu","article_published_time":"2022-12-21T08:06:32+00:00","article_modified_time":"2022-12-30T09:33:42+00:00","og_image":[{"width":2048,"height":1363,"url":"https:\/\/webalkans.eu\/wp-content\/uploads\/2022\/12\/5-1.jpeg","type":"image\/jpeg"}],"author":"007designstudio@gmail.com","twitter_card":"summary_large_image","twitter_creator":"@WeBalkans","twitter_site":"@WeBalkans","twitter_misc":{"Written by":"007designstudio@gmail.com","Est. reading time":"1 minute"},"schema":{"@context":"https:\/\/schema.org","@graph":[{"@type":"Article","@id":"https:\/\/webalkans.eu\/sq\/news\/sarajevo-part-of-the-100-net-zero-emission-cities-mission-launch-of-coalition-for-greener-projects\/#article","isPartOf":{"@id":"https:\/\/webalkans.eu\/sq\/news\/sarajevo-part-of-the-100-net-zero-emission-cities-mission-launch-of-coalition-for-greener-projects\/"},"author":{"name":"007designstudio@gmail.com","@id":"https:\/\/webalkans.eu\/sq\/#\/schema\/person\/95a8ea19ef21de3b7766e9b65ffdb4da"},"headline":"Sarajeva, pjes\u00eb e misionit 100 Net Zero Emission Cities: Nisja e koalicionit p\u00ebr projekte m\u00eb t\u00eb gjelbra","datePublished":"2022-12-21T08:06:32+00:00","dateModified":"2022-12-30T09:33:42+00:00","mainEntityOfPage":{"@id":"https:\/\/webalkans.eu\/sq\/news\/sarajevo-part-of-the-100-net-zero-emission-cities-mission-launch-of-coalition-for-greener-projects\/"},"wordCount":239,"publisher":{"@id":"https:\/\/webalkans.eu\/sq\/#organization"},"image":{"@id":"https:\/\/webalkans.eu\/sq\/news\/sarajevo-part-of-the-100-net-zero-emission-cities-mission-launch-of-coalition-for-greener-projects\/#primaryimage"},"thumbnailUrl":"https:\/\/webalkans.eu\/wp-content\/uploads\/2022\/12\/5-1.jpeg","inLanguage":"sq-AL"},{"@type":"WebPage","@id":"https:\/\/webalkans.eu\/sq\/news\/sarajevo-part-of-the-100-net-zero-emission-cities-mission-launch-of-coalition-for-greener-projects\/","url":"https:\/\/webalkans.eu\/sq\/news\/sarajevo-part-of-the-100-net-zero-emission-cities-mission-launch-of-coalition-for-greener-projects\/","name":"Sarajeva, pjes\u00eb e misionit 100 Net Zero Emission Cities: Nisja e koalicionit p\u00ebr projekte m\u00eb t\u00eb gjelbra News | WeBalkans","isPartOf":{"@id":"https:\/\/webalkans.eu\/sq\/#website"},"primaryImageOfPage":{"@id":"https:\/\/webalkans.eu\/sq\/news\/sarajevo-part-of-the-100-net-zero-emission-cities-mission-launch-of-coalition-for-greener-projects\/#primaryimage"},"image":{"@id":"https:\/\/webalkans.eu\/sq\/news\/sarajevo-part-of-the-100-net-zero-emission-cities-mission-launch-of-coalition-for-greener-projects\/#primaryimage"},"thumbnailUrl":"https:\/\/webalkans.eu\/wp-content\/uploads\/2022\/12\/5-1.jpeg","datePublished":"2022-12-21T08:06:32+00:00","dateModified":"2022-12-30T09:33:42+00:00","description":"Sarajeva, pjes\u00eb e misionit 100 Net Zero Emission Cities: Nisja e koalicionit p\u00ebr projekte m\u00eb t\u00eb gjelbra","breadcrumb":{"@id":"https:\/\/webalkans.eu\/sq\/news\/sarajevo-part-of-the-100-net-zero-emission-cities-mission-launch-of-coalition-for-greener-projects\/#breadcrumb"},"inLanguage":"sq-AL","potentialAction":[{"@type":"ReadAction","target":["https:\/\/webalkans.eu\/sq\/news\/sarajevo-part-of-the-100-net-zero-emission-cities-mission-launch-of-coalition-for-greener-projects\/"]}]},{"@type":"ImageObject","inLanguage":"sq-AL","@id":"https:\/\/webalkans.eu\/sq\/news\/sarajevo-part-of-the-100-net-zero-emission-cities-mission-launch-of-coalition-for-greener-projects\/#primaryimage","url":"https:\/\/webalkans.eu\/wp-content\/uploads\/2022\/12\/5-1.jpeg","contentUrl":"https:\/\/webalkans.eu\/wp-content\/uploads\/2022\/12\/5-1.jpeg","width":2048,"height":1363},{"@type":"BreadcrumbList","@id":"https:\/\/webalkans.eu\/sq\/news\/sarajevo-part-of-the-100-net-zero-emission-cities-mission-launch-of-coalition-for-greener-projects\/#breadcrumb","itemListElement":[{"@type":"ListItem","position":1,"name":"Home","item":"https:\/\/webalkans.eu\/sq\/homepage\/"},{"@type":"ListItem","position":2,"name":"Sarajeva, pjes\u00eb e misionit 100 Net Zero Emission Cities: Nisja e koalicionit p\u00ebr projekte m\u00eb t\u00eb gjelbra"}]},{"@type":"WebSite","@id":"https:\/\/webalkans.eu\/sq\/#website","url":"https:\/\/webalkans.eu\/sq\/","name":"WeBalkans | EU Projects in the Western Balkans","description":"","publisher":{"@id":"https:\/\/webalkans.eu\/sq\/#organization"},"potentialAction":[{"@type":"SearchAction","target":{"@type":"EntryPoint","urlTemplate":"https:\/\/webalkans.eu\/sq\/?s={search_term_string}"},"query-input":{"@type":"PropertyValueSpecification","valueRequired":true,"valueName":"search_term_string"}}],"inLanguage":"sq-AL"},{"@type":"Organization","@id":"https:\/\/webalkans.eu\/sq\/#organization","name":"European Union","url":"https:\/\/webalkans.eu\/sq\/","logo":{"@type":"ImageObject","inLanguage":"sq-AL","@id":"https:\/\/webalkans.eu\/sq\/#\/schema\/logo\/image\/","url":"https:\/\/webalkans.eu\/wp-content\/uploads\/2020\/11\/eu_flag.jpg","contentUrl":"https:\/\/webalkans.eu\/wp-content\/uploads\/2020\/11\/eu_flag.jpg","width":600,"height":401,"caption":"European Union"},"image":{"@id":"https:\/\/webalkans.eu\/sq\/#\/schema\/logo\/image\/"},"sameAs":["https:\/\/www.facebook.com\/webalkans.eu","https:\/\/x.com\/WeBalkans"]},{"@type":"Person","@id":"https:\/\/webalkans.eu\/sq\/#\/schema\/person\/95a8ea19ef21de3b7766e9b65ffdb4da","name":"007designstudio@gmail.com"}]}},"_links":{"self":[{"href":"https:\/\/webalkans.eu\/sq\/wp-json\/wp\/v2\/posts\/972233"}],"collection":[{"href":"https:\/\/webalkans.eu\/sq\/wp-json\/wp\/v2\/posts"}],"about":[{"href":"https:\/\/webalkans.eu\/sq\/wp-json\/wp\/v2\/types\/post"}],"author":[{"embeddable":true,"href":"https:\/\/webalkans.eu\/sq\/wp-json\/wp\/v2\/users\/152227"}],"replies":[{"embeddable":true,"href":"https:\/\/webalkans.eu\/sq\/wp-json\/wp\/v2\/comments?post=972233"}],"version-history":[{"count":0,"href":"https:\/\/webalkans.eu\/sq\/wp-json\/wp\/v2\/posts\/972233\/revisions"}],"wp:featuredmedia":[{"embeddable":true,"href":"https:\/\/webalkans.eu\/sq\/wp-json\/wp\/v2\/media\/947568"}],"wp:attachment":[{"href":"https:\/\/webalkans.eu\/sq\/wp-json\/wp\/v2\/media?parent=972233"}],"wp:term":[{"taxonomy":"country-for-news","embeddable":true,"href":"https:\/\/webalkans.eu\/sq\/wp-json\/wp\/v2\/country-for-news?post=972233"}],"curies":[{"name":"wp","href":"https:\/\/api.w.org\/{rel}","templated":true}]}}