
{"id":957646,"date":"2022-12-14T13:17:47","date_gmt":"2022-12-14T12:17:47","guid":{"rendered":"https:\/\/webalkans.eu\/news\/eternal-rivals-united-against-violence\/"},"modified":"2022-12-23T17:14:43","modified_gmt":"2022-12-23T16:14:43","slug":"eternal-rivals-united-against-violence","status":"publish","type":"post","link":"https:\/\/webalkans.eu\/sq\/news\/eternal-rivals-united-against-violence\/","title":{"rendered":"Rival\u00ebt e p\u00ebrjetsh\u00ebm bashkojn\u00eb forcat kund\u00ebr dhun\u00ebs"},"content":{"rendered":"<p style=\"font-weight: 400;\">T\u00eb bashkuar kund\u00ebr dhun\u00ebs ndaj grave &#8211; ky \u00ebsht\u00eb slogani i fushat\u00ebs globale t\u00eb k\u00ebtij viti p\u00ebr 16 dit\u00ebt e aktivizmit \u2013\u00a0<a href=\"https:\/\/www.unwomen.org\/en\/what-we-do\/ending-violence-against-women\/unite\/orange-the-world\">Orange the World<\/a>. Ngjyra portokalli bashkoi basketbollist\u00ebt e Crvena zvezda dhe Partizanit, q\u00eb u takuan p\u00ebr her\u00eb t\u00eb par\u00eb k\u00ebt\u00eb muaj p\u00ebr nj\u00eb derbi n\u00eb gar\u00ebn m\u00eb t\u00eb mir\u00eb evropiane t\u00eb basketbollit &#8211; Euroleague. Kapiten\u00ebt e dy skuadrave t\u00eb Beogradit filmuan nj\u00eb video-mesazh t\u00eb p\u00ebrbashk\u00ebt:\u00a0&#8220;Dhuna ndaj grave duhet t\u00eb marr\u00eb fund. \u00cbsht\u00eb detyra jon\u00eb t\u00eb mbrojm\u00eb t\u00eb gjitha grat\u00eb: n\u00ebnat, motrat, bashk\u00ebshortet, shoqet\u2026 Raportojeni dhun\u00ebn menj\u00ebher\u00eb &#8211; nuk ka justifikime! Le t&#8217;i ndihmojm\u00eb ata q\u00eb vuajn\u00eb nga dhuna. Bullisti \u00ebsht\u00eb frikacak &#8211; le t\u00eb b\u00ebhemi trima. Le t&#8217;i mbrojm\u00eb viktimat.&#8221; Lojtar\u00ebve iu bashkua trajneri i\u00a0 skuadr\u00ebs komb\u00ebtare serbe, Svetislav Pe\u0161i\u0107-i, si dhe trajneri i Partizanit, \u017deljko Obradovi\u0107.<\/p>\n<p>&nbsp;<\/p>\n<p style=\"font-weight: 400;\">Nj\u00eb n\u00eb tre gra n\u00eb Bashkimin Evropian dhe kudo n\u00eb bot\u00eb ka p\u00ebrjetuar dhun\u00eb fizike, seksuale, socio-ekonomike dhe\/ose verbale t\u00eb pakt\u00ebn nj\u00ebher\u00eb n\u00eb jet\u00eb. Diskriminimi gjinor, ngacmimi seksual dhe dhuna gjinore jan\u00eb problematika t\u00eb t\u00eb drejtave themelore t\u00eb njeriut. K\u00ebt\u00eb vit, EU Delegation in Serbia i bashkohet fushat\u00ebs globale t\u00eb 16 dit\u00ebve t\u00eb aktivizmit kund\u00ebr dhun\u00ebs gjinore (<a href=\"https:\/\/europa.rs\/svet-u-narandzastom-stop-nasilju-nad-zenama-i-devojcicama\/\">global campaign of 16 days of activism against gender-based violence<\/a>) duke promovuar fuqizimin e grave dhe n\u00ebp\u00ebrmjet bashk\u00ebpunimit me komunitetin m\u00eb t\u00eb gjer\u00eb kund\u00ebr dhun\u00ebs fizike, verbale dhe socio-ekonomike.<\/p>\n<p>&nbsp;<\/p>\n<p style=\"font-weight: 400;\">Gjat\u00eb k\u00ebsaj fushate globale, EU Delegation in Serbia lidhi partneritet me personalitete serbe n\u00eb sferat e mod\u00ebs, artit, sportit, let\u00ebrsis\u00eb dhe kinematografis\u00eb.<\/p>\n","protected":false},"excerpt":{"rendered":"<p>T\u00eb bashkuar kund\u00ebr dhun\u00ebs ndaj grave &#8211; ky \u00ebsht\u00eb slogani i fushat\u00ebs globale t\u00eb k\u00ebtij viti p\u00ebr 16 dit\u00ebt e aktivizmit \u2013\u00a0Orange the World. Ngjyra <\/p>\n","protected":false},"author":152227,"featured_media":929512,"comment_status":"closed","ping_status":"closed","sticky":false,"template":"","format":"standard","meta":{"_acf_changed":false,"_monsterinsights_skip_tracking":false,"_monsterinsights_sitenote_active":false,"_monsterinsights_sitenote_note":"","_monsterinsights_sitenote_category":0,"footnotes":""},"country-for-news":[441],"class_list":["post-957646","post","type-post","status-publish","format-standard","has-post-thumbnail","hentry","wb_theme-culture-and-youth","wb_theme-democracy-and-fundamental-rights","country-for-news-serbia"],"acf":[],"yoast_head":"<!-- This site is optimized with the Yoast SEO plugin v25.3.1 - https:\/\/yoast.com\/wordpress\/plugins\/seo\/ -->\n<title>Rival\u00ebt e p\u00ebrjetsh\u00ebm bashkojn\u00eb forcat kund\u00ebr dhun\u00ebs News | WeBalkans<\/title>\n<meta name=\"description\" content=\"Rival\u00ebt e p\u00ebrjetsh\u00ebm bashkojn\u00eb forcat kund\u00ebr dhun\u00ebs\" \/>\n<meta name=\"robots\" content=\"index, follow, max-snippet:-1, max-image-preview:large, max-video-preview:-1\" \/>\n<link rel=\"canonical\" href=\"https:\/\/webalkans.eu\/sq\/news\/eternal-rivals-united-against-violence\/\" \/>\n<meta property=\"og:locale\" content=\"sq_AL\" \/>\n<meta property=\"og:type\" content=\"article\" \/>\n<meta property=\"og:title\" content=\"Rival\u00ebt e p\u00ebrjetsh\u00ebm bashkojn\u00eb forcat kund\u00ebr dhun\u00ebs News | WeBalkans\" \/>\n<meta property=\"og:description\" content=\"Rival\u00ebt e p\u00ebrjetsh\u00ebm bashkojn\u00eb forcat kund\u00ebr dhun\u00ebs\" \/>\n<meta property=\"og:url\" content=\"https:\/\/webalkans.eu\/sq\/news\/eternal-rivals-united-against-violence\/\" \/>\n<meta property=\"og:site_name\" content=\"WeBalkans | EU Projects in the Western Balkans\" \/>\n<meta property=\"article:publisher\" content=\"https:\/\/www.facebook.com\/webalkans.eu\" \/>\n<meta property=\"article:published_time\" content=\"2022-12-14T12:17:47+00:00\" \/>\n<meta property=\"article:modified_time\" content=\"2022-12-23T16:14:43+00:00\" \/>\n<meta property=\"og:image\" content=\"https:\/\/webalkans.eu\/wp-content\/uploads\/2022\/12\/5.jpeg\" \/>\n\t<meta property=\"og:image:width\" content=\"1920\" \/>\n\t<meta property=\"og:image:height\" content=\"801\" \/>\n\t<meta property=\"og:image:type\" content=\"image\/jpeg\" \/>\n<meta name=\"author\" content=\"007designstudio@gmail.com\" \/>\n<meta name=\"twitter:card\" content=\"summary_large_image\" \/>\n<meta name=\"twitter:creator\" content=\"@WeBalkans\" \/>\n<meta name=\"twitter:site\" content=\"@WeBalkans\" \/>\n<meta name=\"twitter:label1\" content=\"Written by\" \/>\n\t<meta name=\"twitter:data1\" content=\"007designstudio@gmail.com\" \/>\n\t<meta name=\"twitter:label2\" content=\"Est. reading time\" \/>\n\t<meta name=\"twitter:data2\" content=\"1 minute\" \/>\n<script type=\"application\/ld+json\" class=\"yoast-schema-graph\">{\"@context\":\"https:\/\/schema.org\",\"@graph\":[{\"@type\":\"Article\",\"@id\":\"https:\/\/webalkans.eu\/sq\/news\/eternal-rivals-united-against-violence\/#article\",\"isPartOf\":{\"@id\":\"https:\/\/webalkans.eu\/sq\/news\/eternal-rivals-united-against-violence\/\"},\"author\":{\"name\":\"007designstudio@gmail.com\",\"@id\":\"https:\/\/webalkans.eu\/sq\/#\/schema\/person\/95a8ea19ef21de3b7766e9b65ffdb4da\"},\"headline\":\"Rival\u00ebt e p\u00ebrjetsh\u00ebm bashkojn\u00eb forcat kund\u00ebr dhun\u00ebs\",\"datePublished\":\"2022-12-14T12:17:47+00:00\",\"dateModified\":\"2022-12-23T16:14:43+00:00\",\"mainEntityOfPage\":{\"@id\":\"https:\/\/webalkans.eu\/sq\/news\/eternal-rivals-united-against-violence\/\"},\"wordCount\":291,\"publisher\":{\"@id\":\"https:\/\/webalkans.eu\/sq\/#organization\"},\"image\":{\"@id\":\"https:\/\/webalkans.eu\/sq\/news\/eternal-rivals-united-against-violence\/#primaryimage\"},\"thumbnailUrl\":\"https:\/\/webalkans.eu\/wp-content\/uploads\/2022\/12\/5.jpeg\",\"inLanguage\":\"sq-AL\"},{\"@type\":\"WebPage\",\"@id\":\"https:\/\/webalkans.eu\/sq\/news\/eternal-rivals-united-against-violence\/\",\"url\":\"https:\/\/webalkans.eu\/sq\/news\/eternal-rivals-united-against-violence\/\",\"name\":\"Rival\u00ebt e p\u00ebrjetsh\u00ebm bashkojn\u00eb forcat kund\u00ebr dhun\u00ebs News | WeBalkans\",\"isPartOf\":{\"@id\":\"https:\/\/webalkans.eu\/sq\/#website\"},\"primaryImageOfPage\":{\"@id\":\"https:\/\/webalkans.eu\/sq\/news\/eternal-rivals-united-against-violence\/#primaryimage\"},\"image\":{\"@id\":\"https:\/\/webalkans.eu\/sq\/news\/eternal-rivals-united-against-violence\/#primaryimage\"},\"thumbnailUrl\":\"https:\/\/webalkans.eu\/wp-content\/uploads\/2022\/12\/5.jpeg\",\"datePublished\":\"2022-12-14T12:17:47+00:00\",\"dateModified\":\"2022-12-23T16:14:43+00:00\",\"description\":\"Rival\u00ebt e p\u00ebrjetsh\u00ebm bashkojn\u00eb forcat kund\u00ebr dhun\u00ebs\",\"breadcrumb\":{\"@id\":\"https:\/\/webalkans.eu\/sq\/news\/eternal-rivals-united-against-violence\/#breadcrumb\"},\"inLanguage\":\"sq-AL\",\"potentialAction\":[{\"@type\":\"ReadAction\",\"target\":[\"https:\/\/webalkans.eu\/sq\/news\/eternal-rivals-united-against-violence\/\"]}]},{\"@type\":\"ImageObject\",\"inLanguage\":\"sq-AL\",\"@id\":\"https:\/\/webalkans.eu\/sq\/news\/eternal-rivals-united-against-violence\/#primaryimage\",\"url\":\"https:\/\/webalkans.eu\/wp-content\/uploads\/2022\/12\/5.jpeg\",\"contentUrl\":\"https:\/\/webalkans.eu\/wp-content\/uploads\/2022\/12\/5.jpeg\",\"width\":1920,\"height\":801},{\"@type\":\"BreadcrumbList\",\"@id\":\"https:\/\/webalkans.eu\/sq\/news\/eternal-rivals-united-against-violence\/#breadcrumb\",\"itemListElement\":[{\"@type\":\"ListItem\",\"position\":1,\"name\":\"Home\",\"item\":\"https:\/\/webalkans.eu\/sq\/homepage\/\"},{\"@type\":\"ListItem\",\"position\":2,\"name\":\"Rival\u00ebt e p\u00ebrjetsh\u00ebm bashkojn\u00eb forcat kund\u00ebr dhun\u00ebs\"}]},{\"@type\":\"WebSite\",\"@id\":\"https:\/\/webalkans.eu\/sq\/#website\",\"url\":\"https:\/\/webalkans.eu\/sq\/\",\"name\":\"WeBalkans | EU Projects in the Western Balkans\",\"description\":\"\",\"publisher\":{\"@id\":\"https:\/\/webalkans.eu\/sq\/#organization\"},\"potentialAction\":[{\"@type\":\"SearchAction\",\"target\":{\"@type\":\"EntryPoint\",\"urlTemplate\":\"https:\/\/webalkans.eu\/sq\/?s={search_term_string}\"},\"query-input\":{\"@type\":\"PropertyValueSpecification\",\"valueRequired\":true,\"valueName\":\"search_term_string\"}}],\"inLanguage\":\"sq-AL\"},{\"@type\":\"Organization\",\"@id\":\"https:\/\/webalkans.eu\/sq\/#organization\",\"name\":\"European Union\",\"url\":\"https:\/\/webalkans.eu\/sq\/\",\"logo\":{\"@type\":\"ImageObject\",\"inLanguage\":\"sq-AL\",\"@id\":\"https:\/\/webalkans.eu\/sq\/#\/schema\/logo\/image\/\",\"url\":\"https:\/\/webalkans.eu\/wp-content\/uploads\/2020\/11\/eu_flag.jpg\",\"contentUrl\":\"https:\/\/webalkans.eu\/wp-content\/uploads\/2020\/11\/eu_flag.jpg\",\"width\":600,\"height\":401,\"caption\":\"European Union\"},\"image\":{\"@id\":\"https:\/\/webalkans.eu\/sq\/#\/schema\/logo\/image\/\"},\"sameAs\":[\"https:\/\/www.facebook.com\/webalkans.eu\",\"https:\/\/x.com\/WeBalkans\"]},{\"@type\":\"Person\",\"@id\":\"https:\/\/webalkans.eu\/sq\/#\/schema\/person\/95a8ea19ef21de3b7766e9b65ffdb4da\",\"name\":\"007designstudio@gmail.com\"}]}<\/script>\n<!-- \/ Yoast SEO plugin. -->","yoast_head_json":{"title":"Rival\u00ebt e p\u00ebrjetsh\u00ebm bashkojn\u00eb forcat kund\u00ebr dhun\u00ebs News | WeBalkans","description":"Rival\u00ebt e p\u00ebrjetsh\u00ebm bashkojn\u00eb forcat kund\u00ebr dhun\u00ebs","robots":{"index":"index","follow":"follow","max-snippet":"max-snippet:-1","max-image-preview":"max-image-preview:large","max-video-preview":"max-video-preview:-1"},"canonical":"https:\/\/webalkans.eu\/sq\/news\/eternal-rivals-united-against-violence\/","og_locale":"sq_AL","og_type":"article","og_title":"Rival\u00ebt e p\u00ebrjetsh\u00ebm bashkojn\u00eb forcat kund\u00ebr dhun\u00ebs News | WeBalkans","og_description":"Rival\u00ebt e p\u00ebrjetsh\u00ebm bashkojn\u00eb forcat kund\u00ebr dhun\u00ebs","og_url":"https:\/\/webalkans.eu\/sq\/news\/eternal-rivals-united-against-violence\/","og_site_name":"WeBalkans | EU Projects in the Western Balkans","article_publisher":"https:\/\/www.facebook.com\/webalkans.eu","article_published_time":"2022-12-14T12:17:47+00:00","article_modified_time":"2022-12-23T16:14:43+00:00","og_image":[{"width":1920,"height":801,"url":"https:\/\/webalkans.eu\/wp-content\/uploads\/2022\/12\/5.jpeg","type":"image\/jpeg"}],"author":"007designstudio@gmail.com","twitter_card":"summary_large_image","twitter_creator":"@WeBalkans","twitter_site":"@WeBalkans","twitter_misc":{"Written by":"007designstudio@gmail.com","Est. reading time":"1 minute"},"schema":{"@context":"https:\/\/schema.org","@graph":[{"@type":"Article","@id":"https:\/\/webalkans.eu\/sq\/news\/eternal-rivals-united-against-violence\/#article","isPartOf":{"@id":"https:\/\/webalkans.eu\/sq\/news\/eternal-rivals-united-against-violence\/"},"author":{"name":"007designstudio@gmail.com","@id":"https:\/\/webalkans.eu\/sq\/#\/schema\/person\/95a8ea19ef21de3b7766e9b65ffdb4da"},"headline":"Rival\u00ebt e p\u00ebrjetsh\u00ebm bashkojn\u00eb forcat kund\u00ebr dhun\u00ebs","datePublished":"2022-12-14T12:17:47+00:00","dateModified":"2022-12-23T16:14:43+00:00","mainEntityOfPage":{"@id":"https:\/\/webalkans.eu\/sq\/news\/eternal-rivals-united-against-violence\/"},"wordCount":291,"publisher":{"@id":"https:\/\/webalkans.eu\/sq\/#organization"},"image":{"@id":"https:\/\/webalkans.eu\/sq\/news\/eternal-rivals-united-against-violence\/#primaryimage"},"thumbnailUrl":"https:\/\/webalkans.eu\/wp-content\/uploads\/2022\/12\/5.jpeg","inLanguage":"sq-AL"},{"@type":"WebPage","@id":"https:\/\/webalkans.eu\/sq\/news\/eternal-rivals-united-against-violence\/","url":"https:\/\/webalkans.eu\/sq\/news\/eternal-rivals-united-against-violence\/","name":"Rival\u00ebt e p\u00ebrjetsh\u00ebm bashkojn\u00eb forcat kund\u00ebr dhun\u00ebs News | WeBalkans","isPartOf":{"@id":"https:\/\/webalkans.eu\/sq\/#website"},"primaryImageOfPage":{"@id":"https:\/\/webalkans.eu\/sq\/news\/eternal-rivals-united-against-violence\/#primaryimage"},"image":{"@id":"https:\/\/webalkans.eu\/sq\/news\/eternal-rivals-united-against-violence\/#primaryimage"},"thumbnailUrl":"https:\/\/webalkans.eu\/wp-content\/uploads\/2022\/12\/5.jpeg","datePublished":"2022-12-14T12:17:47+00:00","dateModified":"2022-12-23T16:14:43+00:00","description":"Rival\u00ebt e p\u00ebrjetsh\u00ebm bashkojn\u00eb forcat kund\u00ebr dhun\u00ebs","breadcrumb":{"@id":"https:\/\/webalkans.eu\/sq\/news\/eternal-rivals-united-against-violence\/#breadcrumb"},"inLanguage":"sq-AL","potentialAction":[{"@type":"ReadAction","target":["https:\/\/webalkans.eu\/sq\/news\/eternal-rivals-united-against-violence\/"]}]},{"@type":"ImageObject","inLanguage":"sq-AL","@id":"https:\/\/webalkans.eu\/sq\/news\/eternal-rivals-united-against-violence\/#primaryimage","url":"https:\/\/webalkans.eu\/wp-content\/uploads\/2022\/12\/5.jpeg","contentUrl":"https:\/\/webalkans.eu\/wp-content\/uploads\/2022\/12\/5.jpeg","width":1920,"height":801},{"@type":"BreadcrumbList","@id":"https:\/\/webalkans.eu\/sq\/news\/eternal-rivals-united-against-violence\/#breadcrumb","itemListElement":[{"@type":"ListItem","position":1,"name":"Home","item":"https:\/\/webalkans.eu\/sq\/homepage\/"},{"@type":"ListItem","position":2,"name":"Rival\u00ebt e p\u00ebrjetsh\u00ebm bashkojn\u00eb forcat kund\u00ebr dhun\u00ebs"}]},{"@type":"WebSite","@id":"https:\/\/webalkans.eu\/sq\/#website","url":"https:\/\/webalkans.eu\/sq\/","name":"WeBalkans | EU Projects in the Western Balkans","description":"","publisher":{"@id":"https:\/\/webalkans.eu\/sq\/#organization"},"potentialAction":[{"@type":"SearchAction","target":{"@type":"EntryPoint","urlTemplate":"https:\/\/webalkans.eu\/sq\/?s={search_term_string}"},"query-input":{"@type":"PropertyValueSpecification","valueRequired":true,"valueName":"search_term_string"}}],"inLanguage":"sq-AL"},{"@type":"Organization","@id":"https:\/\/webalkans.eu\/sq\/#organization","name":"European Union","url":"https:\/\/webalkans.eu\/sq\/","logo":{"@type":"ImageObject","inLanguage":"sq-AL","@id":"https:\/\/webalkans.eu\/sq\/#\/schema\/logo\/image\/","url":"https:\/\/webalkans.eu\/wp-content\/uploads\/2020\/11\/eu_flag.jpg","contentUrl":"https:\/\/webalkans.eu\/wp-content\/uploads\/2020\/11\/eu_flag.jpg","width":600,"height":401,"caption":"European Union"},"image":{"@id":"https:\/\/webalkans.eu\/sq\/#\/schema\/logo\/image\/"},"sameAs":["https:\/\/www.facebook.com\/webalkans.eu","https:\/\/x.com\/WeBalkans"]},{"@type":"Person","@id":"https:\/\/webalkans.eu\/sq\/#\/schema\/person\/95a8ea19ef21de3b7766e9b65ffdb4da","name":"007designstudio@gmail.com"}]}},"_links":{"self":[{"href":"https:\/\/webalkans.eu\/sq\/wp-json\/wp\/v2\/posts\/957646"}],"collection":[{"href":"https:\/\/webalkans.eu\/sq\/wp-json\/wp\/v2\/posts"}],"about":[{"href":"https:\/\/webalkans.eu\/sq\/wp-json\/wp\/v2\/types\/post"}],"author":[{"embeddable":true,"href":"https:\/\/webalkans.eu\/sq\/wp-json\/wp\/v2\/users\/152227"}],"replies":[{"embeddable":true,"href":"https:\/\/webalkans.eu\/sq\/wp-json\/wp\/v2\/comments?post=957646"}],"version-history":[{"count":0,"href":"https:\/\/webalkans.eu\/sq\/wp-json\/wp\/v2\/posts\/957646\/revisions"}],"wp:featuredmedia":[{"embeddable":true,"href":"https:\/\/webalkans.eu\/sq\/wp-json\/wp\/v2\/media\/929512"}],"wp:attachment":[{"href":"https:\/\/webalkans.eu\/sq\/wp-json\/wp\/v2\/media?parent=957646"}],"wp:term":[{"taxonomy":"country-for-news","embeddable":true,"href":"https:\/\/webalkans.eu\/sq\/wp-json\/wp\/v2\/country-for-news?post=957646"}],"curies":[{"name":"wp","href":"https:\/\/api.w.org\/{rel}","templated":true}]}}