
{"id":956682,"date":"2022-12-07T13:08:51","date_gmt":"2022-12-07T12:08:51","guid":{"rendered":"https:\/\/webalkans.eu\/news\/the-regional-housing-programme-celebrates-the-delivery-of-its-10-000-home-in-the-western-balkans\/"},"modified":"2022-12-23T10:07:57","modified_gmt":"2022-12-23T09:07:57","slug":"the-regional-housing-programme-celebrates-the-delivery-of-its-10-000-home-in-the-western-balkans","status":"publish","type":"post","link":"https:\/\/webalkans.eu\/sq\/news\/the-regional-housing-programme-celebrates-the-delivery-of-its-10-000-home-in-the-western-balkans\/","title":{"rendered":"Programi Rajonal i Strehimit feston shp\u00ebrndarjen e 10,000 sht\u00ebpive n\u00eb Ballkanin Per\u00ebndimor"},"content":{"rendered":"<p style=\"font-weight: 400;\">Programi Rajonal i Strehimit (RHP) festoi nj\u00eb moment t\u00eb r\u00ebnd\u00ebsish\u00ebm n\u00eb 30 N\u00ebntor, me shp\u00ebrndarjen e sht\u00ebpis\u00eb num\u00ebr 10,000 p\u00ebr refugjat\u00ebt m\u00eb t\u00eb preksh\u00ebm dhe personat e zhvendosur n\u00eb rajonin e Ballkanit Per\u00ebndimor. Rasti u sh\u00ebnua gjat\u00eb nj\u00eb ceremonie p\u00ebr shp\u00ebrndarjen e \u00e7el\u00ebsave t\u00eb 40 apartamenteve t\u00eb RHP t\u00eb sapo nd\u00ebrtuar p\u00ebr familjet e refugjat\u00ebve n\u00eb\u00a0 Vr\u0161ac, Serbi. N\u00eb total, RHP synon t\u00eb shp\u00ebrndaj\u00eb 11,400 sht\u00ebpi n\u00eb t\u00eb kat\u00ebr Shtetet Partnere t\u00eb RHP-s\u00eb \u2013 Bosnje dhe Hercegovin\u00eb, Kroaci, Mal i Zi, dhe Serbi deri n\u00eb mesin e vitit 2023.<\/p>\n<p>&nbsp;<\/p>\n<p style=\"font-weight: 400;\">P\u00ebrve\u00e7 vet\u00eb p\u00ebrfituesve, n\u00eb ceremonin\u00eb e shp\u00ebrndarjes t\u00eb \u00e7el\u00ebsave morri pjes\u00eb Nata\u0161a Stanisavljevi\u0107, Komisioner p\u00ebr Refugjat\u00ebt dhe Migrimin i Republik\u00ebs s\u00eb Serbis\u00eb; Holger Schr\u00f6der, P\u00ebrgjegj\u00ebs i Nj\u00ebsis\u00eb n\u00eb Programet Rajonale t\u00eb Ballkanit Per\u00ebndimor dhe Plani i Investimeve Ekonomik n\u00eb DG NEAR si dhe mor\u00ebn pjes\u00eb p\u00ebrfaq\u00ebsues t\u00eb tjer\u00eb komb\u00ebtar dhe nd\u00ebrkomb\u00ebtar.<\/p>\n<p>&nbsp;<\/p>\n<p style=\"font-weight: 400;\">N\u00eb em\u00ebr t\u00eb Bashkimit Evropian \u2013 Donatori kryesor i RHP \u2013 Z. Holger Schr\u00f6der p\u00ebrg\u00ebzoi t\u00eb gjitha familjet p\u00ebr sht\u00ebpit\u00eb e tyre t\u00eb reja, dhe reflektoi mbi r\u00ebnd\u00ebsin\u00eb q\u00eb ka RHP si p\u00ebr rajonin ashtu edhe p\u00ebr BE. \u201cProgrami Rajonal i Strehimit simbolizon solidaritetin e BE-s\u00eb ndaj familjeve t\u00eb prekshme t\u00eb cilat lan\u00eb pas jet\u00ebt e tyre\u201d, tha ai.<\/p>\n<p>&nbsp;<\/p>\n<p style=\"font-weight: 400;\">Vizita nga grupet e interesit RHP n\u00eb Vr\u0161ac ishte n\u00eb vijim t\u00eb nj\u00eb takimi t\u00eb Asambles\u00eb s\u00eb Donator\u00ebve t\u00eb RHP at\u00eb m\u00ebngjes, paraprir\u00eb nga nj\u00eb takim i Komitetit Drejtues t\u00eb RHP n\u00eb Beograd n\u00eb 30 N\u00ebntor, organizuar nga Komisariati p\u00ebr Refugjat\u00ebt dhe Migrimin i Republik\u00ebs s\u00eb Serbis\u00eb, drejtuar nga Bashkimi Evropian, dhe bashk\u00eb-drejtuar nga Zvicra, nj\u00eb tjet\u00ebr donator ky\u00e7 i Programit.<\/p>\n","protected":false},"excerpt":{"rendered":"<p>Programi Rajonal i Strehimit (RHP) festoi nj\u00eb moment t\u00eb r\u00ebnd\u00ebsish\u00ebm n\u00eb 30 N\u00ebntor, me shp\u00ebrndarjen e sht\u00ebpis\u00eb num\u00ebr 10,000 p\u00ebr refugjat\u00ebt m\u00eb t\u00eb preksh\u00ebm dhe <\/p>\n","protected":false},"author":152227,"featured_media":905698,"comment_status":"closed","ping_status":"closed","sticky":false,"template":"","format":"standard","meta":{"_acf_changed":false,"_monsterinsights_skip_tracking":false,"_monsterinsights_sitenote_active":false,"_monsterinsights_sitenote_note":"","_monsterinsights_sitenote_category":0,"footnotes":""},"country-for-news":[415,421,428,431,437,441],"class_list":["post-956682","post","type-post","status-publish","format-standard","has-post-thumbnail","hentry","wb_theme-equality-and-fair-society","country-for-news-albania","country-for-news-bosnia-and-herzegovina","country-for-news-kosovo","country-for-news-montenegro","country-for-news-north-macedonia","country-for-news-serbia"],"acf":[],"yoast_head":"<!-- This site is optimized with the Yoast SEO plugin v25.3.1 - https:\/\/yoast.com\/wordpress\/plugins\/seo\/ -->\n<title>Programi Rajonal i Strehimit feston shp\u00ebrndarjen e 10,000 sht\u00ebpive n\u00eb Ballkanin Per\u00ebndimor News | WeBalkans<\/title>\n<meta name=\"description\" content=\"Programi Rajonal i Strehimit feston shp\u00ebrndarjen e 10,000 sht\u00ebpive n\u00eb Ballkanin Per\u00ebndimor\" \/>\n<meta name=\"robots\" content=\"index, follow, max-snippet:-1, max-image-preview:large, max-video-preview:-1\" \/>\n<link rel=\"canonical\" href=\"https:\/\/webalkans.eu\/sq\/news\/the-regional-housing-programme-celebrates-the-delivery-of-its-10-000-home-in-the-western-balkans\/\" \/>\n<meta property=\"og:locale\" content=\"sq_AL\" \/>\n<meta property=\"og:type\" content=\"article\" \/>\n<meta property=\"og:title\" content=\"Programi Rajonal i Strehimit feston shp\u00ebrndarjen e 10,000 sht\u00ebpive n\u00eb Ballkanin Per\u00ebndimor News | WeBalkans\" \/>\n<meta property=\"og:description\" content=\"Programi Rajonal i Strehimit feston shp\u00ebrndarjen e 10,000 sht\u00ebpive n\u00eb Ballkanin Per\u00ebndimor\" \/>\n<meta property=\"og:url\" content=\"https:\/\/webalkans.eu\/sq\/news\/the-regional-housing-programme-celebrates-the-delivery-of-its-10-000-home-in-the-western-balkans\/\" \/>\n<meta property=\"og:site_name\" content=\"WeBalkans | EU Projects in the Western Balkans\" \/>\n<meta property=\"article:publisher\" content=\"https:\/\/www.facebook.com\/webalkans.eu\" \/>\n<meta property=\"article:published_time\" content=\"2022-12-07T12:08:51+00:00\" \/>\n<meta property=\"article:modified_time\" content=\"2022-12-23T09:07:57+00:00\" \/>\n<meta property=\"og:image\" content=\"https:\/\/webalkans.eu\/wp-content\/uploads\/2022\/12\/2-1024x680.png\" \/>\n\t<meta property=\"og:image:width\" content=\"1024\" \/>\n\t<meta property=\"og:image:height\" content=\"680\" \/>\n\t<meta property=\"og:image:type\" content=\"image\/png\" \/>\n<meta name=\"author\" content=\"007designstudio@gmail.com\" \/>\n<meta name=\"twitter:card\" content=\"summary_large_image\" \/>\n<meta name=\"twitter:creator\" content=\"@WeBalkans\" \/>\n<meta name=\"twitter:site\" content=\"@WeBalkans\" \/>\n<meta name=\"twitter:label1\" content=\"Written by\" \/>\n\t<meta name=\"twitter:data1\" content=\"007designstudio@gmail.com\" \/>\n\t<meta name=\"twitter:label2\" content=\"Est. reading time\" \/>\n\t<meta name=\"twitter:data2\" content=\"2 minutes\" \/>\n<script type=\"application\/ld+json\" class=\"yoast-schema-graph\">{\"@context\":\"https:\/\/schema.org\",\"@graph\":[{\"@type\":\"Article\",\"@id\":\"https:\/\/webalkans.eu\/sq\/news\/the-regional-housing-programme-celebrates-the-delivery-of-its-10-000-home-in-the-western-balkans\/#article\",\"isPartOf\":{\"@id\":\"https:\/\/webalkans.eu\/sq\/news\/the-regional-housing-programme-celebrates-the-delivery-of-its-10-000-home-in-the-western-balkans\/\"},\"author\":{\"name\":\"007designstudio@gmail.com\",\"@id\":\"https:\/\/webalkans.eu\/sq\/#\/schema\/person\/95a8ea19ef21de3b7766e9b65ffdb4da\"},\"headline\":\"Programi Rajonal i Strehimit feston shp\u00ebrndarjen e 10,000 sht\u00ebpive n\u00eb Ballkanin Per\u00ebndimor\",\"datePublished\":\"2022-12-07T12:08:51+00:00\",\"dateModified\":\"2022-12-23T09:07:57+00:00\",\"mainEntityOfPage\":{\"@id\":\"https:\/\/webalkans.eu\/sq\/news\/the-regional-housing-programme-celebrates-the-delivery-of-its-10-000-home-in-the-western-balkans\/\"},\"wordCount\":329,\"publisher\":{\"@id\":\"https:\/\/webalkans.eu\/sq\/#organization\"},\"image\":{\"@id\":\"https:\/\/webalkans.eu\/sq\/news\/the-regional-housing-programme-celebrates-the-delivery-of-its-10-000-home-in-the-western-balkans\/#primaryimage\"},\"thumbnailUrl\":\"https:\/\/webalkans.eu\/wp-content\/uploads\/2022\/12\/2.png\",\"inLanguage\":\"sq-AL\"},{\"@type\":\"WebPage\",\"@id\":\"https:\/\/webalkans.eu\/sq\/news\/the-regional-housing-programme-celebrates-the-delivery-of-its-10-000-home-in-the-western-balkans\/\",\"url\":\"https:\/\/webalkans.eu\/sq\/news\/the-regional-housing-programme-celebrates-the-delivery-of-its-10-000-home-in-the-western-balkans\/\",\"name\":\"Programi Rajonal i Strehimit feston shp\u00ebrndarjen e 10,000 sht\u00ebpive n\u00eb Ballkanin Per\u00ebndimor News | WeBalkans\",\"isPartOf\":{\"@id\":\"https:\/\/webalkans.eu\/sq\/#website\"},\"primaryImageOfPage\":{\"@id\":\"https:\/\/webalkans.eu\/sq\/news\/the-regional-housing-programme-celebrates-the-delivery-of-its-10-000-home-in-the-western-balkans\/#primaryimage\"},\"image\":{\"@id\":\"https:\/\/webalkans.eu\/sq\/news\/the-regional-housing-programme-celebrates-the-delivery-of-its-10-000-home-in-the-western-balkans\/#primaryimage\"},\"thumbnailUrl\":\"https:\/\/webalkans.eu\/wp-content\/uploads\/2022\/12\/2.png\",\"datePublished\":\"2022-12-07T12:08:51+00:00\",\"dateModified\":\"2022-12-23T09:07:57+00:00\",\"description\":\"Programi Rajonal i Strehimit feston shp\u00ebrndarjen e 10,000 sht\u00ebpive n\u00eb Ballkanin Per\u00ebndimor\",\"breadcrumb\":{\"@id\":\"https:\/\/webalkans.eu\/sq\/news\/the-regional-housing-programme-celebrates-the-delivery-of-its-10-000-home-in-the-western-balkans\/#breadcrumb\"},\"inLanguage\":\"sq-AL\",\"potentialAction\":[{\"@type\":\"ReadAction\",\"target\":[\"https:\/\/webalkans.eu\/sq\/news\/the-regional-housing-programme-celebrates-the-delivery-of-its-10-000-home-in-the-western-balkans\/\"]}]},{\"@type\":\"ImageObject\",\"inLanguage\":\"sq-AL\",\"@id\":\"https:\/\/webalkans.eu\/sq\/news\/the-regional-housing-programme-celebrates-the-delivery-of-its-10-000-home-in-the-western-balkans\/#primaryimage\",\"url\":\"https:\/\/webalkans.eu\/wp-content\/uploads\/2022\/12\/2.png\",\"contentUrl\":\"https:\/\/webalkans.eu\/wp-content\/uploads\/2022\/12\/2.png\",\"width\":1500,\"height\":996},{\"@type\":\"BreadcrumbList\",\"@id\":\"https:\/\/webalkans.eu\/sq\/news\/the-regional-housing-programme-celebrates-the-delivery-of-its-10-000-home-in-the-western-balkans\/#breadcrumb\",\"itemListElement\":[{\"@type\":\"ListItem\",\"position\":1,\"name\":\"Home\",\"item\":\"https:\/\/webalkans.eu\/sq\/homepage\/\"},{\"@type\":\"ListItem\",\"position\":2,\"name\":\"Programi Rajonal i Strehimit feston shp\u00ebrndarjen e 10,000 sht\u00ebpive n\u00eb Ballkanin Per\u00ebndimor\"}]},{\"@type\":\"WebSite\",\"@id\":\"https:\/\/webalkans.eu\/sq\/#website\",\"url\":\"https:\/\/webalkans.eu\/sq\/\",\"name\":\"WeBalkans | EU Projects in the Western Balkans\",\"description\":\"\",\"publisher\":{\"@id\":\"https:\/\/webalkans.eu\/sq\/#organization\"},\"potentialAction\":[{\"@type\":\"SearchAction\",\"target\":{\"@type\":\"EntryPoint\",\"urlTemplate\":\"https:\/\/webalkans.eu\/sq\/?s={search_term_string}\"},\"query-input\":{\"@type\":\"PropertyValueSpecification\",\"valueRequired\":true,\"valueName\":\"search_term_string\"}}],\"inLanguage\":\"sq-AL\"},{\"@type\":\"Organization\",\"@id\":\"https:\/\/webalkans.eu\/sq\/#organization\",\"name\":\"European Union\",\"url\":\"https:\/\/webalkans.eu\/sq\/\",\"logo\":{\"@type\":\"ImageObject\",\"inLanguage\":\"sq-AL\",\"@id\":\"https:\/\/webalkans.eu\/sq\/#\/schema\/logo\/image\/\",\"url\":\"https:\/\/webalkans.eu\/wp-content\/uploads\/2020\/11\/eu_flag.jpg\",\"contentUrl\":\"https:\/\/webalkans.eu\/wp-content\/uploads\/2020\/11\/eu_flag.jpg\",\"width\":600,\"height\":401,\"caption\":\"European Union\"},\"image\":{\"@id\":\"https:\/\/webalkans.eu\/sq\/#\/schema\/logo\/image\/\"},\"sameAs\":[\"https:\/\/www.facebook.com\/webalkans.eu\",\"https:\/\/x.com\/WeBalkans\"]},{\"@type\":\"Person\",\"@id\":\"https:\/\/webalkans.eu\/sq\/#\/schema\/person\/95a8ea19ef21de3b7766e9b65ffdb4da\",\"name\":\"007designstudio@gmail.com\"}]}<\/script>\n<!-- \/ Yoast SEO plugin. -->","yoast_head_json":{"title":"Programi Rajonal i Strehimit feston shp\u00ebrndarjen e 10,000 sht\u00ebpive n\u00eb Ballkanin Per\u00ebndimor News | WeBalkans","description":"Programi Rajonal i Strehimit feston shp\u00ebrndarjen e 10,000 sht\u00ebpive n\u00eb Ballkanin Per\u00ebndimor","robots":{"index":"index","follow":"follow","max-snippet":"max-snippet:-1","max-image-preview":"max-image-preview:large","max-video-preview":"max-video-preview:-1"},"canonical":"https:\/\/webalkans.eu\/sq\/news\/the-regional-housing-programme-celebrates-the-delivery-of-its-10-000-home-in-the-western-balkans\/","og_locale":"sq_AL","og_type":"article","og_title":"Programi Rajonal i Strehimit feston shp\u00ebrndarjen e 10,000 sht\u00ebpive n\u00eb Ballkanin Per\u00ebndimor News | WeBalkans","og_description":"Programi Rajonal i Strehimit feston shp\u00ebrndarjen e 10,000 sht\u00ebpive n\u00eb Ballkanin Per\u00ebndimor","og_url":"https:\/\/webalkans.eu\/sq\/news\/the-regional-housing-programme-celebrates-the-delivery-of-its-10-000-home-in-the-western-balkans\/","og_site_name":"WeBalkans | EU Projects in the Western Balkans","article_publisher":"https:\/\/www.facebook.com\/webalkans.eu","article_published_time":"2022-12-07T12:08:51+00:00","article_modified_time":"2022-12-23T09:07:57+00:00","og_image":[{"width":1024,"height":680,"url":"https:\/\/webalkans.eu\/wp-content\/uploads\/2022\/12\/2-1024x680.png","type":"image\/png"}],"author":"007designstudio@gmail.com","twitter_card":"summary_large_image","twitter_creator":"@WeBalkans","twitter_site":"@WeBalkans","twitter_misc":{"Written by":"007designstudio@gmail.com","Est. reading time":"2 minutes"},"schema":{"@context":"https:\/\/schema.org","@graph":[{"@type":"Article","@id":"https:\/\/webalkans.eu\/sq\/news\/the-regional-housing-programme-celebrates-the-delivery-of-its-10-000-home-in-the-western-balkans\/#article","isPartOf":{"@id":"https:\/\/webalkans.eu\/sq\/news\/the-regional-housing-programme-celebrates-the-delivery-of-its-10-000-home-in-the-western-balkans\/"},"author":{"name":"007designstudio@gmail.com","@id":"https:\/\/webalkans.eu\/sq\/#\/schema\/person\/95a8ea19ef21de3b7766e9b65ffdb4da"},"headline":"Programi Rajonal i Strehimit feston shp\u00ebrndarjen e 10,000 sht\u00ebpive n\u00eb Ballkanin Per\u00ebndimor","datePublished":"2022-12-07T12:08:51+00:00","dateModified":"2022-12-23T09:07:57+00:00","mainEntityOfPage":{"@id":"https:\/\/webalkans.eu\/sq\/news\/the-regional-housing-programme-celebrates-the-delivery-of-its-10-000-home-in-the-western-balkans\/"},"wordCount":329,"publisher":{"@id":"https:\/\/webalkans.eu\/sq\/#organization"},"image":{"@id":"https:\/\/webalkans.eu\/sq\/news\/the-regional-housing-programme-celebrates-the-delivery-of-its-10-000-home-in-the-western-balkans\/#primaryimage"},"thumbnailUrl":"https:\/\/webalkans.eu\/wp-content\/uploads\/2022\/12\/2.png","inLanguage":"sq-AL"},{"@type":"WebPage","@id":"https:\/\/webalkans.eu\/sq\/news\/the-regional-housing-programme-celebrates-the-delivery-of-its-10-000-home-in-the-western-balkans\/","url":"https:\/\/webalkans.eu\/sq\/news\/the-regional-housing-programme-celebrates-the-delivery-of-its-10-000-home-in-the-western-balkans\/","name":"Programi Rajonal i Strehimit feston shp\u00ebrndarjen e 10,000 sht\u00ebpive n\u00eb Ballkanin Per\u00ebndimor News | WeBalkans","isPartOf":{"@id":"https:\/\/webalkans.eu\/sq\/#website"},"primaryImageOfPage":{"@id":"https:\/\/webalkans.eu\/sq\/news\/the-regional-housing-programme-celebrates-the-delivery-of-its-10-000-home-in-the-western-balkans\/#primaryimage"},"image":{"@id":"https:\/\/webalkans.eu\/sq\/news\/the-regional-housing-programme-celebrates-the-delivery-of-its-10-000-home-in-the-western-balkans\/#primaryimage"},"thumbnailUrl":"https:\/\/webalkans.eu\/wp-content\/uploads\/2022\/12\/2.png","datePublished":"2022-12-07T12:08:51+00:00","dateModified":"2022-12-23T09:07:57+00:00","description":"Programi Rajonal i Strehimit feston shp\u00ebrndarjen e 10,000 sht\u00ebpive n\u00eb Ballkanin Per\u00ebndimor","breadcrumb":{"@id":"https:\/\/webalkans.eu\/sq\/news\/the-regional-housing-programme-celebrates-the-delivery-of-its-10-000-home-in-the-western-balkans\/#breadcrumb"},"inLanguage":"sq-AL","potentialAction":[{"@type":"ReadAction","target":["https:\/\/webalkans.eu\/sq\/news\/the-regional-housing-programme-celebrates-the-delivery-of-its-10-000-home-in-the-western-balkans\/"]}]},{"@type":"ImageObject","inLanguage":"sq-AL","@id":"https:\/\/webalkans.eu\/sq\/news\/the-regional-housing-programme-celebrates-the-delivery-of-its-10-000-home-in-the-western-balkans\/#primaryimage","url":"https:\/\/webalkans.eu\/wp-content\/uploads\/2022\/12\/2.png","contentUrl":"https:\/\/webalkans.eu\/wp-content\/uploads\/2022\/12\/2.png","width":1500,"height":996},{"@type":"BreadcrumbList","@id":"https:\/\/webalkans.eu\/sq\/news\/the-regional-housing-programme-celebrates-the-delivery-of-its-10-000-home-in-the-western-balkans\/#breadcrumb","itemListElement":[{"@type":"ListItem","position":1,"name":"Home","item":"https:\/\/webalkans.eu\/sq\/homepage\/"},{"@type":"ListItem","position":2,"name":"Programi Rajonal i Strehimit feston shp\u00ebrndarjen e 10,000 sht\u00ebpive n\u00eb Ballkanin Per\u00ebndimor"}]},{"@type":"WebSite","@id":"https:\/\/webalkans.eu\/sq\/#website","url":"https:\/\/webalkans.eu\/sq\/","name":"WeBalkans | EU Projects in the Western Balkans","description":"","publisher":{"@id":"https:\/\/webalkans.eu\/sq\/#organization"},"potentialAction":[{"@type":"SearchAction","target":{"@type":"EntryPoint","urlTemplate":"https:\/\/webalkans.eu\/sq\/?s={search_term_string}"},"query-input":{"@type":"PropertyValueSpecification","valueRequired":true,"valueName":"search_term_string"}}],"inLanguage":"sq-AL"},{"@type":"Organization","@id":"https:\/\/webalkans.eu\/sq\/#organization","name":"European Union","url":"https:\/\/webalkans.eu\/sq\/","logo":{"@type":"ImageObject","inLanguage":"sq-AL","@id":"https:\/\/webalkans.eu\/sq\/#\/schema\/logo\/image\/","url":"https:\/\/webalkans.eu\/wp-content\/uploads\/2020\/11\/eu_flag.jpg","contentUrl":"https:\/\/webalkans.eu\/wp-content\/uploads\/2020\/11\/eu_flag.jpg","width":600,"height":401,"caption":"European Union"},"image":{"@id":"https:\/\/webalkans.eu\/sq\/#\/schema\/logo\/image\/"},"sameAs":["https:\/\/www.facebook.com\/webalkans.eu","https:\/\/x.com\/WeBalkans"]},{"@type":"Person","@id":"https:\/\/webalkans.eu\/sq\/#\/schema\/person\/95a8ea19ef21de3b7766e9b65ffdb4da","name":"007designstudio@gmail.com"}]}},"_links":{"self":[{"href":"https:\/\/webalkans.eu\/sq\/wp-json\/wp\/v2\/posts\/956682"}],"collection":[{"href":"https:\/\/webalkans.eu\/sq\/wp-json\/wp\/v2\/posts"}],"about":[{"href":"https:\/\/webalkans.eu\/sq\/wp-json\/wp\/v2\/types\/post"}],"author":[{"embeddable":true,"href":"https:\/\/webalkans.eu\/sq\/wp-json\/wp\/v2\/users\/152227"}],"replies":[{"embeddable":true,"href":"https:\/\/webalkans.eu\/sq\/wp-json\/wp\/v2\/comments?post=956682"}],"version-history":[{"count":0,"href":"https:\/\/webalkans.eu\/sq\/wp-json\/wp\/v2\/posts\/956682\/revisions"}],"wp:featuredmedia":[{"embeddable":true,"href":"https:\/\/webalkans.eu\/sq\/wp-json\/wp\/v2\/media\/905698"}],"wp:attachment":[{"href":"https:\/\/webalkans.eu\/sq\/wp-json\/wp\/v2\/media?parent=956682"}],"wp:term":[{"taxonomy":"country-for-news","embeddable":true,"href":"https:\/\/webalkans.eu\/sq\/wp-json\/wp\/v2\/country-for-news?post=956682"}],"curies":[{"name":"wp","href":"https:\/\/api.w.org\/{rel}","templated":true}]}}