
{"id":956672,"date":"2022-12-07T11:19:24","date_gmt":"2022-12-07T10:19:24","guid":{"rendered":"https:\/\/webalkans.eu\/news\/made-of-us-an-incredible-adventure-is-about-to-begin-in-spring-2023\/"},"modified":"2022-12-23T10:05:08","modified_gmt":"2022-12-23T09:05:08","slug":"made-of-us-an-incredible-adventure-is-about-to-begin-in-spring-2023","status":"publish","type":"post","link":"https:\/\/webalkans.eu\/sq\/news\/made-of-us-an-incredible-adventure-is-about-to-begin-in-spring-2023\/","title":{"rendered":"MADE OF US: Nj\u00eb aventur\u00eb e pabesueshme do t\u00eb nis\u00eb n\u00eb pranver\u00ebn e vitit 2023"},"content":{"rendered":"<p style=\"font-weight: 400;\">Ne n\u00eb WeBalkans jemi krenar\u00eb q\u00eb hapim nj\u00eb thirrje p\u00ebr aplikime drejtuar vlogerev\u00eb nga Ballkani Per\u00ebndimor t\u00eb cil\u00ebt duhet t\u00eb b\u00ebhen pjes\u00eb e udh\u00ebtimit \u201cMade of Us\u201d p\u00ebrmes Ballkanit Per\u00ebndimor. Kjo aventur\u00eb pritet t\u00eb ndodh\u00eb n\u00eb pranver\u00ebn e vitit 2023. Ftojm\u00eb t\u00eb gjith\u00eb vloger\u00ebt e talentuar nga Ballkani Per\u00ebndimor, 21 deri n\u00eb 30 vje\u00e7, t\u00eb aplikojn\u00eb n\u00eb portalin e dedikuar <u>WeBalkans.eu<\/u>.<\/p>\n<p style=\"font-weight: 400;\"><strong>\u00a0<\/strong><\/p>\n<p style=\"font-weight: 400;\">Vloger\u00ebt e p\u00ebrzgjedhur do t\u00eb vizitojn\u00eb projekte t\u00eb mb\u00ebshtetura nga BE dhe takojn\u00eb personalitete interesante dhe frym\u00ebzuese, duke ekspozuar gjithashtu peizazhin natyror, objektet dhe vendet e jasht\u00ebzakonshme si dhe trash\u00ebgimin\u00eb kulturore unike q\u00eb ka Ballkani Per\u00ebndimor. Udh\u00ebtar\u00ebt e p\u00ebrzgjedhur do t\u00eb regjistrojn\u00eb eksperiencat q\u00eb do t\u00eb ken\u00eb duke p\u00ebrdorur pajisjet e tyre dhe p\u00ebrkthyer udh\u00ebtimin n\u00eb materiale t\u00eb cil\u00ebsis\u00eb s\u00eb lart\u00eb p\u00ebr media sociale dhe ueb, foto dhe video t\u00eb cilat do t\u00eb shp\u00ebrndahen p\u00ebrmes kanaleve t\u00eb tyre dhe t\u00eb WeBalkans.<\/p>\n<p>&nbsp;<\/p>\n<p style=\"font-weight: 400;\">Udh\u00ebtimi do t\u00eb jet\u00eb edhe m\u00eb shum\u00eb emocionues duke qen\u00eb se gjasht\u00eb fituesit nga Ballkani Per\u00ebndimor nuk do t\u00eb udh\u00ebtojn\u00eb t\u00eb vet\u00ebm. N\u00eb fillim t\u00eb vitit 2023, ata do t\u00eb b\u00ebhen bashk\u00eb me gjasht\u00eb krijues nga BE p\u00ebr t\u00eb udh\u00ebtuar s\u00eb bashku dhe bashk\u00ebpunuar p\u00ebr prodhimin e materialeve. Dy grupet BE-Ballkani Per\u00ebndimor me nga gjasht\u00eb persona secili do t\u00eb ken\u00eb mund\u00ebsi t\u00eb eksplorojn\u00eb m\u00eb t\u00eb mirat e Ballkanit Per\u00ebndimor, duke ia treguar me fjal\u00ebt e tyre pjes\u00ebs tjet\u00ebr t\u00eb bot\u00ebs n\u00eb Prill-Maj 2023!<\/p>\n<p>&nbsp;<\/p>\n<p style=\"font-weight: 400;\">I ftojm\u00eb t\u00eb gjith\u00eb t\u00eb interesuarit t\u00eb vizitojn\u00eb faqen ton\u00eb t\u00eb internetit <a href=\"https:\/\/webalkans.eu\/en\/made-of-us\/\">webalkans.eu<\/a> p\u00ebr m\u00eb shum\u00eb informacion p\u00ebr procesin e p\u00ebrzgjedhjes, duke p\u00ebrfshir\u00eb afatet dhe kushtet p\u00ebr pjes\u00ebmarrje. Faza e aplikimit fillon n\u00eb 7 Dhjetor dhe do t\u00eb jet\u00eb e hapur deri n\u00eb 7 Janar 2023. \u201cMade of US\u201d \u00ebsht\u00eb fushata e tret\u00eb rajonale e nd\u00ebrgjegj\u00ebsimit qe prezantohet nga WeBalkans, nj\u00eb projekt q\u00eb financohet nga Bashkimi Evropian.<\/p>\n","protected":false},"excerpt":{"rendered":"<p>Ne n\u00eb WeBalkans jemi krenar\u00eb q\u00eb hapim nj\u00eb thirrje p\u00ebr aplikime drejtuar vlogerev\u00eb nga Ballkani Per\u00ebndimor t\u00eb cil\u00ebt duhet t\u00eb b\u00ebhen pjes\u00eb e udh\u00ebtimit \u201cMade <\/p>\n","protected":false},"author":152227,"featured_media":905487,"comment_status":"closed","ping_status":"closed","sticky":false,"template":"","format":"standard","meta":{"_acf_changed":false,"_monsterinsights_skip_tracking":false,"_monsterinsights_sitenote_active":false,"_monsterinsights_sitenote_note":"","_monsterinsights_sitenote_category":0,"footnotes":""},"country-for-news":[415,421,428,431,437,441],"class_list":["post-956672","post","type-post","status-publish","format-standard","has-post-thumbnail","hentry","wb_theme-environment","wb_theme-equality-and-fair-society","wb_theme-innovation-and-skills","wb_theme-regional-cooperation","wb_theme-connectivity","wb_theme-culture-and-youth","wb_theme-democracy-and-fundamental-rights","wb_theme-economy","country-for-news-albania","country-for-news-bosnia-and-herzegovina","country-for-news-kosovo","country-for-news-montenegro","country-for-news-north-macedonia","country-for-news-serbia"],"acf":[],"yoast_head":"<!-- This site is optimized with the Yoast SEO plugin v25.3.1 - https:\/\/yoast.com\/wordpress\/plugins\/seo\/ -->\n<title>MADE OF US: Nj\u00eb aventur\u00eb e pabesueshme do t\u00eb nis\u00eb n\u00eb pranver\u00ebn e vitit 2023 News | WeBalkans<\/title>\n<meta name=\"description\" content=\"MADE OF US: Nj\u00eb aventur\u00eb e pabesueshme do t\u00eb nis\u00eb n\u00eb pranver\u00ebn e vitit 2023\" \/>\n<meta name=\"robots\" content=\"index, follow, max-snippet:-1, max-image-preview:large, max-video-preview:-1\" \/>\n<link rel=\"canonical\" href=\"https:\/\/webalkans.eu\/sq\/news\/made-of-us-an-incredible-adventure-is-about-to-begin-in-spring-2023\/\" \/>\n<meta property=\"og:locale\" content=\"sq_AL\" \/>\n<meta property=\"og:type\" content=\"article\" \/>\n<meta property=\"og:title\" content=\"MADE OF US: Nj\u00eb aventur\u00eb e pabesueshme do t\u00eb nis\u00eb n\u00eb pranver\u00ebn e vitit 2023 News | WeBalkans\" \/>\n<meta property=\"og:description\" content=\"MADE OF US: Nj\u00eb aventur\u00eb e pabesueshme do t\u00eb nis\u00eb n\u00eb pranver\u00ebn e vitit 2023\" \/>\n<meta property=\"og:url\" content=\"https:\/\/webalkans.eu\/sq\/news\/made-of-us-an-incredible-adventure-is-about-to-begin-in-spring-2023\/\" \/>\n<meta property=\"og:site_name\" content=\"WeBalkans | EU Projects in the Western Balkans\" \/>\n<meta property=\"article:publisher\" content=\"https:\/\/www.facebook.com\/webalkans.eu\" \/>\n<meta property=\"article:published_time\" content=\"2022-12-07T10:19:24+00:00\" \/>\n<meta property=\"article:modified_time\" content=\"2022-12-23T09:05:08+00:00\" \/>\n<meta property=\"og:image\" content=\"https:\/\/webalkans.eu\/wp-content\/uploads\/2022\/12\/CARD-NEWS-763X450.png\" \/>\n\t<meta property=\"og:image:width\" content=\"763\" \/>\n\t<meta property=\"og:image:height\" content=\"450\" \/>\n\t<meta property=\"og:image:type\" content=\"image\/png\" \/>\n<meta name=\"author\" content=\"007designstudio@gmail.com\" \/>\n<meta name=\"twitter:card\" content=\"summary_large_image\" \/>\n<meta name=\"twitter:creator\" content=\"@WeBalkans\" \/>\n<meta name=\"twitter:site\" content=\"@WeBalkans\" \/>\n<meta name=\"twitter:label1\" content=\"Written by\" \/>\n\t<meta name=\"twitter:data1\" content=\"007designstudio@gmail.com\" \/>\n\t<meta name=\"twitter:label2\" content=\"Est. reading time\" \/>\n\t<meta name=\"twitter:data2\" content=\"2 minutes\" \/>\n<script type=\"application\/ld+json\" class=\"yoast-schema-graph\">{\"@context\":\"https:\/\/schema.org\",\"@graph\":[{\"@type\":\"Article\",\"@id\":\"https:\/\/webalkans.eu\/sq\/news\/made-of-us-an-incredible-adventure-is-about-to-begin-in-spring-2023\/#article\",\"isPartOf\":{\"@id\":\"https:\/\/webalkans.eu\/sq\/news\/made-of-us-an-incredible-adventure-is-about-to-begin-in-spring-2023\/\"},\"author\":{\"name\":\"007designstudio@gmail.com\",\"@id\":\"https:\/\/webalkans.eu\/sq\/#\/schema\/person\/95a8ea19ef21de3b7766e9b65ffdb4da\"},\"headline\":\"MADE OF US: Nj\u00eb aventur\u00eb e pabesueshme do t\u00eb nis\u00eb n\u00eb pranver\u00ebn e vitit 2023\",\"datePublished\":\"2022-12-07T10:19:24+00:00\",\"dateModified\":\"2022-12-23T09:05:08+00:00\",\"mainEntityOfPage\":{\"@id\":\"https:\/\/webalkans.eu\/sq\/news\/made-of-us-an-incredible-adventure-is-about-to-begin-in-spring-2023\/\"},\"wordCount\":354,\"publisher\":{\"@id\":\"https:\/\/webalkans.eu\/sq\/#organization\"},\"image\":{\"@id\":\"https:\/\/webalkans.eu\/sq\/news\/made-of-us-an-incredible-adventure-is-about-to-begin-in-spring-2023\/#primaryimage\"},\"thumbnailUrl\":\"https:\/\/webalkans.eu\/wp-content\/uploads\/2022\/12\/CARD-NEWS-763X450.png\",\"inLanguage\":\"sq-AL\"},{\"@type\":\"WebPage\",\"@id\":\"https:\/\/webalkans.eu\/sq\/news\/made-of-us-an-incredible-adventure-is-about-to-begin-in-spring-2023\/\",\"url\":\"https:\/\/webalkans.eu\/sq\/news\/made-of-us-an-incredible-adventure-is-about-to-begin-in-spring-2023\/\",\"name\":\"MADE OF US: Nj\u00eb aventur\u00eb e pabesueshme do t\u00eb nis\u00eb n\u00eb pranver\u00ebn e vitit 2023 News | WeBalkans\",\"isPartOf\":{\"@id\":\"https:\/\/webalkans.eu\/sq\/#website\"},\"primaryImageOfPage\":{\"@id\":\"https:\/\/webalkans.eu\/sq\/news\/made-of-us-an-incredible-adventure-is-about-to-begin-in-spring-2023\/#primaryimage\"},\"image\":{\"@id\":\"https:\/\/webalkans.eu\/sq\/news\/made-of-us-an-incredible-adventure-is-about-to-begin-in-spring-2023\/#primaryimage\"},\"thumbnailUrl\":\"https:\/\/webalkans.eu\/wp-content\/uploads\/2022\/12\/CARD-NEWS-763X450.png\",\"datePublished\":\"2022-12-07T10:19:24+00:00\",\"dateModified\":\"2022-12-23T09:05:08+00:00\",\"description\":\"MADE OF US: Nj\u00eb aventur\u00eb e pabesueshme do t\u00eb nis\u00eb n\u00eb pranver\u00ebn e vitit 2023\",\"breadcrumb\":{\"@id\":\"https:\/\/webalkans.eu\/sq\/news\/made-of-us-an-incredible-adventure-is-about-to-begin-in-spring-2023\/#breadcrumb\"},\"inLanguage\":\"sq-AL\",\"potentialAction\":[{\"@type\":\"ReadAction\",\"target\":[\"https:\/\/webalkans.eu\/sq\/news\/made-of-us-an-incredible-adventure-is-about-to-begin-in-spring-2023\/\"]}]},{\"@type\":\"ImageObject\",\"inLanguage\":\"sq-AL\",\"@id\":\"https:\/\/webalkans.eu\/sq\/news\/made-of-us-an-incredible-adventure-is-about-to-begin-in-spring-2023\/#primaryimage\",\"url\":\"https:\/\/webalkans.eu\/wp-content\/uploads\/2022\/12\/CARD-NEWS-763X450.png\",\"contentUrl\":\"https:\/\/webalkans.eu\/wp-content\/uploads\/2022\/12\/CARD-NEWS-763X450.png\",\"width\":763,\"height\":450},{\"@type\":\"BreadcrumbList\",\"@id\":\"https:\/\/webalkans.eu\/sq\/news\/made-of-us-an-incredible-adventure-is-about-to-begin-in-spring-2023\/#breadcrumb\",\"itemListElement\":[{\"@type\":\"ListItem\",\"position\":1,\"name\":\"Home\",\"item\":\"https:\/\/webalkans.eu\/sq\/homepage\/\"},{\"@type\":\"ListItem\",\"position\":2,\"name\":\"MADE OF US: Nj\u00eb aventur\u00eb e pabesueshme do t\u00eb nis\u00eb n\u00eb pranver\u00ebn e vitit 2023\"}]},{\"@type\":\"WebSite\",\"@id\":\"https:\/\/webalkans.eu\/sq\/#website\",\"url\":\"https:\/\/webalkans.eu\/sq\/\",\"name\":\"WeBalkans | EU Projects in the Western Balkans\",\"description\":\"\",\"publisher\":{\"@id\":\"https:\/\/webalkans.eu\/sq\/#organization\"},\"potentialAction\":[{\"@type\":\"SearchAction\",\"target\":{\"@type\":\"EntryPoint\",\"urlTemplate\":\"https:\/\/webalkans.eu\/sq\/?s={search_term_string}\"},\"query-input\":{\"@type\":\"PropertyValueSpecification\",\"valueRequired\":true,\"valueName\":\"search_term_string\"}}],\"inLanguage\":\"sq-AL\"},{\"@type\":\"Organization\",\"@id\":\"https:\/\/webalkans.eu\/sq\/#organization\",\"name\":\"European Union\",\"url\":\"https:\/\/webalkans.eu\/sq\/\",\"logo\":{\"@type\":\"ImageObject\",\"inLanguage\":\"sq-AL\",\"@id\":\"https:\/\/webalkans.eu\/sq\/#\/schema\/logo\/image\/\",\"url\":\"https:\/\/webalkans.eu\/wp-content\/uploads\/2020\/11\/eu_flag.jpg\",\"contentUrl\":\"https:\/\/webalkans.eu\/wp-content\/uploads\/2020\/11\/eu_flag.jpg\",\"width\":600,\"height\":401,\"caption\":\"European Union\"},\"image\":{\"@id\":\"https:\/\/webalkans.eu\/sq\/#\/schema\/logo\/image\/\"},\"sameAs\":[\"https:\/\/www.facebook.com\/webalkans.eu\",\"https:\/\/x.com\/WeBalkans\"]},{\"@type\":\"Person\",\"@id\":\"https:\/\/webalkans.eu\/sq\/#\/schema\/person\/95a8ea19ef21de3b7766e9b65ffdb4da\",\"name\":\"007designstudio@gmail.com\"}]}<\/script>\n<!-- \/ Yoast SEO plugin. -->","yoast_head_json":{"title":"MADE OF US: Nj\u00eb aventur\u00eb e pabesueshme do t\u00eb nis\u00eb n\u00eb pranver\u00ebn e vitit 2023 News | WeBalkans","description":"MADE OF US: Nj\u00eb aventur\u00eb e pabesueshme do t\u00eb nis\u00eb n\u00eb pranver\u00ebn e vitit 2023","robots":{"index":"index","follow":"follow","max-snippet":"max-snippet:-1","max-image-preview":"max-image-preview:large","max-video-preview":"max-video-preview:-1"},"canonical":"https:\/\/webalkans.eu\/sq\/news\/made-of-us-an-incredible-adventure-is-about-to-begin-in-spring-2023\/","og_locale":"sq_AL","og_type":"article","og_title":"MADE OF US: Nj\u00eb aventur\u00eb e pabesueshme do t\u00eb nis\u00eb n\u00eb pranver\u00ebn e vitit 2023 News | WeBalkans","og_description":"MADE OF US: Nj\u00eb aventur\u00eb e pabesueshme do t\u00eb nis\u00eb n\u00eb pranver\u00ebn e vitit 2023","og_url":"https:\/\/webalkans.eu\/sq\/news\/made-of-us-an-incredible-adventure-is-about-to-begin-in-spring-2023\/","og_site_name":"WeBalkans | EU Projects in the Western Balkans","article_publisher":"https:\/\/www.facebook.com\/webalkans.eu","article_published_time":"2022-12-07T10:19:24+00:00","article_modified_time":"2022-12-23T09:05:08+00:00","og_image":[{"width":763,"height":450,"url":"https:\/\/webalkans.eu\/wp-content\/uploads\/2022\/12\/CARD-NEWS-763X450.png","type":"image\/png"}],"author":"007designstudio@gmail.com","twitter_card":"summary_large_image","twitter_creator":"@WeBalkans","twitter_site":"@WeBalkans","twitter_misc":{"Written by":"007designstudio@gmail.com","Est. reading time":"2 minutes"},"schema":{"@context":"https:\/\/schema.org","@graph":[{"@type":"Article","@id":"https:\/\/webalkans.eu\/sq\/news\/made-of-us-an-incredible-adventure-is-about-to-begin-in-spring-2023\/#article","isPartOf":{"@id":"https:\/\/webalkans.eu\/sq\/news\/made-of-us-an-incredible-adventure-is-about-to-begin-in-spring-2023\/"},"author":{"name":"007designstudio@gmail.com","@id":"https:\/\/webalkans.eu\/sq\/#\/schema\/person\/95a8ea19ef21de3b7766e9b65ffdb4da"},"headline":"MADE OF US: Nj\u00eb aventur\u00eb e pabesueshme do t\u00eb nis\u00eb n\u00eb pranver\u00ebn e vitit 2023","datePublished":"2022-12-07T10:19:24+00:00","dateModified":"2022-12-23T09:05:08+00:00","mainEntityOfPage":{"@id":"https:\/\/webalkans.eu\/sq\/news\/made-of-us-an-incredible-adventure-is-about-to-begin-in-spring-2023\/"},"wordCount":354,"publisher":{"@id":"https:\/\/webalkans.eu\/sq\/#organization"},"image":{"@id":"https:\/\/webalkans.eu\/sq\/news\/made-of-us-an-incredible-adventure-is-about-to-begin-in-spring-2023\/#primaryimage"},"thumbnailUrl":"https:\/\/webalkans.eu\/wp-content\/uploads\/2022\/12\/CARD-NEWS-763X450.png","inLanguage":"sq-AL"},{"@type":"WebPage","@id":"https:\/\/webalkans.eu\/sq\/news\/made-of-us-an-incredible-adventure-is-about-to-begin-in-spring-2023\/","url":"https:\/\/webalkans.eu\/sq\/news\/made-of-us-an-incredible-adventure-is-about-to-begin-in-spring-2023\/","name":"MADE OF US: Nj\u00eb aventur\u00eb e pabesueshme do t\u00eb nis\u00eb n\u00eb pranver\u00ebn e vitit 2023 News | WeBalkans","isPartOf":{"@id":"https:\/\/webalkans.eu\/sq\/#website"},"primaryImageOfPage":{"@id":"https:\/\/webalkans.eu\/sq\/news\/made-of-us-an-incredible-adventure-is-about-to-begin-in-spring-2023\/#primaryimage"},"image":{"@id":"https:\/\/webalkans.eu\/sq\/news\/made-of-us-an-incredible-adventure-is-about-to-begin-in-spring-2023\/#primaryimage"},"thumbnailUrl":"https:\/\/webalkans.eu\/wp-content\/uploads\/2022\/12\/CARD-NEWS-763X450.png","datePublished":"2022-12-07T10:19:24+00:00","dateModified":"2022-12-23T09:05:08+00:00","description":"MADE OF US: Nj\u00eb aventur\u00eb e pabesueshme do t\u00eb nis\u00eb n\u00eb pranver\u00ebn e vitit 2023","breadcrumb":{"@id":"https:\/\/webalkans.eu\/sq\/news\/made-of-us-an-incredible-adventure-is-about-to-begin-in-spring-2023\/#breadcrumb"},"inLanguage":"sq-AL","potentialAction":[{"@type":"ReadAction","target":["https:\/\/webalkans.eu\/sq\/news\/made-of-us-an-incredible-adventure-is-about-to-begin-in-spring-2023\/"]}]},{"@type":"ImageObject","inLanguage":"sq-AL","@id":"https:\/\/webalkans.eu\/sq\/news\/made-of-us-an-incredible-adventure-is-about-to-begin-in-spring-2023\/#primaryimage","url":"https:\/\/webalkans.eu\/wp-content\/uploads\/2022\/12\/CARD-NEWS-763X450.png","contentUrl":"https:\/\/webalkans.eu\/wp-content\/uploads\/2022\/12\/CARD-NEWS-763X450.png","width":763,"height":450},{"@type":"BreadcrumbList","@id":"https:\/\/webalkans.eu\/sq\/news\/made-of-us-an-incredible-adventure-is-about-to-begin-in-spring-2023\/#breadcrumb","itemListElement":[{"@type":"ListItem","position":1,"name":"Home","item":"https:\/\/webalkans.eu\/sq\/homepage\/"},{"@type":"ListItem","position":2,"name":"MADE OF US: Nj\u00eb aventur\u00eb e pabesueshme do t\u00eb nis\u00eb n\u00eb pranver\u00ebn e vitit 2023"}]},{"@type":"WebSite","@id":"https:\/\/webalkans.eu\/sq\/#website","url":"https:\/\/webalkans.eu\/sq\/","name":"WeBalkans | EU Projects in the Western Balkans","description":"","publisher":{"@id":"https:\/\/webalkans.eu\/sq\/#organization"},"potentialAction":[{"@type":"SearchAction","target":{"@type":"EntryPoint","urlTemplate":"https:\/\/webalkans.eu\/sq\/?s={search_term_string}"},"query-input":{"@type":"PropertyValueSpecification","valueRequired":true,"valueName":"search_term_string"}}],"inLanguage":"sq-AL"},{"@type":"Organization","@id":"https:\/\/webalkans.eu\/sq\/#organization","name":"European Union","url":"https:\/\/webalkans.eu\/sq\/","logo":{"@type":"ImageObject","inLanguage":"sq-AL","@id":"https:\/\/webalkans.eu\/sq\/#\/schema\/logo\/image\/","url":"https:\/\/webalkans.eu\/wp-content\/uploads\/2020\/11\/eu_flag.jpg","contentUrl":"https:\/\/webalkans.eu\/wp-content\/uploads\/2020\/11\/eu_flag.jpg","width":600,"height":401,"caption":"European Union"},"image":{"@id":"https:\/\/webalkans.eu\/sq\/#\/schema\/logo\/image\/"},"sameAs":["https:\/\/www.facebook.com\/webalkans.eu","https:\/\/x.com\/WeBalkans"]},{"@type":"Person","@id":"https:\/\/webalkans.eu\/sq\/#\/schema\/person\/95a8ea19ef21de3b7766e9b65ffdb4da","name":"007designstudio@gmail.com"}]}},"_links":{"self":[{"href":"https:\/\/webalkans.eu\/sq\/wp-json\/wp\/v2\/posts\/956672"}],"collection":[{"href":"https:\/\/webalkans.eu\/sq\/wp-json\/wp\/v2\/posts"}],"about":[{"href":"https:\/\/webalkans.eu\/sq\/wp-json\/wp\/v2\/types\/post"}],"author":[{"embeddable":true,"href":"https:\/\/webalkans.eu\/sq\/wp-json\/wp\/v2\/users\/152227"}],"replies":[{"embeddable":true,"href":"https:\/\/webalkans.eu\/sq\/wp-json\/wp\/v2\/comments?post=956672"}],"version-history":[{"count":0,"href":"https:\/\/webalkans.eu\/sq\/wp-json\/wp\/v2\/posts\/956672\/revisions"}],"wp:featuredmedia":[{"embeddable":true,"href":"https:\/\/webalkans.eu\/sq\/wp-json\/wp\/v2\/media\/905487"}],"wp:attachment":[{"href":"https:\/\/webalkans.eu\/sq\/wp-json\/wp\/v2\/media?parent=956672"}],"wp:term":[{"taxonomy":"country-for-news","embeddable":true,"href":"https:\/\/webalkans.eu\/sq\/wp-json\/wp\/v2\/country-for-news?post=956672"}],"curies":[{"name":"wp","href":"https:\/\/api.w.org\/{rel}","templated":true}]}}