
{"id":932752,"date":"2022-11-30T17:17:39","date_gmt":"2022-11-30T16:17:39","guid":{"rendered":"https:\/\/webalkans.eu\/news\/completion-of-works-on-the-state-of-the-art-prison-in-kragujevac-serbia\/"},"modified":"2022-12-16T18:20:50","modified_gmt":"2022-12-16T17:20:50","slug":"completion-of-works-on-the-state-of-the-art-prison-in-kragujevac-serbia","status":"publish","type":"post","link":"https:\/\/webalkans.eu\/sq\/news\/completion-of-works-on-the-state-of-the-art-prison-in-kragujevac-serbia\/","title":{"rendered":"P\u00ebrfundimi i punimeve n\u00eb burgun bashk\u00ebkohor t\u00eb Kragujevac-it, n\u00eb Serbi"},"content":{"rendered":"<p style=\"font-weight: 400;\">T\u00eb mart\u00ebn, m\u00eb 16 n\u00ebntor 2022, zyrtar\u00eb t\u00eb nivelit t\u00eb lart\u00eb nga Serbia, BE-ja dhe shtete t\u00eb tjera donatore\u00a0 mor\u00ebn pjes\u00eb n\u00eb inaugurimin e burgut t\u00eb Kragujevac-it. Kostoja totale p\u00ebr ambientet e reja t\u00eb burgut \u00ebsht\u00eb 40 milion euro. Punimet qen\u00eb financuar pjes\u00ebrisht me nj\u00eb hua prej 17 milion\u00eb eurosh nga CEB-i dhe me nj\u00eb grant ndihme teknike prej 3 milion\u00eb eurosh nga BE-ja dhe WBIF Bilateral Donors.<\/p>\n<p>&nbsp;<\/p>\n<p style=\"font-weight: 400;\">Duke qen\u00eb nj\u00eb nga institucionet m\u00eb moderne dhe t\u00eb sigurta t\u00eb vuajtjes s\u00eb d\u00ebnimit n\u00eb Evrop\u00eb, burgu i Kragujevac-it mund t\u00eb strehoj\u00eb deri n\u00eb 500 t\u00eb burgosur n\u00eb 265 qeli, duke p\u00ebrfshir\u00eb edhe disa t\u00eb nd\u00ebrtuara posa\u00e7\u00ebrisht p\u00ebr t\u00eb burgosurit me aft\u00ebsi t\u00eb kufizuara. Kompleksi p\u00ebrb\u00ebhet nga 11 godina me nj\u00eb sip\u00ebrfaqe totale prej 22,000 m, duke mund\u00ebsuar hap\u00ebsira p\u00ebr socializim, aktivitete pune, trajnime profesionale, si dhe pajisje moderne e ambiente p\u00ebr kujdesin sh\u00ebndet\u00ebsor. Burgu do t\u00eb hap\u00eb vende pune p\u00ebr 270 njer\u00ebz.<\/p>\n<p>&nbsp;<\/p>\n<p style=\"font-weight: 400;\">Q\u00eb n\u00eb vitin 2009, me mb\u00ebshtetjen e BE-s\u00eb, WBIF Bilateral Donors dhe Council of Europe Development Bank (CEB), \u00a0Serbia ka nisur nj\u00eb program p\u00ebr t\u00eb modernizuar ambientet e burgjeve n\u00eb p\u00ebrputhje me European Prison Rules. Si pjes\u00eb e programit, ka nisur dhe nj\u00eb projekt i WBIF-s\u00eb, p\u00ebr nd\u00ebrtimin dhe pajisjen e dy godinave\u00a0 t\u00eb reja t\u00eb burgjeve n\u00eb Pan\u010devo dhe Kragujevac. Godina e burgut t\u00eb Pan\u010devo-s, me kapacitete p\u00ebr 500 t\u00eb burgosur, u p\u00ebrfundua n\u00eb vitin 2018.<\/p>\n","protected":false},"excerpt":{"rendered":"<p>T\u00eb mart\u00ebn, m\u00eb 16 n\u00ebntor 2022, zyrtar\u00eb t\u00eb nivelit t\u00eb lart\u00eb nga Serbia, BE-ja dhe shtete t\u00eb tjera donatore\u00a0 mor\u00ebn pjes\u00eb n\u00eb inaugurimin e burgut <\/p>\n","protected":false},"author":152227,"featured_media":899364,"comment_status":"closed","ping_status":"closed","sticky":false,"template":"","format":"standard","meta":{"_acf_changed":false,"_monsterinsights_skip_tracking":false,"_monsterinsights_sitenote_active":false,"_monsterinsights_sitenote_note":"","_monsterinsights_sitenote_category":0,"footnotes":""},"country-for-news":[441],"class_list":["post-932752","post","type-post","status-publish","format-standard","has-post-thumbnail","hentry","wb_theme-democracy-and-fundamental-rights","country-for-news-serbia"],"acf":[],"yoast_head":"<!-- This site is optimized with the Yoast SEO plugin v25.3.1 - https:\/\/yoast.com\/wordpress\/plugins\/seo\/ -->\n<title>P\u00ebrfundimi i punimeve n\u00eb burgun bashk\u00ebkohor t\u00eb Kragujevac-it, n\u00eb Serbi News | WeBalkans<\/title>\n<meta name=\"description\" content=\"P\u00ebrfundimi i punimeve n\u00eb burgun bashk\u00ebkohor t\u00eb Kragujevac-it, n\u00eb Serbi\" \/>\n<meta name=\"robots\" content=\"index, follow, max-snippet:-1, max-image-preview:large, max-video-preview:-1\" \/>\n<link rel=\"canonical\" href=\"https:\/\/webalkans.eu\/sq\/news\/completion-of-works-on-the-state-of-the-art-prison-in-kragujevac-serbia\/\" \/>\n<meta property=\"og:locale\" content=\"sq_AL\" \/>\n<meta property=\"og:type\" content=\"article\" \/>\n<meta property=\"og:title\" content=\"P\u00ebrfundimi i punimeve n\u00eb burgun bashk\u00ebkohor t\u00eb Kragujevac-it, n\u00eb Serbi News | WeBalkans\" \/>\n<meta property=\"og:description\" content=\"P\u00ebrfundimi i punimeve n\u00eb burgun bashk\u00ebkohor t\u00eb Kragujevac-it, n\u00eb Serbi\" \/>\n<meta property=\"og:url\" content=\"https:\/\/webalkans.eu\/sq\/news\/completion-of-works-on-the-state-of-the-art-prison-in-kragujevac-serbia\/\" \/>\n<meta property=\"og:site_name\" content=\"WeBalkans | EU Projects in the Western Balkans\" \/>\n<meta property=\"article:publisher\" content=\"https:\/\/www.facebook.com\/webalkans.eu\" \/>\n<meta property=\"article:published_time\" content=\"2022-11-30T16:17:39+00:00\" \/>\n<meta property=\"article:modified_time\" content=\"2022-12-16T17:20:50+00:00\" \/>\n<meta property=\"og:image\" content=\"https:\/\/webalkans.eu\/wp-content\/uploads\/2022\/11\/4-5.jpeg\" \/>\n\t<meta property=\"og:image:width\" content=\"500\" \/>\n\t<meta property=\"og:image:height\" content=\"675\" \/>\n\t<meta property=\"og:image:type\" content=\"image\/jpeg\" \/>\n<meta name=\"author\" content=\"007designstudio@gmail.com\" \/>\n<meta name=\"twitter:card\" content=\"summary_large_image\" \/>\n<meta name=\"twitter:creator\" content=\"@WeBalkans\" \/>\n<meta name=\"twitter:site\" content=\"@WeBalkans\" \/>\n<meta name=\"twitter:label1\" content=\"Written by\" \/>\n\t<meta name=\"twitter:data1\" content=\"007designstudio@gmail.com\" \/>\n\t<meta name=\"twitter:label2\" content=\"Est. reading time\" \/>\n\t<meta name=\"twitter:data2\" content=\"1 minute\" \/>\n<script type=\"application\/ld+json\" class=\"yoast-schema-graph\">{\"@context\":\"https:\/\/schema.org\",\"@graph\":[{\"@type\":\"Article\",\"@id\":\"https:\/\/webalkans.eu\/sq\/news\/completion-of-works-on-the-state-of-the-art-prison-in-kragujevac-serbia\/#article\",\"isPartOf\":{\"@id\":\"https:\/\/webalkans.eu\/sq\/news\/completion-of-works-on-the-state-of-the-art-prison-in-kragujevac-serbia\/\"},\"author\":{\"name\":\"007designstudio@gmail.com\",\"@id\":\"https:\/\/webalkans.eu\/sq\/#\/schema\/person\/95a8ea19ef21de3b7766e9b65ffdb4da\"},\"headline\":\"P\u00ebrfundimi i punimeve n\u00eb burgun bashk\u00ebkohor t\u00eb Kragujevac-it, n\u00eb Serbi\",\"datePublished\":\"2022-11-30T16:17:39+00:00\",\"dateModified\":\"2022-12-16T17:20:50+00:00\",\"mainEntityOfPage\":{\"@id\":\"https:\/\/webalkans.eu\/sq\/news\/completion-of-works-on-the-state-of-the-art-prison-in-kragujevac-serbia\/\"},\"wordCount\":260,\"publisher\":{\"@id\":\"https:\/\/webalkans.eu\/sq\/#organization\"},\"image\":{\"@id\":\"https:\/\/webalkans.eu\/sq\/news\/completion-of-works-on-the-state-of-the-art-prison-in-kragujevac-serbia\/#primaryimage\"},\"thumbnailUrl\":\"https:\/\/webalkans.eu\/wp-content\/uploads\/2022\/11\/4-5.jpeg\",\"inLanguage\":\"sq-AL\"},{\"@type\":\"WebPage\",\"@id\":\"https:\/\/webalkans.eu\/sq\/news\/completion-of-works-on-the-state-of-the-art-prison-in-kragujevac-serbia\/\",\"url\":\"https:\/\/webalkans.eu\/sq\/news\/completion-of-works-on-the-state-of-the-art-prison-in-kragujevac-serbia\/\",\"name\":\"P\u00ebrfundimi i punimeve n\u00eb burgun bashk\u00ebkohor t\u00eb Kragujevac-it, n\u00eb Serbi News | WeBalkans\",\"isPartOf\":{\"@id\":\"https:\/\/webalkans.eu\/sq\/#website\"},\"primaryImageOfPage\":{\"@id\":\"https:\/\/webalkans.eu\/sq\/news\/completion-of-works-on-the-state-of-the-art-prison-in-kragujevac-serbia\/#primaryimage\"},\"image\":{\"@id\":\"https:\/\/webalkans.eu\/sq\/news\/completion-of-works-on-the-state-of-the-art-prison-in-kragujevac-serbia\/#primaryimage\"},\"thumbnailUrl\":\"https:\/\/webalkans.eu\/wp-content\/uploads\/2022\/11\/4-5.jpeg\",\"datePublished\":\"2022-11-30T16:17:39+00:00\",\"dateModified\":\"2022-12-16T17:20:50+00:00\",\"description\":\"P\u00ebrfundimi i punimeve n\u00eb burgun bashk\u00ebkohor t\u00eb Kragujevac-it, n\u00eb Serbi\",\"breadcrumb\":{\"@id\":\"https:\/\/webalkans.eu\/sq\/news\/completion-of-works-on-the-state-of-the-art-prison-in-kragujevac-serbia\/#breadcrumb\"},\"inLanguage\":\"sq-AL\",\"potentialAction\":[{\"@type\":\"ReadAction\",\"target\":[\"https:\/\/webalkans.eu\/sq\/news\/completion-of-works-on-the-state-of-the-art-prison-in-kragujevac-serbia\/\"]}]},{\"@type\":\"ImageObject\",\"inLanguage\":\"sq-AL\",\"@id\":\"https:\/\/webalkans.eu\/sq\/news\/completion-of-works-on-the-state-of-the-art-prison-in-kragujevac-serbia\/#primaryimage\",\"url\":\"https:\/\/webalkans.eu\/wp-content\/uploads\/2022\/11\/4-5.jpeg\",\"contentUrl\":\"https:\/\/webalkans.eu\/wp-content\/uploads\/2022\/11\/4-5.jpeg\",\"width\":500,\"height\":675},{\"@type\":\"BreadcrumbList\",\"@id\":\"https:\/\/webalkans.eu\/sq\/news\/completion-of-works-on-the-state-of-the-art-prison-in-kragujevac-serbia\/#breadcrumb\",\"itemListElement\":[{\"@type\":\"ListItem\",\"position\":1,\"name\":\"Home\",\"item\":\"https:\/\/webalkans.eu\/sq\/homepage\/\"},{\"@type\":\"ListItem\",\"position\":2,\"name\":\"P\u00ebrfundimi i punimeve n\u00eb burgun bashk\u00ebkohor t\u00eb Kragujevac-it, n\u00eb Serbi\"}]},{\"@type\":\"WebSite\",\"@id\":\"https:\/\/webalkans.eu\/sq\/#website\",\"url\":\"https:\/\/webalkans.eu\/sq\/\",\"name\":\"WeBalkans | EU Projects in the Western Balkans\",\"description\":\"\",\"publisher\":{\"@id\":\"https:\/\/webalkans.eu\/sq\/#organization\"},\"potentialAction\":[{\"@type\":\"SearchAction\",\"target\":{\"@type\":\"EntryPoint\",\"urlTemplate\":\"https:\/\/webalkans.eu\/sq\/?s={search_term_string}\"},\"query-input\":{\"@type\":\"PropertyValueSpecification\",\"valueRequired\":true,\"valueName\":\"search_term_string\"}}],\"inLanguage\":\"sq-AL\"},{\"@type\":\"Organization\",\"@id\":\"https:\/\/webalkans.eu\/sq\/#organization\",\"name\":\"European Union\",\"url\":\"https:\/\/webalkans.eu\/sq\/\",\"logo\":{\"@type\":\"ImageObject\",\"inLanguage\":\"sq-AL\",\"@id\":\"https:\/\/webalkans.eu\/sq\/#\/schema\/logo\/image\/\",\"url\":\"https:\/\/webalkans.eu\/wp-content\/uploads\/2020\/11\/eu_flag.jpg\",\"contentUrl\":\"https:\/\/webalkans.eu\/wp-content\/uploads\/2020\/11\/eu_flag.jpg\",\"width\":600,\"height\":401,\"caption\":\"European Union\"},\"image\":{\"@id\":\"https:\/\/webalkans.eu\/sq\/#\/schema\/logo\/image\/\"},\"sameAs\":[\"https:\/\/www.facebook.com\/webalkans.eu\",\"https:\/\/x.com\/WeBalkans\"]},{\"@type\":\"Person\",\"@id\":\"https:\/\/webalkans.eu\/sq\/#\/schema\/person\/95a8ea19ef21de3b7766e9b65ffdb4da\",\"name\":\"007designstudio@gmail.com\"}]}<\/script>\n<!-- \/ Yoast SEO plugin. -->","yoast_head_json":{"title":"P\u00ebrfundimi i punimeve n\u00eb burgun bashk\u00ebkohor t\u00eb Kragujevac-it, n\u00eb Serbi News | WeBalkans","description":"P\u00ebrfundimi i punimeve n\u00eb burgun bashk\u00ebkohor t\u00eb Kragujevac-it, n\u00eb Serbi","robots":{"index":"index","follow":"follow","max-snippet":"max-snippet:-1","max-image-preview":"max-image-preview:large","max-video-preview":"max-video-preview:-1"},"canonical":"https:\/\/webalkans.eu\/sq\/news\/completion-of-works-on-the-state-of-the-art-prison-in-kragujevac-serbia\/","og_locale":"sq_AL","og_type":"article","og_title":"P\u00ebrfundimi i punimeve n\u00eb burgun bashk\u00ebkohor t\u00eb Kragujevac-it, n\u00eb Serbi News | WeBalkans","og_description":"P\u00ebrfundimi i punimeve n\u00eb burgun bashk\u00ebkohor t\u00eb Kragujevac-it, n\u00eb Serbi","og_url":"https:\/\/webalkans.eu\/sq\/news\/completion-of-works-on-the-state-of-the-art-prison-in-kragujevac-serbia\/","og_site_name":"WeBalkans | EU Projects in the Western Balkans","article_publisher":"https:\/\/www.facebook.com\/webalkans.eu","article_published_time":"2022-11-30T16:17:39+00:00","article_modified_time":"2022-12-16T17:20:50+00:00","og_image":[{"width":500,"height":675,"url":"https:\/\/webalkans.eu\/wp-content\/uploads\/2022\/11\/4-5.jpeg","type":"image\/jpeg"}],"author":"007designstudio@gmail.com","twitter_card":"summary_large_image","twitter_creator":"@WeBalkans","twitter_site":"@WeBalkans","twitter_misc":{"Written by":"007designstudio@gmail.com","Est. reading time":"1 minute"},"schema":{"@context":"https:\/\/schema.org","@graph":[{"@type":"Article","@id":"https:\/\/webalkans.eu\/sq\/news\/completion-of-works-on-the-state-of-the-art-prison-in-kragujevac-serbia\/#article","isPartOf":{"@id":"https:\/\/webalkans.eu\/sq\/news\/completion-of-works-on-the-state-of-the-art-prison-in-kragujevac-serbia\/"},"author":{"name":"007designstudio@gmail.com","@id":"https:\/\/webalkans.eu\/sq\/#\/schema\/person\/95a8ea19ef21de3b7766e9b65ffdb4da"},"headline":"P\u00ebrfundimi i punimeve n\u00eb burgun bashk\u00ebkohor t\u00eb Kragujevac-it, n\u00eb Serbi","datePublished":"2022-11-30T16:17:39+00:00","dateModified":"2022-12-16T17:20:50+00:00","mainEntityOfPage":{"@id":"https:\/\/webalkans.eu\/sq\/news\/completion-of-works-on-the-state-of-the-art-prison-in-kragujevac-serbia\/"},"wordCount":260,"publisher":{"@id":"https:\/\/webalkans.eu\/sq\/#organization"},"image":{"@id":"https:\/\/webalkans.eu\/sq\/news\/completion-of-works-on-the-state-of-the-art-prison-in-kragujevac-serbia\/#primaryimage"},"thumbnailUrl":"https:\/\/webalkans.eu\/wp-content\/uploads\/2022\/11\/4-5.jpeg","inLanguage":"sq-AL"},{"@type":"WebPage","@id":"https:\/\/webalkans.eu\/sq\/news\/completion-of-works-on-the-state-of-the-art-prison-in-kragujevac-serbia\/","url":"https:\/\/webalkans.eu\/sq\/news\/completion-of-works-on-the-state-of-the-art-prison-in-kragujevac-serbia\/","name":"P\u00ebrfundimi i punimeve n\u00eb burgun bashk\u00ebkohor t\u00eb Kragujevac-it, n\u00eb Serbi News | WeBalkans","isPartOf":{"@id":"https:\/\/webalkans.eu\/sq\/#website"},"primaryImageOfPage":{"@id":"https:\/\/webalkans.eu\/sq\/news\/completion-of-works-on-the-state-of-the-art-prison-in-kragujevac-serbia\/#primaryimage"},"image":{"@id":"https:\/\/webalkans.eu\/sq\/news\/completion-of-works-on-the-state-of-the-art-prison-in-kragujevac-serbia\/#primaryimage"},"thumbnailUrl":"https:\/\/webalkans.eu\/wp-content\/uploads\/2022\/11\/4-5.jpeg","datePublished":"2022-11-30T16:17:39+00:00","dateModified":"2022-12-16T17:20:50+00:00","description":"P\u00ebrfundimi i punimeve n\u00eb burgun bashk\u00ebkohor t\u00eb Kragujevac-it, n\u00eb Serbi","breadcrumb":{"@id":"https:\/\/webalkans.eu\/sq\/news\/completion-of-works-on-the-state-of-the-art-prison-in-kragujevac-serbia\/#breadcrumb"},"inLanguage":"sq-AL","potentialAction":[{"@type":"ReadAction","target":["https:\/\/webalkans.eu\/sq\/news\/completion-of-works-on-the-state-of-the-art-prison-in-kragujevac-serbia\/"]}]},{"@type":"ImageObject","inLanguage":"sq-AL","@id":"https:\/\/webalkans.eu\/sq\/news\/completion-of-works-on-the-state-of-the-art-prison-in-kragujevac-serbia\/#primaryimage","url":"https:\/\/webalkans.eu\/wp-content\/uploads\/2022\/11\/4-5.jpeg","contentUrl":"https:\/\/webalkans.eu\/wp-content\/uploads\/2022\/11\/4-5.jpeg","width":500,"height":675},{"@type":"BreadcrumbList","@id":"https:\/\/webalkans.eu\/sq\/news\/completion-of-works-on-the-state-of-the-art-prison-in-kragujevac-serbia\/#breadcrumb","itemListElement":[{"@type":"ListItem","position":1,"name":"Home","item":"https:\/\/webalkans.eu\/sq\/homepage\/"},{"@type":"ListItem","position":2,"name":"P\u00ebrfundimi i punimeve n\u00eb burgun bashk\u00ebkohor t\u00eb Kragujevac-it, n\u00eb Serbi"}]},{"@type":"WebSite","@id":"https:\/\/webalkans.eu\/sq\/#website","url":"https:\/\/webalkans.eu\/sq\/","name":"WeBalkans | EU Projects in the Western Balkans","description":"","publisher":{"@id":"https:\/\/webalkans.eu\/sq\/#organization"},"potentialAction":[{"@type":"SearchAction","target":{"@type":"EntryPoint","urlTemplate":"https:\/\/webalkans.eu\/sq\/?s={search_term_string}"},"query-input":{"@type":"PropertyValueSpecification","valueRequired":true,"valueName":"search_term_string"}}],"inLanguage":"sq-AL"},{"@type":"Organization","@id":"https:\/\/webalkans.eu\/sq\/#organization","name":"European Union","url":"https:\/\/webalkans.eu\/sq\/","logo":{"@type":"ImageObject","inLanguage":"sq-AL","@id":"https:\/\/webalkans.eu\/sq\/#\/schema\/logo\/image\/","url":"https:\/\/webalkans.eu\/wp-content\/uploads\/2020\/11\/eu_flag.jpg","contentUrl":"https:\/\/webalkans.eu\/wp-content\/uploads\/2020\/11\/eu_flag.jpg","width":600,"height":401,"caption":"European Union"},"image":{"@id":"https:\/\/webalkans.eu\/sq\/#\/schema\/logo\/image\/"},"sameAs":["https:\/\/www.facebook.com\/webalkans.eu","https:\/\/x.com\/WeBalkans"]},{"@type":"Person","@id":"https:\/\/webalkans.eu\/sq\/#\/schema\/person\/95a8ea19ef21de3b7766e9b65ffdb4da","name":"007designstudio@gmail.com"}]}},"_links":{"self":[{"href":"https:\/\/webalkans.eu\/sq\/wp-json\/wp\/v2\/posts\/932752"}],"collection":[{"href":"https:\/\/webalkans.eu\/sq\/wp-json\/wp\/v2\/posts"}],"about":[{"href":"https:\/\/webalkans.eu\/sq\/wp-json\/wp\/v2\/types\/post"}],"author":[{"embeddable":true,"href":"https:\/\/webalkans.eu\/sq\/wp-json\/wp\/v2\/users\/152227"}],"replies":[{"embeddable":true,"href":"https:\/\/webalkans.eu\/sq\/wp-json\/wp\/v2\/comments?post=932752"}],"version-history":[{"count":0,"href":"https:\/\/webalkans.eu\/sq\/wp-json\/wp\/v2\/posts\/932752\/revisions"}],"wp:featuredmedia":[{"embeddable":true,"href":"https:\/\/webalkans.eu\/sq\/wp-json\/wp\/v2\/media\/899364"}],"wp:attachment":[{"href":"https:\/\/webalkans.eu\/sq\/wp-json\/wp\/v2\/media?parent=932752"}],"wp:term":[{"taxonomy":"country-for-news","embeddable":true,"href":"https:\/\/webalkans.eu\/sq\/wp-json\/wp\/v2\/country-for-news?post=932752"}],"curies":[{"name":"wp","href":"https:\/\/api.w.org\/{rel}","templated":true}]}}