
{"id":932730,"date":"2022-11-30T17:12:17","date_gmt":"2022-11-30T16:12:17","guid":{"rendered":"https:\/\/webalkans.eu\/news\/eu-in-kosovo-joins-the-ministry-of-justice-in-the-16-days-of-activism-against-gender-based-violence-campaign\/"},"modified":"2022-12-16T18:14:12","modified_gmt":"2022-12-16T17:14:12","slug":"eu-in-kosovo-joins-the-ministry-of-justice-in-the-16-days-of-activism-against-gender-based-violence-campaign","status":"publish","type":"post","link":"https:\/\/webalkans.eu\/sq\/news\/eu-in-kosovo-joins-the-ministry-of-justice-in-the-16-days-of-activism-against-gender-based-violence-campaign\/","title":{"rendered":"BE-ja n\u00eb Kosov\u00eb i bashkohet Ministris\u00eb s\u00eb Drejt\u00ebsis\u00eb n\u00eb fushat\u00ebn 16 Days of Activism against Gender-Based Violence"},"content":{"rendered":"<p style=\"font-weight: 400;\">P\u00ebr t\u00eb ndihmuar rritjen e nd\u00ebrgjegj\u00ebsimit p\u00ebr nevoj\u00ebn e parandalimit dhe raportimit t\u00eb \u00e7do lloj forme t\u00eb dhun\u00ebs gjinore, BE-ja n\u00eb Kosov\u00eb, Zvicra dhe UNDP-ja bashkuan forcat me Ministrin\u00eb e Drejt\u00ebsis\u00eb s\u00eb Kosov\u00ebs dhe OJQ-n\u00eb Integra, p\u00ebr realizuar fushat\u00ebn e k\u00ebtij viti 16 Days of Activism against Gender-Based Violence.<\/p>\n<p>&nbsp;<\/p>\n<p style=\"font-weight: 400;\">Kjo fushat\u00eb globale, q\u00eb nisi n\u00eb vitin 1991, tradicionalisht zhvillohet nga 25 n\u00ebntori, International Day for the Elimination of Violence against Women, deri n\u00eb 10 dhjetor, \u00a0International Human Rights Day, dhe trajton t\u00eb gjitha format e dhun\u00ebs ndaj grave, p\u00ebrfshir\u00eb k\u00ebtu dhun\u00ebn seksuale dhe n\u00eb familje ndaj grave dhe vajzave.<\/p>\n<p>&nbsp;<\/p>\n<p style=\"font-weight: 400;\">Kjo fushat\u00eb do t\u00eb p\u00ebrfshij\u00eb nj\u00eb num\u00ebr t\u00eb madh komunikimesh dhe aktivitetesh informuese n\u00eb Kosov\u00eb, t\u00eb koordinuara nga Ministria e Drejt\u00ebsis\u00eb, t\u00eb tilla si tryeza t\u00eb rrumbullak\u00ebta me gjykat\u00ebs, prokuror\u00eb, gra dhe vajza, vizita bashkiake, shfaqje teatrore, spote publicitare dhe mesazhesh t\u00eb projektuara n\u00eb godinat e qeveris\u00eb.<\/p>\n","protected":false},"excerpt":{"rendered":"<p>P\u00ebr t\u00eb ndihmuar rritjen e nd\u00ebrgjegj\u00ebsimit p\u00ebr nevoj\u00ebn e parandalimit dhe raportimit t\u00eb \u00e7do lloj forme t\u00eb dhun\u00ebs gjinore, BE-ja n\u00eb Kosov\u00eb, Zvicra dhe UNDP-ja <\/p>\n","protected":false},"author":152227,"featured_media":899334,"comment_status":"closed","ping_status":"closed","sticky":false,"template":"","format":"standard","meta":{"_acf_changed":false,"_monsterinsights_skip_tracking":false,"_monsterinsights_sitenote_active":false,"_monsterinsights_sitenote_note":"","_monsterinsights_sitenote_category":0,"footnotes":""},"country-for-news":[428],"class_list":["post-932730","post","type-post","status-publish","format-standard","has-post-thumbnail","hentry","wb_theme-equality-and-fair-society","wb_theme-democracy-and-fundamental-rights","country-for-news-kosovo"],"acf":[],"yoast_head":"<!-- This site is optimized with the Yoast SEO plugin v25.3.1 - https:\/\/yoast.com\/wordpress\/plugins\/seo\/ -->\n<title>BE-ja n\u00eb Kosov\u00eb i bashkohet Ministris\u00eb s\u00eb Drejt\u00ebsis\u00eb n\u00eb fushat\u00ebn 16 Days of Activism against Gender-Based Violence News | WeBalkans<\/title>\n<meta name=\"description\" content=\"BE-ja n\u00eb Kosov\u00eb i bashkohet Ministris\u00eb s\u00eb Drejt\u00ebsis\u00eb n\u00eb fushat\u00ebn 16 Days of Activism against Gender-Based Violence\" \/>\n<meta name=\"robots\" content=\"index, follow, max-snippet:-1, max-image-preview:large, max-video-preview:-1\" \/>\n<link rel=\"canonical\" href=\"https:\/\/webalkans.eu\/sq\/news\/eu-in-kosovo-joins-the-ministry-of-justice-in-the-16-days-of-activism-against-gender-based-violence-campaign\/\" \/>\n<meta property=\"og:locale\" content=\"sq_AL\" \/>\n<meta property=\"og:type\" content=\"article\" \/>\n<meta property=\"og:title\" content=\"BE-ja n\u00eb Kosov\u00eb i bashkohet Ministris\u00eb s\u00eb Drejt\u00ebsis\u00eb n\u00eb fushat\u00ebn 16 Days of Activism against Gender-Based Violence News | WeBalkans\" \/>\n<meta property=\"og:description\" content=\"BE-ja n\u00eb Kosov\u00eb i bashkohet Ministris\u00eb s\u00eb Drejt\u00ebsis\u00eb n\u00eb fushat\u00ebn 16 Days of Activism against Gender-Based Violence\" \/>\n<meta property=\"og:url\" content=\"https:\/\/webalkans.eu\/sq\/news\/eu-in-kosovo-joins-the-ministry-of-justice-in-the-16-days-of-activism-against-gender-based-violence-campaign\/\" \/>\n<meta property=\"og:site_name\" content=\"WeBalkans | EU Projects in the Western Balkans\" \/>\n<meta property=\"article:publisher\" content=\"https:\/\/www.facebook.com\/webalkans.eu\" \/>\n<meta property=\"article:published_time\" content=\"2022-11-30T16:12:17+00:00\" \/>\n<meta property=\"article:modified_time\" content=\"2022-12-16T17:14:12+00:00\" \/>\n<meta property=\"og:image\" content=\"https:\/\/webalkans.eu\/wp-content\/uploads\/2022\/11\/2-9.jpeg\" \/>\n\t<meta property=\"og:image:width\" content=\"1089\" \/>\n\t<meta property=\"og:image:height\" content=\"613\" \/>\n\t<meta property=\"og:image:type\" content=\"image\/jpeg\" \/>\n<meta name=\"author\" content=\"007designstudio@gmail.com\" \/>\n<meta name=\"twitter:card\" content=\"summary_large_image\" \/>\n<meta name=\"twitter:creator\" content=\"@WeBalkans\" \/>\n<meta name=\"twitter:site\" content=\"@WeBalkans\" \/>\n<meta name=\"twitter:label1\" content=\"Written by\" \/>\n\t<meta name=\"twitter:data1\" content=\"007designstudio@gmail.com\" \/>\n\t<meta name=\"twitter:label2\" content=\"Est. reading time\" \/>\n\t<meta name=\"twitter:data2\" content=\"1 minute\" \/>\n<script type=\"application\/ld+json\" class=\"yoast-schema-graph\">{\"@context\":\"https:\/\/schema.org\",\"@graph\":[{\"@type\":\"Article\",\"@id\":\"https:\/\/webalkans.eu\/sq\/news\/eu-in-kosovo-joins-the-ministry-of-justice-in-the-16-days-of-activism-against-gender-based-violence-campaign\/#article\",\"isPartOf\":{\"@id\":\"https:\/\/webalkans.eu\/sq\/news\/eu-in-kosovo-joins-the-ministry-of-justice-in-the-16-days-of-activism-against-gender-based-violence-campaign\/\"},\"author\":{\"name\":\"007designstudio@gmail.com\",\"@id\":\"https:\/\/webalkans.eu\/sq\/#\/schema\/person\/95a8ea19ef21de3b7766e9b65ffdb4da\"},\"headline\":\"BE-ja n\u00eb Kosov\u00eb i bashkohet Ministris\u00eb s\u00eb Drejt\u00ebsis\u00eb n\u00eb fushat\u00ebn 16 Days of Activism against Gender-Based Violence\",\"datePublished\":\"2022-11-30T16:12:17+00:00\",\"dateModified\":\"2022-12-16T17:14:12+00:00\",\"mainEntityOfPage\":{\"@id\":\"https:\/\/webalkans.eu\/sq\/news\/eu-in-kosovo-joins-the-ministry-of-justice-in-the-16-days-of-activism-against-gender-based-violence-campaign\/\"},\"wordCount\":183,\"publisher\":{\"@id\":\"https:\/\/webalkans.eu\/sq\/#organization\"},\"image\":{\"@id\":\"https:\/\/webalkans.eu\/sq\/news\/eu-in-kosovo-joins-the-ministry-of-justice-in-the-16-days-of-activism-against-gender-based-violence-campaign\/#primaryimage\"},\"thumbnailUrl\":\"https:\/\/webalkans.eu\/wp-content\/uploads\/2022\/11\/2-9.jpeg\",\"inLanguage\":\"sq-AL\"},{\"@type\":\"WebPage\",\"@id\":\"https:\/\/webalkans.eu\/sq\/news\/eu-in-kosovo-joins-the-ministry-of-justice-in-the-16-days-of-activism-against-gender-based-violence-campaign\/\",\"url\":\"https:\/\/webalkans.eu\/sq\/news\/eu-in-kosovo-joins-the-ministry-of-justice-in-the-16-days-of-activism-against-gender-based-violence-campaign\/\",\"name\":\"BE-ja n\u00eb Kosov\u00eb i bashkohet Ministris\u00eb s\u00eb Drejt\u00ebsis\u00eb n\u00eb fushat\u00ebn 16 Days of Activism against Gender-Based Violence News | WeBalkans\",\"isPartOf\":{\"@id\":\"https:\/\/webalkans.eu\/sq\/#website\"},\"primaryImageOfPage\":{\"@id\":\"https:\/\/webalkans.eu\/sq\/news\/eu-in-kosovo-joins-the-ministry-of-justice-in-the-16-days-of-activism-against-gender-based-violence-campaign\/#primaryimage\"},\"image\":{\"@id\":\"https:\/\/webalkans.eu\/sq\/news\/eu-in-kosovo-joins-the-ministry-of-justice-in-the-16-days-of-activism-against-gender-based-violence-campaign\/#primaryimage\"},\"thumbnailUrl\":\"https:\/\/webalkans.eu\/wp-content\/uploads\/2022\/11\/2-9.jpeg\",\"datePublished\":\"2022-11-30T16:12:17+00:00\",\"dateModified\":\"2022-12-16T17:14:12+00:00\",\"description\":\"BE-ja n\u00eb Kosov\u00eb i bashkohet Ministris\u00eb s\u00eb Drejt\u00ebsis\u00eb n\u00eb fushat\u00ebn 16 Days of Activism against Gender-Based Violence\",\"breadcrumb\":{\"@id\":\"https:\/\/webalkans.eu\/sq\/news\/eu-in-kosovo-joins-the-ministry-of-justice-in-the-16-days-of-activism-against-gender-based-violence-campaign\/#breadcrumb\"},\"inLanguage\":\"sq-AL\",\"potentialAction\":[{\"@type\":\"ReadAction\",\"target\":[\"https:\/\/webalkans.eu\/sq\/news\/eu-in-kosovo-joins-the-ministry-of-justice-in-the-16-days-of-activism-against-gender-based-violence-campaign\/\"]}]},{\"@type\":\"ImageObject\",\"inLanguage\":\"sq-AL\",\"@id\":\"https:\/\/webalkans.eu\/sq\/news\/eu-in-kosovo-joins-the-ministry-of-justice-in-the-16-days-of-activism-against-gender-based-violence-campaign\/#primaryimage\",\"url\":\"https:\/\/webalkans.eu\/wp-content\/uploads\/2022\/11\/2-9.jpeg\",\"contentUrl\":\"https:\/\/webalkans.eu\/wp-content\/uploads\/2022\/11\/2-9.jpeg\",\"width\":1089,\"height\":613},{\"@type\":\"BreadcrumbList\",\"@id\":\"https:\/\/webalkans.eu\/sq\/news\/eu-in-kosovo-joins-the-ministry-of-justice-in-the-16-days-of-activism-against-gender-based-violence-campaign\/#breadcrumb\",\"itemListElement\":[{\"@type\":\"ListItem\",\"position\":1,\"name\":\"Home\",\"item\":\"https:\/\/webalkans.eu\/sq\/homepage\/\"},{\"@type\":\"ListItem\",\"position\":2,\"name\":\"BE-ja n\u00eb Kosov\u00eb i bashkohet Ministris\u00eb s\u00eb Drejt\u00ebsis\u00eb n\u00eb fushat\u00ebn 16 Days of Activism against Gender-Based Violence\"}]},{\"@type\":\"WebSite\",\"@id\":\"https:\/\/webalkans.eu\/sq\/#website\",\"url\":\"https:\/\/webalkans.eu\/sq\/\",\"name\":\"WeBalkans | EU Projects in the Western Balkans\",\"description\":\"\",\"publisher\":{\"@id\":\"https:\/\/webalkans.eu\/sq\/#organization\"},\"potentialAction\":[{\"@type\":\"SearchAction\",\"target\":{\"@type\":\"EntryPoint\",\"urlTemplate\":\"https:\/\/webalkans.eu\/sq\/?s={search_term_string}\"},\"query-input\":{\"@type\":\"PropertyValueSpecification\",\"valueRequired\":true,\"valueName\":\"search_term_string\"}}],\"inLanguage\":\"sq-AL\"},{\"@type\":\"Organization\",\"@id\":\"https:\/\/webalkans.eu\/sq\/#organization\",\"name\":\"European Union\",\"url\":\"https:\/\/webalkans.eu\/sq\/\",\"logo\":{\"@type\":\"ImageObject\",\"inLanguage\":\"sq-AL\",\"@id\":\"https:\/\/webalkans.eu\/sq\/#\/schema\/logo\/image\/\",\"url\":\"https:\/\/webalkans.eu\/wp-content\/uploads\/2020\/11\/eu_flag.jpg\",\"contentUrl\":\"https:\/\/webalkans.eu\/wp-content\/uploads\/2020\/11\/eu_flag.jpg\",\"width\":600,\"height\":401,\"caption\":\"European Union\"},\"image\":{\"@id\":\"https:\/\/webalkans.eu\/sq\/#\/schema\/logo\/image\/\"},\"sameAs\":[\"https:\/\/www.facebook.com\/webalkans.eu\",\"https:\/\/x.com\/WeBalkans\"]},{\"@type\":\"Person\",\"@id\":\"https:\/\/webalkans.eu\/sq\/#\/schema\/person\/95a8ea19ef21de3b7766e9b65ffdb4da\",\"name\":\"007designstudio@gmail.com\"}]}<\/script>\n<!-- \/ Yoast SEO plugin. -->","yoast_head_json":{"title":"BE-ja n\u00eb Kosov\u00eb i bashkohet Ministris\u00eb s\u00eb Drejt\u00ebsis\u00eb n\u00eb fushat\u00ebn 16 Days of Activism against Gender-Based Violence News | WeBalkans","description":"BE-ja n\u00eb Kosov\u00eb i bashkohet Ministris\u00eb s\u00eb Drejt\u00ebsis\u00eb n\u00eb fushat\u00ebn 16 Days of Activism against Gender-Based Violence","robots":{"index":"index","follow":"follow","max-snippet":"max-snippet:-1","max-image-preview":"max-image-preview:large","max-video-preview":"max-video-preview:-1"},"canonical":"https:\/\/webalkans.eu\/sq\/news\/eu-in-kosovo-joins-the-ministry-of-justice-in-the-16-days-of-activism-against-gender-based-violence-campaign\/","og_locale":"sq_AL","og_type":"article","og_title":"BE-ja n\u00eb Kosov\u00eb i bashkohet Ministris\u00eb s\u00eb Drejt\u00ebsis\u00eb n\u00eb fushat\u00ebn 16 Days of Activism against Gender-Based Violence News | WeBalkans","og_description":"BE-ja n\u00eb Kosov\u00eb i bashkohet Ministris\u00eb s\u00eb Drejt\u00ebsis\u00eb n\u00eb fushat\u00ebn 16 Days of Activism against Gender-Based Violence","og_url":"https:\/\/webalkans.eu\/sq\/news\/eu-in-kosovo-joins-the-ministry-of-justice-in-the-16-days-of-activism-against-gender-based-violence-campaign\/","og_site_name":"WeBalkans | EU Projects in the Western Balkans","article_publisher":"https:\/\/www.facebook.com\/webalkans.eu","article_published_time":"2022-11-30T16:12:17+00:00","article_modified_time":"2022-12-16T17:14:12+00:00","og_image":[{"width":1089,"height":613,"url":"https:\/\/webalkans.eu\/wp-content\/uploads\/2022\/11\/2-9.jpeg","type":"image\/jpeg"}],"author":"007designstudio@gmail.com","twitter_card":"summary_large_image","twitter_creator":"@WeBalkans","twitter_site":"@WeBalkans","twitter_misc":{"Written by":"007designstudio@gmail.com","Est. reading time":"1 minute"},"schema":{"@context":"https:\/\/schema.org","@graph":[{"@type":"Article","@id":"https:\/\/webalkans.eu\/sq\/news\/eu-in-kosovo-joins-the-ministry-of-justice-in-the-16-days-of-activism-against-gender-based-violence-campaign\/#article","isPartOf":{"@id":"https:\/\/webalkans.eu\/sq\/news\/eu-in-kosovo-joins-the-ministry-of-justice-in-the-16-days-of-activism-against-gender-based-violence-campaign\/"},"author":{"name":"007designstudio@gmail.com","@id":"https:\/\/webalkans.eu\/sq\/#\/schema\/person\/95a8ea19ef21de3b7766e9b65ffdb4da"},"headline":"BE-ja n\u00eb Kosov\u00eb i bashkohet Ministris\u00eb s\u00eb Drejt\u00ebsis\u00eb n\u00eb fushat\u00ebn 16 Days of Activism against Gender-Based Violence","datePublished":"2022-11-30T16:12:17+00:00","dateModified":"2022-12-16T17:14:12+00:00","mainEntityOfPage":{"@id":"https:\/\/webalkans.eu\/sq\/news\/eu-in-kosovo-joins-the-ministry-of-justice-in-the-16-days-of-activism-against-gender-based-violence-campaign\/"},"wordCount":183,"publisher":{"@id":"https:\/\/webalkans.eu\/sq\/#organization"},"image":{"@id":"https:\/\/webalkans.eu\/sq\/news\/eu-in-kosovo-joins-the-ministry-of-justice-in-the-16-days-of-activism-against-gender-based-violence-campaign\/#primaryimage"},"thumbnailUrl":"https:\/\/webalkans.eu\/wp-content\/uploads\/2022\/11\/2-9.jpeg","inLanguage":"sq-AL"},{"@type":"WebPage","@id":"https:\/\/webalkans.eu\/sq\/news\/eu-in-kosovo-joins-the-ministry-of-justice-in-the-16-days-of-activism-against-gender-based-violence-campaign\/","url":"https:\/\/webalkans.eu\/sq\/news\/eu-in-kosovo-joins-the-ministry-of-justice-in-the-16-days-of-activism-against-gender-based-violence-campaign\/","name":"BE-ja n\u00eb Kosov\u00eb i bashkohet Ministris\u00eb s\u00eb Drejt\u00ebsis\u00eb n\u00eb fushat\u00ebn 16 Days of Activism against Gender-Based Violence News | WeBalkans","isPartOf":{"@id":"https:\/\/webalkans.eu\/sq\/#website"},"primaryImageOfPage":{"@id":"https:\/\/webalkans.eu\/sq\/news\/eu-in-kosovo-joins-the-ministry-of-justice-in-the-16-days-of-activism-against-gender-based-violence-campaign\/#primaryimage"},"image":{"@id":"https:\/\/webalkans.eu\/sq\/news\/eu-in-kosovo-joins-the-ministry-of-justice-in-the-16-days-of-activism-against-gender-based-violence-campaign\/#primaryimage"},"thumbnailUrl":"https:\/\/webalkans.eu\/wp-content\/uploads\/2022\/11\/2-9.jpeg","datePublished":"2022-11-30T16:12:17+00:00","dateModified":"2022-12-16T17:14:12+00:00","description":"BE-ja n\u00eb Kosov\u00eb i bashkohet Ministris\u00eb s\u00eb Drejt\u00ebsis\u00eb n\u00eb fushat\u00ebn 16 Days of Activism against Gender-Based Violence","breadcrumb":{"@id":"https:\/\/webalkans.eu\/sq\/news\/eu-in-kosovo-joins-the-ministry-of-justice-in-the-16-days-of-activism-against-gender-based-violence-campaign\/#breadcrumb"},"inLanguage":"sq-AL","potentialAction":[{"@type":"ReadAction","target":["https:\/\/webalkans.eu\/sq\/news\/eu-in-kosovo-joins-the-ministry-of-justice-in-the-16-days-of-activism-against-gender-based-violence-campaign\/"]}]},{"@type":"ImageObject","inLanguage":"sq-AL","@id":"https:\/\/webalkans.eu\/sq\/news\/eu-in-kosovo-joins-the-ministry-of-justice-in-the-16-days-of-activism-against-gender-based-violence-campaign\/#primaryimage","url":"https:\/\/webalkans.eu\/wp-content\/uploads\/2022\/11\/2-9.jpeg","contentUrl":"https:\/\/webalkans.eu\/wp-content\/uploads\/2022\/11\/2-9.jpeg","width":1089,"height":613},{"@type":"BreadcrumbList","@id":"https:\/\/webalkans.eu\/sq\/news\/eu-in-kosovo-joins-the-ministry-of-justice-in-the-16-days-of-activism-against-gender-based-violence-campaign\/#breadcrumb","itemListElement":[{"@type":"ListItem","position":1,"name":"Home","item":"https:\/\/webalkans.eu\/sq\/homepage\/"},{"@type":"ListItem","position":2,"name":"BE-ja n\u00eb Kosov\u00eb i bashkohet Ministris\u00eb s\u00eb Drejt\u00ebsis\u00eb n\u00eb fushat\u00ebn 16 Days of Activism against Gender-Based Violence"}]},{"@type":"WebSite","@id":"https:\/\/webalkans.eu\/sq\/#website","url":"https:\/\/webalkans.eu\/sq\/","name":"WeBalkans | EU Projects in the Western Balkans","description":"","publisher":{"@id":"https:\/\/webalkans.eu\/sq\/#organization"},"potentialAction":[{"@type":"SearchAction","target":{"@type":"EntryPoint","urlTemplate":"https:\/\/webalkans.eu\/sq\/?s={search_term_string}"},"query-input":{"@type":"PropertyValueSpecification","valueRequired":true,"valueName":"search_term_string"}}],"inLanguage":"sq-AL"},{"@type":"Organization","@id":"https:\/\/webalkans.eu\/sq\/#organization","name":"European Union","url":"https:\/\/webalkans.eu\/sq\/","logo":{"@type":"ImageObject","inLanguage":"sq-AL","@id":"https:\/\/webalkans.eu\/sq\/#\/schema\/logo\/image\/","url":"https:\/\/webalkans.eu\/wp-content\/uploads\/2020\/11\/eu_flag.jpg","contentUrl":"https:\/\/webalkans.eu\/wp-content\/uploads\/2020\/11\/eu_flag.jpg","width":600,"height":401,"caption":"European Union"},"image":{"@id":"https:\/\/webalkans.eu\/sq\/#\/schema\/logo\/image\/"},"sameAs":["https:\/\/www.facebook.com\/webalkans.eu","https:\/\/x.com\/WeBalkans"]},{"@type":"Person","@id":"https:\/\/webalkans.eu\/sq\/#\/schema\/person\/95a8ea19ef21de3b7766e9b65ffdb4da","name":"007designstudio@gmail.com"}]}},"_links":{"self":[{"href":"https:\/\/webalkans.eu\/sq\/wp-json\/wp\/v2\/posts\/932730"}],"collection":[{"href":"https:\/\/webalkans.eu\/sq\/wp-json\/wp\/v2\/posts"}],"about":[{"href":"https:\/\/webalkans.eu\/sq\/wp-json\/wp\/v2\/types\/post"}],"author":[{"embeddable":true,"href":"https:\/\/webalkans.eu\/sq\/wp-json\/wp\/v2\/users\/152227"}],"replies":[{"embeddable":true,"href":"https:\/\/webalkans.eu\/sq\/wp-json\/wp\/v2\/comments?post=932730"}],"version-history":[{"count":0,"href":"https:\/\/webalkans.eu\/sq\/wp-json\/wp\/v2\/posts\/932730\/revisions"}],"wp:featuredmedia":[{"embeddable":true,"href":"https:\/\/webalkans.eu\/sq\/wp-json\/wp\/v2\/media\/899334"}],"wp:attachment":[{"href":"https:\/\/webalkans.eu\/sq\/wp-json\/wp\/v2\/media?parent=932730"}],"wp:term":[{"taxonomy":"country-for-news","embeddable":true,"href":"https:\/\/webalkans.eu\/sq\/wp-json\/wp\/v2\/country-for-news?post=932730"}],"curies":[{"name":"wp","href":"https:\/\/api.w.org\/{rel}","templated":true}]}}