
{"id":928918,"date":"2022-11-24T10:04:30","date_gmt":"2022-11-24T09:04:30","guid":{"rendered":"https:\/\/webalkans.eu\/news\/creative-europe-call-for-cooperation-projects\/"},"modified":"2022-12-15T09:25:57","modified_gmt":"2022-12-15T08:25:57","slug":"creative-europe-call-for-cooperation-projects","status":"publish","type":"post","link":"https:\/\/webalkans.eu\/sq\/news\/creative-europe-call-for-cooperation-projects\/","title":{"rendered":"Nj\u00eb thirrje e Creative Europe p\u00ebr projekte bashk\u00ebpunimi"},"content":{"rendered":"<p style=\"font-weight: 400;\">Nj\u00eb thirrje e Creative Europe p\u00ebr projekte bashk\u00ebpunimi do t\u00eb mb\u00ebshtes\u00eb projektet p\u00ebr kryerjen e nj\u00eb game t\u00eb gjer\u00eb aktivitetesh dhe nismash q\u00eb p\u00ebrfshijn\u00eb artist\u00eb dhe grupe interesi aktiv\u00eb n\u00eb sektor\u00eb t\u00eb ndrysh\u00ebm kulturor\u00eb dhe kreativ\u00eb. Me nj\u00eb buxhet prej 60 milion eurosh, nisma do t\u00eb nxis\u00eb bashk\u00ebpunimin nd\u00ebrmjet organizatave aktive n\u00eb fush\u00ebn e kultur\u00ebs, p\u00ebr t\u00eb ngritur pozicionin e dimensionit evropian t\u00eb krijimit dhe qarkullimit t\u00eb veprave artistike evropiane, si dhe p\u00ebr t\u00eb nxitur zhvillimin, eksperimentimin, shp\u00ebrndarjen apo zbatimin e praktikave t\u00eb reja dhe novatore.<\/p>\n<p>&nbsp;<\/p>\n<p style=\"font-weight: 400;\">Projektet evropiane t\u00eb bashk\u00ebpunimit jan\u00eb t\u00eb hapura p\u00ebr t\u00eb gjith\u00eb sektor\u00ebt kulturor\u00eb dhe kreativ\u00eb. Sidoqoft\u00eb, duke qen\u00eb se kjo nism\u00eb \u00ebsht\u00eb pjes\u00eb\u00a0 e fush\u00ebs s\u00eb kultur\u00ebs s\u00eb programit, projektet me p\u00ebrmbajtje ekskluzive audio-vizuale dhe\/ose q\u00eb jan\u00eb t\u00eb p\u00ebrb\u00ebra nga organizata nga sektori audio-vizual, nuk jan\u00eb t\u00eb p\u00ebrshtatshme p\u00ebr aplikim.<\/p>\n<p>&nbsp;<\/p>\n<p style=\"font-weight: 400;\">Afati i fundit p\u00ebr aplikime \u00ebsht\u00eb m\u00eb 23 shkurt 2023.<\/p>\n","protected":false},"excerpt":{"rendered":"<p>Nj\u00eb thirrje e Creative Europe p\u00ebr projekte bashk\u00ebpunimi do t\u00eb mb\u00ebshtes\u00eb projektet p\u00ebr kryerjen e nj\u00eb game t\u00eb gjer\u00eb aktivitetesh dhe nismash q\u00eb p\u00ebrfshijn\u00eb artist\u00eb <\/p>\n","protected":false},"author":152227,"featured_media":894437,"comment_status":"closed","ping_status":"closed","sticky":false,"template":"","format":"standard","meta":{"_acf_changed":false,"_monsterinsights_skip_tracking":false,"_monsterinsights_sitenote_active":false,"_monsterinsights_sitenote_note":"","_monsterinsights_sitenote_category":0,"footnotes":""},"country-for-news":[431,437,441,415,421,428],"class_list":["post-928918","post","type-post","status-publish","format-standard","has-post-thumbnail","hentry","wb_theme-culture-and-youth","country-for-news-montenegro","country-for-news-north-macedonia","country-for-news-serbia","country-for-news-albania","country-for-news-bosnia-and-herzegovina","country-for-news-kosovo"],"acf":[],"yoast_head":"<!-- This site is optimized with the Yoast SEO plugin v25.3.1 - https:\/\/yoast.com\/wordpress\/plugins\/seo\/ -->\n<title>Nj\u00eb thirrje e Creative Europe p\u00ebr projekte bashk\u00ebpunimi News | WeBalkans<\/title>\n<meta name=\"description\" content=\"Nj\u00eb thirrje e Creative Europe p\u00ebr projekte bashk\u00ebpunimi\" \/>\n<meta name=\"robots\" content=\"index, follow, max-snippet:-1, max-image-preview:large, max-video-preview:-1\" \/>\n<link rel=\"canonical\" href=\"https:\/\/webalkans.eu\/sq\/news\/creative-europe-call-for-cooperation-projects\/\" \/>\n<meta property=\"og:locale\" content=\"sq_AL\" \/>\n<meta property=\"og:type\" content=\"article\" \/>\n<meta property=\"og:title\" content=\"Nj\u00eb thirrje e Creative Europe p\u00ebr projekte bashk\u00ebpunimi News | WeBalkans\" \/>\n<meta property=\"og:description\" content=\"Nj\u00eb thirrje e Creative Europe p\u00ebr projekte bashk\u00ebpunimi\" \/>\n<meta property=\"og:url\" content=\"https:\/\/webalkans.eu\/sq\/news\/creative-europe-call-for-cooperation-projects\/\" \/>\n<meta property=\"og:site_name\" content=\"WeBalkans | EU Projects in the Western Balkans\" \/>\n<meta property=\"article:publisher\" content=\"https:\/\/www.facebook.com\/webalkans.eu\" \/>\n<meta property=\"article:published_time\" content=\"2022-11-24T09:04:30+00:00\" \/>\n<meta property=\"article:modified_time\" content=\"2022-12-15T08:25:57+00:00\" \/>\n<meta property=\"og:image\" content=\"https:\/\/webalkans.eu\/wp-content\/uploads\/2022\/11\/6-2.jpeg\" \/>\n\t<meta property=\"og:image:width\" content=\"1380\" \/>\n\t<meta property=\"og:image:height\" content=\"776\" \/>\n\t<meta property=\"og:image:type\" content=\"image\/jpeg\" \/>\n<meta name=\"author\" content=\"007designstudio@gmail.com\" \/>\n<meta name=\"twitter:card\" content=\"summary_large_image\" \/>\n<meta name=\"twitter:creator\" content=\"@WeBalkans\" \/>\n<meta name=\"twitter:site\" content=\"@WeBalkans\" \/>\n<meta name=\"twitter:label1\" content=\"Written by\" \/>\n\t<meta name=\"twitter:data1\" content=\"007designstudio@gmail.com\" \/>\n\t<meta name=\"twitter:label2\" content=\"Est. reading time\" \/>\n\t<meta name=\"twitter:data2\" content=\"1 minute\" \/>\n<script type=\"application\/ld+json\" class=\"yoast-schema-graph\">{\"@context\":\"https:\/\/schema.org\",\"@graph\":[{\"@type\":\"Article\",\"@id\":\"https:\/\/webalkans.eu\/sq\/news\/creative-europe-call-for-cooperation-projects\/#article\",\"isPartOf\":{\"@id\":\"https:\/\/webalkans.eu\/sq\/news\/creative-europe-call-for-cooperation-projects\/\"},\"author\":{\"name\":\"007designstudio@gmail.com\",\"@id\":\"https:\/\/webalkans.eu\/sq\/#\/schema\/person\/95a8ea19ef21de3b7766e9b65ffdb4da\"},\"headline\":\"Nj\u00eb thirrje e Creative Europe p\u00ebr projekte bashk\u00ebpunimi\",\"datePublished\":\"2022-11-24T09:04:30+00:00\",\"dateModified\":\"2022-12-15T08:25:57+00:00\",\"mainEntityOfPage\":{\"@id\":\"https:\/\/webalkans.eu\/sq\/news\/creative-europe-call-for-cooperation-projects\/\"},\"wordCount\":179,\"publisher\":{\"@id\":\"https:\/\/webalkans.eu\/sq\/#organization\"},\"image\":{\"@id\":\"https:\/\/webalkans.eu\/sq\/news\/creative-europe-call-for-cooperation-projects\/#primaryimage\"},\"thumbnailUrl\":\"https:\/\/webalkans.eu\/wp-content\/uploads\/2022\/11\/6-2.jpeg\",\"inLanguage\":\"sq-AL\"},{\"@type\":\"WebPage\",\"@id\":\"https:\/\/webalkans.eu\/sq\/news\/creative-europe-call-for-cooperation-projects\/\",\"url\":\"https:\/\/webalkans.eu\/sq\/news\/creative-europe-call-for-cooperation-projects\/\",\"name\":\"Nj\u00eb thirrje e Creative Europe p\u00ebr projekte bashk\u00ebpunimi News | WeBalkans\",\"isPartOf\":{\"@id\":\"https:\/\/webalkans.eu\/sq\/#website\"},\"primaryImageOfPage\":{\"@id\":\"https:\/\/webalkans.eu\/sq\/news\/creative-europe-call-for-cooperation-projects\/#primaryimage\"},\"image\":{\"@id\":\"https:\/\/webalkans.eu\/sq\/news\/creative-europe-call-for-cooperation-projects\/#primaryimage\"},\"thumbnailUrl\":\"https:\/\/webalkans.eu\/wp-content\/uploads\/2022\/11\/6-2.jpeg\",\"datePublished\":\"2022-11-24T09:04:30+00:00\",\"dateModified\":\"2022-12-15T08:25:57+00:00\",\"description\":\"Nj\u00eb thirrje e Creative Europe p\u00ebr projekte bashk\u00ebpunimi\",\"breadcrumb\":{\"@id\":\"https:\/\/webalkans.eu\/sq\/news\/creative-europe-call-for-cooperation-projects\/#breadcrumb\"},\"inLanguage\":\"sq-AL\",\"potentialAction\":[{\"@type\":\"ReadAction\",\"target\":[\"https:\/\/webalkans.eu\/sq\/news\/creative-europe-call-for-cooperation-projects\/\"]}]},{\"@type\":\"ImageObject\",\"inLanguage\":\"sq-AL\",\"@id\":\"https:\/\/webalkans.eu\/sq\/news\/creative-europe-call-for-cooperation-projects\/#primaryimage\",\"url\":\"https:\/\/webalkans.eu\/wp-content\/uploads\/2022\/11\/6-2.jpeg\",\"contentUrl\":\"https:\/\/webalkans.eu\/wp-content\/uploads\/2022\/11\/6-2.jpeg\",\"width\":1380,\"height\":776},{\"@type\":\"BreadcrumbList\",\"@id\":\"https:\/\/webalkans.eu\/sq\/news\/creative-europe-call-for-cooperation-projects\/#breadcrumb\",\"itemListElement\":[{\"@type\":\"ListItem\",\"position\":1,\"name\":\"Home\",\"item\":\"https:\/\/webalkans.eu\/sq\/homepage\/\"},{\"@type\":\"ListItem\",\"position\":2,\"name\":\"Nj\u00eb thirrje e Creative Europe p\u00ebr projekte bashk\u00ebpunimi\"}]},{\"@type\":\"WebSite\",\"@id\":\"https:\/\/webalkans.eu\/sq\/#website\",\"url\":\"https:\/\/webalkans.eu\/sq\/\",\"name\":\"WeBalkans | EU Projects in the Western Balkans\",\"description\":\"\",\"publisher\":{\"@id\":\"https:\/\/webalkans.eu\/sq\/#organization\"},\"potentialAction\":[{\"@type\":\"SearchAction\",\"target\":{\"@type\":\"EntryPoint\",\"urlTemplate\":\"https:\/\/webalkans.eu\/sq\/?s={search_term_string}\"},\"query-input\":{\"@type\":\"PropertyValueSpecification\",\"valueRequired\":true,\"valueName\":\"search_term_string\"}}],\"inLanguage\":\"sq-AL\"},{\"@type\":\"Organization\",\"@id\":\"https:\/\/webalkans.eu\/sq\/#organization\",\"name\":\"European Union\",\"url\":\"https:\/\/webalkans.eu\/sq\/\",\"logo\":{\"@type\":\"ImageObject\",\"inLanguage\":\"sq-AL\",\"@id\":\"https:\/\/webalkans.eu\/sq\/#\/schema\/logo\/image\/\",\"url\":\"https:\/\/webalkans.eu\/wp-content\/uploads\/2020\/11\/eu_flag.jpg\",\"contentUrl\":\"https:\/\/webalkans.eu\/wp-content\/uploads\/2020\/11\/eu_flag.jpg\",\"width\":600,\"height\":401,\"caption\":\"European Union\"},\"image\":{\"@id\":\"https:\/\/webalkans.eu\/sq\/#\/schema\/logo\/image\/\"},\"sameAs\":[\"https:\/\/www.facebook.com\/webalkans.eu\",\"https:\/\/x.com\/WeBalkans\"]},{\"@type\":\"Person\",\"@id\":\"https:\/\/webalkans.eu\/sq\/#\/schema\/person\/95a8ea19ef21de3b7766e9b65ffdb4da\",\"name\":\"007designstudio@gmail.com\"}]}<\/script>\n<!-- \/ Yoast SEO plugin. -->","yoast_head_json":{"title":"Nj\u00eb thirrje e Creative Europe p\u00ebr projekte bashk\u00ebpunimi News | WeBalkans","description":"Nj\u00eb thirrje e Creative Europe p\u00ebr projekte bashk\u00ebpunimi","robots":{"index":"index","follow":"follow","max-snippet":"max-snippet:-1","max-image-preview":"max-image-preview:large","max-video-preview":"max-video-preview:-1"},"canonical":"https:\/\/webalkans.eu\/sq\/news\/creative-europe-call-for-cooperation-projects\/","og_locale":"sq_AL","og_type":"article","og_title":"Nj\u00eb thirrje e Creative Europe p\u00ebr projekte bashk\u00ebpunimi News | WeBalkans","og_description":"Nj\u00eb thirrje e Creative Europe p\u00ebr projekte bashk\u00ebpunimi","og_url":"https:\/\/webalkans.eu\/sq\/news\/creative-europe-call-for-cooperation-projects\/","og_site_name":"WeBalkans | EU Projects in the Western Balkans","article_publisher":"https:\/\/www.facebook.com\/webalkans.eu","article_published_time":"2022-11-24T09:04:30+00:00","article_modified_time":"2022-12-15T08:25:57+00:00","og_image":[{"width":1380,"height":776,"url":"https:\/\/webalkans.eu\/wp-content\/uploads\/2022\/11\/6-2.jpeg","type":"image\/jpeg"}],"author":"007designstudio@gmail.com","twitter_card":"summary_large_image","twitter_creator":"@WeBalkans","twitter_site":"@WeBalkans","twitter_misc":{"Written by":"007designstudio@gmail.com","Est. reading time":"1 minute"},"schema":{"@context":"https:\/\/schema.org","@graph":[{"@type":"Article","@id":"https:\/\/webalkans.eu\/sq\/news\/creative-europe-call-for-cooperation-projects\/#article","isPartOf":{"@id":"https:\/\/webalkans.eu\/sq\/news\/creative-europe-call-for-cooperation-projects\/"},"author":{"name":"007designstudio@gmail.com","@id":"https:\/\/webalkans.eu\/sq\/#\/schema\/person\/95a8ea19ef21de3b7766e9b65ffdb4da"},"headline":"Nj\u00eb thirrje e Creative Europe p\u00ebr projekte bashk\u00ebpunimi","datePublished":"2022-11-24T09:04:30+00:00","dateModified":"2022-12-15T08:25:57+00:00","mainEntityOfPage":{"@id":"https:\/\/webalkans.eu\/sq\/news\/creative-europe-call-for-cooperation-projects\/"},"wordCount":179,"publisher":{"@id":"https:\/\/webalkans.eu\/sq\/#organization"},"image":{"@id":"https:\/\/webalkans.eu\/sq\/news\/creative-europe-call-for-cooperation-projects\/#primaryimage"},"thumbnailUrl":"https:\/\/webalkans.eu\/wp-content\/uploads\/2022\/11\/6-2.jpeg","inLanguage":"sq-AL"},{"@type":"WebPage","@id":"https:\/\/webalkans.eu\/sq\/news\/creative-europe-call-for-cooperation-projects\/","url":"https:\/\/webalkans.eu\/sq\/news\/creative-europe-call-for-cooperation-projects\/","name":"Nj\u00eb thirrje e Creative Europe p\u00ebr projekte bashk\u00ebpunimi News | WeBalkans","isPartOf":{"@id":"https:\/\/webalkans.eu\/sq\/#website"},"primaryImageOfPage":{"@id":"https:\/\/webalkans.eu\/sq\/news\/creative-europe-call-for-cooperation-projects\/#primaryimage"},"image":{"@id":"https:\/\/webalkans.eu\/sq\/news\/creative-europe-call-for-cooperation-projects\/#primaryimage"},"thumbnailUrl":"https:\/\/webalkans.eu\/wp-content\/uploads\/2022\/11\/6-2.jpeg","datePublished":"2022-11-24T09:04:30+00:00","dateModified":"2022-12-15T08:25:57+00:00","description":"Nj\u00eb thirrje e Creative Europe p\u00ebr projekte bashk\u00ebpunimi","breadcrumb":{"@id":"https:\/\/webalkans.eu\/sq\/news\/creative-europe-call-for-cooperation-projects\/#breadcrumb"},"inLanguage":"sq-AL","potentialAction":[{"@type":"ReadAction","target":["https:\/\/webalkans.eu\/sq\/news\/creative-europe-call-for-cooperation-projects\/"]}]},{"@type":"ImageObject","inLanguage":"sq-AL","@id":"https:\/\/webalkans.eu\/sq\/news\/creative-europe-call-for-cooperation-projects\/#primaryimage","url":"https:\/\/webalkans.eu\/wp-content\/uploads\/2022\/11\/6-2.jpeg","contentUrl":"https:\/\/webalkans.eu\/wp-content\/uploads\/2022\/11\/6-2.jpeg","width":1380,"height":776},{"@type":"BreadcrumbList","@id":"https:\/\/webalkans.eu\/sq\/news\/creative-europe-call-for-cooperation-projects\/#breadcrumb","itemListElement":[{"@type":"ListItem","position":1,"name":"Home","item":"https:\/\/webalkans.eu\/sq\/homepage\/"},{"@type":"ListItem","position":2,"name":"Nj\u00eb thirrje e Creative Europe p\u00ebr projekte bashk\u00ebpunimi"}]},{"@type":"WebSite","@id":"https:\/\/webalkans.eu\/sq\/#website","url":"https:\/\/webalkans.eu\/sq\/","name":"WeBalkans | EU Projects in the Western Balkans","description":"","publisher":{"@id":"https:\/\/webalkans.eu\/sq\/#organization"},"potentialAction":[{"@type":"SearchAction","target":{"@type":"EntryPoint","urlTemplate":"https:\/\/webalkans.eu\/sq\/?s={search_term_string}"},"query-input":{"@type":"PropertyValueSpecification","valueRequired":true,"valueName":"search_term_string"}}],"inLanguage":"sq-AL"},{"@type":"Organization","@id":"https:\/\/webalkans.eu\/sq\/#organization","name":"European Union","url":"https:\/\/webalkans.eu\/sq\/","logo":{"@type":"ImageObject","inLanguage":"sq-AL","@id":"https:\/\/webalkans.eu\/sq\/#\/schema\/logo\/image\/","url":"https:\/\/webalkans.eu\/wp-content\/uploads\/2020\/11\/eu_flag.jpg","contentUrl":"https:\/\/webalkans.eu\/wp-content\/uploads\/2020\/11\/eu_flag.jpg","width":600,"height":401,"caption":"European Union"},"image":{"@id":"https:\/\/webalkans.eu\/sq\/#\/schema\/logo\/image\/"},"sameAs":["https:\/\/www.facebook.com\/webalkans.eu","https:\/\/x.com\/WeBalkans"]},{"@type":"Person","@id":"https:\/\/webalkans.eu\/sq\/#\/schema\/person\/95a8ea19ef21de3b7766e9b65ffdb4da","name":"007designstudio@gmail.com"}]}},"_links":{"self":[{"href":"https:\/\/webalkans.eu\/sq\/wp-json\/wp\/v2\/posts\/928918"}],"collection":[{"href":"https:\/\/webalkans.eu\/sq\/wp-json\/wp\/v2\/posts"}],"about":[{"href":"https:\/\/webalkans.eu\/sq\/wp-json\/wp\/v2\/types\/post"}],"author":[{"embeddable":true,"href":"https:\/\/webalkans.eu\/sq\/wp-json\/wp\/v2\/users\/152227"}],"replies":[{"embeddable":true,"href":"https:\/\/webalkans.eu\/sq\/wp-json\/wp\/v2\/comments?post=928918"}],"version-history":[{"count":0,"href":"https:\/\/webalkans.eu\/sq\/wp-json\/wp\/v2\/posts\/928918\/revisions"}],"wp:featuredmedia":[{"embeddable":true,"href":"https:\/\/webalkans.eu\/sq\/wp-json\/wp\/v2\/media\/894437"}],"wp:attachment":[{"href":"https:\/\/webalkans.eu\/sq\/wp-json\/wp\/v2\/media?parent=928918"}],"wp:term":[{"taxonomy":"country-for-news","embeddable":true,"href":"https:\/\/webalkans.eu\/sq\/wp-json\/wp\/v2\/country-for-news?post=928918"}],"curies":[{"name":"wp","href":"https:\/\/api.w.org\/{rel}","templated":true}]}}