
{"id":928865,"date":"2022-11-24T09:41:58","date_gmt":"2022-11-24T08:41:58","guid":{"rendered":"https:\/\/webalkans.eu\/news\/winners-chosen-for-being-young-in-serbia-photo-competition\/"},"modified":"2022-12-15T09:08:54","modified_gmt":"2022-12-15T08:08:54","slug":"winners-chosen-for-being-young-in-serbia-photo-competition","status":"publish","type":"post","link":"https:\/\/webalkans.eu\/sq\/news\/winners-chosen-for-being-young-in-serbia-photo-competition\/","title":{"rendered":"U zgjodh\u00ebn fituesit p\u00ebr Being Young n\u00eb konkursin e fotografis\u00eb n\u00eb Serbi"},"content":{"rendered":"<p style=\"font-weight: 400;\">Arg\u00ebtim, aktivitete sportive, art, luft\u00eb p\u00ebr nj\u00eb t\u00eb ardhme m\u00eb t\u00eb mir\u00eb \u2013t\u00eb gjitha k\u00ebto jan\u00eb pjes\u00eb e jet\u00ebs s\u00eb p\u00ebrditshme t\u00eb t\u00eb rinjve n\u00eb Serbi dhe\u00a0 frym\u00ebzuan pjes\u00ebmarr\u00ebsit e konkursit t\u00eb fotografis\u00eb s\u00eb k\u00ebtij viti me tem\u00ebn \u201cBiti mlad u Srbiji\u201d (T\u00eb q\u00ebnurit i ri n\u00eb Serbi).<\/p>\n<p>&nbsp;<\/p>\n<p style=\"font-weight: 400;\">Nj\u00eb juri prej pes\u00eb an\u00ebtar\u00ebsh p\u00ebrzgjodhi kat\u00ebr fitues nga m\u00eb shum\u00eb se 1,000 fotot e dor\u00ebzuara n\u00eb konkurs, i cili u organizua nga Delegation of the European Union n\u00eb Serbi, National Geographic Serbia, <em>Politikin Zabavnik,<\/em> dhe Erasmus Student Network Serbia.<\/p>\n<p>&nbsp;<\/p>\n<p style=\"font-weight: 400;\">Ky \u00ebsht\u00eb nj\u00eb nd\u00ebr aktivitetet, me an\u00eb t\u00eb t\u00eb cilit EU Delegation in Serbia sh\u00ebnjoi vitin 2022 si European Year of Youth.<\/p>\n<p>&nbsp;<\/p>\n<p style=\"font-weight: 400;\">N\u00eb kategorin\u00eb p\u00ebr fotot m\u00eb t\u00eb mira t\u00eb qytetar\u00ebve, \u00e7mimet u dhan\u00eb:<\/p>\n<p>&nbsp;<\/p>\n<p style=\"font-weight: 400;\">Vendi i par\u00eb \u2013 Milo\u0161 Krsti\u0107, <em>Festival Euphoria<\/em> (Exit Festival, Novi Sad-\u00eb)<\/p>\n<p style=\"font-weight: 400;\">Vendi i dyt\u00eb \u2013 Irena Ljubanovi\u0107,\u00a0<em>Woman showing solidarity to another woman<\/em>\u00a0(Beograd)<\/p>\n<p style=\"font-weight: 400;\">Vendi i tret\u00eb \u2013 Jana Ceki\u0107,\u00a0<em>And, What Now?<\/em>\u00a0(Beograd)<\/p>\n<p>&nbsp;<\/p>\n<p style=\"font-weight: 400;\">Fotoja q\u00eb fitoi \u00e7mimin e par\u00eb do t\u00eb publikohet n\u00eb edicionin serb t\u00eb revist\u00ebs <em>National Geographic<\/em>, si dhe n\u00eb <em>Politikin Zabavnik<\/em>. Kat\u00ebr fotot fituese, si dhe 16 fotot kandidate do t\u00eb paraqiten gjat\u00eb dhjetorit n\u00eb EU Info Centre n\u00eb Beograd, Novi Sad dhe Nish. \u00a0Fotograf\u00ebve t\u00eb veprave m\u00eb t\u00eb mira do t&#8217;u dhurohen kupon\u00eb p\u00ebr pajisje elektronike; fotos fituese do t&#8217;i dhurohet nj\u00eb kupon p\u00ebr blerjen e pajisjeve elektronike me vler\u00eb 1,000 euro, \u00e7mimit t\u00eb dyt\u00eb nj\u00eb kupon me vler\u00eb 500 euro, \u00e7mimit t\u00eb tret\u00eb nj\u00eb kupon me vler\u00eb 300 euro, nd\u00ebrsa fotografia m\u00eb e mir\u00eb e nj\u00eb projekti t\u00eb BE-s\u00eb merr nj\u00eb certifikat\u00eb.<\/p>\n","protected":false},"excerpt":{"rendered":"<p>Arg\u00ebtim, aktivitete sportive, art, luft\u00eb p\u00ebr nj\u00eb t\u00eb ardhme m\u00eb t\u00eb mir\u00eb \u2013t\u00eb gjitha k\u00ebto jan\u00eb pjes\u00eb e jet\u00ebs s\u00eb p\u00ebrditshme t\u00eb t\u00eb rinjve n\u00eb <\/p>\n","protected":false},"author":152227,"featured_media":894346,"comment_status":"closed","ping_status":"closed","sticky":false,"template":"","format":"standard","meta":{"_acf_changed":false,"_monsterinsights_skip_tracking":false,"_monsterinsights_sitenote_active":false,"_monsterinsights_sitenote_note":"","_monsterinsights_sitenote_category":0,"footnotes":""},"country-for-news":[441],"class_list":["post-928865","post","type-post","status-publish","format-standard","has-post-thumbnail","hentry","wb_theme-culture-and-youth","country-for-news-serbia"],"acf":[],"yoast_head":"<!-- This site is optimized with the Yoast SEO plugin v25.3.1 - https:\/\/yoast.com\/wordpress\/plugins\/seo\/ -->\n<title>U zgjodh\u00ebn fituesit p\u00ebr Being Young n\u00eb konkursin e fotografis\u00eb n\u00eb Serbi News | WeBalkans<\/title>\n<meta name=\"description\" content=\"U zgjodh\u00ebn fituesit p\u00ebr Being Young n\u00eb konkursin e fotografis\u00eb n\u00eb Serbi\" \/>\n<meta name=\"robots\" content=\"index, follow, max-snippet:-1, max-image-preview:large, max-video-preview:-1\" \/>\n<link rel=\"canonical\" href=\"https:\/\/webalkans.eu\/sq\/news\/winners-chosen-for-being-young-in-serbia-photo-competition\/\" \/>\n<meta property=\"og:locale\" content=\"sq_AL\" \/>\n<meta property=\"og:type\" content=\"article\" \/>\n<meta property=\"og:title\" content=\"U zgjodh\u00ebn fituesit p\u00ebr Being Young n\u00eb konkursin e fotografis\u00eb n\u00eb Serbi News | WeBalkans\" \/>\n<meta property=\"og:description\" content=\"U zgjodh\u00ebn fituesit p\u00ebr Being Young n\u00eb konkursin e fotografis\u00eb n\u00eb Serbi\" \/>\n<meta property=\"og:url\" content=\"https:\/\/webalkans.eu\/sq\/news\/winners-chosen-for-being-young-in-serbia-photo-competition\/\" \/>\n<meta property=\"og:site_name\" content=\"WeBalkans | EU Projects in the Western Balkans\" \/>\n<meta property=\"article:publisher\" content=\"https:\/\/www.facebook.com\/webalkans.eu\" \/>\n<meta property=\"article:published_time\" content=\"2022-11-24T08:41:58+00:00\" \/>\n<meta property=\"article:modified_time\" content=\"2022-12-15T08:08:54+00:00\" \/>\n<meta property=\"og:image\" content=\"https:\/\/webalkans.eu\/wp-content\/uploads\/2022\/11\/1-11.jpeg\" \/>\n\t<meta property=\"og:image:width\" content=\"2560\" \/>\n\t<meta property=\"og:image:height\" content=\"1705\" \/>\n\t<meta property=\"og:image:type\" content=\"image\/jpeg\" \/>\n<meta name=\"author\" content=\"007designstudio@gmail.com\" \/>\n<meta name=\"twitter:card\" content=\"summary_large_image\" \/>\n<meta name=\"twitter:creator\" content=\"@WeBalkans\" \/>\n<meta name=\"twitter:site\" content=\"@WeBalkans\" \/>\n<meta name=\"twitter:label1\" content=\"Written by\" \/>\n\t<meta name=\"twitter:data1\" content=\"007designstudio@gmail.com\" \/>\n\t<meta name=\"twitter:label2\" content=\"Est. reading time\" \/>\n\t<meta name=\"twitter:data2\" content=\"1 minute\" \/>\n<script type=\"application\/ld+json\" class=\"yoast-schema-graph\">{\"@context\":\"https:\/\/schema.org\",\"@graph\":[{\"@type\":\"Article\",\"@id\":\"https:\/\/webalkans.eu\/sq\/news\/winners-chosen-for-being-young-in-serbia-photo-competition\/#article\",\"isPartOf\":{\"@id\":\"https:\/\/webalkans.eu\/sq\/news\/winners-chosen-for-being-young-in-serbia-photo-competition\/\"},\"author\":{\"name\":\"007designstudio@gmail.com\",\"@id\":\"https:\/\/webalkans.eu\/sq\/#\/schema\/person\/95a8ea19ef21de3b7766e9b65ffdb4da\"},\"headline\":\"U zgjodh\u00ebn fituesit p\u00ebr Being Young n\u00eb konkursin e fotografis\u00eb n\u00eb Serbi\",\"datePublished\":\"2022-11-24T08:41:58+00:00\",\"dateModified\":\"2022-12-15T08:08:54+00:00\",\"mainEntityOfPage\":{\"@id\":\"https:\/\/webalkans.eu\/sq\/news\/winners-chosen-for-being-young-in-serbia-photo-competition\/\"},\"wordCount\":299,\"publisher\":{\"@id\":\"https:\/\/webalkans.eu\/sq\/#organization\"},\"image\":{\"@id\":\"https:\/\/webalkans.eu\/sq\/news\/winners-chosen-for-being-young-in-serbia-photo-competition\/#primaryimage\"},\"thumbnailUrl\":\"https:\/\/webalkans.eu\/wp-content\/uploads\/2022\/11\/1-11.jpeg\",\"inLanguage\":\"sq-AL\"},{\"@type\":\"WebPage\",\"@id\":\"https:\/\/webalkans.eu\/sq\/news\/winners-chosen-for-being-young-in-serbia-photo-competition\/\",\"url\":\"https:\/\/webalkans.eu\/sq\/news\/winners-chosen-for-being-young-in-serbia-photo-competition\/\",\"name\":\"U zgjodh\u00ebn fituesit p\u00ebr Being Young n\u00eb konkursin e fotografis\u00eb n\u00eb Serbi News | WeBalkans\",\"isPartOf\":{\"@id\":\"https:\/\/webalkans.eu\/sq\/#website\"},\"primaryImageOfPage\":{\"@id\":\"https:\/\/webalkans.eu\/sq\/news\/winners-chosen-for-being-young-in-serbia-photo-competition\/#primaryimage\"},\"image\":{\"@id\":\"https:\/\/webalkans.eu\/sq\/news\/winners-chosen-for-being-young-in-serbia-photo-competition\/#primaryimage\"},\"thumbnailUrl\":\"https:\/\/webalkans.eu\/wp-content\/uploads\/2022\/11\/1-11.jpeg\",\"datePublished\":\"2022-11-24T08:41:58+00:00\",\"dateModified\":\"2022-12-15T08:08:54+00:00\",\"description\":\"U zgjodh\u00ebn fituesit p\u00ebr Being Young n\u00eb konkursin e fotografis\u00eb n\u00eb Serbi\",\"breadcrumb\":{\"@id\":\"https:\/\/webalkans.eu\/sq\/news\/winners-chosen-for-being-young-in-serbia-photo-competition\/#breadcrumb\"},\"inLanguage\":\"sq-AL\",\"potentialAction\":[{\"@type\":\"ReadAction\",\"target\":[\"https:\/\/webalkans.eu\/sq\/news\/winners-chosen-for-being-young-in-serbia-photo-competition\/\"]}]},{\"@type\":\"ImageObject\",\"inLanguage\":\"sq-AL\",\"@id\":\"https:\/\/webalkans.eu\/sq\/news\/winners-chosen-for-being-young-in-serbia-photo-competition\/#primaryimage\",\"url\":\"https:\/\/webalkans.eu\/wp-content\/uploads\/2022\/11\/1-11.jpeg\",\"contentUrl\":\"https:\/\/webalkans.eu\/wp-content\/uploads\/2022\/11\/1-11.jpeg\",\"width\":2560,\"height\":1705},{\"@type\":\"BreadcrumbList\",\"@id\":\"https:\/\/webalkans.eu\/sq\/news\/winners-chosen-for-being-young-in-serbia-photo-competition\/#breadcrumb\",\"itemListElement\":[{\"@type\":\"ListItem\",\"position\":1,\"name\":\"Home\",\"item\":\"https:\/\/webalkans.eu\/sq\/homepage\/\"},{\"@type\":\"ListItem\",\"position\":2,\"name\":\"U zgjodh\u00ebn fituesit p\u00ebr Being Young n\u00eb konkursin e fotografis\u00eb n\u00eb Serbi\"}]},{\"@type\":\"WebSite\",\"@id\":\"https:\/\/webalkans.eu\/sq\/#website\",\"url\":\"https:\/\/webalkans.eu\/sq\/\",\"name\":\"WeBalkans | EU Projects in the Western Balkans\",\"description\":\"\",\"publisher\":{\"@id\":\"https:\/\/webalkans.eu\/sq\/#organization\"},\"potentialAction\":[{\"@type\":\"SearchAction\",\"target\":{\"@type\":\"EntryPoint\",\"urlTemplate\":\"https:\/\/webalkans.eu\/sq\/?s={search_term_string}\"},\"query-input\":{\"@type\":\"PropertyValueSpecification\",\"valueRequired\":true,\"valueName\":\"search_term_string\"}}],\"inLanguage\":\"sq-AL\"},{\"@type\":\"Organization\",\"@id\":\"https:\/\/webalkans.eu\/sq\/#organization\",\"name\":\"European Union\",\"url\":\"https:\/\/webalkans.eu\/sq\/\",\"logo\":{\"@type\":\"ImageObject\",\"inLanguage\":\"sq-AL\",\"@id\":\"https:\/\/webalkans.eu\/sq\/#\/schema\/logo\/image\/\",\"url\":\"https:\/\/webalkans.eu\/wp-content\/uploads\/2020\/11\/eu_flag.jpg\",\"contentUrl\":\"https:\/\/webalkans.eu\/wp-content\/uploads\/2020\/11\/eu_flag.jpg\",\"width\":600,\"height\":401,\"caption\":\"European Union\"},\"image\":{\"@id\":\"https:\/\/webalkans.eu\/sq\/#\/schema\/logo\/image\/\"},\"sameAs\":[\"https:\/\/www.facebook.com\/webalkans.eu\",\"https:\/\/x.com\/WeBalkans\"]},{\"@type\":\"Person\",\"@id\":\"https:\/\/webalkans.eu\/sq\/#\/schema\/person\/95a8ea19ef21de3b7766e9b65ffdb4da\",\"name\":\"007designstudio@gmail.com\"}]}<\/script>\n<!-- \/ Yoast SEO plugin. -->","yoast_head_json":{"title":"U zgjodh\u00ebn fituesit p\u00ebr Being Young n\u00eb konkursin e fotografis\u00eb n\u00eb Serbi News | WeBalkans","description":"U zgjodh\u00ebn fituesit p\u00ebr Being Young n\u00eb konkursin e fotografis\u00eb n\u00eb Serbi","robots":{"index":"index","follow":"follow","max-snippet":"max-snippet:-1","max-image-preview":"max-image-preview:large","max-video-preview":"max-video-preview:-1"},"canonical":"https:\/\/webalkans.eu\/sq\/news\/winners-chosen-for-being-young-in-serbia-photo-competition\/","og_locale":"sq_AL","og_type":"article","og_title":"U zgjodh\u00ebn fituesit p\u00ebr Being Young n\u00eb konkursin e fotografis\u00eb n\u00eb Serbi News | WeBalkans","og_description":"U zgjodh\u00ebn fituesit p\u00ebr Being Young n\u00eb konkursin e fotografis\u00eb n\u00eb Serbi","og_url":"https:\/\/webalkans.eu\/sq\/news\/winners-chosen-for-being-young-in-serbia-photo-competition\/","og_site_name":"WeBalkans | EU Projects in the Western Balkans","article_publisher":"https:\/\/www.facebook.com\/webalkans.eu","article_published_time":"2022-11-24T08:41:58+00:00","article_modified_time":"2022-12-15T08:08:54+00:00","og_image":[{"width":2560,"height":1705,"url":"https:\/\/webalkans.eu\/wp-content\/uploads\/2022\/11\/1-11.jpeg","type":"image\/jpeg"}],"author":"007designstudio@gmail.com","twitter_card":"summary_large_image","twitter_creator":"@WeBalkans","twitter_site":"@WeBalkans","twitter_misc":{"Written by":"007designstudio@gmail.com","Est. reading time":"1 minute"},"schema":{"@context":"https:\/\/schema.org","@graph":[{"@type":"Article","@id":"https:\/\/webalkans.eu\/sq\/news\/winners-chosen-for-being-young-in-serbia-photo-competition\/#article","isPartOf":{"@id":"https:\/\/webalkans.eu\/sq\/news\/winners-chosen-for-being-young-in-serbia-photo-competition\/"},"author":{"name":"007designstudio@gmail.com","@id":"https:\/\/webalkans.eu\/sq\/#\/schema\/person\/95a8ea19ef21de3b7766e9b65ffdb4da"},"headline":"U zgjodh\u00ebn fituesit p\u00ebr Being Young n\u00eb konkursin e fotografis\u00eb n\u00eb Serbi","datePublished":"2022-11-24T08:41:58+00:00","dateModified":"2022-12-15T08:08:54+00:00","mainEntityOfPage":{"@id":"https:\/\/webalkans.eu\/sq\/news\/winners-chosen-for-being-young-in-serbia-photo-competition\/"},"wordCount":299,"publisher":{"@id":"https:\/\/webalkans.eu\/sq\/#organization"},"image":{"@id":"https:\/\/webalkans.eu\/sq\/news\/winners-chosen-for-being-young-in-serbia-photo-competition\/#primaryimage"},"thumbnailUrl":"https:\/\/webalkans.eu\/wp-content\/uploads\/2022\/11\/1-11.jpeg","inLanguage":"sq-AL"},{"@type":"WebPage","@id":"https:\/\/webalkans.eu\/sq\/news\/winners-chosen-for-being-young-in-serbia-photo-competition\/","url":"https:\/\/webalkans.eu\/sq\/news\/winners-chosen-for-being-young-in-serbia-photo-competition\/","name":"U zgjodh\u00ebn fituesit p\u00ebr Being Young n\u00eb konkursin e fotografis\u00eb n\u00eb Serbi News | WeBalkans","isPartOf":{"@id":"https:\/\/webalkans.eu\/sq\/#website"},"primaryImageOfPage":{"@id":"https:\/\/webalkans.eu\/sq\/news\/winners-chosen-for-being-young-in-serbia-photo-competition\/#primaryimage"},"image":{"@id":"https:\/\/webalkans.eu\/sq\/news\/winners-chosen-for-being-young-in-serbia-photo-competition\/#primaryimage"},"thumbnailUrl":"https:\/\/webalkans.eu\/wp-content\/uploads\/2022\/11\/1-11.jpeg","datePublished":"2022-11-24T08:41:58+00:00","dateModified":"2022-12-15T08:08:54+00:00","description":"U zgjodh\u00ebn fituesit p\u00ebr Being Young n\u00eb konkursin e fotografis\u00eb n\u00eb Serbi","breadcrumb":{"@id":"https:\/\/webalkans.eu\/sq\/news\/winners-chosen-for-being-young-in-serbia-photo-competition\/#breadcrumb"},"inLanguage":"sq-AL","potentialAction":[{"@type":"ReadAction","target":["https:\/\/webalkans.eu\/sq\/news\/winners-chosen-for-being-young-in-serbia-photo-competition\/"]}]},{"@type":"ImageObject","inLanguage":"sq-AL","@id":"https:\/\/webalkans.eu\/sq\/news\/winners-chosen-for-being-young-in-serbia-photo-competition\/#primaryimage","url":"https:\/\/webalkans.eu\/wp-content\/uploads\/2022\/11\/1-11.jpeg","contentUrl":"https:\/\/webalkans.eu\/wp-content\/uploads\/2022\/11\/1-11.jpeg","width":2560,"height":1705},{"@type":"BreadcrumbList","@id":"https:\/\/webalkans.eu\/sq\/news\/winners-chosen-for-being-young-in-serbia-photo-competition\/#breadcrumb","itemListElement":[{"@type":"ListItem","position":1,"name":"Home","item":"https:\/\/webalkans.eu\/sq\/homepage\/"},{"@type":"ListItem","position":2,"name":"U zgjodh\u00ebn fituesit p\u00ebr Being Young n\u00eb konkursin e fotografis\u00eb n\u00eb Serbi"}]},{"@type":"WebSite","@id":"https:\/\/webalkans.eu\/sq\/#website","url":"https:\/\/webalkans.eu\/sq\/","name":"WeBalkans | EU Projects in the Western Balkans","description":"","publisher":{"@id":"https:\/\/webalkans.eu\/sq\/#organization"},"potentialAction":[{"@type":"SearchAction","target":{"@type":"EntryPoint","urlTemplate":"https:\/\/webalkans.eu\/sq\/?s={search_term_string}"},"query-input":{"@type":"PropertyValueSpecification","valueRequired":true,"valueName":"search_term_string"}}],"inLanguage":"sq-AL"},{"@type":"Organization","@id":"https:\/\/webalkans.eu\/sq\/#organization","name":"European Union","url":"https:\/\/webalkans.eu\/sq\/","logo":{"@type":"ImageObject","inLanguage":"sq-AL","@id":"https:\/\/webalkans.eu\/sq\/#\/schema\/logo\/image\/","url":"https:\/\/webalkans.eu\/wp-content\/uploads\/2020\/11\/eu_flag.jpg","contentUrl":"https:\/\/webalkans.eu\/wp-content\/uploads\/2020\/11\/eu_flag.jpg","width":600,"height":401,"caption":"European Union"},"image":{"@id":"https:\/\/webalkans.eu\/sq\/#\/schema\/logo\/image\/"},"sameAs":["https:\/\/www.facebook.com\/webalkans.eu","https:\/\/x.com\/WeBalkans"]},{"@type":"Person","@id":"https:\/\/webalkans.eu\/sq\/#\/schema\/person\/95a8ea19ef21de3b7766e9b65ffdb4da","name":"007designstudio@gmail.com"}]}},"_links":{"self":[{"href":"https:\/\/webalkans.eu\/sq\/wp-json\/wp\/v2\/posts\/928865"}],"collection":[{"href":"https:\/\/webalkans.eu\/sq\/wp-json\/wp\/v2\/posts"}],"about":[{"href":"https:\/\/webalkans.eu\/sq\/wp-json\/wp\/v2\/types\/post"}],"author":[{"embeddable":true,"href":"https:\/\/webalkans.eu\/sq\/wp-json\/wp\/v2\/users\/152227"}],"replies":[{"embeddable":true,"href":"https:\/\/webalkans.eu\/sq\/wp-json\/wp\/v2\/comments?post=928865"}],"version-history":[{"count":0,"href":"https:\/\/webalkans.eu\/sq\/wp-json\/wp\/v2\/posts\/928865\/revisions"}],"wp:featuredmedia":[{"embeddable":true,"href":"https:\/\/webalkans.eu\/sq\/wp-json\/wp\/v2\/media\/894346"}],"wp:attachment":[{"href":"https:\/\/webalkans.eu\/sq\/wp-json\/wp\/v2\/media?parent=928865"}],"wp:term":[{"taxonomy":"country-for-news","embeddable":true,"href":"https:\/\/webalkans.eu\/sq\/wp-json\/wp\/v2\/country-for-news?post=928865"}],"curies":[{"name":"wp","href":"https:\/\/api.w.org\/{rel}","templated":true}]}}