
{"id":849973,"date":"2022-09-23T10:26:52","date_gmt":"2022-09-23T08:26:52","guid":{"rendered":"https:\/\/webalkans.eu\/news\/the-european-union-donates-minivan-to-bosnian-podrinje-canton-gorazde\/"},"modified":"2022-09-29T09:56:29","modified_gmt":"2022-09-29T07:56:29","slug":"the-european-union-donates-minivan-to-bosnian-podrinje-canton-gorazde","status":"publish","type":"post","link":"https:\/\/webalkans.eu\/sq\/news\/the-european-union-donates-minivan-to-bosnian-podrinje-canton-gorazde\/","title":{"rendered":"Bashkimi Evropian i dhuron nj\u00eb minibus Kantonit Bosnj\u00eb-Podrinje Gorazhda"},"content":{"rendered":"<p style=\"font-weight: 400;\">BE-ja ka vijuar mb\u00ebshtetjen e saj p\u00ebr operacionet e p\u00ebrditshme n\u00eb terren t\u00eb agjencive policore t\u00eb Bosnj\u00ebs dhe Hercegovin\u00ebs. Si pjes\u00eb e k\u00ebsaj mb\u00ebshtetje, ata i dhuruan nj\u00eb minibus me vler\u00eb 79,900 BAM Ministris\u00eb s\u00eb Brendshme t\u00eb Kantonit Bosnje-Podrinje Gorazhda. Minibusi do t\u00eb rris\u00eb kapacitetin p\u00ebr transportin e njer\u00ebzve dhe do t\u00eb siguroj\u00eb gatishm\u00ebri m\u00eb t\u00eb madhe n\u00eb terren t\u00eb oficer\u00ebve t\u00eb policis\u00eb &#8211; n\u00eb kanton, dhe n\u00eb qoft\u00eb se \u00ebsht\u00eb e nevojshme, edhe n\u00eb t\u00eb gjith\u00eb BH-n\u00eb.<\/p>\n<p>&nbsp;<\/p>\n<p style=\"font-weight: 400;\">Q\u00eb n\u00eb vitin 2018, Bashkimi Evropian ka vijuar t\u00eb mb\u00ebshtes\u00eb Bosnj\u00ebn dhe Hercegovin\u00ebn p\u00ebr sistemet e menaxhimit t\u00eb emigracionit dhe kufijve, n\u00eb kontekstin e rritjes s\u00eb numrit t\u00eb refugjat\u00ebve dhe emigrant\u00ebve n\u00eb vend, q\u00eb nga fundi i vitit 2017. Deri m\u00eb tani, Bashkimi Evropian ka investuar m\u00eb shum\u00eb se 8 milion euro p\u00ebr mb\u00ebshtetjen e agjencive policore n\u00eb BH n\u00ebp\u00ebrmjet sigurimit t\u00eb pajisjeve dhe rritjes s\u00eb kapacitetit. Q\u00eb nga viti 2017, Bashkimi Evropian ka caktuar m\u00eb shum\u00eb se 100 milion euro p\u00ebr mb\u00ebshtetjen e sistemeve t\u00eb menaxhimit t\u00eb emigracionit dhe kufijve n\u00eb BH.<\/p>\n<p>&nbsp;<\/p>\n<p style=\"font-weight: 400;\">Projekti \u201cEU Support to Migration and Border Management in Bosnia and Herzegovina\u201d financohet nga Bashkimi Evropian n\u00ebp\u00ebrmjet \u2018Instrument for Pre-Accession Assistance\u2019 dhe vihet n\u00eb zbatim nga \u2018International Organisation for Migration\u2019, n\u00eb partneritet me \u2018Danish Refugee Council\u2019, UNFPA-n\u00eb, \u2018United Nations High Commissioner for Refugees\u2019 dhe Unicef-in.<\/p>\n","protected":false},"excerpt":{"rendered":"<p>BE-ja ka vijuar mb\u00ebshtetjen e saj p\u00ebr operacionet e p\u00ebrditshme n\u00eb terren t\u00eb agjencive policore t\u00eb Bosnj\u00ebs dhe Hercegovin\u00ebs. Si pjes\u00eb e k\u00ebsaj mb\u00ebshtetje, ata <\/p>\n","protected":false},"author":152227,"featured_media":846108,"comment_status":"closed","ping_status":"closed","sticky":false,"template":"","format":"standard","meta":{"_acf_changed":false,"_monsterinsights_skip_tracking":false,"_monsterinsights_sitenote_active":false,"_monsterinsights_sitenote_note":"","_monsterinsights_sitenote_category":0,"footnotes":""},"country-for-news":[421],"class_list":["post-849973","post","type-post","status-publish","format-standard","has-post-thumbnail","hentry","wb_theme-democracy-and-fundamental-rights","country-for-news-bosnia-and-herzegovina"],"acf":[],"yoast_head":"<!-- This site is optimized with the Yoast SEO plugin v25.3.1 - https:\/\/yoast.com\/wordpress\/plugins\/seo\/ -->\n<title>Bashkimi Evropian i dhuron nj\u00eb minibus Kantonit Bosnj\u00eb-Podrinje Gorazhda News | WeBalkans<\/title>\n<meta name=\"description\" content=\"Bashkimi Evropian i dhuron nj\u00eb minibus Kantonit Bosnj\u00eb-Podrinje Gorazhda\" \/>\n<meta name=\"robots\" content=\"index, follow, max-snippet:-1, max-image-preview:large, max-video-preview:-1\" \/>\n<link rel=\"canonical\" href=\"https:\/\/webalkans.eu\/sq\/news\/the-european-union-donates-minivan-to-bosnian-podrinje-canton-gorazde\/\" \/>\n<meta property=\"og:locale\" content=\"sq_AL\" \/>\n<meta property=\"og:type\" content=\"article\" \/>\n<meta property=\"og:title\" content=\"Bashkimi Evropian i dhuron nj\u00eb minibus Kantonit Bosnj\u00eb-Podrinje Gorazhda News | WeBalkans\" \/>\n<meta property=\"og:description\" content=\"Bashkimi Evropian i dhuron nj\u00eb minibus Kantonit Bosnj\u00eb-Podrinje Gorazhda\" \/>\n<meta property=\"og:url\" content=\"https:\/\/webalkans.eu\/sq\/news\/the-european-union-donates-minivan-to-bosnian-podrinje-canton-gorazde\/\" \/>\n<meta property=\"og:site_name\" content=\"WeBalkans | EU Projects in the Western Balkans\" \/>\n<meta property=\"article:publisher\" content=\"https:\/\/www.facebook.com\/webalkans.eu\" \/>\n<meta property=\"article:published_time\" content=\"2022-09-23T08:26:52+00:00\" \/>\n<meta property=\"article:modified_time\" content=\"2022-09-29T07:56:29+00:00\" \/>\n<meta property=\"og:image\" content=\"https:\/\/webalkans.eu\/wp-content\/uploads\/2022\/09\/2-2.jpeg\" \/>\n\t<meta property=\"og:image:width\" content=\"1773\" \/>\n\t<meta property=\"og:image:height\" content=\"1182\" \/>\n\t<meta property=\"og:image:type\" content=\"image\/jpeg\" \/>\n<meta name=\"author\" content=\"007designstudio@gmail.com\" \/>\n<meta name=\"twitter:card\" content=\"summary_large_image\" \/>\n<meta name=\"twitter:creator\" content=\"@WeBalkans\" \/>\n<meta name=\"twitter:site\" content=\"@WeBalkans\" \/>\n<meta name=\"twitter:label1\" content=\"Written by\" \/>\n\t<meta name=\"twitter:data1\" content=\"007designstudio@gmail.com\" \/>\n\t<meta name=\"twitter:label2\" content=\"Est. reading time\" \/>\n\t<meta name=\"twitter:data2\" content=\"1 minute\" \/>\n<script type=\"application\/ld+json\" class=\"yoast-schema-graph\">{\"@context\":\"https:\/\/schema.org\",\"@graph\":[{\"@type\":\"Article\",\"@id\":\"https:\/\/webalkans.eu\/sq\/news\/the-european-union-donates-minivan-to-bosnian-podrinje-canton-gorazde\/#article\",\"isPartOf\":{\"@id\":\"https:\/\/webalkans.eu\/sq\/news\/the-european-union-donates-minivan-to-bosnian-podrinje-canton-gorazde\/\"},\"author\":{\"name\":\"007designstudio@gmail.com\",\"@id\":\"https:\/\/webalkans.eu\/sq\/#\/schema\/person\/95a8ea19ef21de3b7766e9b65ffdb4da\"},\"headline\":\"Bashkimi Evropian i dhuron nj\u00eb minibus Kantonit Bosnj\u00eb-Podrinje Gorazhda\",\"datePublished\":\"2022-09-23T08:26:52+00:00\",\"dateModified\":\"2022-09-29T07:56:29+00:00\",\"mainEntityOfPage\":{\"@id\":\"https:\/\/webalkans.eu\/sq\/news\/the-european-union-donates-minivan-to-bosnian-podrinje-canton-gorazde\/\"},\"wordCount\":247,\"publisher\":{\"@id\":\"https:\/\/webalkans.eu\/sq\/#organization\"},\"image\":{\"@id\":\"https:\/\/webalkans.eu\/sq\/news\/the-european-union-donates-minivan-to-bosnian-podrinje-canton-gorazde\/#primaryimage\"},\"thumbnailUrl\":\"https:\/\/webalkans.eu\/wp-content\/uploads\/2022\/09\/2-2.jpeg\",\"inLanguage\":\"sq-AL\"},{\"@type\":\"WebPage\",\"@id\":\"https:\/\/webalkans.eu\/sq\/news\/the-european-union-donates-minivan-to-bosnian-podrinje-canton-gorazde\/\",\"url\":\"https:\/\/webalkans.eu\/sq\/news\/the-european-union-donates-minivan-to-bosnian-podrinje-canton-gorazde\/\",\"name\":\"Bashkimi Evropian i dhuron nj\u00eb minibus Kantonit Bosnj\u00eb-Podrinje Gorazhda News | WeBalkans\",\"isPartOf\":{\"@id\":\"https:\/\/webalkans.eu\/sq\/#website\"},\"primaryImageOfPage\":{\"@id\":\"https:\/\/webalkans.eu\/sq\/news\/the-european-union-donates-minivan-to-bosnian-podrinje-canton-gorazde\/#primaryimage\"},\"image\":{\"@id\":\"https:\/\/webalkans.eu\/sq\/news\/the-european-union-donates-minivan-to-bosnian-podrinje-canton-gorazde\/#primaryimage\"},\"thumbnailUrl\":\"https:\/\/webalkans.eu\/wp-content\/uploads\/2022\/09\/2-2.jpeg\",\"datePublished\":\"2022-09-23T08:26:52+00:00\",\"dateModified\":\"2022-09-29T07:56:29+00:00\",\"description\":\"Bashkimi Evropian i dhuron nj\u00eb minibus Kantonit Bosnj\u00eb-Podrinje Gorazhda\",\"breadcrumb\":{\"@id\":\"https:\/\/webalkans.eu\/sq\/news\/the-european-union-donates-minivan-to-bosnian-podrinje-canton-gorazde\/#breadcrumb\"},\"inLanguage\":\"sq-AL\",\"potentialAction\":[{\"@type\":\"ReadAction\",\"target\":[\"https:\/\/webalkans.eu\/sq\/news\/the-european-union-donates-minivan-to-bosnian-podrinje-canton-gorazde\/\"]}]},{\"@type\":\"ImageObject\",\"inLanguage\":\"sq-AL\",\"@id\":\"https:\/\/webalkans.eu\/sq\/news\/the-european-union-donates-minivan-to-bosnian-podrinje-canton-gorazde\/#primaryimage\",\"url\":\"https:\/\/webalkans.eu\/wp-content\/uploads\/2022\/09\/2-2.jpeg\",\"contentUrl\":\"https:\/\/webalkans.eu\/wp-content\/uploads\/2022\/09\/2-2.jpeg\",\"width\":1773,\"height\":1182},{\"@type\":\"BreadcrumbList\",\"@id\":\"https:\/\/webalkans.eu\/sq\/news\/the-european-union-donates-minivan-to-bosnian-podrinje-canton-gorazde\/#breadcrumb\",\"itemListElement\":[{\"@type\":\"ListItem\",\"position\":1,\"name\":\"Home\",\"item\":\"https:\/\/webalkans.eu\/sq\/homepage\/\"},{\"@type\":\"ListItem\",\"position\":2,\"name\":\"Bashkimi Evropian i dhuron nj\u00eb minibus Kantonit Bosnj\u00eb-Podrinje Gorazhda\"}]},{\"@type\":\"WebSite\",\"@id\":\"https:\/\/webalkans.eu\/sq\/#website\",\"url\":\"https:\/\/webalkans.eu\/sq\/\",\"name\":\"WeBalkans | EU Projects in the Western Balkans\",\"description\":\"\",\"publisher\":{\"@id\":\"https:\/\/webalkans.eu\/sq\/#organization\"},\"potentialAction\":[{\"@type\":\"SearchAction\",\"target\":{\"@type\":\"EntryPoint\",\"urlTemplate\":\"https:\/\/webalkans.eu\/sq\/?s={search_term_string}\"},\"query-input\":{\"@type\":\"PropertyValueSpecification\",\"valueRequired\":true,\"valueName\":\"search_term_string\"}}],\"inLanguage\":\"sq-AL\"},{\"@type\":\"Organization\",\"@id\":\"https:\/\/webalkans.eu\/sq\/#organization\",\"name\":\"European Union\",\"url\":\"https:\/\/webalkans.eu\/sq\/\",\"logo\":{\"@type\":\"ImageObject\",\"inLanguage\":\"sq-AL\",\"@id\":\"https:\/\/webalkans.eu\/sq\/#\/schema\/logo\/image\/\",\"url\":\"https:\/\/webalkans.eu\/wp-content\/uploads\/2020\/11\/eu_flag.jpg\",\"contentUrl\":\"https:\/\/webalkans.eu\/wp-content\/uploads\/2020\/11\/eu_flag.jpg\",\"width\":600,\"height\":401,\"caption\":\"European Union\"},\"image\":{\"@id\":\"https:\/\/webalkans.eu\/sq\/#\/schema\/logo\/image\/\"},\"sameAs\":[\"https:\/\/www.facebook.com\/webalkans.eu\",\"https:\/\/x.com\/WeBalkans\"]},{\"@type\":\"Person\",\"@id\":\"https:\/\/webalkans.eu\/sq\/#\/schema\/person\/95a8ea19ef21de3b7766e9b65ffdb4da\",\"name\":\"007designstudio@gmail.com\"}]}<\/script>\n<!-- \/ Yoast SEO plugin. -->","yoast_head_json":{"title":"Bashkimi Evropian i dhuron nj\u00eb minibus Kantonit Bosnj\u00eb-Podrinje Gorazhda News | WeBalkans","description":"Bashkimi Evropian i dhuron nj\u00eb minibus Kantonit Bosnj\u00eb-Podrinje Gorazhda","robots":{"index":"index","follow":"follow","max-snippet":"max-snippet:-1","max-image-preview":"max-image-preview:large","max-video-preview":"max-video-preview:-1"},"canonical":"https:\/\/webalkans.eu\/sq\/news\/the-european-union-donates-minivan-to-bosnian-podrinje-canton-gorazde\/","og_locale":"sq_AL","og_type":"article","og_title":"Bashkimi Evropian i dhuron nj\u00eb minibus Kantonit Bosnj\u00eb-Podrinje Gorazhda News | WeBalkans","og_description":"Bashkimi Evropian i dhuron nj\u00eb minibus Kantonit Bosnj\u00eb-Podrinje Gorazhda","og_url":"https:\/\/webalkans.eu\/sq\/news\/the-european-union-donates-minivan-to-bosnian-podrinje-canton-gorazde\/","og_site_name":"WeBalkans | EU Projects in the Western Balkans","article_publisher":"https:\/\/www.facebook.com\/webalkans.eu","article_published_time":"2022-09-23T08:26:52+00:00","article_modified_time":"2022-09-29T07:56:29+00:00","og_image":[{"width":1773,"height":1182,"url":"https:\/\/webalkans.eu\/wp-content\/uploads\/2022\/09\/2-2.jpeg","type":"image\/jpeg"}],"author":"007designstudio@gmail.com","twitter_card":"summary_large_image","twitter_creator":"@WeBalkans","twitter_site":"@WeBalkans","twitter_misc":{"Written by":"007designstudio@gmail.com","Est. reading time":"1 minute"},"schema":{"@context":"https:\/\/schema.org","@graph":[{"@type":"Article","@id":"https:\/\/webalkans.eu\/sq\/news\/the-european-union-donates-minivan-to-bosnian-podrinje-canton-gorazde\/#article","isPartOf":{"@id":"https:\/\/webalkans.eu\/sq\/news\/the-european-union-donates-minivan-to-bosnian-podrinje-canton-gorazde\/"},"author":{"name":"007designstudio@gmail.com","@id":"https:\/\/webalkans.eu\/sq\/#\/schema\/person\/95a8ea19ef21de3b7766e9b65ffdb4da"},"headline":"Bashkimi Evropian i dhuron nj\u00eb minibus Kantonit Bosnj\u00eb-Podrinje Gorazhda","datePublished":"2022-09-23T08:26:52+00:00","dateModified":"2022-09-29T07:56:29+00:00","mainEntityOfPage":{"@id":"https:\/\/webalkans.eu\/sq\/news\/the-european-union-donates-minivan-to-bosnian-podrinje-canton-gorazde\/"},"wordCount":247,"publisher":{"@id":"https:\/\/webalkans.eu\/sq\/#organization"},"image":{"@id":"https:\/\/webalkans.eu\/sq\/news\/the-european-union-donates-minivan-to-bosnian-podrinje-canton-gorazde\/#primaryimage"},"thumbnailUrl":"https:\/\/webalkans.eu\/wp-content\/uploads\/2022\/09\/2-2.jpeg","inLanguage":"sq-AL"},{"@type":"WebPage","@id":"https:\/\/webalkans.eu\/sq\/news\/the-european-union-donates-minivan-to-bosnian-podrinje-canton-gorazde\/","url":"https:\/\/webalkans.eu\/sq\/news\/the-european-union-donates-minivan-to-bosnian-podrinje-canton-gorazde\/","name":"Bashkimi Evropian i dhuron nj\u00eb minibus Kantonit Bosnj\u00eb-Podrinje Gorazhda News | WeBalkans","isPartOf":{"@id":"https:\/\/webalkans.eu\/sq\/#website"},"primaryImageOfPage":{"@id":"https:\/\/webalkans.eu\/sq\/news\/the-european-union-donates-minivan-to-bosnian-podrinje-canton-gorazde\/#primaryimage"},"image":{"@id":"https:\/\/webalkans.eu\/sq\/news\/the-european-union-donates-minivan-to-bosnian-podrinje-canton-gorazde\/#primaryimage"},"thumbnailUrl":"https:\/\/webalkans.eu\/wp-content\/uploads\/2022\/09\/2-2.jpeg","datePublished":"2022-09-23T08:26:52+00:00","dateModified":"2022-09-29T07:56:29+00:00","description":"Bashkimi Evropian i dhuron nj\u00eb minibus Kantonit Bosnj\u00eb-Podrinje Gorazhda","breadcrumb":{"@id":"https:\/\/webalkans.eu\/sq\/news\/the-european-union-donates-minivan-to-bosnian-podrinje-canton-gorazde\/#breadcrumb"},"inLanguage":"sq-AL","potentialAction":[{"@type":"ReadAction","target":["https:\/\/webalkans.eu\/sq\/news\/the-european-union-donates-minivan-to-bosnian-podrinje-canton-gorazde\/"]}]},{"@type":"ImageObject","inLanguage":"sq-AL","@id":"https:\/\/webalkans.eu\/sq\/news\/the-european-union-donates-minivan-to-bosnian-podrinje-canton-gorazde\/#primaryimage","url":"https:\/\/webalkans.eu\/wp-content\/uploads\/2022\/09\/2-2.jpeg","contentUrl":"https:\/\/webalkans.eu\/wp-content\/uploads\/2022\/09\/2-2.jpeg","width":1773,"height":1182},{"@type":"BreadcrumbList","@id":"https:\/\/webalkans.eu\/sq\/news\/the-european-union-donates-minivan-to-bosnian-podrinje-canton-gorazde\/#breadcrumb","itemListElement":[{"@type":"ListItem","position":1,"name":"Home","item":"https:\/\/webalkans.eu\/sq\/homepage\/"},{"@type":"ListItem","position":2,"name":"Bashkimi Evropian i dhuron nj\u00eb minibus Kantonit Bosnj\u00eb-Podrinje Gorazhda"}]},{"@type":"WebSite","@id":"https:\/\/webalkans.eu\/sq\/#website","url":"https:\/\/webalkans.eu\/sq\/","name":"WeBalkans | EU Projects in the Western Balkans","description":"","publisher":{"@id":"https:\/\/webalkans.eu\/sq\/#organization"},"potentialAction":[{"@type":"SearchAction","target":{"@type":"EntryPoint","urlTemplate":"https:\/\/webalkans.eu\/sq\/?s={search_term_string}"},"query-input":{"@type":"PropertyValueSpecification","valueRequired":true,"valueName":"search_term_string"}}],"inLanguage":"sq-AL"},{"@type":"Organization","@id":"https:\/\/webalkans.eu\/sq\/#organization","name":"European Union","url":"https:\/\/webalkans.eu\/sq\/","logo":{"@type":"ImageObject","inLanguage":"sq-AL","@id":"https:\/\/webalkans.eu\/sq\/#\/schema\/logo\/image\/","url":"https:\/\/webalkans.eu\/wp-content\/uploads\/2020\/11\/eu_flag.jpg","contentUrl":"https:\/\/webalkans.eu\/wp-content\/uploads\/2020\/11\/eu_flag.jpg","width":600,"height":401,"caption":"European Union"},"image":{"@id":"https:\/\/webalkans.eu\/sq\/#\/schema\/logo\/image\/"},"sameAs":["https:\/\/www.facebook.com\/webalkans.eu","https:\/\/x.com\/WeBalkans"]},{"@type":"Person","@id":"https:\/\/webalkans.eu\/sq\/#\/schema\/person\/95a8ea19ef21de3b7766e9b65ffdb4da","name":"007designstudio@gmail.com"}]}},"_links":{"self":[{"href":"https:\/\/webalkans.eu\/sq\/wp-json\/wp\/v2\/posts\/849973"}],"collection":[{"href":"https:\/\/webalkans.eu\/sq\/wp-json\/wp\/v2\/posts"}],"about":[{"href":"https:\/\/webalkans.eu\/sq\/wp-json\/wp\/v2\/types\/post"}],"author":[{"embeddable":true,"href":"https:\/\/webalkans.eu\/sq\/wp-json\/wp\/v2\/users\/152227"}],"replies":[{"embeddable":true,"href":"https:\/\/webalkans.eu\/sq\/wp-json\/wp\/v2\/comments?post=849973"}],"version-history":[{"count":0,"href":"https:\/\/webalkans.eu\/sq\/wp-json\/wp\/v2\/posts\/849973\/revisions"}],"wp:featuredmedia":[{"embeddable":true,"href":"https:\/\/webalkans.eu\/sq\/wp-json\/wp\/v2\/media\/846108"}],"wp:attachment":[{"href":"https:\/\/webalkans.eu\/sq\/wp-json\/wp\/v2\/media?parent=849973"}],"wp:term":[{"taxonomy":"country-for-news","embeddable":true,"href":"https:\/\/webalkans.eu\/sq\/wp-json\/wp\/v2\/country-for-news?post=849973"}],"curies":[{"name":"wp","href":"https:\/\/api.w.org\/{rel}","templated":true}]}}