
{"id":778373,"date":"2022-08-08T11:35:40","date_gmt":"2022-08-08T09:35:40","guid":{"rendered":"https:\/\/webalkans.eu\/news\/yeas-participate-in-so-keres-europa-forum-in-tirana-albania\/"},"modified":"2022-08-12T15:53:08","modified_gmt":"2022-08-12T13:53:08","slug":"yeas-participate-in-so-keres-europa-forum-in-tirana-albania","status":"publish","type":"post","link":"https:\/\/webalkans.eu\/sq\/news\/yeas-participate-in-so-keres-europa-forum-in-tirana-albania\/","title":{"rendered":"YEA-t\u00eb marrin pjes\u00eb n\u00eb forumin  \u2018So Keres Europa?!\u2019 n\u00eb Tiran\u00eb, Shqip\u00ebri"},"content":{"rendered":"<p style=\"font-weight: 400;\">\u2018So Keres Europa?!\u2019 (n\u00eb gjuh\u00ebn rome, tjeta Evrop\u00eb?!) \u00ebsht\u00eb nj\u00eb forum social nd\u00ebrkomb\u00ebtar nj\u00eb-javor\u00ebsh, pjes\u00eb e aktiviteteve t\u00eb Tirana European Youth capital<strong>, <\/strong>i cili mir\u00ebpriti m\u00eb shum\u00eb se 150 t\u00eb rinj duke p\u00ebrfshir\u00eb Young European Ambassadors (YEAs) nga gjith\u00eb BE-ja, Ballkani Per\u00ebndimor dhe Turqia, p\u00ebr t\u00eb marr\u00eb pjes\u00eb n\u00eb nj\u00eb s\u00ebr\u00eb seminaresh. Pjes\u00ebmarr\u00ebsit ishin rom\u00eb dhe jo rom\u00eb, t\u00eb cil\u00ebt mor\u00ebn pjes\u00eb n\u00eb seminare ku n\u00eb fokus ishin temat p\u00ebr t\u00eb drejtat e njeriut dhe minoriteteve n\u00eb Evrop\u00eb, nd\u00ebrsektorialiteti, arti dhe kultura, advokimi p\u00ebr problemet e t\u00eb rinjve dhe q\u00ebndrimet e rom\u00ebve, n\u00eb Tiran\u00eb nga 11 deri m\u00eb 17 korrik.<\/p>\n<p>&nbsp;<\/p>\n<p style=\"font-weight: 400;\">Pas nj\u00eb jave t\u00eb t\u00ebr\u00eb me seminare, forumi kulmoi me nj\u00eb event publik &#8211; The International Roma Youth Festival &#8211; ku grupet prezantuan rezultatet e pun\u00ebve t\u00eb tyre dhe p\u00ebrfaq\u00ebsuesit e European Youth Capital, p\u00ebrfaq\u00ebsues t\u00eb qeveris\u00eb dhe politikan\u00eb komb\u00ebtar\u00eb kishin mund\u00ebsin\u00eb me ata p\u00ebrtej Evrop\u00ebs p\u00ebr t\u00eb mbajtur nj\u00eb q\u00ebndrim p\u00ebr diversitetin dhe p\u00ebrfshirjen e t\u00eb rinjve.<\/p>\n<p>&nbsp;<\/p>\n<p style=\"font-weight: 400;\">Eventi u mbajt nga Roma Active Albania dhe Tirana Youth Capital, forumi ishte bashk\u00ebfinancuar nga BE-ja, Erasmus+ dhe Tirana European Youth Capital 2022.<\/p>\n","protected":false},"excerpt":{"rendered":"<p>\u2018So Keres Europa?!\u2019 (n\u00eb gjuh\u00ebn rome, tjeta Evrop\u00eb?!) \u00ebsht\u00eb nj\u00eb forum social nd\u00ebrkomb\u00ebtar nj\u00eb-javor\u00ebsh, pjes\u00eb e aktiviteteve t\u00eb Tirana European Youth capital, i cili mir\u00ebpriti <\/p>\n","protected":false},"author":152227,"featured_media":770967,"comment_status":"closed","ping_status":"closed","sticky":false,"template":"","format":"standard","meta":{"_acf_changed":false,"_monsterinsights_skip_tracking":false,"_monsterinsights_sitenote_active":false,"_monsterinsights_sitenote_note":"","_monsterinsights_sitenote_category":0,"footnotes":""},"country-for-news":[441,415,421,428,431,437],"class_list":["post-778373","post","type-post","status-publish","format-standard","has-post-thumbnail","hentry","wb_theme-culture-and-youth","country-for-news-serbia","country-for-news-albania","country-for-news-bosnia-and-herzegovina","country-for-news-kosovo","country-for-news-montenegro","country-for-news-north-macedonia"],"acf":[],"yoast_head":"<!-- This site is optimized with the Yoast SEO plugin v25.3.1 - https:\/\/yoast.com\/wordpress\/plugins\/seo\/ -->\n<title>YEA-t\u00eb marrin pjes\u00eb n\u00eb forumin \u2018So Keres Europa?!\u2019 n\u00eb Tiran\u00eb, Shqip\u00ebri News | WeBalkans<\/title>\n<meta name=\"description\" content=\"YEA-t\u00eb marrin pjes\u00eb n\u00eb forumin \u2018So Keres Europa?!\u2019 n\u00eb Tiran\u00eb, Shqip\u00ebri\" \/>\n<meta name=\"robots\" content=\"index, follow, max-snippet:-1, max-image-preview:large, max-video-preview:-1\" \/>\n<link rel=\"canonical\" href=\"https:\/\/webalkans.eu\/sq\/news\/yeas-participate-in-so-keres-europa-forum-in-tirana-albania\/\" \/>\n<meta property=\"og:locale\" content=\"sq_AL\" \/>\n<meta property=\"og:type\" content=\"article\" \/>\n<meta property=\"og:title\" content=\"YEA-t\u00eb marrin pjes\u00eb n\u00eb forumin \u2018So Keres Europa?!\u2019 n\u00eb Tiran\u00eb, Shqip\u00ebri News | WeBalkans\" \/>\n<meta property=\"og:description\" content=\"YEA-t\u00eb marrin pjes\u00eb n\u00eb forumin \u2018So Keres Europa?!\u2019 n\u00eb Tiran\u00eb, Shqip\u00ebri\" \/>\n<meta property=\"og:url\" content=\"https:\/\/webalkans.eu\/sq\/news\/yeas-participate-in-so-keres-europa-forum-in-tirana-albania\/\" \/>\n<meta property=\"og:site_name\" content=\"WeBalkans | EU Projects in the Western Balkans\" \/>\n<meta property=\"article:publisher\" content=\"https:\/\/www.facebook.com\/webalkans.eu\" \/>\n<meta property=\"article:published_time\" content=\"2022-08-08T09:35:40+00:00\" \/>\n<meta property=\"article:modified_time\" content=\"2022-08-12T13:53:08+00:00\" \/>\n<meta property=\"og:image\" content=\"https:\/\/webalkans.eu\/wp-content\/uploads\/2022\/08\/1-3.jpeg\" \/>\n\t<meta property=\"og:image:width\" content=\"2048\" \/>\n\t<meta property=\"og:image:height\" content=\"1536\" \/>\n\t<meta property=\"og:image:type\" content=\"image\/jpeg\" \/>\n<meta name=\"author\" content=\"007designstudio@gmail.com\" \/>\n<meta name=\"twitter:card\" content=\"summary_large_image\" \/>\n<meta name=\"twitter:creator\" content=\"@WeBalkans\" \/>\n<meta name=\"twitter:site\" content=\"@WeBalkans\" \/>\n<meta name=\"twitter:label1\" content=\"Written by\" \/>\n\t<meta name=\"twitter:data1\" content=\"007designstudio@gmail.com\" \/>\n\t<meta name=\"twitter:label2\" content=\"Est. reading time\" \/>\n\t<meta name=\"twitter:data2\" content=\"1 minute\" \/>\n<script type=\"application\/ld+json\" class=\"yoast-schema-graph\">{\"@context\":\"https:\/\/schema.org\",\"@graph\":[{\"@type\":\"Article\",\"@id\":\"https:\/\/webalkans.eu\/sq\/news\/yeas-participate-in-so-keres-europa-forum-in-tirana-albania\/#article\",\"isPartOf\":{\"@id\":\"https:\/\/webalkans.eu\/sq\/news\/yeas-participate-in-so-keres-europa-forum-in-tirana-albania\/\"},\"author\":{\"name\":\"007designstudio@gmail.com\",\"@id\":\"https:\/\/webalkans.eu\/sq\/#\/schema\/person\/95a8ea19ef21de3b7766e9b65ffdb4da\"},\"headline\":\"YEA-t\u00eb marrin pjes\u00eb n\u00eb forumin \u2018So Keres Europa?!\u2019 n\u00eb Tiran\u00eb, Shqip\u00ebri\",\"datePublished\":\"2022-08-08T09:35:40+00:00\",\"dateModified\":\"2022-08-12T13:53:08+00:00\",\"mainEntityOfPage\":{\"@id\":\"https:\/\/webalkans.eu\/sq\/news\/yeas-participate-in-so-keres-europa-forum-in-tirana-albania\/\"},\"wordCount\":225,\"publisher\":{\"@id\":\"https:\/\/webalkans.eu\/sq\/#organization\"},\"image\":{\"@id\":\"https:\/\/webalkans.eu\/sq\/news\/yeas-participate-in-so-keres-europa-forum-in-tirana-albania\/#primaryimage\"},\"thumbnailUrl\":\"https:\/\/webalkans.eu\/wp-content\/uploads\/2022\/08\/1-3.jpeg\",\"inLanguage\":\"sq-AL\"},{\"@type\":\"WebPage\",\"@id\":\"https:\/\/webalkans.eu\/sq\/news\/yeas-participate-in-so-keres-europa-forum-in-tirana-albania\/\",\"url\":\"https:\/\/webalkans.eu\/sq\/news\/yeas-participate-in-so-keres-europa-forum-in-tirana-albania\/\",\"name\":\"YEA-t\u00eb marrin pjes\u00eb n\u00eb forumin \u2018So Keres Europa?!\u2019 n\u00eb Tiran\u00eb, Shqip\u00ebri News | WeBalkans\",\"isPartOf\":{\"@id\":\"https:\/\/webalkans.eu\/sq\/#website\"},\"primaryImageOfPage\":{\"@id\":\"https:\/\/webalkans.eu\/sq\/news\/yeas-participate-in-so-keres-europa-forum-in-tirana-albania\/#primaryimage\"},\"image\":{\"@id\":\"https:\/\/webalkans.eu\/sq\/news\/yeas-participate-in-so-keres-europa-forum-in-tirana-albania\/#primaryimage\"},\"thumbnailUrl\":\"https:\/\/webalkans.eu\/wp-content\/uploads\/2022\/08\/1-3.jpeg\",\"datePublished\":\"2022-08-08T09:35:40+00:00\",\"dateModified\":\"2022-08-12T13:53:08+00:00\",\"description\":\"YEA-t\u00eb marrin pjes\u00eb n\u00eb forumin \u2018So Keres Europa?!\u2019 n\u00eb Tiran\u00eb, Shqip\u00ebri\",\"breadcrumb\":{\"@id\":\"https:\/\/webalkans.eu\/sq\/news\/yeas-participate-in-so-keres-europa-forum-in-tirana-albania\/#breadcrumb\"},\"inLanguage\":\"sq-AL\",\"potentialAction\":[{\"@type\":\"ReadAction\",\"target\":[\"https:\/\/webalkans.eu\/sq\/news\/yeas-participate-in-so-keres-europa-forum-in-tirana-albania\/\"]}]},{\"@type\":\"ImageObject\",\"inLanguage\":\"sq-AL\",\"@id\":\"https:\/\/webalkans.eu\/sq\/news\/yeas-participate-in-so-keres-europa-forum-in-tirana-albania\/#primaryimage\",\"url\":\"https:\/\/webalkans.eu\/wp-content\/uploads\/2022\/08\/1-3.jpeg\",\"contentUrl\":\"https:\/\/webalkans.eu\/wp-content\/uploads\/2022\/08\/1-3.jpeg\",\"width\":2048,\"height\":1536},{\"@type\":\"BreadcrumbList\",\"@id\":\"https:\/\/webalkans.eu\/sq\/news\/yeas-participate-in-so-keres-europa-forum-in-tirana-albania\/#breadcrumb\",\"itemListElement\":[{\"@type\":\"ListItem\",\"position\":1,\"name\":\"Home\",\"item\":\"https:\/\/webalkans.eu\/sq\/homepage\/\"},{\"@type\":\"ListItem\",\"position\":2,\"name\":\"YEA-t\u00eb marrin pjes\u00eb n\u00eb forumin \u2018So Keres Europa?!\u2019 n\u00eb Tiran\u00eb, Shqip\u00ebri\"}]},{\"@type\":\"WebSite\",\"@id\":\"https:\/\/webalkans.eu\/sq\/#website\",\"url\":\"https:\/\/webalkans.eu\/sq\/\",\"name\":\"WeBalkans | EU Projects in the Western Balkans\",\"description\":\"\",\"publisher\":{\"@id\":\"https:\/\/webalkans.eu\/sq\/#organization\"},\"potentialAction\":[{\"@type\":\"SearchAction\",\"target\":{\"@type\":\"EntryPoint\",\"urlTemplate\":\"https:\/\/webalkans.eu\/sq\/?s={search_term_string}\"},\"query-input\":{\"@type\":\"PropertyValueSpecification\",\"valueRequired\":true,\"valueName\":\"search_term_string\"}}],\"inLanguage\":\"sq-AL\"},{\"@type\":\"Organization\",\"@id\":\"https:\/\/webalkans.eu\/sq\/#organization\",\"name\":\"European Union\",\"url\":\"https:\/\/webalkans.eu\/sq\/\",\"logo\":{\"@type\":\"ImageObject\",\"inLanguage\":\"sq-AL\",\"@id\":\"https:\/\/webalkans.eu\/sq\/#\/schema\/logo\/image\/\",\"url\":\"https:\/\/webalkans.eu\/wp-content\/uploads\/2020\/11\/eu_flag.jpg\",\"contentUrl\":\"https:\/\/webalkans.eu\/wp-content\/uploads\/2020\/11\/eu_flag.jpg\",\"width\":600,\"height\":401,\"caption\":\"European Union\"},\"image\":{\"@id\":\"https:\/\/webalkans.eu\/sq\/#\/schema\/logo\/image\/\"},\"sameAs\":[\"https:\/\/www.facebook.com\/webalkans.eu\",\"https:\/\/x.com\/WeBalkans\"]},{\"@type\":\"Person\",\"@id\":\"https:\/\/webalkans.eu\/sq\/#\/schema\/person\/95a8ea19ef21de3b7766e9b65ffdb4da\",\"name\":\"007designstudio@gmail.com\"}]}<\/script>\n<!-- \/ Yoast SEO plugin. -->","yoast_head_json":{"title":"YEA-t\u00eb marrin pjes\u00eb n\u00eb forumin \u2018So Keres Europa?!\u2019 n\u00eb Tiran\u00eb, Shqip\u00ebri News | WeBalkans","description":"YEA-t\u00eb marrin pjes\u00eb n\u00eb forumin \u2018So Keres Europa?!\u2019 n\u00eb Tiran\u00eb, Shqip\u00ebri","robots":{"index":"index","follow":"follow","max-snippet":"max-snippet:-1","max-image-preview":"max-image-preview:large","max-video-preview":"max-video-preview:-1"},"canonical":"https:\/\/webalkans.eu\/sq\/news\/yeas-participate-in-so-keres-europa-forum-in-tirana-albania\/","og_locale":"sq_AL","og_type":"article","og_title":"YEA-t\u00eb marrin pjes\u00eb n\u00eb forumin \u2018So Keres Europa?!\u2019 n\u00eb Tiran\u00eb, Shqip\u00ebri News | WeBalkans","og_description":"YEA-t\u00eb marrin pjes\u00eb n\u00eb forumin \u2018So Keres Europa?!\u2019 n\u00eb Tiran\u00eb, Shqip\u00ebri","og_url":"https:\/\/webalkans.eu\/sq\/news\/yeas-participate-in-so-keres-europa-forum-in-tirana-albania\/","og_site_name":"WeBalkans | EU Projects in the Western Balkans","article_publisher":"https:\/\/www.facebook.com\/webalkans.eu","article_published_time":"2022-08-08T09:35:40+00:00","article_modified_time":"2022-08-12T13:53:08+00:00","og_image":[{"width":2048,"height":1536,"url":"https:\/\/webalkans.eu\/wp-content\/uploads\/2022\/08\/1-3.jpeg","type":"image\/jpeg"}],"author":"007designstudio@gmail.com","twitter_card":"summary_large_image","twitter_creator":"@WeBalkans","twitter_site":"@WeBalkans","twitter_misc":{"Written by":"007designstudio@gmail.com","Est. reading time":"1 minute"},"schema":{"@context":"https:\/\/schema.org","@graph":[{"@type":"Article","@id":"https:\/\/webalkans.eu\/sq\/news\/yeas-participate-in-so-keres-europa-forum-in-tirana-albania\/#article","isPartOf":{"@id":"https:\/\/webalkans.eu\/sq\/news\/yeas-participate-in-so-keres-europa-forum-in-tirana-albania\/"},"author":{"name":"007designstudio@gmail.com","@id":"https:\/\/webalkans.eu\/sq\/#\/schema\/person\/95a8ea19ef21de3b7766e9b65ffdb4da"},"headline":"YEA-t\u00eb marrin pjes\u00eb n\u00eb forumin \u2018So Keres Europa?!\u2019 n\u00eb Tiran\u00eb, Shqip\u00ebri","datePublished":"2022-08-08T09:35:40+00:00","dateModified":"2022-08-12T13:53:08+00:00","mainEntityOfPage":{"@id":"https:\/\/webalkans.eu\/sq\/news\/yeas-participate-in-so-keres-europa-forum-in-tirana-albania\/"},"wordCount":225,"publisher":{"@id":"https:\/\/webalkans.eu\/sq\/#organization"},"image":{"@id":"https:\/\/webalkans.eu\/sq\/news\/yeas-participate-in-so-keres-europa-forum-in-tirana-albania\/#primaryimage"},"thumbnailUrl":"https:\/\/webalkans.eu\/wp-content\/uploads\/2022\/08\/1-3.jpeg","inLanguage":"sq-AL"},{"@type":"WebPage","@id":"https:\/\/webalkans.eu\/sq\/news\/yeas-participate-in-so-keres-europa-forum-in-tirana-albania\/","url":"https:\/\/webalkans.eu\/sq\/news\/yeas-participate-in-so-keres-europa-forum-in-tirana-albania\/","name":"YEA-t\u00eb marrin pjes\u00eb n\u00eb forumin \u2018So Keres Europa?!\u2019 n\u00eb Tiran\u00eb, Shqip\u00ebri News | WeBalkans","isPartOf":{"@id":"https:\/\/webalkans.eu\/sq\/#website"},"primaryImageOfPage":{"@id":"https:\/\/webalkans.eu\/sq\/news\/yeas-participate-in-so-keres-europa-forum-in-tirana-albania\/#primaryimage"},"image":{"@id":"https:\/\/webalkans.eu\/sq\/news\/yeas-participate-in-so-keres-europa-forum-in-tirana-albania\/#primaryimage"},"thumbnailUrl":"https:\/\/webalkans.eu\/wp-content\/uploads\/2022\/08\/1-3.jpeg","datePublished":"2022-08-08T09:35:40+00:00","dateModified":"2022-08-12T13:53:08+00:00","description":"YEA-t\u00eb marrin pjes\u00eb n\u00eb forumin \u2018So Keres Europa?!\u2019 n\u00eb Tiran\u00eb, Shqip\u00ebri","breadcrumb":{"@id":"https:\/\/webalkans.eu\/sq\/news\/yeas-participate-in-so-keres-europa-forum-in-tirana-albania\/#breadcrumb"},"inLanguage":"sq-AL","potentialAction":[{"@type":"ReadAction","target":["https:\/\/webalkans.eu\/sq\/news\/yeas-participate-in-so-keres-europa-forum-in-tirana-albania\/"]}]},{"@type":"ImageObject","inLanguage":"sq-AL","@id":"https:\/\/webalkans.eu\/sq\/news\/yeas-participate-in-so-keres-europa-forum-in-tirana-albania\/#primaryimage","url":"https:\/\/webalkans.eu\/wp-content\/uploads\/2022\/08\/1-3.jpeg","contentUrl":"https:\/\/webalkans.eu\/wp-content\/uploads\/2022\/08\/1-3.jpeg","width":2048,"height":1536},{"@type":"BreadcrumbList","@id":"https:\/\/webalkans.eu\/sq\/news\/yeas-participate-in-so-keres-europa-forum-in-tirana-albania\/#breadcrumb","itemListElement":[{"@type":"ListItem","position":1,"name":"Home","item":"https:\/\/webalkans.eu\/sq\/homepage\/"},{"@type":"ListItem","position":2,"name":"YEA-t\u00eb marrin pjes\u00eb n\u00eb forumin \u2018So Keres Europa?!\u2019 n\u00eb Tiran\u00eb, Shqip\u00ebri"}]},{"@type":"WebSite","@id":"https:\/\/webalkans.eu\/sq\/#website","url":"https:\/\/webalkans.eu\/sq\/","name":"WeBalkans | EU Projects in the Western Balkans","description":"","publisher":{"@id":"https:\/\/webalkans.eu\/sq\/#organization"},"potentialAction":[{"@type":"SearchAction","target":{"@type":"EntryPoint","urlTemplate":"https:\/\/webalkans.eu\/sq\/?s={search_term_string}"},"query-input":{"@type":"PropertyValueSpecification","valueRequired":true,"valueName":"search_term_string"}}],"inLanguage":"sq-AL"},{"@type":"Organization","@id":"https:\/\/webalkans.eu\/sq\/#organization","name":"European Union","url":"https:\/\/webalkans.eu\/sq\/","logo":{"@type":"ImageObject","inLanguage":"sq-AL","@id":"https:\/\/webalkans.eu\/sq\/#\/schema\/logo\/image\/","url":"https:\/\/webalkans.eu\/wp-content\/uploads\/2020\/11\/eu_flag.jpg","contentUrl":"https:\/\/webalkans.eu\/wp-content\/uploads\/2020\/11\/eu_flag.jpg","width":600,"height":401,"caption":"European Union"},"image":{"@id":"https:\/\/webalkans.eu\/sq\/#\/schema\/logo\/image\/"},"sameAs":["https:\/\/www.facebook.com\/webalkans.eu","https:\/\/x.com\/WeBalkans"]},{"@type":"Person","@id":"https:\/\/webalkans.eu\/sq\/#\/schema\/person\/95a8ea19ef21de3b7766e9b65ffdb4da","name":"007designstudio@gmail.com"}]}},"_links":{"self":[{"href":"https:\/\/webalkans.eu\/sq\/wp-json\/wp\/v2\/posts\/778373"}],"collection":[{"href":"https:\/\/webalkans.eu\/sq\/wp-json\/wp\/v2\/posts"}],"about":[{"href":"https:\/\/webalkans.eu\/sq\/wp-json\/wp\/v2\/types\/post"}],"author":[{"embeddable":true,"href":"https:\/\/webalkans.eu\/sq\/wp-json\/wp\/v2\/users\/152227"}],"replies":[{"embeddable":true,"href":"https:\/\/webalkans.eu\/sq\/wp-json\/wp\/v2\/comments?post=778373"}],"version-history":[{"count":0,"href":"https:\/\/webalkans.eu\/sq\/wp-json\/wp\/v2\/posts\/778373\/revisions"}],"wp:featuredmedia":[{"embeddable":true,"href":"https:\/\/webalkans.eu\/sq\/wp-json\/wp\/v2\/media\/770967"}],"wp:attachment":[{"href":"https:\/\/webalkans.eu\/sq\/wp-json\/wp\/v2\/media?parent=778373"}],"wp:term":[{"taxonomy":"country-for-news","embeddable":true,"href":"https:\/\/webalkans.eu\/sq\/wp-json\/wp\/v2\/country-for-news?post=778373"}],"curies":[{"name":"wp","href":"https:\/\/api.w.org\/{rel}","templated":true}]}}