
{"id":770801,"date":"2022-08-02T10:19:01","date_gmt":"2022-08-02T08:19:01","guid":{"rendered":"https:\/\/webalkans.eu\/news\/gradiska-bridge-completed-with-eu-grant-contribution-of-e3-2-million\/"},"modified":"2022-08-08T10:13:04","modified_gmt":"2022-08-08T08:13:04","slug":"gradiska-bridge-completed-with-eu-grant-contribution-of-e3-2-million","status":"publish","type":"post","link":"https:\/\/webalkans.eu\/sq\/news\/gradiska-bridge-completed-with-eu-grant-contribution-of-e3-2-million\/","title":{"rendered":"P\u00ebrfundon Ura e Gradi\u0161ka-\u00ebs me kontributin e grantit t\u00eb BE-s\u00eb prej 3.2 milion\u00eb euro"},"content":{"rendered":"<div>\n<p><span lang=\"SQ\">M\u00eb\u00a0 29 korrik p\u00ebrfunduan\u00a0 punimet n\u00eb ur\u00ebn nd\u00ebrkufitare n\u00eb Gradi\u0161ka, nj\u00eb nga projektet m\u00eb t\u00eb r\u00ebnd\u00ebsishme n\u00eb lumin Sava q\u00eb lidh Bosnj\u00ebn dhe Hercegovin\u00ebn me Kroacin\u00eb.\u00a0 <\/span><span lang=\"SQ\">Bashkimi Evropian ka bashk\u00ebfinancuar nd\u00ebrtimin e ur\u00ebs me 3.2 milion\u00eb euro grante kombinuar me nj\u00eb hua t\u00eb favorshme prej 5.6 milion\u00eb eurosh nga <span class=\"apple-converted-space\">\u00a0<\/span>European Investment Bank (EIB).<\/span><\/p>\n<p>&nbsp;<\/p>\n<\/div>\n<div>\n<p><span lang=\"SQ\">Ura 430 metra do t\u00eb lidh\u00eb autostrad\u00ebn Route 2a n\u00eb Bosnje dhe Hercegovin\u00eb me autostrad\u00ebn n\u00eb Kroaci q\u00eb \u00ebsht\u00eb n\u00eb nd\u00ebrtim e sip\u00ebr dhe do t\u00eb kaloj\u00eb nga kufiri me Bosnj\u00ebn dhe Hercegovin\u00ebn p\u00ebrmes Oku\u010dani-it n\u00eb kufirin me Hungarin\u00eb.\u00a0 <\/span><span lang=\"SQ\">P\u00ebrve\u00e7 kalimit t\u00eb kufirit, ura do t\u00eb ofroj\u00eb edhe lidhje me Trans-European Core Network on <span class=\"apple-converted-space\">\u00a0<\/span>Corridor Vc dhe do t\u00eb sjelli ndryshim p\u00ebr ekonomin\u00eb lokale.<\/span><\/p>\n<p>&nbsp;<\/p>\n<\/div>\n<div>\n<p><span lang=\"SQ\">Pasi t\u00eb jet\u00eb hapur p\u00ebr transport, Ura Gradi\u0161ka do t\u00eb reduktoj\u00eb n\u00eb m\u00ebnyr\u00eb t\u00eb konsiderueshme koh\u00ebn e pritjes n\u00eb kufi dhe do t\u00eb mund\u00ebsoj\u00eb nj\u00eb rrug\u00eb m\u00eb t\u00eb shpejt\u00eb dhe m\u00eb t\u00eb sigurt p\u00ebr bizneset dhe qytetar\u00ebt e Bosnj\u00ebs dhe Hercegovin\u00ebs e rajonit, duke p\u00ebrmir\u00ebsuar mund\u00ebsit\u00eb e reja p\u00ebr pun\u00eb.\u00a0 Projekti \u00ebsht\u00eb nj\u00eb hap i r\u00ebnd\u00ebsish\u00ebm drejt integrimit t\u00eb Ballkanit Per\u00ebndimor n\u00eb European Union\u2019s Connectivity Agenda, e cila synon p\u00ebrmir\u00ebsimin e lidhjeve infrastrukturore n\u00eb rajon.<\/span><\/p>\n<p>&nbsp;<\/p>\n<\/div>\n<div>\n<p><span lang=\"SQ\">Kjo \u00ebsht\u00eb ura e dyt\u00eb nd\u00ebrkufitare mbi lumin Sava, e bashk\u00ebfinancuar nga Bashkimi Evropian n\u00eb Bosnje dhe Hercegovin\u00eb.\u00a0 Vitin e kaluar u hap ura, autostrada dhe pika kufitare n\u00eb Svilaj p\u00ebr t\u00eb cilin Bashkimi Evropian ka ofruar 25 milion\u00eb euro n\u00eb grante.<\/span><\/p>\n<p>&nbsp;<\/p>\n<\/div>\n<div>\n<p><span lang=\"SQ\">BE-ja ka ndar\u00eb deri m\u00eb tani m\u00eb shum\u00eb se 640 milion\u00eb euro n\u00eb grante p\u00ebr 19 projekte n\u00eb Bosnje dhe Hercegovin\u00eb n\u00eb sektorin e transportit, duke p\u00ebrfshir\u00eb disa seksione n\u00eb Corridor Vc, por edhe hekurudhat, rrug\u00ebt ujore dhe portet.\u00a0 <\/span><span lang=\"SQ\">Vendi ka p\u00ebrfituar shum\u00eb nga EU Connectivity Agenda dhe tani po p\u00ebrfiton gjithashtu nga<span class=\"apple-converted-space\">\u00a0<\/span>Economic Investment Plan.<\/span><\/p>\n<\/div>\n<div>\n<p><span lang=\"SQ\"><a href=\"https:\/\/webalkans.eu\/en\/stories\/bridging-the-gap-over-the-river-sava\/\">Lajmi p\u00ebr Ur\u00ebn e Gradi\u0161ka-\u00ebs<\/a><\/span><\/p>\n<\/div>\n","protected":false},"excerpt":{"rendered":"<p>M\u00eb\u00a0 29 korrik p\u00ebrfunduan\u00a0 punimet n\u00eb ur\u00ebn nd\u00ebrkufitare n\u00eb Gradi\u0161ka, nj\u00eb nga projektet m\u00eb t\u00eb r\u00ebnd\u00ebsishme n\u00eb lumin Sava q\u00eb lidh Bosnj\u00ebn dhe Hercegovin\u00ebn me <\/p>\n","protected":false},"author":152227,"featured_media":762381,"comment_status":"closed","ping_status":"closed","sticky":false,"template":"","format":"standard","meta":{"_acf_changed":false,"_monsterinsights_skip_tracking":false,"_monsterinsights_sitenote_active":false,"_monsterinsights_sitenote_note":"","_monsterinsights_sitenote_category":0,"footnotes":""},"country-for-news":[421],"class_list":["post-770801","post","type-post","status-publish","format-standard","has-post-thumbnail","hentry","wb_theme-connectivity","country-for-news-bosnia-and-herzegovina"],"acf":[],"yoast_head":"<!-- This site is optimized with the Yoast SEO plugin v25.3.1 - https:\/\/yoast.com\/wordpress\/plugins\/seo\/ -->\n<title>P\u00ebrfundon Ura e Gradi\u0161ka-\u00ebs me kontributin e grantit t\u00eb BE-s\u00eb prej 3.2 milion\u00eb euro News | WeBalkans<\/title>\n<meta name=\"description\" content=\"P\u00ebrfundon Ura e Gradi\u0161ka-\u00ebs me kontributin e grantit t\u00eb BE-s\u00eb prej 3.2 milion\u00eb euro\" \/>\n<meta name=\"robots\" content=\"index, follow, max-snippet:-1, max-image-preview:large, max-video-preview:-1\" \/>\n<link rel=\"canonical\" href=\"https:\/\/webalkans.eu\/sq\/news\/gradiska-bridge-completed-with-eu-grant-contribution-of-e3-2-million\/\" \/>\n<meta property=\"og:locale\" content=\"sq_AL\" \/>\n<meta property=\"og:type\" content=\"article\" \/>\n<meta property=\"og:title\" content=\"P\u00ebrfundon Ura e Gradi\u0161ka-\u00ebs me kontributin e grantit t\u00eb BE-s\u00eb prej 3.2 milion\u00eb euro News | WeBalkans\" \/>\n<meta property=\"og:description\" content=\"P\u00ebrfundon Ura e Gradi\u0161ka-\u00ebs me kontributin e grantit t\u00eb BE-s\u00eb prej 3.2 milion\u00eb euro\" \/>\n<meta property=\"og:url\" content=\"https:\/\/webalkans.eu\/sq\/news\/gradiska-bridge-completed-with-eu-grant-contribution-of-e3-2-million\/\" \/>\n<meta property=\"og:site_name\" content=\"WeBalkans | EU Projects in the Western Balkans\" \/>\n<meta property=\"article:publisher\" content=\"https:\/\/www.facebook.com\/webalkans.eu\" \/>\n<meta property=\"article:published_time\" content=\"2022-08-02T08:19:01+00:00\" \/>\n<meta property=\"article:modified_time\" content=\"2022-08-08T08:13:04+00:00\" \/>\n<meta property=\"og:image\" content=\"https:\/\/webalkans.eu\/wp-content\/uploads\/2022\/08\/1-1.jpeg\" \/>\n\t<meta property=\"og:image:width\" content=\"500\" \/>\n\t<meta property=\"og:image:height\" content=\"649\" \/>\n\t<meta property=\"og:image:type\" content=\"image\/jpeg\" \/>\n<meta name=\"author\" content=\"007designstudio@gmail.com\" \/>\n<meta name=\"twitter:card\" content=\"summary_large_image\" \/>\n<meta name=\"twitter:creator\" content=\"@WeBalkans\" \/>\n<meta name=\"twitter:site\" content=\"@WeBalkans\" \/>\n<meta name=\"twitter:label1\" content=\"Written by\" \/>\n\t<meta name=\"twitter:data1\" content=\"007designstudio@gmail.com\" \/>\n\t<meta name=\"twitter:label2\" content=\"Est. reading time\" \/>\n\t<meta name=\"twitter:data2\" content=\"2 minutes\" \/>\n<script type=\"application\/ld+json\" class=\"yoast-schema-graph\">{\"@context\":\"https:\/\/schema.org\",\"@graph\":[{\"@type\":\"Article\",\"@id\":\"https:\/\/webalkans.eu\/sq\/news\/gradiska-bridge-completed-with-eu-grant-contribution-of-e3-2-million\/#article\",\"isPartOf\":{\"@id\":\"https:\/\/webalkans.eu\/sq\/news\/gradiska-bridge-completed-with-eu-grant-contribution-of-e3-2-million\/\"},\"author\":{\"name\":\"007designstudio@gmail.com\",\"@id\":\"https:\/\/webalkans.eu\/sq\/#\/schema\/person\/95a8ea19ef21de3b7766e9b65ffdb4da\"},\"headline\":\"P\u00ebrfundon Ura e Gradi\u0161ka-\u00ebs me kontributin e grantit t\u00eb BE-s\u00eb prej 3.2 milion\u00eb euro\",\"datePublished\":\"2022-08-02T08:19:01+00:00\",\"dateModified\":\"2022-08-08T08:13:04+00:00\",\"mainEntityOfPage\":{\"@id\":\"https:\/\/webalkans.eu\/sq\/news\/gradiska-bridge-completed-with-eu-grant-contribution-of-e3-2-million\/\"},\"wordCount\":361,\"publisher\":{\"@id\":\"https:\/\/webalkans.eu\/sq\/#organization\"},\"image\":{\"@id\":\"https:\/\/webalkans.eu\/sq\/news\/gradiska-bridge-completed-with-eu-grant-contribution-of-e3-2-million\/#primaryimage\"},\"thumbnailUrl\":\"https:\/\/webalkans.eu\/wp-content\/uploads\/2022\/08\/1-1.jpeg\",\"inLanguage\":\"sq-AL\"},{\"@type\":\"WebPage\",\"@id\":\"https:\/\/webalkans.eu\/sq\/news\/gradiska-bridge-completed-with-eu-grant-contribution-of-e3-2-million\/\",\"url\":\"https:\/\/webalkans.eu\/sq\/news\/gradiska-bridge-completed-with-eu-grant-contribution-of-e3-2-million\/\",\"name\":\"P\u00ebrfundon Ura e Gradi\u0161ka-\u00ebs me kontributin e grantit t\u00eb BE-s\u00eb prej 3.2 milion\u00eb euro News | WeBalkans\",\"isPartOf\":{\"@id\":\"https:\/\/webalkans.eu\/sq\/#website\"},\"primaryImageOfPage\":{\"@id\":\"https:\/\/webalkans.eu\/sq\/news\/gradiska-bridge-completed-with-eu-grant-contribution-of-e3-2-million\/#primaryimage\"},\"image\":{\"@id\":\"https:\/\/webalkans.eu\/sq\/news\/gradiska-bridge-completed-with-eu-grant-contribution-of-e3-2-million\/#primaryimage\"},\"thumbnailUrl\":\"https:\/\/webalkans.eu\/wp-content\/uploads\/2022\/08\/1-1.jpeg\",\"datePublished\":\"2022-08-02T08:19:01+00:00\",\"dateModified\":\"2022-08-08T08:13:04+00:00\",\"description\":\"P\u00ebrfundon Ura e Gradi\u0161ka-\u00ebs me kontributin e grantit t\u00eb BE-s\u00eb prej 3.2 milion\u00eb euro\",\"breadcrumb\":{\"@id\":\"https:\/\/webalkans.eu\/sq\/news\/gradiska-bridge-completed-with-eu-grant-contribution-of-e3-2-million\/#breadcrumb\"},\"inLanguage\":\"sq-AL\",\"potentialAction\":[{\"@type\":\"ReadAction\",\"target\":[\"https:\/\/webalkans.eu\/sq\/news\/gradiska-bridge-completed-with-eu-grant-contribution-of-e3-2-million\/\"]}]},{\"@type\":\"ImageObject\",\"inLanguage\":\"sq-AL\",\"@id\":\"https:\/\/webalkans.eu\/sq\/news\/gradiska-bridge-completed-with-eu-grant-contribution-of-e3-2-million\/#primaryimage\",\"url\":\"https:\/\/webalkans.eu\/wp-content\/uploads\/2022\/08\/1-1.jpeg\",\"contentUrl\":\"https:\/\/webalkans.eu\/wp-content\/uploads\/2022\/08\/1-1.jpeg\",\"width\":500,\"height\":649},{\"@type\":\"BreadcrumbList\",\"@id\":\"https:\/\/webalkans.eu\/sq\/news\/gradiska-bridge-completed-with-eu-grant-contribution-of-e3-2-million\/#breadcrumb\",\"itemListElement\":[{\"@type\":\"ListItem\",\"position\":1,\"name\":\"Home\",\"item\":\"https:\/\/webalkans.eu\/sq\/homepage\/\"},{\"@type\":\"ListItem\",\"position\":2,\"name\":\"P\u00ebrfundon Ura e Gradi\u0161ka-\u00ebs me kontributin e grantit t\u00eb BE-s\u00eb prej 3.2 milion\u00eb euro\"}]},{\"@type\":\"WebSite\",\"@id\":\"https:\/\/webalkans.eu\/sq\/#website\",\"url\":\"https:\/\/webalkans.eu\/sq\/\",\"name\":\"WeBalkans | EU Projects in the Western Balkans\",\"description\":\"\",\"publisher\":{\"@id\":\"https:\/\/webalkans.eu\/sq\/#organization\"},\"potentialAction\":[{\"@type\":\"SearchAction\",\"target\":{\"@type\":\"EntryPoint\",\"urlTemplate\":\"https:\/\/webalkans.eu\/sq\/?s={search_term_string}\"},\"query-input\":{\"@type\":\"PropertyValueSpecification\",\"valueRequired\":true,\"valueName\":\"search_term_string\"}}],\"inLanguage\":\"sq-AL\"},{\"@type\":\"Organization\",\"@id\":\"https:\/\/webalkans.eu\/sq\/#organization\",\"name\":\"European Union\",\"url\":\"https:\/\/webalkans.eu\/sq\/\",\"logo\":{\"@type\":\"ImageObject\",\"inLanguage\":\"sq-AL\",\"@id\":\"https:\/\/webalkans.eu\/sq\/#\/schema\/logo\/image\/\",\"url\":\"https:\/\/webalkans.eu\/wp-content\/uploads\/2020\/11\/eu_flag.jpg\",\"contentUrl\":\"https:\/\/webalkans.eu\/wp-content\/uploads\/2020\/11\/eu_flag.jpg\",\"width\":600,\"height\":401,\"caption\":\"European Union\"},\"image\":{\"@id\":\"https:\/\/webalkans.eu\/sq\/#\/schema\/logo\/image\/\"},\"sameAs\":[\"https:\/\/www.facebook.com\/webalkans.eu\",\"https:\/\/x.com\/WeBalkans\"]},{\"@type\":\"Person\",\"@id\":\"https:\/\/webalkans.eu\/sq\/#\/schema\/person\/95a8ea19ef21de3b7766e9b65ffdb4da\",\"name\":\"007designstudio@gmail.com\"}]}<\/script>\n<!-- \/ Yoast SEO plugin. -->","yoast_head_json":{"title":"P\u00ebrfundon Ura e Gradi\u0161ka-\u00ebs me kontributin e grantit t\u00eb BE-s\u00eb prej 3.2 milion\u00eb euro News | WeBalkans","description":"P\u00ebrfundon Ura e Gradi\u0161ka-\u00ebs me kontributin e grantit t\u00eb BE-s\u00eb prej 3.2 milion\u00eb euro","robots":{"index":"index","follow":"follow","max-snippet":"max-snippet:-1","max-image-preview":"max-image-preview:large","max-video-preview":"max-video-preview:-1"},"canonical":"https:\/\/webalkans.eu\/sq\/news\/gradiska-bridge-completed-with-eu-grant-contribution-of-e3-2-million\/","og_locale":"sq_AL","og_type":"article","og_title":"P\u00ebrfundon Ura e Gradi\u0161ka-\u00ebs me kontributin e grantit t\u00eb BE-s\u00eb prej 3.2 milion\u00eb euro News | WeBalkans","og_description":"P\u00ebrfundon Ura e Gradi\u0161ka-\u00ebs me kontributin e grantit t\u00eb BE-s\u00eb prej 3.2 milion\u00eb euro","og_url":"https:\/\/webalkans.eu\/sq\/news\/gradiska-bridge-completed-with-eu-grant-contribution-of-e3-2-million\/","og_site_name":"WeBalkans | EU Projects in the Western Balkans","article_publisher":"https:\/\/www.facebook.com\/webalkans.eu","article_published_time":"2022-08-02T08:19:01+00:00","article_modified_time":"2022-08-08T08:13:04+00:00","og_image":[{"width":500,"height":649,"url":"https:\/\/webalkans.eu\/wp-content\/uploads\/2022\/08\/1-1.jpeg","type":"image\/jpeg"}],"author":"007designstudio@gmail.com","twitter_card":"summary_large_image","twitter_creator":"@WeBalkans","twitter_site":"@WeBalkans","twitter_misc":{"Written by":"007designstudio@gmail.com","Est. reading time":"2 minutes"},"schema":{"@context":"https:\/\/schema.org","@graph":[{"@type":"Article","@id":"https:\/\/webalkans.eu\/sq\/news\/gradiska-bridge-completed-with-eu-grant-contribution-of-e3-2-million\/#article","isPartOf":{"@id":"https:\/\/webalkans.eu\/sq\/news\/gradiska-bridge-completed-with-eu-grant-contribution-of-e3-2-million\/"},"author":{"name":"007designstudio@gmail.com","@id":"https:\/\/webalkans.eu\/sq\/#\/schema\/person\/95a8ea19ef21de3b7766e9b65ffdb4da"},"headline":"P\u00ebrfundon Ura e Gradi\u0161ka-\u00ebs me kontributin e grantit t\u00eb BE-s\u00eb prej 3.2 milion\u00eb euro","datePublished":"2022-08-02T08:19:01+00:00","dateModified":"2022-08-08T08:13:04+00:00","mainEntityOfPage":{"@id":"https:\/\/webalkans.eu\/sq\/news\/gradiska-bridge-completed-with-eu-grant-contribution-of-e3-2-million\/"},"wordCount":361,"publisher":{"@id":"https:\/\/webalkans.eu\/sq\/#organization"},"image":{"@id":"https:\/\/webalkans.eu\/sq\/news\/gradiska-bridge-completed-with-eu-grant-contribution-of-e3-2-million\/#primaryimage"},"thumbnailUrl":"https:\/\/webalkans.eu\/wp-content\/uploads\/2022\/08\/1-1.jpeg","inLanguage":"sq-AL"},{"@type":"WebPage","@id":"https:\/\/webalkans.eu\/sq\/news\/gradiska-bridge-completed-with-eu-grant-contribution-of-e3-2-million\/","url":"https:\/\/webalkans.eu\/sq\/news\/gradiska-bridge-completed-with-eu-grant-contribution-of-e3-2-million\/","name":"P\u00ebrfundon Ura e Gradi\u0161ka-\u00ebs me kontributin e grantit t\u00eb BE-s\u00eb prej 3.2 milion\u00eb euro News | WeBalkans","isPartOf":{"@id":"https:\/\/webalkans.eu\/sq\/#website"},"primaryImageOfPage":{"@id":"https:\/\/webalkans.eu\/sq\/news\/gradiska-bridge-completed-with-eu-grant-contribution-of-e3-2-million\/#primaryimage"},"image":{"@id":"https:\/\/webalkans.eu\/sq\/news\/gradiska-bridge-completed-with-eu-grant-contribution-of-e3-2-million\/#primaryimage"},"thumbnailUrl":"https:\/\/webalkans.eu\/wp-content\/uploads\/2022\/08\/1-1.jpeg","datePublished":"2022-08-02T08:19:01+00:00","dateModified":"2022-08-08T08:13:04+00:00","description":"P\u00ebrfundon Ura e Gradi\u0161ka-\u00ebs me kontributin e grantit t\u00eb BE-s\u00eb prej 3.2 milion\u00eb euro","breadcrumb":{"@id":"https:\/\/webalkans.eu\/sq\/news\/gradiska-bridge-completed-with-eu-grant-contribution-of-e3-2-million\/#breadcrumb"},"inLanguage":"sq-AL","potentialAction":[{"@type":"ReadAction","target":["https:\/\/webalkans.eu\/sq\/news\/gradiska-bridge-completed-with-eu-grant-contribution-of-e3-2-million\/"]}]},{"@type":"ImageObject","inLanguage":"sq-AL","@id":"https:\/\/webalkans.eu\/sq\/news\/gradiska-bridge-completed-with-eu-grant-contribution-of-e3-2-million\/#primaryimage","url":"https:\/\/webalkans.eu\/wp-content\/uploads\/2022\/08\/1-1.jpeg","contentUrl":"https:\/\/webalkans.eu\/wp-content\/uploads\/2022\/08\/1-1.jpeg","width":500,"height":649},{"@type":"BreadcrumbList","@id":"https:\/\/webalkans.eu\/sq\/news\/gradiska-bridge-completed-with-eu-grant-contribution-of-e3-2-million\/#breadcrumb","itemListElement":[{"@type":"ListItem","position":1,"name":"Home","item":"https:\/\/webalkans.eu\/sq\/homepage\/"},{"@type":"ListItem","position":2,"name":"P\u00ebrfundon Ura e Gradi\u0161ka-\u00ebs me kontributin e grantit t\u00eb BE-s\u00eb prej 3.2 milion\u00eb euro"}]},{"@type":"WebSite","@id":"https:\/\/webalkans.eu\/sq\/#website","url":"https:\/\/webalkans.eu\/sq\/","name":"WeBalkans | EU Projects in the Western Balkans","description":"","publisher":{"@id":"https:\/\/webalkans.eu\/sq\/#organization"},"potentialAction":[{"@type":"SearchAction","target":{"@type":"EntryPoint","urlTemplate":"https:\/\/webalkans.eu\/sq\/?s={search_term_string}"},"query-input":{"@type":"PropertyValueSpecification","valueRequired":true,"valueName":"search_term_string"}}],"inLanguage":"sq-AL"},{"@type":"Organization","@id":"https:\/\/webalkans.eu\/sq\/#organization","name":"European Union","url":"https:\/\/webalkans.eu\/sq\/","logo":{"@type":"ImageObject","inLanguage":"sq-AL","@id":"https:\/\/webalkans.eu\/sq\/#\/schema\/logo\/image\/","url":"https:\/\/webalkans.eu\/wp-content\/uploads\/2020\/11\/eu_flag.jpg","contentUrl":"https:\/\/webalkans.eu\/wp-content\/uploads\/2020\/11\/eu_flag.jpg","width":600,"height":401,"caption":"European Union"},"image":{"@id":"https:\/\/webalkans.eu\/sq\/#\/schema\/logo\/image\/"},"sameAs":["https:\/\/www.facebook.com\/webalkans.eu","https:\/\/x.com\/WeBalkans"]},{"@type":"Person","@id":"https:\/\/webalkans.eu\/sq\/#\/schema\/person\/95a8ea19ef21de3b7766e9b65ffdb4da","name":"007designstudio@gmail.com"}]}},"_links":{"self":[{"href":"https:\/\/webalkans.eu\/sq\/wp-json\/wp\/v2\/posts\/770801"}],"collection":[{"href":"https:\/\/webalkans.eu\/sq\/wp-json\/wp\/v2\/posts"}],"about":[{"href":"https:\/\/webalkans.eu\/sq\/wp-json\/wp\/v2\/types\/post"}],"author":[{"embeddable":true,"href":"https:\/\/webalkans.eu\/sq\/wp-json\/wp\/v2\/users\/152227"}],"replies":[{"embeddable":true,"href":"https:\/\/webalkans.eu\/sq\/wp-json\/wp\/v2\/comments?post=770801"}],"version-history":[{"count":0,"href":"https:\/\/webalkans.eu\/sq\/wp-json\/wp\/v2\/posts\/770801\/revisions"}],"wp:featuredmedia":[{"embeddable":true,"href":"https:\/\/webalkans.eu\/sq\/wp-json\/wp\/v2\/media\/762381"}],"wp:attachment":[{"href":"https:\/\/webalkans.eu\/sq\/wp-json\/wp\/v2\/media?parent=770801"}],"wp:term":[{"taxonomy":"country-for-news","embeddable":true,"href":"https:\/\/webalkans.eu\/sq\/wp-json\/wp\/v2\/country-for-news?post=770801"}],"curies":[{"name":"wp","href":"https:\/\/api.w.org\/{rel}","templated":true}]}}