
{"id":760561,"date":"2022-07-18T10:55:16","date_gmt":"2022-07-18T08:55:16","guid":{"rendered":"https:\/\/webalkans.eu\/news\/yea-at-exit-festival-in-novi-sad\/"},"modified":"2022-08-01T11:26:51","modified_gmt":"2022-08-01T09:26:51","slug":"yea-at-exit-festival-in-novi-sad","status":"publish","type":"post","link":"https:\/\/webalkans.eu\/sq\/news\/yea-at-exit-festival-in-novi-sad\/","title":{"rendered":"YEA n\u00eb Festivalin e EXIT n\u00eb Novi Sad"},"content":{"rendered":"<p style=\"font-weight: 400;\">K\u00ebt\u00eb korrik, Young European Ambassadors (YEA) u mblodh\u00ebn n\u00eb Novi Sad, Serbi, duke iu bashkuar festivalit EXIT. YEA-t\u00eb organizuan kat\u00ebr aktivitete t\u00eb ndryshme gjat\u00eb kat\u00ebr dit\u00ebve t\u00eb festivalit dhe pat\u00ebn shansin t\u00eb takonin bashk\u00ebmoshatar\u00ebt nga shoq\u00ebria civile.<\/p>\n<p>&nbsp;<\/p>\n<p style=\"font-weight: 400;\">N\u00eb dit\u00ebn e par\u00eb, YEA-t\u00eb diskutuan me vizitor\u00ebt rreth temave kryesore p\u00ebr t\u00eb cilat advokojn\u00eb t\u00eb rinjt\u00eb: aktivitete mjedisore; bashk\u00ebpunim kulturor, shoq\u00ebrime me BE-n\u00eb; programe dhe p\u00ebrvoja edukative t\u00eb BE-s\u00eb; p\u00ebrmir\u00ebsim i trajtimit t\u00eb grupeve t\u00eb cenueshme n\u00eb komunitetet vendase; dhe prezantuan rrjetin YEA.<\/p>\n<p>&nbsp;<\/p>\n<p style=\"font-weight: 400;\">Dita e dyt\u00eb u rezervua p\u00ebr \u201cbibliotek\u00ebn e gjall\u00eb\u201d ku YEA-t\u00eb nd\u00ebrvepruan me t\u00eb rinj t\u00eb tjer\u00eb duke ndar\u00eb historit\u00eb e tyre rreth kultur\u00ebs s\u00eb Ballkanit Per\u00ebndimor, siteve turistike, personave t\u00eb famsh\u00ebm dhe p\u00ebrvojat e tyre personale.<\/p>\n<p>&nbsp;<\/p>\n<p style=\"font-weight: 400;\">N\u00eb dit\u00ebn e tret\u00eb t\u00eb Festivalit, YEA-t\u00eb zhvilluan nj\u00eb diskutim n\u00eb sken\u00ebn kryesore t\u00eb zon\u00ebs OPENS t\u00eb gjendjes emocionale me tema t\u00eb \u00e7\u00ebshtjeve t\u00eb LGBTQ+, gjith\u00ebp\u00ebrfshirjes dhe pjes\u00ebmarrjes e leht\u00ebsirave p\u00ebr t\u00eb rinjt\u00eb. Fol\u00ebs ishin Anja Joki\u0107 dhe Ma\u0161a Vra\u010dar nga National Youth Council of Serbia, Nemanja Obradovi\u0107 nga OPENS, dhe YEA-t\u00eb Anja Kafedziska (Serbi), Enes Pu\u0107urica (Mal i Zi) dhe Stjuart Islamaj (Shqip\u00ebri), dhe diskutimi u moderua nga Filip Lukic nga EU Delegation to Serbia.<\/p>\n<p>&nbsp;<\/p>\n<p style=\"font-weight: 400;\">N\u00eb dit\u00ebn e fundit, YEA-t\u00eb dhe vizitor\u00ebt pikturuan nj\u00eb flamur t\u00eb LGBTQ+, duke shkruar mesazhe mb\u00ebshtetjeje p\u00ebr komunitetin.<\/p>\n","protected":false},"excerpt":{"rendered":"<p>K\u00ebt\u00eb korrik, Young European Ambassadors (YEA) u mblodh\u00ebn n\u00eb Novi Sad, Serbi, duke iu bashkuar festivalit EXIT. YEA-t\u00eb organizuan kat\u00ebr aktivitete t\u00eb ndryshme gjat\u00eb kat\u00ebr <\/p>\n","protected":false},"author":152227,"featured_media":727194,"comment_status":"closed","ping_status":"closed","sticky":false,"template":"","format":"standard","meta":{"_acf_changed":false,"_monsterinsights_skip_tracking":false,"_monsterinsights_sitenote_active":false,"_monsterinsights_sitenote_note":"","_monsterinsights_sitenote_category":0,"footnotes":""},"country-for-news":[415,421,428,431,437,441],"class_list":["post-760561","post","type-post","status-publish","format-standard","has-post-thumbnail","hentry","wb_theme-culture-and-youth","country-for-news-albania","country-for-news-bosnia-and-herzegovina","country-for-news-kosovo","country-for-news-montenegro","country-for-news-north-macedonia","country-for-news-serbia"],"acf":[],"yoast_head":"<!-- This site is optimized with the Yoast SEO plugin v25.3.1 - https:\/\/yoast.com\/wordpress\/plugins\/seo\/ -->\n<title>YEA n\u00eb Festivalin e EXIT n\u00eb Novi Sad News | WeBalkans<\/title>\n<meta name=\"description\" content=\"YEA n\u00eb Festivalin e EXIT n\u00eb Novi Sad\" \/>\n<meta name=\"robots\" content=\"index, follow, max-snippet:-1, max-image-preview:large, max-video-preview:-1\" \/>\n<link rel=\"canonical\" href=\"https:\/\/webalkans.eu\/sq\/news\/yea-at-exit-festival-in-novi-sad\/\" \/>\n<meta property=\"og:locale\" content=\"sq_AL\" \/>\n<meta property=\"og:type\" content=\"article\" \/>\n<meta property=\"og:title\" content=\"YEA n\u00eb Festivalin e EXIT n\u00eb Novi Sad News | WeBalkans\" \/>\n<meta property=\"og:description\" content=\"YEA n\u00eb Festivalin e EXIT n\u00eb Novi Sad\" \/>\n<meta property=\"og:url\" content=\"https:\/\/webalkans.eu\/sq\/news\/yea-at-exit-festival-in-novi-sad\/\" \/>\n<meta property=\"og:site_name\" content=\"WeBalkans | EU Projects in the Western Balkans\" \/>\n<meta property=\"article:publisher\" content=\"https:\/\/www.facebook.com\/webalkans.eu\" \/>\n<meta property=\"article:published_time\" content=\"2022-07-18T08:55:16+00:00\" \/>\n<meta property=\"article:modified_time\" content=\"2022-08-01T09:26:51+00:00\" \/>\n<meta property=\"og:image\" content=\"https:\/\/webalkans.eu\/wp-content\/uploads\/2022\/07\/7-2.jpg\" \/>\n\t<meta property=\"og:image:width\" content=\"2048\" \/>\n\t<meta property=\"og:image:height\" content=\"1367\" \/>\n\t<meta property=\"og:image:type\" content=\"image\/jpeg\" \/>\n<meta name=\"author\" content=\"007designstudio@gmail.com\" \/>\n<meta name=\"twitter:card\" content=\"summary_large_image\" \/>\n<meta name=\"twitter:creator\" content=\"@WeBalkans\" \/>\n<meta name=\"twitter:site\" content=\"@WeBalkans\" \/>\n<meta name=\"twitter:label1\" content=\"Written by\" \/>\n\t<meta name=\"twitter:data1\" content=\"007designstudio@gmail.com\" \/>\n\t<meta name=\"twitter:label2\" content=\"Est. reading time\" \/>\n\t<meta name=\"twitter:data2\" content=\"1 minute\" \/>\n<script type=\"application\/ld+json\" class=\"yoast-schema-graph\">{\"@context\":\"https:\/\/schema.org\",\"@graph\":[{\"@type\":\"Article\",\"@id\":\"https:\/\/webalkans.eu\/sq\/news\/yea-at-exit-festival-in-novi-sad\/#article\",\"isPartOf\":{\"@id\":\"https:\/\/webalkans.eu\/sq\/news\/yea-at-exit-festival-in-novi-sad\/\"},\"author\":{\"name\":\"007designstudio@gmail.com\",\"@id\":\"https:\/\/webalkans.eu\/sq\/#\/schema\/person\/95a8ea19ef21de3b7766e9b65ffdb4da\"},\"headline\":\"YEA n\u00eb Festivalin e EXIT n\u00eb Novi Sad\",\"datePublished\":\"2022-07-18T08:55:16+00:00\",\"dateModified\":\"2022-08-01T09:26:51+00:00\",\"mainEntityOfPage\":{\"@id\":\"https:\/\/webalkans.eu\/sq\/news\/yea-at-exit-festival-in-novi-sad\/\"},\"wordCount\":265,\"publisher\":{\"@id\":\"https:\/\/webalkans.eu\/sq\/#organization\"},\"image\":{\"@id\":\"https:\/\/webalkans.eu\/sq\/news\/yea-at-exit-festival-in-novi-sad\/#primaryimage\"},\"thumbnailUrl\":\"https:\/\/webalkans.eu\/wp-content\/uploads\/2022\/07\/7-2.jpg\",\"inLanguage\":\"sq-AL\"},{\"@type\":\"WebPage\",\"@id\":\"https:\/\/webalkans.eu\/sq\/news\/yea-at-exit-festival-in-novi-sad\/\",\"url\":\"https:\/\/webalkans.eu\/sq\/news\/yea-at-exit-festival-in-novi-sad\/\",\"name\":\"YEA n\u00eb Festivalin e EXIT n\u00eb Novi Sad News | WeBalkans\",\"isPartOf\":{\"@id\":\"https:\/\/webalkans.eu\/sq\/#website\"},\"primaryImageOfPage\":{\"@id\":\"https:\/\/webalkans.eu\/sq\/news\/yea-at-exit-festival-in-novi-sad\/#primaryimage\"},\"image\":{\"@id\":\"https:\/\/webalkans.eu\/sq\/news\/yea-at-exit-festival-in-novi-sad\/#primaryimage\"},\"thumbnailUrl\":\"https:\/\/webalkans.eu\/wp-content\/uploads\/2022\/07\/7-2.jpg\",\"datePublished\":\"2022-07-18T08:55:16+00:00\",\"dateModified\":\"2022-08-01T09:26:51+00:00\",\"description\":\"YEA n\u00eb Festivalin e EXIT n\u00eb Novi Sad\",\"breadcrumb\":{\"@id\":\"https:\/\/webalkans.eu\/sq\/news\/yea-at-exit-festival-in-novi-sad\/#breadcrumb\"},\"inLanguage\":\"sq-AL\",\"potentialAction\":[{\"@type\":\"ReadAction\",\"target\":[\"https:\/\/webalkans.eu\/sq\/news\/yea-at-exit-festival-in-novi-sad\/\"]}]},{\"@type\":\"ImageObject\",\"inLanguage\":\"sq-AL\",\"@id\":\"https:\/\/webalkans.eu\/sq\/news\/yea-at-exit-festival-in-novi-sad\/#primaryimage\",\"url\":\"https:\/\/webalkans.eu\/wp-content\/uploads\/2022\/07\/7-2.jpg\",\"contentUrl\":\"https:\/\/webalkans.eu\/wp-content\/uploads\/2022\/07\/7-2.jpg\",\"width\":2048,\"height\":1367},{\"@type\":\"BreadcrumbList\",\"@id\":\"https:\/\/webalkans.eu\/sq\/news\/yea-at-exit-festival-in-novi-sad\/#breadcrumb\",\"itemListElement\":[{\"@type\":\"ListItem\",\"position\":1,\"name\":\"Home\",\"item\":\"https:\/\/webalkans.eu\/sq\/homepage\/\"},{\"@type\":\"ListItem\",\"position\":2,\"name\":\"YEA n\u00eb Festivalin e EXIT n\u00eb Novi Sad\"}]},{\"@type\":\"WebSite\",\"@id\":\"https:\/\/webalkans.eu\/sq\/#website\",\"url\":\"https:\/\/webalkans.eu\/sq\/\",\"name\":\"WeBalkans | EU Projects in the Western Balkans\",\"description\":\"\",\"publisher\":{\"@id\":\"https:\/\/webalkans.eu\/sq\/#organization\"},\"potentialAction\":[{\"@type\":\"SearchAction\",\"target\":{\"@type\":\"EntryPoint\",\"urlTemplate\":\"https:\/\/webalkans.eu\/sq\/?s={search_term_string}\"},\"query-input\":{\"@type\":\"PropertyValueSpecification\",\"valueRequired\":true,\"valueName\":\"search_term_string\"}}],\"inLanguage\":\"sq-AL\"},{\"@type\":\"Organization\",\"@id\":\"https:\/\/webalkans.eu\/sq\/#organization\",\"name\":\"European Union\",\"url\":\"https:\/\/webalkans.eu\/sq\/\",\"logo\":{\"@type\":\"ImageObject\",\"inLanguage\":\"sq-AL\",\"@id\":\"https:\/\/webalkans.eu\/sq\/#\/schema\/logo\/image\/\",\"url\":\"https:\/\/webalkans.eu\/wp-content\/uploads\/2020\/11\/eu_flag.jpg\",\"contentUrl\":\"https:\/\/webalkans.eu\/wp-content\/uploads\/2020\/11\/eu_flag.jpg\",\"width\":600,\"height\":401,\"caption\":\"European Union\"},\"image\":{\"@id\":\"https:\/\/webalkans.eu\/sq\/#\/schema\/logo\/image\/\"},\"sameAs\":[\"https:\/\/www.facebook.com\/webalkans.eu\",\"https:\/\/x.com\/WeBalkans\"]},{\"@type\":\"Person\",\"@id\":\"https:\/\/webalkans.eu\/sq\/#\/schema\/person\/95a8ea19ef21de3b7766e9b65ffdb4da\",\"name\":\"007designstudio@gmail.com\"}]}<\/script>\n<!-- \/ Yoast SEO plugin. -->","yoast_head_json":{"title":"YEA n\u00eb Festivalin e EXIT n\u00eb Novi Sad News | WeBalkans","description":"YEA n\u00eb Festivalin e EXIT n\u00eb Novi Sad","robots":{"index":"index","follow":"follow","max-snippet":"max-snippet:-1","max-image-preview":"max-image-preview:large","max-video-preview":"max-video-preview:-1"},"canonical":"https:\/\/webalkans.eu\/sq\/news\/yea-at-exit-festival-in-novi-sad\/","og_locale":"sq_AL","og_type":"article","og_title":"YEA n\u00eb Festivalin e EXIT n\u00eb Novi Sad News | WeBalkans","og_description":"YEA n\u00eb Festivalin e EXIT n\u00eb Novi Sad","og_url":"https:\/\/webalkans.eu\/sq\/news\/yea-at-exit-festival-in-novi-sad\/","og_site_name":"WeBalkans | EU Projects in the Western Balkans","article_publisher":"https:\/\/www.facebook.com\/webalkans.eu","article_published_time":"2022-07-18T08:55:16+00:00","article_modified_time":"2022-08-01T09:26:51+00:00","og_image":[{"width":2048,"height":1367,"url":"https:\/\/webalkans.eu\/wp-content\/uploads\/2022\/07\/7-2.jpg","type":"image\/jpeg"}],"author":"007designstudio@gmail.com","twitter_card":"summary_large_image","twitter_creator":"@WeBalkans","twitter_site":"@WeBalkans","twitter_misc":{"Written by":"007designstudio@gmail.com","Est. reading time":"1 minute"},"schema":{"@context":"https:\/\/schema.org","@graph":[{"@type":"Article","@id":"https:\/\/webalkans.eu\/sq\/news\/yea-at-exit-festival-in-novi-sad\/#article","isPartOf":{"@id":"https:\/\/webalkans.eu\/sq\/news\/yea-at-exit-festival-in-novi-sad\/"},"author":{"name":"007designstudio@gmail.com","@id":"https:\/\/webalkans.eu\/sq\/#\/schema\/person\/95a8ea19ef21de3b7766e9b65ffdb4da"},"headline":"YEA n\u00eb Festivalin e EXIT n\u00eb Novi Sad","datePublished":"2022-07-18T08:55:16+00:00","dateModified":"2022-08-01T09:26:51+00:00","mainEntityOfPage":{"@id":"https:\/\/webalkans.eu\/sq\/news\/yea-at-exit-festival-in-novi-sad\/"},"wordCount":265,"publisher":{"@id":"https:\/\/webalkans.eu\/sq\/#organization"},"image":{"@id":"https:\/\/webalkans.eu\/sq\/news\/yea-at-exit-festival-in-novi-sad\/#primaryimage"},"thumbnailUrl":"https:\/\/webalkans.eu\/wp-content\/uploads\/2022\/07\/7-2.jpg","inLanguage":"sq-AL"},{"@type":"WebPage","@id":"https:\/\/webalkans.eu\/sq\/news\/yea-at-exit-festival-in-novi-sad\/","url":"https:\/\/webalkans.eu\/sq\/news\/yea-at-exit-festival-in-novi-sad\/","name":"YEA n\u00eb Festivalin e EXIT n\u00eb Novi Sad News | WeBalkans","isPartOf":{"@id":"https:\/\/webalkans.eu\/sq\/#website"},"primaryImageOfPage":{"@id":"https:\/\/webalkans.eu\/sq\/news\/yea-at-exit-festival-in-novi-sad\/#primaryimage"},"image":{"@id":"https:\/\/webalkans.eu\/sq\/news\/yea-at-exit-festival-in-novi-sad\/#primaryimage"},"thumbnailUrl":"https:\/\/webalkans.eu\/wp-content\/uploads\/2022\/07\/7-2.jpg","datePublished":"2022-07-18T08:55:16+00:00","dateModified":"2022-08-01T09:26:51+00:00","description":"YEA n\u00eb Festivalin e EXIT n\u00eb Novi Sad","breadcrumb":{"@id":"https:\/\/webalkans.eu\/sq\/news\/yea-at-exit-festival-in-novi-sad\/#breadcrumb"},"inLanguage":"sq-AL","potentialAction":[{"@type":"ReadAction","target":["https:\/\/webalkans.eu\/sq\/news\/yea-at-exit-festival-in-novi-sad\/"]}]},{"@type":"ImageObject","inLanguage":"sq-AL","@id":"https:\/\/webalkans.eu\/sq\/news\/yea-at-exit-festival-in-novi-sad\/#primaryimage","url":"https:\/\/webalkans.eu\/wp-content\/uploads\/2022\/07\/7-2.jpg","contentUrl":"https:\/\/webalkans.eu\/wp-content\/uploads\/2022\/07\/7-2.jpg","width":2048,"height":1367},{"@type":"BreadcrumbList","@id":"https:\/\/webalkans.eu\/sq\/news\/yea-at-exit-festival-in-novi-sad\/#breadcrumb","itemListElement":[{"@type":"ListItem","position":1,"name":"Home","item":"https:\/\/webalkans.eu\/sq\/homepage\/"},{"@type":"ListItem","position":2,"name":"YEA n\u00eb Festivalin e EXIT n\u00eb Novi Sad"}]},{"@type":"WebSite","@id":"https:\/\/webalkans.eu\/sq\/#website","url":"https:\/\/webalkans.eu\/sq\/","name":"WeBalkans | EU Projects in the Western Balkans","description":"","publisher":{"@id":"https:\/\/webalkans.eu\/sq\/#organization"},"potentialAction":[{"@type":"SearchAction","target":{"@type":"EntryPoint","urlTemplate":"https:\/\/webalkans.eu\/sq\/?s={search_term_string}"},"query-input":{"@type":"PropertyValueSpecification","valueRequired":true,"valueName":"search_term_string"}}],"inLanguage":"sq-AL"},{"@type":"Organization","@id":"https:\/\/webalkans.eu\/sq\/#organization","name":"European Union","url":"https:\/\/webalkans.eu\/sq\/","logo":{"@type":"ImageObject","inLanguage":"sq-AL","@id":"https:\/\/webalkans.eu\/sq\/#\/schema\/logo\/image\/","url":"https:\/\/webalkans.eu\/wp-content\/uploads\/2020\/11\/eu_flag.jpg","contentUrl":"https:\/\/webalkans.eu\/wp-content\/uploads\/2020\/11\/eu_flag.jpg","width":600,"height":401,"caption":"European Union"},"image":{"@id":"https:\/\/webalkans.eu\/sq\/#\/schema\/logo\/image\/"},"sameAs":["https:\/\/www.facebook.com\/webalkans.eu","https:\/\/x.com\/WeBalkans"]},{"@type":"Person","@id":"https:\/\/webalkans.eu\/sq\/#\/schema\/person\/95a8ea19ef21de3b7766e9b65ffdb4da","name":"007designstudio@gmail.com"}]}},"_links":{"self":[{"href":"https:\/\/webalkans.eu\/sq\/wp-json\/wp\/v2\/posts\/760561"}],"collection":[{"href":"https:\/\/webalkans.eu\/sq\/wp-json\/wp\/v2\/posts"}],"about":[{"href":"https:\/\/webalkans.eu\/sq\/wp-json\/wp\/v2\/types\/post"}],"author":[{"embeddable":true,"href":"https:\/\/webalkans.eu\/sq\/wp-json\/wp\/v2\/users\/152227"}],"replies":[{"embeddable":true,"href":"https:\/\/webalkans.eu\/sq\/wp-json\/wp\/v2\/comments?post=760561"}],"version-history":[{"count":0,"href":"https:\/\/webalkans.eu\/sq\/wp-json\/wp\/v2\/posts\/760561\/revisions"}],"wp:featuredmedia":[{"embeddable":true,"href":"https:\/\/webalkans.eu\/sq\/wp-json\/wp\/v2\/media\/727194"}],"wp:attachment":[{"href":"https:\/\/webalkans.eu\/sq\/wp-json\/wp\/v2\/media?parent=760561"}],"wp:term":[{"taxonomy":"country-for-news","embeddable":true,"href":"https:\/\/webalkans.eu\/sq\/wp-json\/wp\/v2\/country-for-news?post=760561"}],"curies":[{"name":"wp","href":"https:\/\/api.w.org\/{rel}","templated":true}]}}