
{"id":728875,"date":"2022-07-08T18:17:33","date_gmt":"2022-07-08T16:17:33","guid":{"rendered":"https:\/\/webalkans.eu\/news\/eu-and-ebrd-to-support-transition-to-solar-energy-in-north-macedonia\/"},"modified":"2022-07-18T18:44:13","modified_gmt":"2022-07-18T16:44:13","slug":"eu-and-ebrd-to-support-transition-to-solar-energy-in-north-macedonia","status":"publish","type":"post","link":"https:\/\/webalkans.eu\/sq\/news\/eu-and-ebrd-to-support-transition-to-solar-energy-in-north-macedonia\/","title":{"rendered":"BE dhe EBRD mb\u00ebshtesin tranzicionin e energjis\u00eb diellore n\u00eb Maqedonin\u00eb e Veriut"},"content":{"rendered":"<div>\n<p><span lang=\"SQ\">Planet e dekarbonizimit n\u00eb Maqedonin\u00eb e Veriut po b\u00ebjn\u00eb nj\u00eb hap t\u00eb madh p\u00ebrpara. Bashkimi Evropian po mb\u00ebshtet Elektrana na Severna Makedonija (ESM), kompanin\u00eb shtet\u00ebrore t\u00eb energjis\u00eb elektrike, p\u00ebr t\u00eb zbatuar nj\u00eb projekt fotovoltaik 30 MW(PV) q\u00eb p\u00ebrb\u00ebhet nga 10 MW n\u00eb nj\u00eb pjes\u00eb t\u00eb minier\u00ebs\u00a0 e shteruar\u00a0 t\u00eb qymyrit t\u00eb termocentralit Oslomej, dhe 20 MW n\u00eb af\u00ebrsi t\u00eb termocentralit Bitola. BE do t\u00eb ofroj\u00eb nj\u00eb grant prej 5 milion eurosh n\u00ebp\u00ebrmjet Western Balkans Investment Framework (WBIF). <span class=\"apple-converted-space\">\u00a0<\/span><\/span><span lang=\"SQ\"><a href=\"http:\/\/ebrd.com\/\" target=\"_blank\" rel=\"noopener\">European Bank for Reconstruction and Development\u00a0<\/a><\/span><span lang=\"SQ\">(EBRD) po jep nj\u00eb hua prej 25 milion eurosh p\u00ebr plot\u00ebsimin e k\u00ebtij zhvillimi.\u00a0<\/span><\/p>\n<p>&nbsp;<\/p>\n<\/div>\n<div>\n<p><span lang=\"SQ\">Ambasadori<span class=\"apple-converted-space\">\u00a0<\/span><strong>David Geer<\/strong>, Head of the EU Delegation n\u00eb Maqedonin\u00eb e Veriut u shpreh,<span class=\"apple-converted-space\">\u00a0<\/span>\u201cNe po shohim veprime konkrete n\u00eb materializimin e Green Agenda p\u00ebr Ballkanin Per\u00ebndimor dhe kthimin e Economic and Investment Plan n\u00eb realitet. Granti i investimit t\u00eb WBIF dhe huaja e EBRD-s\u00eb, p\u00ebr t\u00eb mb\u00ebshtetur transformimin e termocentraleve t\u00eb Oslomejt dhe Bitol\u00ebs nga energjia me baz\u00eb qymyri n\u00eb energji diellore, p\u00ebrfaq\u00ebsojn\u00eb nj\u00eb tregues t\u00eb qart\u00eb, q\u00eb vendi po merr hapat e duhur n\u00eb kalimin n\u00eb energji t\u00eb gjelb\u00ebr duke zbatuar nj\u00eb proces tranzicioni t\u00eb drejt\u00eb social. Ky investim duhej b\u00ebr\u00eb koh\u00eb m\u00eb par\u00eb, por vjen n\u00eb momentin e duhur p\u00ebr Maqedonin\u00eb e Veriut duke siguruar furnizimin me energji t\u00eb past\u00ebr dhe t\u00eb sigurt.<\/span><\/p>\n<p>&nbsp;<\/p>\n<\/div>\n<div>\n<p><span lang=\"SQ\">Impiantet e reja diellore jan\u00eb nj\u00eb shtes\u00eb e termocentralit t\u00eb par\u00eb 10 MW PV t\u00eb nd\u00ebrtuar n\u00eb minierat e shfryt\u00ebzuara t\u00eb qymyrit n\u00eb Oslomej dhe jan\u00eb d\u00ebshmi e rrug\u00ebs s\u00eb dekarbonizimit t\u00eb ESM dhe t\u00eb vendit. Pasi t\u00eb jen\u00eb funksionale, objektet e reja do t\u00eb prodhojn\u00eb rreth 48 GWh energji elektrike n\u00eb vit \u2013 e mjaftueshme p\u00ebr t\u00eb furnizuar me energji 10,000 sht\u00ebpi dhe p\u00ebr t\u00eb z\u00ebvend\u00ebsuar 44,000 ton CO2 n\u00eb vit. Projekti do t\u00eb mb\u00ebshtes\u00eb p\u00ebrpjekjet e ESM-s\u00eb p\u00ebr t\u00eb rigjeneruar vendet e minierave t\u00eb cilat furnizonin termocentralet me qymyr.<\/span><\/p>\n<\/div>\n","protected":false},"excerpt":{"rendered":"<p>Planet e dekarbonizimit n\u00eb Maqedonin\u00eb e Veriut po b\u00ebjn\u00eb nj\u00eb hap t\u00eb madh p\u00ebrpara. Bashkimi Evropian po mb\u00ebshtet Elektrana na Severna Makedonija (ESM), kompanin\u00eb shtet\u00ebrore <\/p>\n","protected":false},"author":152227,"featured_media":688898,"comment_status":"closed","ping_status":"closed","sticky":false,"template":"","format":"standard","meta":{"_acf_changed":false,"_monsterinsights_skip_tracking":false,"_monsterinsights_sitenote_active":false,"_monsterinsights_sitenote_note":"","_monsterinsights_sitenote_category":0,"footnotes":""},"country-for-news":[437],"class_list":["post-728875","post","type-post","status-publish","format-standard","has-post-thumbnail","hentry","wb_theme-connectivity","country-for-news-north-macedonia"],"acf":[],"yoast_head":"<!-- This site is optimized with the Yoast SEO plugin v25.3.1 - https:\/\/yoast.com\/wordpress\/plugins\/seo\/ -->\n<title>BE dhe EBRD mb\u00ebshtesin tranzicionin e energjis\u00eb diellore n\u00eb Maqedonin\u00eb e Veriut News | WeBalkans<\/title>\n<meta name=\"description\" content=\"EU and EBRD to support transition to solar energy in North Macedonia\" \/>\n<meta name=\"robots\" content=\"index, follow, max-snippet:-1, max-image-preview:large, max-video-preview:-1\" \/>\n<link rel=\"canonical\" href=\"https:\/\/webalkans.eu\/sq\/news\/eu-and-ebrd-to-support-transition-to-solar-energy-in-north-macedonia\/\" \/>\n<meta property=\"og:locale\" content=\"sq_AL\" \/>\n<meta property=\"og:type\" content=\"article\" \/>\n<meta property=\"og:title\" content=\"BE dhe EBRD mb\u00ebshtesin tranzicionin e energjis\u00eb diellore n\u00eb Maqedonin\u00eb e Veriut News | WeBalkans\" \/>\n<meta property=\"og:description\" content=\"EU and EBRD to support transition to solar energy in North Macedonia\" \/>\n<meta property=\"og:url\" content=\"https:\/\/webalkans.eu\/sq\/news\/eu-and-ebrd-to-support-transition-to-solar-energy-in-north-macedonia\/\" \/>\n<meta property=\"og:site_name\" content=\"WeBalkans | EU Projects in the Western Balkans\" \/>\n<meta property=\"article:publisher\" content=\"https:\/\/www.facebook.com\/webalkans.eu\" \/>\n<meta property=\"article:published_time\" content=\"2022-07-08T16:17:33+00:00\" \/>\n<meta property=\"article:modified_time\" content=\"2022-07-18T16:44:13+00:00\" \/>\n<meta property=\"og:image\" content=\"https:\/\/webalkans.eu\/wp-content\/uploads\/2022\/07\/3.jpeg\" \/>\n\t<meta property=\"og:image:width\" content=\"500\" \/>\n\t<meta property=\"og:image:height\" content=\"668\" \/>\n\t<meta property=\"og:image:type\" content=\"image\/jpeg\" \/>\n<meta name=\"author\" content=\"007designstudio@gmail.com\" \/>\n<meta name=\"twitter:card\" content=\"summary_large_image\" \/>\n<meta name=\"twitter:creator\" content=\"@WeBalkans\" \/>\n<meta name=\"twitter:site\" content=\"@WeBalkans\" \/>\n<meta name=\"twitter:label1\" content=\"Written by\" \/>\n\t<meta name=\"twitter:data1\" content=\"007designstudio@gmail.com\" \/>\n\t<meta name=\"twitter:label2\" content=\"Est. reading time\" \/>\n\t<meta name=\"twitter:data2\" content=\"2 minutes\" \/>\n<script type=\"application\/ld+json\" class=\"yoast-schema-graph\">{\"@context\":\"https:\/\/schema.org\",\"@graph\":[{\"@type\":\"Article\",\"@id\":\"https:\/\/webalkans.eu\/sq\/news\/eu-and-ebrd-to-support-transition-to-solar-energy-in-north-macedonia\/#article\",\"isPartOf\":{\"@id\":\"https:\/\/webalkans.eu\/sq\/news\/eu-and-ebrd-to-support-transition-to-solar-energy-in-north-macedonia\/\"},\"author\":{\"name\":\"007designstudio@gmail.com\",\"@id\":\"https:\/\/webalkans.eu\/sq\/#\/schema\/person\/95a8ea19ef21de3b7766e9b65ffdb4da\"},\"headline\":\"BE dhe EBRD mb\u00ebshtesin tranzicionin e energjis\u00eb diellore n\u00eb Maqedonin\u00eb e Veriut\",\"datePublished\":\"2022-07-08T16:17:33+00:00\",\"dateModified\":\"2022-07-18T16:44:13+00:00\",\"mainEntityOfPage\":{\"@id\":\"https:\/\/webalkans.eu\/sq\/news\/eu-and-ebrd-to-support-transition-to-solar-energy-in-north-macedonia\/\"},\"wordCount\":347,\"publisher\":{\"@id\":\"https:\/\/webalkans.eu\/sq\/#organization\"},\"image\":{\"@id\":\"https:\/\/webalkans.eu\/sq\/news\/eu-and-ebrd-to-support-transition-to-solar-energy-in-north-macedonia\/#primaryimage\"},\"thumbnailUrl\":\"https:\/\/webalkans.eu\/wp-content\/uploads\/2022\/07\/3.jpeg\",\"inLanguage\":\"sq-AL\"},{\"@type\":\"WebPage\",\"@id\":\"https:\/\/webalkans.eu\/sq\/news\/eu-and-ebrd-to-support-transition-to-solar-energy-in-north-macedonia\/\",\"url\":\"https:\/\/webalkans.eu\/sq\/news\/eu-and-ebrd-to-support-transition-to-solar-energy-in-north-macedonia\/\",\"name\":\"BE dhe EBRD mb\u00ebshtesin tranzicionin e energjis\u00eb diellore n\u00eb Maqedonin\u00eb e Veriut News | WeBalkans\",\"isPartOf\":{\"@id\":\"https:\/\/webalkans.eu\/sq\/#website\"},\"primaryImageOfPage\":{\"@id\":\"https:\/\/webalkans.eu\/sq\/news\/eu-and-ebrd-to-support-transition-to-solar-energy-in-north-macedonia\/#primaryimage\"},\"image\":{\"@id\":\"https:\/\/webalkans.eu\/sq\/news\/eu-and-ebrd-to-support-transition-to-solar-energy-in-north-macedonia\/#primaryimage\"},\"thumbnailUrl\":\"https:\/\/webalkans.eu\/wp-content\/uploads\/2022\/07\/3.jpeg\",\"datePublished\":\"2022-07-08T16:17:33+00:00\",\"dateModified\":\"2022-07-18T16:44:13+00:00\",\"description\":\"EU and EBRD to support transition to solar energy in North Macedonia\",\"breadcrumb\":{\"@id\":\"https:\/\/webalkans.eu\/sq\/news\/eu-and-ebrd-to-support-transition-to-solar-energy-in-north-macedonia\/#breadcrumb\"},\"inLanguage\":\"sq-AL\",\"potentialAction\":[{\"@type\":\"ReadAction\",\"target\":[\"https:\/\/webalkans.eu\/sq\/news\/eu-and-ebrd-to-support-transition-to-solar-energy-in-north-macedonia\/\"]}]},{\"@type\":\"ImageObject\",\"inLanguage\":\"sq-AL\",\"@id\":\"https:\/\/webalkans.eu\/sq\/news\/eu-and-ebrd-to-support-transition-to-solar-energy-in-north-macedonia\/#primaryimage\",\"url\":\"https:\/\/webalkans.eu\/wp-content\/uploads\/2022\/07\/3.jpeg\",\"contentUrl\":\"https:\/\/webalkans.eu\/wp-content\/uploads\/2022\/07\/3.jpeg\",\"width\":500,\"height\":668},{\"@type\":\"BreadcrumbList\",\"@id\":\"https:\/\/webalkans.eu\/sq\/news\/eu-and-ebrd-to-support-transition-to-solar-energy-in-north-macedonia\/#breadcrumb\",\"itemListElement\":[{\"@type\":\"ListItem\",\"position\":1,\"name\":\"Home\",\"item\":\"https:\/\/webalkans.eu\/sq\/homepage\/\"},{\"@type\":\"ListItem\",\"position\":2,\"name\":\"BE dhe EBRD mb\u00ebshtesin tranzicionin e energjis\u00eb diellore n\u00eb Maqedonin\u00eb e Veriut\"}]},{\"@type\":\"WebSite\",\"@id\":\"https:\/\/webalkans.eu\/sq\/#website\",\"url\":\"https:\/\/webalkans.eu\/sq\/\",\"name\":\"WeBalkans | EU Projects in the Western Balkans\",\"description\":\"\",\"publisher\":{\"@id\":\"https:\/\/webalkans.eu\/sq\/#organization\"},\"potentialAction\":[{\"@type\":\"SearchAction\",\"target\":{\"@type\":\"EntryPoint\",\"urlTemplate\":\"https:\/\/webalkans.eu\/sq\/?s={search_term_string}\"},\"query-input\":{\"@type\":\"PropertyValueSpecification\",\"valueRequired\":true,\"valueName\":\"search_term_string\"}}],\"inLanguage\":\"sq-AL\"},{\"@type\":\"Organization\",\"@id\":\"https:\/\/webalkans.eu\/sq\/#organization\",\"name\":\"European Union\",\"url\":\"https:\/\/webalkans.eu\/sq\/\",\"logo\":{\"@type\":\"ImageObject\",\"inLanguage\":\"sq-AL\",\"@id\":\"https:\/\/webalkans.eu\/sq\/#\/schema\/logo\/image\/\",\"url\":\"https:\/\/webalkans.eu\/wp-content\/uploads\/2020\/11\/eu_flag.jpg\",\"contentUrl\":\"https:\/\/webalkans.eu\/wp-content\/uploads\/2020\/11\/eu_flag.jpg\",\"width\":600,\"height\":401,\"caption\":\"European Union\"},\"image\":{\"@id\":\"https:\/\/webalkans.eu\/sq\/#\/schema\/logo\/image\/\"},\"sameAs\":[\"https:\/\/www.facebook.com\/webalkans.eu\",\"https:\/\/x.com\/WeBalkans\"]},{\"@type\":\"Person\",\"@id\":\"https:\/\/webalkans.eu\/sq\/#\/schema\/person\/95a8ea19ef21de3b7766e9b65ffdb4da\",\"name\":\"007designstudio@gmail.com\"}]}<\/script>\n<!-- \/ Yoast SEO plugin. -->","yoast_head_json":{"title":"BE dhe EBRD mb\u00ebshtesin tranzicionin e energjis\u00eb diellore n\u00eb Maqedonin\u00eb e Veriut News | WeBalkans","description":"EU and EBRD to support transition to solar energy in North Macedonia","robots":{"index":"index","follow":"follow","max-snippet":"max-snippet:-1","max-image-preview":"max-image-preview:large","max-video-preview":"max-video-preview:-1"},"canonical":"https:\/\/webalkans.eu\/sq\/news\/eu-and-ebrd-to-support-transition-to-solar-energy-in-north-macedonia\/","og_locale":"sq_AL","og_type":"article","og_title":"BE dhe EBRD mb\u00ebshtesin tranzicionin e energjis\u00eb diellore n\u00eb Maqedonin\u00eb e Veriut News | WeBalkans","og_description":"EU and EBRD to support transition to solar energy in North Macedonia","og_url":"https:\/\/webalkans.eu\/sq\/news\/eu-and-ebrd-to-support-transition-to-solar-energy-in-north-macedonia\/","og_site_name":"WeBalkans | EU Projects in the Western Balkans","article_publisher":"https:\/\/www.facebook.com\/webalkans.eu","article_published_time":"2022-07-08T16:17:33+00:00","article_modified_time":"2022-07-18T16:44:13+00:00","og_image":[{"width":500,"height":668,"url":"https:\/\/webalkans.eu\/wp-content\/uploads\/2022\/07\/3.jpeg","type":"image\/jpeg"}],"author":"007designstudio@gmail.com","twitter_card":"summary_large_image","twitter_creator":"@WeBalkans","twitter_site":"@WeBalkans","twitter_misc":{"Written by":"007designstudio@gmail.com","Est. reading time":"2 minutes"},"schema":{"@context":"https:\/\/schema.org","@graph":[{"@type":"Article","@id":"https:\/\/webalkans.eu\/sq\/news\/eu-and-ebrd-to-support-transition-to-solar-energy-in-north-macedonia\/#article","isPartOf":{"@id":"https:\/\/webalkans.eu\/sq\/news\/eu-and-ebrd-to-support-transition-to-solar-energy-in-north-macedonia\/"},"author":{"name":"007designstudio@gmail.com","@id":"https:\/\/webalkans.eu\/sq\/#\/schema\/person\/95a8ea19ef21de3b7766e9b65ffdb4da"},"headline":"BE dhe EBRD mb\u00ebshtesin tranzicionin e energjis\u00eb diellore n\u00eb Maqedonin\u00eb e Veriut","datePublished":"2022-07-08T16:17:33+00:00","dateModified":"2022-07-18T16:44:13+00:00","mainEntityOfPage":{"@id":"https:\/\/webalkans.eu\/sq\/news\/eu-and-ebrd-to-support-transition-to-solar-energy-in-north-macedonia\/"},"wordCount":347,"publisher":{"@id":"https:\/\/webalkans.eu\/sq\/#organization"},"image":{"@id":"https:\/\/webalkans.eu\/sq\/news\/eu-and-ebrd-to-support-transition-to-solar-energy-in-north-macedonia\/#primaryimage"},"thumbnailUrl":"https:\/\/webalkans.eu\/wp-content\/uploads\/2022\/07\/3.jpeg","inLanguage":"sq-AL"},{"@type":"WebPage","@id":"https:\/\/webalkans.eu\/sq\/news\/eu-and-ebrd-to-support-transition-to-solar-energy-in-north-macedonia\/","url":"https:\/\/webalkans.eu\/sq\/news\/eu-and-ebrd-to-support-transition-to-solar-energy-in-north-macedonia\/","name":"BE dhe EBRD mb\u00ebshtesin tranzicionin e energjis\u00eb diellore n\u00eb Maqedonin\u00eb e Veriut News | WeBalkans","isPartOf":{"@id":"https:\/\/webalkans.eu\/sq\/#website"},"primaryImageOfPage":{"@id":"https:\/\/webalkans.eu\/sq\/news\/eu-and-ebrd-to-support-transition-to-solar-energy-in-north-macedonia\/#primaryimage"},"image":{"@id":"https:\/\/webalkans.eu\/sq\/news\/eu-and-ebrd-to-support-transition-to-solar-energy-in-north-macedonia\/#primaryimage"},"thumbnailUrl":"https:\/\/webalkans.eu\/wp-content\/uploads\/2022\/07\/3.jpeg","datePublished":"2022-07-08T16:17:33+00:00","dateModified":"2022-07-18T16:44:13+00:00","description":"EU and EBRD to support transition to solar energy in North Macedonia","breadcrumb":{"@id":"https:\/\/webalkans.eu\/sq\/news\/eu-and-ebrd-to-support-transition-to-solar-energy-in-north-macedonia\/#breadcrumb"},"inLanguage":"sq-AL","potentialAction":[{"@type":"ReadAction","target":["https:\/\/webalkans.eu\/sq\/news\/eu-and-ebrd-to-support-transition-to-solar-energy-in-north-macedonia\/"]}]},{"@type":"ImageObject","inLanguage":"sq-AL","@id":"https:\/\/webalkans.eu\/sq\/news\/eu-and-ebrd-to-support-transition-to-solar-energy-in-north-macedonia\/#primaryimage","url":"https:\/\/webalkans.eu\/wp-content\/uploads\/2022\/07\/3.jpeg","contentUrl":"https:\/\/webalkans.eu\/wp-content\/uploads\/2022\/07\/3.jpeg","width":500,"height":668},{"@type":"BreadcrumbList","@id":"https:\/\/webalkans.eu\/sq\/news\/eu-and-ebrd-to-support-transition-to-solar-energy-in-north-macedonia\/#breadcrumb","itemListElement":[{"@type":"ListItem","position":1,"name":"Home","item":"https:\/\/webalkans.eu\/sq\/homepage\/"},{"@type":"ListItem","position":2,"name":"BE dhe EBRD mb\u00ebshtesin tranzicionin e energjis\u00eb diellore n\u00eb Maqedonin\u00eb e Veriut"}]},{"@type":"WebSite","@id":"https:\/\/webalkans.eu\/sq\/#website","url":"https:\/\/webalkans.eu\/sq\/","name":"WeBalkans | EU Projects in the Western Balkans","description":"","publisher":{"@id":"https:\/\/webalkans.eu\/sq\/#organization"},"potentialAction":[{"@type":"SearchAction","target":{"@type":"EntryPoint","urlTemplate":"https:\/\/webalkans.eu\/sq\/?s={search_term_string}"},"query-input":{"@type":"PropertyValueSpecification","valueRequired":true,"valueName":"search_term_string"}}],"inLanguage":"sq-AL"},{"@type":"Organization","@id":"https:\/\/webalkans.eu\/sq\/#organization","name":"European Union","url":"https:\/\/webalkans.eu\/sq\/","logo":{"@type":"ImageObject","inLanguage":"sq-AL","@id":"https:\/\/webalkans.eu\/sq\/#\/schema\/logo\/image\/","url":"https:\/\/webalkans.eu\/wp-content\/uploads\/2020\/11\/eu_flag.jpg","contentUrl":"https:\/\/webalkans.eu\/wp-content\/uploads\/2020\/11\/eu_flag.jpg","width":600,"height":401,"caption":"European Union"},"image":{"@id":"https:\/\/webalkans.eu\/sq\/#\/schema\/logo\/image\/"},"sameAs":["https:\/\/www.facebook.com\/webalkans.eu","https:\/\/x.com\/WeBalkans"]},{"@type":"Person","@id":"https:\/\/webalkans.eu\/sq\/#\/schema\/person\/95a8ea19ef21de3b7766e9b65ffdb4da","name":"007designstudio@gmail.com"}]}},"_links":{"self":[{"href":"https:\/\/webalkans.eu\/sq\/wp-json\/wp\/v2\/posts\/728875"}],"collection":[{"href":"https:\/\/webalkans.eu\/sq\/wp-json\/wp\/v2\/posts"}],"about":[{"href":"https:\/\/webalkans.eu\/sq\/wp-json\/wp\/v2\/types\/post"}],"author":[{"embeddable":true,"href":"https:\/\/webalkans.eu\/sq\/wp-json\/wp\/v2\/users\/152227"}],"replies":[{"embeddable":true,"href":"https:\/\/webalkans.eu\/sq\/wp-json\/wp\/v2\/comments?post=728875"}],"version-history":[{"count":0,"href":"https:\/\/webalkans.eu\/sq\/wp-json\/wp\/v2\/posts\/728875\/revisions"}],"wp:featuredmedia":[{"embeddable":true,"href":"https:\/\/webalkans.eu\/sq\/wp-json\/wp\/v2\/media\/688898"}],"wp:attachment":[{"href":"https:\/\/webalkans.eu\/sq\/wp-json\/wp\/v2\/media?parent=728875"}],"wp:term":[{"taxonomy":"country-for-news","embeddable":true,"href":"https:\/\/webalkans.eu\/sq\/wp-json\/wp\/v2\/country-for-news?post=728875"}],"curies":[{"name":"wp","href":"https:\/\/api.w.org\/{rel}","templated":true}]}}