
{"id":727384,"date":"2022-06-30T19:11:54","date_gmt":"2022-06-30T17:11:54","guid":{"rendered":"https:\/\/webalkans.eu\/news\/adrion-programme-opens-a-new-call-for-universities-research-centres-and-business-institutions\/"},"modified":"2022-07-18T11:54:31","modified_gmt":"2022-07-18T09:54:31","slug":"adrion-programme-opens-a-new-call-for-universities-research-centres-and-business-institutions","status":"publish","type":"post","link":"https:\/\/webalkans.eu\/sq\/news\/adrion-programme-opens-a-new-call-for-universities-research-centres-and-business-institutions\/","title":{"rendered":"Programi ADRION hap nj\u00eb thirrje t\u00eb re p\u00ebr universitetet, qendrat k\u00ebrkimore dhe institucionet e biznesit"},"content":{"rendered":"<p style=\"font-weight: 400;\">Programi Adriatiko-Jonian (ADRION), i cili zbatohet n\u00eb zon\u00ebn Adriatiko-Joniane , ka hapur nj\u00eb thirrje t\u00eb re p\u00ebr universitetet dhe qendrat k\u00ebrkimore, si dhe institucionet e biznesit. Q\u00ebllimi i k\u00ebsaj thirrje t\u00eb pest\u00eb t\u00eb jasht\u00ebzakonshme p\u00ebr propozime \u00ebsht\u00eb rritja e kompetencave dhe aft\u00ebsive n\u00eb fushat e konsideruara me r\u00ebnd\u00ebsi strategjike p\u00ebr zon\u00ebn, duke hyr\u00eb n\u00eb periudh\u00ebn e re t\u00eb programimit dhe duke mb\u00ebshtetur temat e q\u00ebndrueshm\u00ebris\u00eb marine\/detare , mjedisore dhe sociale.<\/p>\n<p>&nbsp;<\/p>\n<p style=\"font-weight: 400;\">Thirrja ka n\u00eb fokus temat vijuese : ekonomia blu, inovacioni social, energjia e rinovueshme dhe ekonomia qarkulluese. Ajo synon t\u00eb zhvilloj\u00eb masa p\u00ebrgatitore p\u00ebr aktivizimin e programeve t\u00eb p\u00ebrbashk\u00ebta t\u00eb nivelit master q\u00eb do t\u00eb vazhdojn\u00eb deri n\u00eb vitin 2027. Projektet q\u00eb p\u00ebrputhen me synimet e thirrjes duhet t\u00eb jen\u00eb strategjike dhe do t\u00eb marrin grante si pjes\u00eb e Instrument for Pre-Accession Assistance (IPA) ADRION Programme 2021-2027.<\/p>\n<p>&nbsp;<\/p>\n<p style=\"font-weight: 400;\">Propozimet e projekteve do t\u00eb p\u00ebrfitojn\u00eb nga kontributi i BE-s\u00eb (European Regional Development Fund and IPAII) deri n\u00eb nj\u00eb maksimum prej 1 milion eurosh.<\/p>\n","protected":false},"excerpt":{"rendered":"<p>Programi Adriatiko-Jonian (ADRION), i cili zbatohet n\u00eb zon\u00ebn Adriatiko-Joniane , ka hapur nj\u00eb thirrje t\u00eb re p\u00ebr universitetet dhe qendrat k\u00ebrkimore, si dhe institucionet e <\/p>\n","protected":false},"author":152227,"featured_media":685917,"comment_status":"closed","ping_status":"closed","sticky":false,"template":"","format":"standard","meta":{"_acf_changed":false,"_monsterinsights_skip_tracking":false,"_monsterinsights_sitenote_active":false,"_monsterinsights_sitenote_note":"","_monsterinsights_sitenote_category":0,"footnotes":""},"country-for-news":[415,431],"class_list":["post-727384","post","type-post","status-publish","format-standard","has-post-thumbnail","hentry","wb_theme-innovation-and-skills","country-for-news-albania","country-for-news-montenegro"],"acf":[],"yoast_head":"<!-- This site is optimized with the Yoast SEO plugin v25.3.1 - https:\/\/yoast.com\/wordpress\/plugins\/seo\/ -->\n<title>Programi ADRION hap nj\u00eb thirrje t\u00eb re p\u00ebr universitetet, qendrat k\u00ebrkimore dhe institucionet e biznesit News | WeBalkans<\/title>\n<meta name=\"description\" content=\"Programi ADRION hap nj\u00eb thirrje t\u00eb re p\u00ebr universitetet, qendrat k\u00ebrkimore dhe institucionet e biznesit\" \/>\n<meta name=\"robots\" content=\"index, follow, max-snippet:-1, max-image-preview:large, max-video-preview:-1\" \/>\n<link rel=\"canonical\" href=\"https:\/\/webalkans.eu\/sq\/news\/adrion-programme-opens-a-new-call-for-universities-research-centres-and-business-institutions\/\" \/>\n<meta property=\"og:locale\" content=\"sq_AL\" \/>\n<meta property=\"og:type\" content=\"article\" \/>\n<meta property=\"og:title\" content=\"Programi ADRION hap nj\u00eb thirrje t\u00eb re p\u00ebr universitetet, qendrat k\u00ebrkimore dhe institucionet e biznesit News | WeBalkans\" \/>\n<meta property=\"og:description\" content=\"Programi ADRION hap nj\u00eb thirrje t\u00eb re p\u00ebr universitetet, qendrat k\u00ebrkimore dhe institucionet e biznesit\" \/>\n<meta property=\"og:url\" content=\"https:\/\/webalkans.eu\/sq\/news\/adrion-programme-opens-a-new-call-for-universities-research-centres-and-business-institutions\/\" \/>\n<meta property=\"og:site_name\" content=\"WeBalkans | EU Projects in the Western Balkans\" \/>\n<meta property=\"article:publisher\" content=\"https:\/\/www.facebook.com\/webalkans.eu\" \/>\n<meta property=\"article:published_time\" content=\"2022-06-30T17:11:54+00:00\" \/>\n<meta property=\"article:modified_time\" content=\"2022-07-18T09:54:31+00:00\" \/>\n<meta property=\"og:image\" content=\"https:\/\/webalkans.eu\/wp-content\/uploads\/2022\/07\/7.jpeg\" \/>\n\t<meta property=\"og:image:width\" content=\"1200\" \/>\n\t<meta property=\"og:image:height\" content=\"675\" \/>\n\t<meta property=\"og:image:type\" content=\"image\/jpeg\" \/>\n<meta name=\"author\" content=\"007designstudio@gmail.com\" \/>\n<meta name=\"twitter:card\" content=\"summary_large_image\" \/>\n<meta name=\"twitter:creator\" content=\"@WeBalkans\" \/>\n<meta name=\"twitter:site\" content=\"@WeBalkans\" \/>\n<meta name=\"twitter:label1\" content=\"Written by\" \/>\n\t<meta name=\"twitter:data1\" content=\"007designstudio@gmail.com\" \/>\n\t<meta name=\"twitter:label2\" content=\"Est. reading time\" \/>\n\t<meta name=\"twitter:data2\" content=\"1 minute\" \/>\n<script type=\"application\/ld+json\" class=\"yoast-schema-graph\">{\"@context\":\"https:\/\/schema.org\",\"@graph\":[{\"@type\":\"Article\",\"@id\":\"https:\/\/webalkans.eu\/sq\/news\/adrion-programme-opens-a-new-call-for-universities-research-centres-and-business-institutions\/#article\",\"isPartOf\":{\"@id\":\"https:\/\/webalkans.eu\/sq\/news\/adrion-programme-opens-a-new-call-for-universities-research-centres-and-business-institutions\/\"},\"author\":{\"name\":\"007designstudio@gmail.com\",\"@id\":\"https:\/\/webalkans.eu\/sq\/#\/schema\/person\/95a8ea19ef21de3b7766e9b65ffdb4da\"},\"headline\":\"Programi ADRION hap nj\u00eb thirrje t\u00eb re p\u00ebr universitetet, qendrat k\u00ebrkimore dhe institucionet e biznesit\",\"datePublished\":\"2022-06-30T17:11:54+00:00\",\"dateModified\":\"2022-07-18T09:54:31+00:00\",\"mainEntityOfPage\":{\"@id\":\"https:\/\/webalkans.eu\/sq\/news\/adrion-programme-opens-a-new-call-for-universities-research-centres-and-business-institutions\/\"},\"wordCount\":198,\"publisher\":{\"@id\":\"https:\/\/webalkans.eu\/sq\/#organization\"},\"image\":{\"@id\":\"https:\/\/webalkans.eu\/sq\/news\/adrion-programme-opens-a-new-call-for-universities-research-centres-and-business-institutions\/#primaryimage\"},\"thumbnailUrl\":\"https:\/\/webalkans.eu\/wp-content\/uploads\/2022\/07\/7.jpeg\",\"inLanguage\":\"sq-AL\"},{\"@type\":\"WebPage\",\"@id\":\"https:\/\/webalkans.eu\/sq\/news\/adrion-programme-opens-a-new-call-for-universities-research-centres-and-business-institutions\/\",\"url\":\"https:\/\/webalkans.eu\/sq\/news\/adrion-programme-opens-a-new-call-for-universities-research-centres-and-business-institutions\/\",\"name\":\"Programi ADRION hap nj\u00eb thirrje t\u00eb re p\u00ebr universitetet, qendrat k\u00ebrkimore dhe institucionet e biznesit News | WeBalkans\",\"isPartOf\":{\"@id\":\"https:\/\/webalkans.eu\/sq\/#website\"},\"primaryImageOfPage\":{\"@id\":\"https:\/\/webalkans.eu\/sq\/news\/adrion-programme-opens-a-new-call-for-universities-research-centres-and-business-institutions\/#primaryimage\"},\"image\":{\"@id\":\"https:\/\/webalkans.eu\/sq\/news\/adrion-programme-opens-a-new-call-for-universities-research-centres-and-business-institutions\/#primaryimage\"},\"thumbnailUrl\":\"https:\/\/webalkans.eu\/wp-content\/uploads\/2022\/07\/7.jpeg\",\"datePublished\":\"2022-06-30T17:11:54+00:00\",\"dateModified\":\"2022-07-18T09:54:31+00:00\",\"description\":\"Programi ADRION hap nj\u00eb thirrje t\u00eb re p\u00ebr universitetet, qendrat k\u00ebrkimore dhe institucionet e biznesit\",\"breadcrumb\":{\"@id\":\"https:\/\/webalkans.eu\/sq\/news\/adrion-programme-opens-a-new-call-for-universities-research-centres-and-business-institutions\/#breadcrumb\"},\"inLanguage\":\"sq-AL\",\"potentialAction\":[{\"@type\":\"ReadAction\",\"target\":[\"https:\/\/webalkans.eu\/sq\/news\/adrion-programme-opens-a-new-call-for-universities-research-centres-and-business-institutions\/\"]}]},{\"@type\":\"ImageObject\",\"inLanguage\":\"sq-AL\",\"@id\":\"https:\/\/webalkans.eu\/sq\/news\/adrion-programme-opens-a-new-call-for-universities-research-centres-and-business-institutions\/#primaryimage\",\"url\":\"https:\/\/webalkans.eu\/wp-content\/uploads\/2022\/07\/7.jpeg\",\"contentUrl\":\"https:\/\/webalkans.eu\/wp-content\/uploads\/2022\/07\/7.jpeg\",\"width\":1200,\"height\":675},{\"@type\":\"BreadcrumbList\",\"@id\":\"https:\/\/webalkans.eu\/sq\/news\/adrion-programme-opens-a-new-call-for-universities-research-centres-and-business-institutions\/#breadcrumb\",\"itemListElement\":[{\"@type\":\"ListItem\",\"position\":1,\"name\":\"Home\",\"item\":\"https:\/\/webalkans.eu\/sq\/homepage\/\"},{\"@type\":\"ListItem\",\"position\":2,\"name\":\"Programi ADRION hap nj\u00eb thirrje t\u00eb re p\u00ebr universitetet, qendrat k\u00ebrkimore dhe institucionet e biznesit\"}]},{\"@type\":\"WebSite\",\"@id\":\"https:\/\/webalkans.eu\/sq\/#website\",\"url\":\"https:\/\/webalkans.eu\/sq\/\",\"name\":\"WeBalkans | EU Projects in the Western Balkans\",\"description\":\"\",\"publisher\":{\"@id\":\"https:\/\/webalkans.eu\/sq\/#organization\"},\"potentialAction\":[{\"@type\":\"SearchAction\",\"target\":{\"@type\":\"EntryPoint\",\"urlTemplate\":\"https:\/\/webalkans.eu\/sq\/?s={search_term_string}\"},\"query-input\":{\"@type\":\"PropertyValueSpecification\",\"valueRequired\":true,\"valueName\":\"search_term_string\"}}],\"inLanguage\":\"sq-AL\"},{\"@type\":\"Organization\",\"@id\":\"https:\/\/webalkans.eu\/sq\/#organization\",\"name\":\"European Union\",\"url\":\"https:\/\/webalkans.eu\/sq\/\",\"logo\":{\"@type\":\"ImageObject\",\"inLanguage\":\"sq-AL\",\"@id\":\"https:\/\/webalkans.eu\/sq\/#\/schema\/logo\/image\/\",\"url\":\"https:\/\/webalkans.eu\/wp-content\/uploads\/2020\/11\/eu_flag.jpg\",\"contentUrl\":\"https:\/\/webalkans.eu\/wp-content\/uploads\/2020\/11\/eu_flag.jpg\",\"width\":600,\"height\":401,\"caption\":\"European Union\"},\"image\":{\"@id\":\"https:\/\/webalkans.eu\/sq\/#\/schema\/logo\/image\/\"},\"sameAs\":[\"https:\/\/www.facebook.com\/webalkans.eu\",\"https:\/\/x.com\/WeBalkans\"]},{\"@type\":\"Person\",\"@id\":\"https:\/\/webalkans.eu\/sq\/#\/schema\/person\/95a8ea19ef21de3b7766e9b65ffdb4da\",\"name\":\"007designstudio@gmail.com\"}]}<\/script>\n<!-- \/ Yoast SEO plugin. -->","yoast_head_json":{"title":"Programi ADRION hap nj\u00eb thirrje t\u00eb re p\u00ebr universitetet, qendrat k\u00ebrkimore dhe institucionet e biznesit News | WeBalkans","description":"Programi ADRION hap nj\u00eb thirrje t\u00eb re p\u00ebr universitetet, qendrat k\u00ebrkimore dhe institucionet e biznesit","robots":{"index":"index","follow":"follow","max-snippet":"max-snippet:-1","max-image-preview":"max-image-preview:large","max-video-preview":"max-video-preview:-1"},"canonical":"https:\/\/webalkans.eu\/sq\/news\/adrion-programme-opens-a-new-call-for-universities-research-centres-and-business-institutions\/","og_locale":"sq_AL","og_type":"article","og_title":"Programi ADRION hap nj\u00eb thirrje t\u00eb re p\u00ebr universitetet, qendrat k\u00ebrkimore dhe institucionet e biznesit News | WeBalkans","og_description":"Programi ADRION hap nj\u00eb thirrje t\u00eb re p\u00ebr universitetet, qendrat k\u00ebrkimore dhe institucionet e biznesit","og_url":"https:\/\/webalkans.eu\/sq\/news\/adrion-programme-opens-a-new-call-for-universities-research-centres-and-business-institutions\/","og_site_name":"WeBalkans | EU Projects in the Western Balkans","article_publisher":"https:\/\/www.facebook.com\/webalkans.eu","article_published_time":"2022-06-30T17:11:54+00:00","article_modified_time":"2022-07-18T09:54:31+00:00","og_image":[{"width":1200,"height":675,"url":"https:\/\/webalkans.eu\/wp-content\/uploads\/2022\/07\/7.jpeg","type":"image\/jpeg"}],"author":"007designstudio@gmail.com","twitter_card":"summary_large_image","twitter_creator":"@WeBalkans","twitter_site":"@WeBalkans","twitter_misc":{"Written by":"007designstudio@gmail.com","Est. reading time":"1 minute"},"schema":{"@context":"https:\/\/schema.org","@graph":[{"@type":"Article","@id":"https:\/\/webalkans.eu\/sq\/news\/adrion-programme-opens-a-new-call-for-universities-research-centres-and-business-institutions\/#article","isPartOf":{"@id":"https:\/\/webalkans.eu\/sq\/news\/adrion-programme-opens-a-new-call-for-universities-research-centres-and-business-institutions\/"},"author":{"name":"007designstudio@gmail.com","@id":"https:\/\/webalkans.eu\/sq\/#\/schema\/person\/95a8ea19ef21de3b7766e9b65ffdb4da"},"headline":"Programi ADRION hap nj\u00eb thirrje t\u00eb re p\u00ebr universitetet, qendrat k\u00ebrkimore dhe institucionet e biznesit","datePublished":"2022-06-30T17:11:54+00:00","dateModified":"2022-07-18T09:54:31+00:00","mainEntityOfPage":{"@id":"https:\/\/webalkans.eu\/sq\/news\/adrion-programme-opens-a-new-call-for-universities-research-centres-and-business-institutions\/"},"wordCount":198,"publisher":{"@id":"https:\/\/webalkans.eu\/sq\/#organization"},"image":{"@id":"https:\/\/webalkans.eu\/sq\/news\/adrion-programme-opens-a-new-call-for-universities-research-centres-and-business-institutions\/#primaryimage"},"thumbnailUrl":"https:\/\/webalkans.eu\/wp-content\/uploads\/2022\/07\/7.jpeg","inLanguage":"sq-AL"},{"@type":"WebPage","@id":"https:\/\/webalkans.eu\/sq\/news\/adrion-programme-opens-a-new-call-for-universities-research-centres-and-business-institutions\/","url":"https:\/\/webalkans.eu\/sq\/news\/adrion-programme-opens-a-new-call-for-universities-research-centres-and-business-institutions\/","name":"Programi ADRION hap nj\u00eb thirrje t\u00eb re p\u00ebr universitetet, qendrat k\u00ebrkimore dhe institucionet e biznesit News | WeBalkans","isPartOf":{"@id":"https:\/\/webalkans.eu\/sq\/#website"},"primaryImageOfPage":{"@id":"https:\/\/webalkans.eu\/sq\/news\/adrion-programme-opens-a-new-call-for-universities-research-centres-and-business-institutions\/#primaryimage"},"image":{"@id":"https:\/\/webalkans.eu\/sq\/news\/adrion-programme-opens-a-new-call-for-universities-research-centres-and-business-institutions\/#primaryimage"},"thumbnailUrl":"https:\/\/webalkans.eu\/wp-content\/uploads\/2022\/07\/7.jpeg","datePublished":"2022-06-30T17:11:54+00:00","dateModified":"2022-07-18T09:54:31+00:00","description":"Programi ADRION hap nj\u00eb thirrje t\u00eb re p\u00ebr universitetet, qendrat k\u00ebrkimore dhe institucionet e biznesit","breadcrumb":{"@id":"https:\/\/webalkans.eu\/sq\/news\/adrion-programme-opens-a-new-call-for-universities-research-centres-and-business-institutions\/#breadcrumb"},"inLanguage":"sq-AL","potentialAction":[{"@type":"ReadAction","target":["https:\/\/webalkans.eu\/sq\/news\/adrion-programme-opens-a-new-call-for-universities-research-centres-and-business-institutions\/"]}]},{"@type":"ImageObject","inLanguage":"sq-AL","@id":"https:\/\/webalkans.eu\/sq\/news\/adrion-programme-opens-a-new-call-for-universities-research-centres-and-business-institutions\/#primaryimage","url":"https:\/\/webalkans.eu\/wp-content\/uploads\/2022\/07\/7.jpeg","contentUrl":"https:\/\/webalkans.eu\/wp-content\/uploads\/2022\/07\/7.jpeg","width":1200,"height":675},{"@type":"BreadcrumbList","@id":"https:\/\/webalkans.eu\/sq\/news\/adrion-programme-opens-a-new-call-for-universities-research-centres-and-business-institutions\/#breadcrumb","itemListElement":[{"@type":"ListItem","position":1,"name":"Home","item":"https:\/\/webalkans.eu\/sq\/homepage\/"},{"@type":"ListItem","position":2,"name":"Programi ADRION hap nj\u00eb thirrje t\u00eb re p\u00ebr universitetet, qendrat k\u00ebrkimore dhe institucionet e biznesit"}]},{"@type":"WebSite","@id":"https:\/\/webalkans.eu\/sq\/#website","url":"https:\/\/webalkans.eu\/sq\/","name":"WeBalkans | EU Projects in the Western Balkans","description":"","publisher":{"@id":"https:\/\/webalkans.eu\/sq\/#organization"},"potentialAction":[{"@type":"SearchAction","target":{"@type":"EntryPoint","urlTemplate":"https:\/\/webalkans.eu\/sq\/?s={search_term_string}"},"query-input":{"@type":"PropertyValueSpecification","valueRequired":true,"valueName":"search_term_string"}}],"inLanguage":"sq-AL"},{"@type":"Organization","@id":"https:\/\/webalkans.eu\/sq\/#organization","name":"European Union","url":"https:\/\/webalkans.eu\/sq\/","logo":{"@type":"ImageObject","inLanguage":"sq-AL","@id":"https:\/\/webalkans.eu\/sq\/#\/schema\/logo\/image\/","url":"https:\/\/webalkans.eu\/wp-content\/uploads\/2020\/11\/eu_flag.jpg","contentUrl":"https:\/\/webalkans.eu\/wp-content\/uploads\/2020\/11\/eu_flag.jpg","width":600,"height":401,"caption":"European Union"},"image":{"@id":"https:\/\/webalkans.eu\/sq\/#\/schema\/logo\/image\/"},"sameAs":["https:\/\/www.facebook.com\/webalkans.eu","https:\/\/x.com\/WeBalkans"]},{"@type":"Person","@id":"https:\/\/webalkans.eu\/sq\/#\/schema\/person\/95a8ea19ef21de3b7766e9b65ffdb4da","name":"007designstudio@gmail.com"}]}},"_links":{"self":[{"href":"https:\/\/webalkans.eu\/sq\/wp-json\/wp\/v2\/posts\/727384"}],"collection":[{"href":"https:\/\/webalkans.eu\/sq\/wp-json\/wp\/v2\/posts"}],"about":[{"href":"https:\/\/webalkans.eu\/sq\/wp-json\/wp\/v2\/types\/post"}],"author":[{"embeddable":true,"href":"https:\/\/webalkans.eu\/sq\/wp-json\/wp\/v2\/users\/152227"}],"replies":[{"embeddable":true,"href":"https:\/\/webalkans.eu\/sq\/wp-json\/wp\/v2\/comments?post=727384"}],"version-history":[{"count":0,"href":"https:\/\/webalkans.eu\/sq\/wp-json\/wp\/v2\/posts\/727384\/revisions"}],"wp:featuredmedia":[{"embeddable":true,"href":"https:\/\/webalkans.eu\/sq\/wp-json\/wp\/v2\/media\/685917"}],"wp:attachment":[{"href":"https:\/\/webalkans.eu\/sq\/wp-json\/wp\/v2\/media?parent=727384"}],"wp:term":[{"taxonomy":"country-for-news","embeddable":true,"href":"https:\/\/webalkans.eu\/sq\/wp-json\/wp\/v2\/country-for-news?post=727384"}],"curies":[{"name":"wp","href":"https:\/\/api.w.org\/{rel}","templated":true}]}}