
{"id":683325,"date":"2022-06-21T07:24:40","date_gmt":"2022-06-21T05:24:40","guid":{"rendered":"https:\/\/webalkans.eu\/news\/public-opinion-poll-shows-a-strong-support-for-the-eu-in-montenegro\/"},"modified":"2022-07-01T12:01:56","modified_gmt":"2022-07-01T10:01:56","slug":"public-opinion-poll-shows-a-strong-support-for-the-eu-in-montenegro","status":"publish","type":"post","link":"https:\/\/webalkans.eu\/sq\/news\/public-opinion-poll-shows-a-strong-support-for-the-eu-in-montenegro\/","title":{"rendered":"Sondazhi i opinionit publik tregon nj\u00eb mb\u00ebshtetje t\u00eb fort\u00eb p\u00ebr BE-n\u00eb n\u00eb Mal t\u00eb Zi"},"content":{"rendered":"<p style=\"font-weight: 400;\">Nj\u00eb num\u00ebr i madh njer\u00ebzish mb\u00ebshtesin an\u00ebtar\u00ebsimin e Malit t\u00eb Zi n\u00eb Bashkimin Evropian, t\u00eb cil\u00ebt kan\u00eb nj\u00eb q\u00ebndrim pozitiv ndaj komunitetit dhe do t\u00eb jepnin vot\u00ebn e tyre n\u00eb referendumin e mundsh\u00ebm q\u00eb Mali i Zi t\u00eb jet\u00eb vendi an\u00ebtar i radh\u00ebs. Mb\u00ebshtetja e tyre u konfirmua p\u00ebrs\u00ebri n\u00eb muajin maj n\u00ebp\u00ebrmjet nj\u00eb sondazhi t\u00eb opinionit publik t\u00eb organizuar nga DeFacto Cosultancy for the European Union dhe qeveria e Malit t\u00eb Zi. N\u00eb k\u00ebt\u00eb sondazh mor\u00ebn pjes\u00eb 1,008 persona n\u00eb t\u00eb gjith\u00eb vendin, t\u00eb cil\u00ebt u pyet\u00ebn p\u00ebr opinionin e tyre rreth procesit t\u00eb integrimit dhe pranimit n\u00eb BE.<\/p>\n<p>&nbsp;<\/p>\n<p style=\"font-weight: 400;\">Mb\u00ebshtetja e fort\u00eb p\u00ebr iden\u00eb evropiane, e p\u00ebrkthyer n\u00eb shifra tregon se 76% e qytetar\u00ebve kan\u00eb nj\u00eb q\u00ebndrim pozitiv ndaj Bashkimit Evropian dhe pothuajse po i nj\u00ebjti num\u00ebr (74.6%) mb\u00ebshtet procesin e an\u00ebtar\u00ebsimit n\u00eb BE. N\u00ebse do t\u00eb mbahej nj\u00eb referendum dit\u00ebn e nes\u00ebrme, pothuajse 90% e votave duke u mb\u00ebshtetur n\u00eb sondazhin e b\u00ebr\u00eb, 4\/5 e votave ose 83.5% do t\u00eb votonin q\u00eb Mali i Zi t\u00eb b\u00ebhej pjes\u00eb e Bashkimit Evropian.<\/p>\n<p>&nbsp;<\/p>\n<p style=\"font-weight: 400;\">BE-ja njihet si donatori m\u00eb i madh n\u00eb Malin e Zi nga 43% e qytetar\u00ebve, dhe 39% mendojn\u00eb se BE-ja ka treguar solidaritetin m\u00eb t\u00eb madh n\u00eb luft\u00ebn kund\u00ebr COVID-19.<\/p>\n","protected":false},"excerpt":{"rendered":"<p>Nj\u00eb num\u00ebr i madh njer\u00ebzish mb\u00ebshtesin an\u00ebtar\u00ebsimin e Malit t\u00eb Zi n\u00eb Bashkimin Evropian, t\u00eb cil\u00ebt kan\u00eb nj\u00eb q\u00ebndrim pozitiv ndaj komunitetit dhe do t\u00eb <\/p>\n","protected":false},"author":152227,"featured_media":664657,"comment_status":"closed","ping_status":"closed","sticky":false,"template":"","format":"standard","meta":{"_acf_changed":false,"_monsterinsights_skip_tracking":false,"_monsterinsights_sitenote_active":false,"_monsterinsights_sitenote_note":"","_monsterinsights_sitenote_category":0,"footnotes":""},"country-for-news":[431],"class_list":["post-683325","post","type-post","status-publish","format-standard","has-post-thumbnail","hentry","wb_theme-environment","wb_theme-equality-and-fair-society","wb_theme-innovation-and-skills","wb_theme-regional-cooperation","wb_theme-connectivity","wb_theme-culture-and-youth","wb_theme-democracy-and-fundamental-rights","wb_theme-economy","country-for-news-montenegro"],"acf":[],"yoast_head":"<!-- This site is optimized with the Yoast SEO plugin v25.3.1 - https:\/\/yoast.com\/wordpress\/plugins\/seo\/ -->\n<title>Sondazhi i opinionit publik tregon nj\u00eb mb\u00ebshtetje t\u00eb fort\u00eb p\u00ebr BE-n\u00eb n\u00eb Mal t\u00eb Zi News | WeBalkans<\/title>\n<meta name=\"description\" content=\"Sondazhi i opinionit publik tregon nj\u00eb mb\u00ebshtetje t\u00eb fort\u00eb p\u00ebr BE-n\u00eb n\u00eb Mal t\u00eb Zi\" \/>\n<meta name=\"robots\" content=\"index, follow, max-snippet:-1, max-image-preview:large, max-video-preview:-1\" \/>\n<link rel=\"canonical\" href=\"https:\/\/webalkans.eu\/sq\/news\/public-opinion-poll-shows-a-strong-support-for-the-eu-in-montenegro\/\" \/>\n<meta property=\"og:locale\" content=\"sq_AL\" \/>\n<meta property=\"og:type\" content=\"article\" \/>\n<meta property=\"og:title\" content=\"Sondazhi i opinionit publik tregon nj\u00eb mb\u00ebshtetje t\u00eb fort\u00eb p\u00ebr BE-n\u00eb n\u00eb Mal t\u00eb Zi News | WeBalkans\" \/>\n<meta property=\"og:description\" content=\"Sondazhi i opinionit publik tregon nj\u00eb mb\u00ebshtetje t\u00eb fort\u00eb p\u00ebr BE-n\u00eb n\u00eb Mal t\u00eb Zi\" \/>\n<meta property=\"og:url\" content=\"https:\/\/webalkans.eu\/sq\/news\/public-opinion-poll-shows-a-strong-support-for-the-eu-in-montenegro\/\" \/>\n<meta property=\"og:site_name\" content=\"WeBalkans | EU Projects in the Western Balkans\" \/>\n<meta property=\"article:publisher\" content=\"https:\/\/www.facebook.com\/webalkans.eu\" \/>\n<meta property=\"article:published_time\" content=\"2022-06-21T05:24:40+00:00\" \/>\n<meta property=\"article:modified_time\" content=\"2022-07-01T10:01:56+00:00\" \/>\n<meta property=\"og:image\" content=\"https:\/\/webalkans.eu\/wp-content\/uploads\/2022\/06\/2-3.jpeg\" \/>\n\t<meta property=\"og:image:width\" content=\"960\" \/>\n\t<meta property=\"og:image:height\" content=\"641\" \/>\n\t<meta property=\"og:image:type\" content=\"image\/jpeg\" \/>\n<meta name=\"author\" content=\"007designstudio@gmail.com\" \/>\n<meta name=\"twitter:card\" content=\"summary_large_image\" \/>\n<meta name=\"twitter:creator\" content=\"@WeBalkans\" \/>\n<meta name=\"twitter:site\" content=\"@WeBalkans\" \/>\n<meta name=\"twitter:label1\" content=\"Written by\" \/>\n\t<meta name=\"twitter:data1\" content=\"007designstudio@gmail.com\" \/>\n\t<meta name=\"twitter:label2\" content=\"Est. reading time\" \/>\n\t<meta name=\"twitter:data2\" content=\"1 minute\" \/>\n<script type=\"application\/ld+json\" class=\"yoast-schema-graph\">{\"@context\":\"https:\/\/schema.org\",\"@graph\":[{\"@type\":\"Article\",\"@id\":\"https:\/\/webalkans.eu\/sq\/news\/public-opinion-poll-shows-a-strong-support-for-the-eu-in-montenegro\/#article\",\"isPartOf\":{\"@id\":\"https:\/\/webalkans.eu\/sq\/news\/public-opinion-poll-shows-a-strong-support-for-the-eu-in-montenegro\/\"},\"author\":{\"name\":\"007designstudio@gmail.com\",\"@id\":\"https:\/\/webalkans.eu\/sq\/#\/schema\/person\/95a8ea19ef21de3b7766e9b65ffdb4da\"},\"headline\":\"Sondazhi i opinionit publik tregon nj\u00eb mb\u00ebshtetje t\u00eb fort\u00eb p\u00ebr BE-n\u00eb n\u00eb Mal t\u00eb Zi\",\"datePublished\":\"2022-06-21T05:24:40+00:00\",\"dateModified\":\"2022-07-01T10:01:56+00:00\",\"mainEntityOfPage\":{\"@id\":\"https:\/\/webalkans.eu\/sq\/news\/public-opinion-poll-shows-a-strong-support-for-the-eu-in-montenegro\/\"},\"wordCount\":254,\"publisher\":{\"@id\":\"https:\/\/webalkans.eu\/sq\/#organization\"},\"image\":{\"@id\":\"https:\/\/webalkans.eu\/sq\/news\/public-opinion-poll-shows-a-strong-support-for-the-eu-in-montenegro\/#primaryimage\"},\"thumbnailUrl\":\"https:\/\/webalkans.eu\/wp-content\/uploads\/2022\/06\/2-3.jpeg\",\"inLanguage\":\"sq-AL\"},{\"@type\":\"WebPage\",\"@id\":\"https:\/\/webalkans.eu\/sq\/news\/public-opinion-poll-shows-a-strong-support-for-the-eu-in-montenegro\/\",\"url\":\"https:\/\/webalkans.eu\/sq\/news\/public-opinion-poll-shows-a-strong-support-for-the-eu-in-montenegro\/\",\"name\":\"Sondazhi i opinionit publik tregon nj\u00eb mb\u00ebshtetje t\u00eb fort\u00eb p\u00ebr BE-n\u00eb n\u00eb Mal t\u00eb Zi News | WeBalkans\",\"isPartOf\":{\"@id\":\"https:\/\/webalkans.eu\/sq\/#website\"},\"primaryImageOfPage\":{\"@id\":\"https:\/\/webalkans.eu\/sq\/news\/public-opinion-poll-shows-a-strong-support-for-the-eu-in-montenegro\/#primaryimage\"},\"image\":{\"@id\":\"https:\/\/webalkans.eu\/sq\/news\/public-opinion-poll-shows-a-strong-support-for-the-eu-in-montenegro\/#primaryimage\"},\"thumbnailUrl\":\"https:\/\/webalkans.eu\/wp-content\/uploads\/2022\/06\/2-3.jpeg\",\"datePublished\":\"2022-06-21T05:24:40+00:00\",\"dateModified\":\"2022-07-01T10:01:56+00:00\",\"description\":\"Sondazhi i opinionit publik tregon nj\u00eb mb\u00ebshtetje t\u00eb fort\u00eb p\u00ebr BE-n\u00eb n\u00eb Mal t\u00eb Zi\",\"breadcrumb\":{\"@id\":\"https:\/\/webalkans.eu\/sq\/news\/public-opinion-poll-shows-a-strong-support-for-the-eu-in-montenegro\/#breadcrumb\"},\"inLanguage\":\"sq-AL\",\"potentialAction\":[{\"@type\":\"ReadAction\",\"target\":[\"https:\/\/webalkans.eu\/sq\/news\/public-opinion-poll-shows-a-strong-support-for-the-eu-in-montenegro\/\"]}]},{\"@type\":\"ImageObject\",\"inLanguage\":\"sq-AL\",\"@id\":\"https:\/\/webalkans.eu\/sq\/news\/public-opinion-poll-shows-a-strong-support-for-the-eu-in-montenegro\/#primaryimage\",\"url\":\"https:\/\/webalkans.eu\/wp-content\/uploads\/2022\/06\/2-3.jpeg\",\"contentUrl\":\"https:\/\/webalkans.eu\/wp-content\/uploads\/2022\/06\/2-3.jpeg\",\"width\":960,\"height\":641},{\"@type\":\"BreadcrumbList\",\"@id\":\"https:\/\/webalkans.eu\/sq\/news\/public-opinion-poll-shows-a-strong-support-for-the-eu-in-montenegro\/#breadcrumb\",\"itemListElement\":[{\"@type\":\"ListItem\",\"position\":1,\"name\":\"Home\",\"item\":\"https:\/\/webalkans.eu\/sq\/homepage\/\"},{\"@type\":\"ListItem\",\"position\":2,\"name\":\"Sondazhi i opinionit publik tregon nj\u00eb mb\u00ebshtetje t\u00eb fort\u00eb p\u00ebr BE-n\u00eb n\u00eb Mal t\u00eb Zi\"}]},{\"@type\":\"WebSite\",\"@id\":\"https:\/\/webalkans.eu\/sq\/#website\",\"url\":\"https:\/\/webalkans.eu\/sq\/\",\"name\":\"WeBalkans | EU Projects in the Western Balkans\",\"description\":\"\",\"publisher\":{\"@id\":\"https:\/\/webalkans.eu\/sq\/#organization\"},\"potentialAction\":[{\"@type\":\"SearchAction\",\"target\":{\"@type\":\"EntryPoint\",\"urlTemplate\":\"https:\/\/webalkans.eu\/sq\/?s={search_term_string}\"},\"query-input\":{\"@type\":\"PropertyValueSpecification\",\"valueRequired\":true,\"valueName\":\"search_term_string\"}}],\"inLanguage\":\"sq-AL\"},{\"@type\":\"Organization\",\"@id\":\"https:\/\/webalkans.eu\/sq\/#organization\",\"name\":\"European Union\",\"url\":\"https:\/\/webalkans.eu\/sq\/\",\"logo\":{\"@type\":\"ImageObject\",\"inLanguage\":\"sq-AL\",\"@id\":\"https:\/\/webalkans.eu\/sq\/#\/schema\/logo\/image\/\",\"url\":\"https:\/\/webalkans.eu\/wp-content\/uploads\/2020\/11\/eu_flag.jpg\",\"contentUrl\":\"https:\/\/webalkans.eu\/wp-content\/uploads\/2020\/11\/eu_flag.jpg\",\"width\":600,\"height\":401,\"caption\":\"European Union\"},\"image\":{\"@id\":\"https:\/\/webalkans.eu\/sq\/#\/schema\/logo\/image\/\"},\"sameAs\":[\"https:\/\/www.facebook.com\/webalkans.eu\",\"https:\/\/x.com\/WeBalkans\"]},{\"@type\":\"Person\",\"@id\":\"https:\/\/webalkans.eu\/sq\/#\/schema\/person\/95a8ea19ef21de3b7766e9b65ffdb4da\",\"name\":\"007designstudio@gmail.com\"}]}<\/script>\n<!-- \/ Yoast SEO plugin. -->","yoast_head_json":{"title":"Sondazhi i opinionit publik tregon nj\u00eb mb\u00ebshtetje t\u00eb fort\u00eb p\u00ebr BE-n\u00eb n\u00eb Mal t\u00eb Zi News | WeBalkans","description":"Sondazhi i opinionit publik tregon nj\u00eb mb\u00ebshtetje t\u00eb fort\u00eb p\u00ebr BE-n\u00eb n\u00eb Mal t\u00eb Zi","robots":{"index":"index","follow":"follow","max-snippet":"max-snippet:-1","max-image-preview":"max-image-preview:large","max-video-preview":"max-video-preview:-1"},"canonical":"https:\/\/webalkans.eu\/sq\/news\/public-opinion-poll-shows-a-strong-support-for-the-eu-in-montenegro\/","og_locale":"sq_AL","og_type":"article","og_title":"Sondazhi i opinionit publik tregon nj\u00eb mb\u00ebshtetje t\u00eb fort\u00eb p\u00ebr BE-n\u00eb n\u00eb Mal t\u00eb Zi News | WeBalkans","og_description":"Sondazhi i opinionit publik tregon nj\u00eb mb\u00ebshtetje t\u00eb fort\u00eb p\u00ebr BE-n\u00eb n\u00eb Mal t\u00eb Zi","og_url":"https:\/\/webalkans.eu\/sq\/news\/public-opinion-poll-shows-a-strong-support-for-the-eu-in-montenegro\/","og_site_name":"WeBalkans | EU Projects in the Western Balkans","article_publisher":"https:\/\/www.facebook.com\/webalkans.eu","article_published_time":"2022-06-21T05:24:40+00:00","article_modified_time":"2022-07-01T10:01:56+00:00","og_image":[{"width":960,"height":641,"url":"https:\/\/webalkans.eu\/wp-content\/uploads\/2022\/06\/2-3.jpeg","type":"image\/jpeg"}],"author":"007designstudio@gmail.com","twitter_card":"summary_large_image","twitter_creator":"@WeBalkans","twitter_site":"@WeBalkans","twitter_misc":{"Written by":"007designstudio@gmail.com","Est. reading time":"1 minute"},"schema":{"@context":"https:\/\/schema.org","@graph":[{"@type":"Article","@id":"https:\/\/webalkans.eu\/sq\/news\/public-opinion-poll-shows-a-strong-support-for-the-eu-in-montenegro\/#article","isPartOf":{"@id":"https:\/\/webalkans.eu\/sq\/news\/public-opinion-poll-shows-a-strong-support-for-the-eu-in-montenegro\/"},"author":{"name":"007designstudio@gmail.com","@id":"https:\/\/webalkans.eu\/sq\/#\/schema\/person\/95a8ea19ef21de3b7766e9b65ffdb4da"},"headline":"Sondazhi i opinionit publik tregon nj\u00eb mb\u00ebshtetje t\u00eb fort\u00eb p\u00ebr BE-n\u00eb n\u00eb Mal t\u00eb Zi","datePublished":"2022-06-21T05:24:40+00:00","dateModified":"2022-07-01T10:01:56+00:00","mainEntityOfPage":{"@id":"https:\/\/webalkans.eu\/sq\/news\/public-opinion-poll-shows-a-strong-support-for-the-eu-in-montenegro\/"},"wordCount":254,"publisher":{"@id":"https:\/\/webalkans.eu\/sq\/#organization"},"image":{"@id":"https:\/\/webalkans.eu\/sq\/news\/public-opinion-poll-shows-a-strong-support-for-the-eu-in-montenegro\/#primaryimage"},"thumbnailUrl":"https:\/\/webalkans.eu\/wp-content\/uploads\/2022\/06\/2-3.jpeg","inLanguage":"sq-AL"},{"@type":"WebPage","@id":"https:\/\/webalkans.eu\/sq\/news\/public-opinion-poll-shows-a-strong-support-for-the-eu-in-montenegro\/","url":"https:\/\/webalkans.eu\/sq\/news\/public-opinion-poll-shows-a-strong-support-for-the-eu-in-montenegro\/","name":"Sondazhi i opinionit publik tregon nj\u00eb mb\u00ebshtetje t\u00eb fort\u00eb p\u00ebr BE-n\u00eb n\u00eb Mal t\u00eb Zi News | WeBalkans","isPartOf":{"@id":"https:\/\/webalkans.eu\/sq\/#website"},"primaryImageOfPage":{"@id":"https:\/\/webalkans.eu\/sq\/news\/public-opinion-poll-shows-a-strong-support-for-the-eu-in-montenegro\/#primaryimage"},"image":{"@id":"https:\/\/webalkans.eu\/sq\/news\/public-opinion-poll-shows-a-strong-support-for-the-eu-in-montenegro\/#primaryimage"},"thumbnailUrl":"https:\/\/webalkans.eu\/wp-content\/uploads\/2022\/06\/2-3.jpeg","datePublished":"2022-06-21T05:24:40+00:00","dateModified":"2022-07-01T10:01:56+00:00","description":"Sondazhi i opinionit publik tregon nj\u00eb mb\u00ebshtetje t\u00eb fort\u00eb p\u00ebr BE-n\u00eb n\u00eb Mal t\u00eb Zi","breadcrumb":{"@id":"https:\/\/webalkans.eu\/sq\/news\/public-opinion-poll-shows-a-strong-support-for-the-eu-in-montenegro\/#breadcrumb"},"inLanguage":"sq-AL","potentialAction":[{"@type":"ReadAction","target":["https:\/\/webalkans.eu\/sq\/news\/public-opinion-poll-shows-a-strong-support-for-the-eu-in-montenegro\/"]}]},{"@type":"ImageObject","inLanguage":"sq-AL","@id":"https:\/\/webalkans.eu\/sq\/news\/public-opinion-poll-shows-a-strong-support-for-the-eu-in-montenegro\/#primaryimage","url":"https:\/\/webalkans.eu\/wp-content\/uploads\/2022\/06\/2-3.jpeg","contentUrl":"https:\/\/webalkans.eu\/wp-content\/uploads\/2022\/06\/2-3.jpeg","width":960,"height":641},{"@type":"BreadcrumbList","@id":"https:\/\/webalkans.eu\/sq\/news\/public-opinion-poll-shows-a-strong-support-for-the-eu-in-montenegro\/#breadcrumb","itemListElement":[{"@type":"ListItem","position":1,"name":"Home","item":"https:\/\/webalkans.eu\/sq\/homepage\/"},{"@type":"ListItem","position":2,"name":"Sondazhi i opinionit publik tregon nj\u00eb mb\u00ebshtetje t\u00eb fort\u00eb p\u00ebr BE-n\u00eb n\u00eb Mal t\u00eb Zi"}]},{"@type":"WebSite","@id":"https:\/\/webalkans.eu\/sq\/#website","url":"https:\/\/webalkans.eu\/sq\/","name":"WeBalkans | EU Projects in the Western Balkans","description":"","publisher":{"@id":"https:\/\/webalkans.eu\/sq\/#organization"},"potentialAction":[{"@type":"SearchAction","target":{"@type":"EntryPoint","urlTemplate":"https:\/\/webalkans.eu\/sq\/?s={search_term_string}"},"query-input":{"@type":"PropertyValueSpecification","valueRequired":true,"valueName":"search_term_string"}}],"inLanguage":"sq-AL"},{"@type":"Organization","@id":"https:\/\/webalkans.eu\/sq\/#organization","name":"European Union","url":"https:\/\/webalkans.eu\/sq\/","logo":{"@type":"ImageObject","inLanguage":"sq-AL","@id":"https:\/\/webalkans.eu\/sq\/#\/schema\/logo\/image\/","url":"https:\/\/webalkans.eu\/wp-content\/uploads\/2020\/11\/eu_flag.jpg","contentUrl":"https:\/\/webalkans.eu\/wp-content\/uploads\/2020\/11\/eu_flag.jpg","width":600,"height":401,"caption":"European Union"},"image":{"@id":"https:\/\/webalkans.eu\/sq\/#\/schema\/logo\/image\/"},"sameAs":["https:\/\/www.facebook.com\/webalkans.eu","https:\/\/x.com\/WeBalkans"]},{"@type":"Person","@id":"https:\/\/webalkans.eu\/sq\/#\/schema\/person\/95a8ea19ef21de3b7766e9b65ffdb4da","name":"007designstudio@gmail.com"}]}},"_links":{"self":[{"href":"https:\/\/webalkans.eu\/sq\/wp-json\/wp\/v2\/posts\/683325"}],"collection":[{"href":"https:\/\/webalkans.eu\/sq\/wp-json\/wp\/v2\/posts"}],"about":[{"href":"https:\/\/webalkans.eu\/sq\/wp-json\/wp\/v2\/types\/post"}],"author":[{"embeddable":true,"href":"https:\/\/webalkans.eu\/sq\/wp-json\/wp\/v2\/users\/152227"}],"replies":[{"embeddable":true,"href":"https:\/\/webalkans.eu\/sq\/wp-json\/wp\/v2\/comments?post=683325"}],"version-history":[{"count":0,"href":"https:\/\/webalkans.eu\/sq\/wp-json\/wp\/v2\/posts\/683325\/revisions"}],"wp:featuredmedia":[{"embeddable":true,"href":"https:\/\/webalkans.eu\/sq\/wp-json\/wp\/v2\/media\/664657"}],"wp:attachment":[{"href":"https:\/\/webalkans.eu\/sq\/wp-json\/wp\/v2\/media?parent=683325"}],"wp:term":[{"taxonomy":"country-for-news","embeddable":true,"href":"https:\/\/webalkans.eu\/sq\/wp-json\/wp\/v2\/country-for-news?post=683325"}],"curies":[{"name":"wp","href":"https:\/\/api.w.org\/{rel}","templated":true}]}}