
{"id":663043,"date":"2022-06-13T11:43:55","date_gmt":"2022-06-13T09:43:55","guid":{"rendered":"https:\/\/webalkans.eu\/news\/eu-western-balkans-and-turkey-civil-society-forum-concludes-in-skopje\/"},"modified":"2022-06-20T11:22:32","modified_gmt":"2022-06-20T09:22:32","slug":"eu-western-balkans-and-turkey-civil-society-forum-concludes-in-skopje","status":"publish","type":"post","link":"https:\/\/webalkans.eu\/sq\/news\/eu-western-balkans-and-turkey-civil-society-forum-concludes-in-skopje\/","title":{"rendered":"Forumi i EU Western Balkans dhe Turkey Civil Society p\u00ebrfundon n\u00eb Shkup"},"content":{"rendered":"<p style=\"font-weight: 400;\">N\u00eb em\u00ebr t\u00eb Directorate-General for Neighbourhood and Enlargement Negotiations (DG NEAR), projektit t\u00eb tret\u00eb t\u00eb BE-s\u00eb Technical Assistance for Civil Society Organisations (TACSO), u organizua n\u00eb Shkup n\u00eb datat 8-9 qershor forumi EU Western Balkans and Turkey Civil Society. Kjo \u00ebsht\u00eb hera e par\u00eb q\u00eb organizohet ky forum q\u00eb nga fillimi i pandemis\u00eb Covid-19.<\/p>\n<p>&nbsp;<\/p>\n<p style=\"font-weight: 400;\">Nj\u00eb num\u00ebr prej 120 pjes\u00ebmarr\u00ebsish ishin fizikisht n\u00eb forum dhe 100 n\u00eb m\u00ebnyr\u00eb virtuale. Zyrtar\u00eb t\u00eb lart\u00eb nga European Commission, delegacioni i BE-s\u00eb, p\u00ebrfaq\u00ebsues nga qeveria dhe organizata t\u00eb shoq\u00ebris\u00eb civile ishin t\u00eb p\u00ebrfshir\u00eb. P\u00ebr shkak t\u00eb disa zhvillimeve dramatike gjat\u00eb koh\u00ebve t\u00eb fundit n\u00eb Evrop\u00eb, konkretisht pandemia e Covid-19 dhe lufta agresive e Rusis\u00eb kund\u00ebr Ukrain\u00ebs, forumi ofroi nj\u00eb mund\u00ebsi p\u00ebr t\u00eb kuptuar m\u00eb mir\u00eb sfidat dhe mund\u00ebsit\u00eb n\u00eb rajon, rolin e shoq\u00ebris\u00eb civile p\u00ebr t\u00eb ardhur n\u00eb ndihm\u00eb.<\/p>\n<p>&nbsp;<\/p>\n<p style=\"font-weight: 400;\">Michela Matuella, Acting Director of the Western Balkans Directorate at DG NEAR, tha: \u201cBallkani Per\u00ebndimor mbetet prioritet p\u00ebr BE-n\u00eb, dhe Bashkimi Evropian \u00ebsht\u00eb t\u00ebr\u00ebsisht i p\u00ebrkushtuar n\u00eb p\u00ebrshpejtimin e an\u00ebtar\u00ebsimit n\u00eb BE. N\u00eb k\u00ebt\u00eb kuad\u00ebr, organizatat e shoq\u00ebris\u00eb civile jan\u00eb partner\u00eb shum\u00eb t\u00eb r\u00ebnd\u00ebsish\u00ebm. T\u00eb gjitha pal\u00ebt e interesuara duhet t\u00eb punojn\u00eb dhe t\u00eb ndajn\u00eb nj\u00eb vizion sesi roli i organizatave civile mund t\u00eb p\u00ebrmir\u00ebsohet. Pik\u00ebrisht n\u00eb k\u00ebt\u00eb moment na vjen n\u00eb ndihm\u00eb \u2018Guidelines for EU Support to Civil Society in the Enlargement Region 2021-2027\u2019. Gjithashtu v\u00ebmendje t\u00eb ve\u00e7ant\u00eb duhet t\u2019ju kushtohet dhe angazhimit t\u00eb t\u00eb rinjve, t&#8217;i lejojm\u00eb ata t\u00eb japin ndihm\u00ebn e tyre p\u00ebr t\u00eb b\u00ebr\u00eb rajonin nj\u00eb vend m\u00eb t\u00ebrheq\u00ebs p\u00ebr t\u00eb jetuar, p\u00ebr t\u00eb punuar dhe p\u00ebr t\u00eb kuptuar ambiciet e tyre.<\/p>\n<p>&nbsp;<\/p>\n<p style=\"font-weight: 400;\">Objektivi kryesor i forumit ishte t\u00eb lan\u00e7onte t\u00eb rishikuara\u201cGuidelines for EU Support to Civil Society in the Enlargement Region 2021-2027\u201d. Udh\u00ebzimet paraqesin objektivat e BE-s\u00eb p\u00ebr ndihmes\u00ebn e shoq\u00ebris\u00eb civile, ofrimi i nj\u00eb instrumenti p\u00ebr qeverin\u00eb p\u00ebr t\u00eb p\u00ebrmir\u00ebsuar bashk\u00ebpunimin me shoq\u00ebrin\u00eb civile dhe p\u00ebr t\u00eb ndihmuar n\u00eb matjen e progresit ndaj p\u00ebrmbushjes s\u00eb kushteve p\u00ebr an\u00ebtar\u00ebsimin n\u00eb BE.<\/p>\n<p>&nbsp;<\/p>\n<p style=\"font-weight: 400;\">Gjat\u00eb viteve 2014-2020, BE-ja ofroi 330 milion euro p\u00ebr t\u00eb mb\u00ebshtetur shoq\u00ebrin\u00eb civile gjat\u00eb Civil Society Facility and Media Programme, nd\u00ebrkoh\u00eb q\u00eb shuma monetare e planifikuar p\u00ebr periudh\u00ebn kohore 2021-2023 \u00ebsht\u00eb 218 milion euro. Udh\u00ebzimet do t\u00eb ndihmojn\u00eb Bashkimin Evropian t\u00eb vler\u00ebsoj\u00eb ndikimin e k\u00ebsaj mb\u00ebshtetjeje.<\/p>\n<p style=\"font-weight: 400;\">\n","protected":false},"excerpt":{"rendered":"<p>N\u00eb em\u00ebr t\u00eb Directorate-General for Neighbourhood and Enlargement Negotiations (DG NEAR), projektit t\u00eb tret\u00eb t\u00eb BE-s\u00eb Technical Assistance for Civil Society Organisations (TACSO), u organizua <\/p>\n","protected":false},"author":152227,"featured_media":640227,"comment_status":"closed","ping_status":"closed","sticky":false,"template":"","format":"standard","meta":{"_acf_changed":false,"_monsterinsights_skip_tracking":false,"_monsterinsights_sitenote_active":false,"_monsterinsights_sitenote_note":"","_monsterinsights_sitenote_category":0,"footnotes":""},"country-for-news":[415,421,428,431,437,441],"class_list":["post-663043","post","type-post","status-publish","format-standard","has-post-thumbnail","hentry","wb_theme-democracy-and-fundamental-rights","country-for-news-albania","country-for-news-bosnia-and-herzegovina","country-for-news-kosovo","country-for-news-montenegro","country-for-news-north-macedonia","country-for-news-serbia"],"acf":[],"yoast_head":"<!-- This site is optimized with the Yoast SEO plugin v25.3.1 - https:\/\/yoast.com\/wordpress\/plugins\/seo\/ -->\n<title>Forumi i EU Western Balkans dhe Turkey Civil Society p\u00ebrfundon n\u00eb Shkup News | WeBalkans<\/title>\n<meta name=\"description\" content=\"Forumi i EU Western Balkans dhe Turkey Civil Society p\u00ebrfundon n\u00eb Shkup\" \/>\n<meta name=\"robots\" content=\"index, follow, max-snippet:-1, max-image-preview:large, max-video-preview:-1\" \/>\n<link rel=\"canonical\" href=\"https:\/\/webalkans.eu\/sq\/news\/eu-western-balkans-and-turkey-civil-society-forum-concludes-in-skopje\/\" \/>\n<meta property=\"og:locale\" content=\"sq_AL\" \/>\n<meta property=\"og:type\" content=\"article\" \/>\n<meta property=\"og:title\" content=\"Forumi i EU Western Balkans dhe Turkey Civil Society p\u00ebrfundon n\u00eb Shkup News | WeBalkans\" \/>\n<meta property=\"og:description\" content=\"Forumi i EU Western Balkans dhe Turkey Civil Society p\u00ebrfundon n\u00eb Shkup\" \/>\n<meta property=\"og:url\" content=\"https:\/\/webalkans.eu\/sq\/news\/eu-western-balkans-and-turkey-civil-society-forum-concludes-in-skopje\/\" \/>\n<meta property=\"og:site_name\" content=\"WeBalkans | EU Projects in the Western Balkans\" \/>\n<meta property=\"article:publisher\" content=\"https:\/\/www.facebook.com\/webalkans.eu\" \/>\n<meta property=\"article:published_time\" content=\"2022-06-13T09:43:55+00:00\" \/>\n<meta property=\"article:modified_time\" content=\"2022-06-20T09:22:32+00:00\" \/>\n<meta property=\"og:image\" content=\"https:\/\/webalkans.eu\/wp-content\/uploads\/2022\/06\/1-scaled.jpg\" \/>\n\t<meta property=\"og:image:width\" content=\"2560\" \/>\n\t<meta property=\"og:image:height\" content=\"1707\" \/>\n\t<meta property=\"og:image:type\" content=\"image\/jpeg\" \/>\n<meta name=\"author\" content=\"007designstudio@gmail.com\" \/>\n<meta name=\"twitter:card\" content=\"summary_large_image\" \/>\n<meta name=\"twitter:creator\" content=\"@WeBalkans\" \/>\n<meta name=\"twitter:site\" content=\"@WeBalkans\" \/>\n<meta name=\"twitter:label1\" content=\"Written by\" \/>\n\t<meta name=\"twitter:data1\" content=\"007designstudio@gmail.com\" \/>\n\t<meta name=\"twitter:label2\" content=\"Est. reading time\" \/>\n\t<meta name=\"twitter:data2\" content=\"2 minutes\" \/>\n<script type=\"application\/ld+json\" class=\"yoast-schema-graph\">{\"@context\":\"https:\/\/schema.org\",\"@graph\":[{\"@type\":\"Article\",\"@id\":\"https:\/\/webalkans.eu\/sq\/news\/eu-western-balkans-and-turkey-civil-society-forum-concludes-in-skopje\/#article\",\"isPartOf\":{\"@id\":\"https:\/\/webalkans.eu\/sq\/news\/eu-western-balkans-and-turkey-civil-society-forum-concludes-in-skopje\/\"},\"author\":{\"name\":\"007designstudio@gmail.com\",\"@id\":\"https:\/\/webalkans.eu\/sq\/#\/schema\/person\/95a8ea19ef21de3b7766e9b65ffdb4da\"},\"headline\":\"Forumi i EU Western Balkans dhe Turkey Civil Society p\u00ebrfundon n\u00eb Shkup\",\"datePublished\":\"2022-06-13T09:43:55+00:00\",\"dateModified\":\"2022-06-20T09:22:32+00:00\",\"mainEntityOfPage\":{\"@id\":\"https:\/\/webalkans.eu\/sq\/news\/eu-western-balkans-and-turkey-civil-society-forum-concludes-in-skopje\/\"},\"wordCount\":454,\"publisher\":{\"@id\":\"https:\/\/webalkans.eu\/sq\/#organization\"},\"image\":{\"@id\":\"https:\/\/webalkans.eu\/sq\/news\/eu-western-balkans-and-turkey-civil-society-forum-concludes-in-skopje\/#primaryimage\"},\"thumbnailUrl\":\"https:\/\/webalkans.eu\/wp-content\/uploads\/2022\/06\/1-scaled.jpg\",\"inLanguage\":\"sq-AL\"},{\"@type\":\"WebPage\",\"@id\":\"https:\/\/webalkans.eu\/sq\/news\/eu-western-balkans-and-turkey-civil-society-forum-concludes-in-skopje\/\",\"url\":\"https:\/\/webalkans.eu\/sq\/news\/eu-western-balkans-and-turkey-civil-society-forum-concludes-in-skopje\/\",\"name\":\"Forumi i EU Western Balkans dhe Turkey Civil Society p\u00ebrfundon n\u00eb Shkup News | WeBalkans\",\"isPartOf\":{\"@id\":\"https:\/\/webalkans.eu\/sq\/#website\"},\"primaryImageOfPage\":{\"@id\":\"https:\/\/webalkans.eu\/sq\/news\/eu-western-balkans-and-turkey-civil-society-forum-concludes-in-skopje\/#primaryimage\"},\"image\":{\"@id\":\"https:\/\/webalkans.eu\/sq\/news\/eu-western-balkans-and-turkey-civil-society-forum-concludes-in-skopje\/#primaryimage\"},\"thumbnailUrl\":\"https:\/\/webalkans.eu\/wp-content\/uploads\/2022\/06\/1-scaled.jpg\",\"datePublished\":\"2022-06-13T09:43:55+00:00\",\"dateModified\":\"2022-06-20T09:22:32+00:00\",\"description\":\"Forumi i EU Western Balkans dhe Turkey Civil Society p\u00ebrfundon n\u00eb Shkup\",\"breadcrumb\":{\"@id\":\"https:\/\/webalkans.eu\/sq\/news\/eu-western-balkans-and-turkey-civil-society-forum-concludes-in-skopje\/#breadcrumb\"},\"inLanguage\":\"sq-AL\",\"potentialAction\":[{\"@type\":\"ReadAction\",\"target\":[\"https:\/\/webalkans.eu\/sq\/news\/eu-western-balkans-and-turkey-civil-society-forum-concludes-in-skopje\/\"]}]},{\"@type\":\"ImageObject\",\"inLanguage\":\"sq-AL\",\"@id\":\"https:\/\/webalkans.eu\/sq\/news\/eu-western-balkans-and-turkey-civil-society-forum-concludes-in-skopje\/#primaryimage\",\"url\":\"https:\/\/webalkans.eu\/wp-content\/uploads\/2022\/06\/1-scaled.jpg\",\"contentUrl\":\"https:\/\/webalkans.eu\/wp-content\/uploads\/2022\/06\/1-scaled.jpg\",\"width\":2560,\"height\":1707},{\"@type\":\"BreadcrumbList\",\"@id\":\"https:\/\/webalkans.eu\/sq\/news\/eu-western-balkans-and-turkey-civil-society-forum-concludes-in-skopje\/#breadcrumb\",\"itemListElement\":[{\"@type\":\"ListItem\",\"position\":1,\"name\":\"Home\",\"item\":\"https:\/\/webalkans.eu\/sq\/homepage\/\"},{\"@type\":\"ListItem\",\"position\":2,\"name\":\"Forumi i EU Western Balkans dhe Turkey Civil Society p\u00ebrfundon n\u00eb Shkup\"}]},{\"@type\":\"WebSite\",\"@id\":\"https:\/\/webalkans.eu\/sq\/#website\",\"url\":\"https:\/\/webalkans.eu\/sq\/\",\"name\":\"WeBalkans | EU Projects in the Western Balkans\",\"description\":\"\",\"publisher\":{\"@id\":\"https:\/\/webalkans.eu\/sq\/#organization\"},\"potentialAction\":[{\"@type\":\"SearchAction\",\"target\":{\"@type\":\"EntryPoint\",\"urlTemplate\":\"https:\/\/webalkans.eu\/sq\/?s={search_term_string}\"},\"query-input\":{\"@type\":\"PropertyValueSpecification\",\"valueRequired\":true,\"valueName\":\"search_term_string\"}}],\"inLanguage\":\"sq-AL\"},{\"@type\":\"Organization\",\"@id\":\"https:\/\/webalkans.eu\/sq\/#organization\",\"name\":\"European Union\",\"url\":\"https:\/\/webalkans.eu\/sq\/\",\"logo\":{\"@type\":\"ImageObject\",\"inLanguage\":\"sq-AL\",\"@id\":\"https:\/\/webalkans.eu\/sq\/#\/schema\/logo\/image\/\",\"url\":\"https:\/\/webalkans.eu\/wp-content\/uploads\/2020\/11\/eu_flag.jpg\",\"contentUrl\":\"https:\/\/webalkans.eu\/wp-content\/uploads\/2020\/11\/eu_flag.jpg\",\"width\":600,\"height\":401,\"caption\":\"European Union\"},\"image\":{\"@id\":\"https:\/\/webalkans.eu\/sq\/#\/schema\/logo\/image\/\"},\"sameAs\":[\"https:\/\/www.facebook.com\/webalkans.eu\",\"https:\/\/x.com\/WeBalkans\"]},{\"@type\":\"Person\",\"@id\":\"https:\/\/webalkans.eu\/sq\/#\/schema\/person\/95a8ea19ef21de3b7766e9b65ffdb4da\",\"name\":\"007designstudio@gmail.com\"}]}<\/script>\n<!-- \/ Yoast SEO plugin. -->","yoast_head_json":{"title":"Forumi i EU Western Balkans dhe Turkey Civil Society p\u00ebrfundon n\u00eb Shkup News | WeBalkans","description":"Forumi i EU Western Balkans dhe Turkey Civil Society p\u00ebrfundon n\u00eb Shkup","robots":{"index":"index","follow":"follow","max-snippet":"max-snippet:-1","max-image-preview":"max-image-preview:large","max-video-preview":"max-video-preview:-1"},"canonical":"https:\/\/webalkans.eu\/sq\/news\/eu-western-balkans-and-turkey-civil-society-forum-concludes-in-skopje\/","og_locale":"sq_AL","og_type":"article","og_title":"Forumi i EU Western Balkans dhe Turkey Civil Society p\u00ebrfundon n\u00eb Shkup News | WeBalkans","og_description":"Forumi i EU Western Balkans dhe Turkey Civil Society p\u00ebrfundon n\u00eb Shkup","og_url":"https:\/\/webalkans.eu\/sq\/news\/eu-western-balkans-and-turkey-civil-society-forum-concludes-in-skopje\/","og_site_name":"WeBalkans | EU Projects in the Western Balkans","article_publisher":"https:\/\/www.facebook.com\/webalkans.eu","article_published_time":"2022-06-13T09:43:55+00:00","article_modified_time":"2022-06-20T09:22:32+00:00","og_image":[{"width":2560,"height":1707,"url":"https:\/\/webalkans.eu\/wp-content\/uploads\/2022\/06\/1-scaled.jpg","type":"image\/jpeg"}],"author":"007designstudio@gmail.com","twitter_card":"summary_large_image","twitter_creator":"@WeBalkans","twitter_site":"@WeBalkans","twitter_misc":{"Written by":"007designstudio@gmail.com","Est. reading time":"2 minutes"},"schema":{"@context":"https:\/\/schema.org","@graph":[{"@type":"Article","@id":"https:\/\/webalkans.eu\/sq\/news\/eu-western-balkans-and-turkey-civil-society-forum-concludes-in-skopje\/#article","isPartOf":{"@id":"https:\/\/webalkans.eu\/sq\/news\/eu-western-balkans-and-turkey-civil-society-forum-concludes-in-skopje\/"},"author":{"name":"007designstudio@gmail.com","@id":"https:\/\/webalkans.eu\/sq\/#\/schema\/person\/95a8ea19ef21de3b7766e9b65ffdb4da"},"headline":"Forumi i EU Western Balkans dhe Turkey Civil Society p\u00ebrfundon n\u00eb Shkup","datePublished":"2022-06-13T09:43:55+00:00","dateModified":"2022-06-20T09:22:32+00:00","mainEntityOfPage":{"@id":"https:\/\/webalkans.eu\/sq\/news\/eu-western-balkans-and-turkey-civil-society-forum-concludes-in-skopje\/"},"wordCount":454,"publisher":{"@id":"https:\/\/webalkans.eu\/sq\/#organization"},"image":{"@id":"https:\/\/webalkans.eu\/sq\/news\/eu-western-balkans-and-turkey-civil-society-forum-concludes-in-skopje\/#primaryimage"},"thumbnailUrl":"https:\/\/webalkans.eu\/wp-content\/uploads\/2022\/06\/1-scaled.jpg","inLanguage":"sq-AL"},{"@type":"WebPage","@id":"https:\/\/webalkans.eu\/sq\/news\/eu-western-balkans-and-turkey-civil-society-forum-concludes-in-skopje\/","url":"https:\/\/webalkans.eu\/sq\/news\/eu-western-balkans-and-turkey-civil-society-forum-concludes-in-skopje\/","name":"Forumi i EU Western Balkans dhe Turkey Civil Society p\u00ebrfundon n\u00eb Shkup News | WeBalkans","isPartOf":{"@id":"https:\/\/webalkans.eu\/sq\/#website"},"primaryImageOfPage":{"@id":"https:\/\/webalkans.eu\/sq\/news\/eu-western-balkans-and-turkey-civil-society-forum-concludes-in-skopje\/#primaryimage"},"image":{"@id":"https:\/\/webalkans.eu\/sq\/news\/eu-western-balkans-and-turkey-civil-society-forum-concludes-in-skopje\/#primaryimage"},"thumbnailUrl":"https:\/\/webalkans.eu\/wp-content\/uploads\/2022\/06\/1-scaled.jpg","datePublished":"2022-06-13T09:43:55+00:00","dateModified":"2022-06-20T09:22:32+00:00","description":"Forumi i EU Western Balkans dhe Turkey Civil Society p\u00ebrfundon n\u00eb Shkup","breadcrumb":{"@id":"https:\/\/webalkans.eu\/sq\/news\/eu-western-balkans-and-turkey-civil-society-forum-concludes-in-skopje\/#breadcrumb"},"inLanguage":"sq-AL","potentialAction":[{"@type":"ReadAction","target":["https:\/\/webalkans.eu\/sq\/news\/eu-western-balkans-and-turkey-civil-society-forum-concludes-in-skopje\/"]}]},{"@type":"ImageObject","inLanguage":"sq-AL","@id":"https:\/\/webalkans.eu\/sq\/news\/eu-western-balkans-and-turkey-civil-society-forum-concludes-in-skopje\/#primaryimage","url":"https:\/\/webalkans.eu\/wp-content\/uploads\/2022\/06\/1-scaled.jpg","contentUrl":"https:\/\/webalkans.eu\/wp-content\/uploads\/2022\/06\/1-scaled.jpg","width":2560,"height":1707},{"@type":"BreadcrumbList","@id":"https:\/\/webalkans.eu\/sq\/news\/eu-western-balkans-and-turkey-civil-society-forum-concludes-in-skopje\/#breadcrumb","itemListElement":[{"@type":"ListItem","position":1,"name":"Home","item":"https:\/\/webalkans.eu\/sq\/homepage\/"},{"@type":"ListItem","position":2,"name":"Forumi i EU Western Balkans dhe Turkey Civil Society p\u00ebrfundon n\u00eb Shkup"}]},{"@type":"WebSite","@id":"https:\/\/webalkans.eu\/sq\/#website","url":"https:\/\/webalkans.eu\/sq\/","name":"WeBalkans | EU Projects in the Western Balkans","description":"","publisher":{"@id":"https:\/\/webalkans.eu\/sq\/#organization"},"potentialAction":[{"@type":"SearchAction","target":{"@type":"EntryPoint","urlTemplate":"https:\/\/webalkans.eu\/sq\/?s={search_term_string}"},"query-input":{"@type":"PropertyValueSpecification","valueRequired":true,"valueName":"search_term_string"}}],"inLanguage":"sq-AL"},{"@type":"Organization","@id":"https:\/\/webalkans.eu\/sq\/#organization","name":"European Union","url":"https:\/\/webalkans.eu\/sq\/","logo":{"@type":"ImageObject","inLanguage":"sq-AL","@id":"https:\/\/webalkans.eu\/sq\/#\/schema\/logo\/image\/","url":"https:\/\/webalkans.eu\/wp-content\/uploads\/2020\/11\/eu_flag.jpg","contentUrl":"https:\/\/webalkans.eu\/wp-content\/uploads\/2020\/11\/eu_flag.jpg","width":600,"height":401,"caption":"European Union"},"image":{"@id":"https:\/\/webalkans.eu\/sq\/#\/schema\/logo\/image\/"},"sameAs":["https:\/\/www.facebook.com\/webalkans.eu","https:\/\/x.com\/WeBalkans"]},{"@type":"Person","@id":"https:\/\/webalkans.eu\/sq\/#\/schema\/person\/95a8ea19ef21de3b7766e9b65ffdb4da","name":"007designstudio@gmail.com"}]}},"_links":{"self":[{"href":"https:\/\/webalkans.eu\/sq\/wp-json\/wp\/v2\/posts\/663043"}],"collection":[{"href":"https:\/\/webalkans.eu\/sq\/wp-json\/wp\/v2\/posts"}],"about":[{"href":"https:\/\/webalkans.eu\/sq\/wp-json\/wp\/v2\/types\/post"}],"author":[{"embeddable":true,"href":"https:\/\/webalkans.eu\/sq\/wp-json\/wp\/v2\/users\/152227"}],"replies":[{"embeddable":true,"href":"https:\/\/webalkans.eu\/sq\/wp-json\/wp\/v2\/comments?post=663043"}],"version-history":[{"count":0,"href":"https:\/\/webalkans.eu\/sq\/wp-json\/wp\/v2\/posts\/663043\/revisions"}],"wp:featuredmedia":[{"embeddable":true,"href":"https:\/\/webalkans.eu\/sq\/wp-json\/wp\/v2\/media\/640227"}],"wp:attachment":[{"href":"https:\/\/webalkans.eu\/sq\/wp-json\/wp\/v2\/media?parent=663043"}],"wp:term":[{"taxonomy":"country-for-news","embeddable":true,"href":"https:\/\/webalkans.eu\/sq\/wp-json\/wp\/v2\/country-for-news?post=663043"}],"curies":[{"name":"wp","href":"https:\/\/api.w.org\/{rel}","templated":true}]}}