
{"id":629545,"date":"2022-06-01T19:42:45","date_gmt":"2022-06-01T17:42:45","guid":{"rendered":"https:\/\/webalkans.eu\/news\/yeas-participate-in-debate-caravan-in-serbia\/"},"modified":"2022-06-07T11:25:20","modified_gmt":"2022-06-07T09:25:20","slug":"yeas-participate-in-debate-caravan-in-serbia","status":"publish","type":"post","link":"https:\/\/webalkans.eu\/sq\/news\/yeas-participate-in-debate-caravan-in-serbia\/","title":{"rendered":"YEAs marrin pjes\u00eb n\u00eb karvanin e debatit n\u00eb Serbi"},"content":{"rendered":"<p style=\"font-weight: 400;\">Young European Ambassadors (YEA) nga Serbia, Adrijana Nikitovi\u0107 dhe Dimitrije Prokopovi\u0107, mor\u00ebn pjes\u00eb n\u00eb School of Debate Caravan t\u00eb BE-s\u00eb q\u00eb u organizua nga 23 deri m\u00eb 26 maj. Ky karvan u organizua nga Qendrat e Informacionit t\u00eb BE-s\u00eb n\u00eb Serbi dhe u mb\u00ebshtet nga EU Delegation n\u00eb Serbi, si dhe nga EU for Tourism and Cultural Heritage.<\/p>\n<p>&nbsp;<\/p>\n<p style=\"font-weight: 400;\">N\u00eb kat\u00ebr dit\u00ebt e karvanit, s\u00eb bashku me pjes\u00ebmarr\u00ebsit nga EU School of Debate, YEAs vizituan Felix Romuliana, Golubac, Kladovo, Negotin, Smederevo, Srebrno jezero dhe Zaje\u010dar. N\u00eb Kladovo, Negotin dhe Smederevo, Adrijana dhe Dimitrije prezantuan YEA Network dhe promovuan thirrjen e tret\u00eb t\u00eb YEA p\u00ebr aplikant\u00ebt. Dimitrije foli gjithashtu p\u00ebr thirrjen n\u00eb mediat lokale. Dit\u00ebn e dyt\u00eb, ambasadori i BE-s\u00eb n\u00eb Serbi, Emanuele Giaufret, vizitoi karvanin dhe diskutoi me pjes\u00ebmarr\u00ebsit p\u00ebr t\u00eb ardhmen e BE-s\u00eb dhe Serbis\u00eb.<\/p>\n<p>&nbsp;<\/p>\n<p style=\"font-weight: 400;\">Platforma Young European Ambassadors \u00ebsht\u00eb nj\u00eb rrjet kreativ i aktivist\u00ebve t\u00eb rinj nga e gjith\u00eb Ballkani Per\u00ebndimor (Shqip\u00ebria, Bosnja dhe Hercegovina, Kosova, Mali i Zi, Maqedonia e Veriut dhe Serbia). YEA-t\u00eb vijn\u00eb nga vende t\u00eb ndryshme, por t\u00eb gjith\u00eb ndajn\u00eb nj\u00eb vizion t\u00eb p\u00ebrbashk\u00ebt: Ballkanin Per\u00ebndimor t\u00eb bashkuar n\u00eb diversitet. Ata m\u00ebsojn\u00eb p\u00ebr nj\u00ebri-tjetrin dhe BE-n\u00eb s\u00eb bashku, ndjekin projekte krijuese, fitojn\u00eb aft\u00ebsi t\u00eb reja, lidhen p\u00ebrmes mediave sociale dhe organizojn\u00eb evente frym\u00ebzuese \u2013 gjithmon\u00eb t\u00eb shtyr\u00eb nga ideja se aktivizmi tek t\u00eb rinjt\u00eb \u00ebsht\u00eb forca m\u00eb e fuqishme p\u00ebr ndryshimin shoq\u00ebror.<\/p>\n<p>&nbsp;<\/p>\n<p style=\"font-weight: 400;\">Synimet e rrjetit jan\u00eb: p\u00ebr t\u00eb ndar\u00eb vlerat e BE-s\u00eb; p\u00ebr t\u00eb rritur nd\u00ebrgjegj\u00ebsimin p\u00ebr bashk\u00ebpunimin e BE-s\u00eb me partner\u00ebt e saj t\u00eb Ballkanit Per\u00ebndimor; p\u00ebr t\u00eb treguar rezultatet konkrete t\u00eb k\u00ebtij bashk\u00ebpunimi; p\u00ebr t\u00eb kontribuar n\u00eb dialogun politik mbi tema t\u00eb ndryshme; dhe p\u00ebr t\u00eb ndihmuar n\u00eb rritjen e aktivizmit civil.<\/p>\n<p style=\"font-weight: 400;\">\n","protected":false},"excerpt":{"rendered":"<p>Young European Ambassadors (YEA) nga Serbia, Adrijana Nikitovi\u0107 dhe Dimitrije Prokopovi\u0107, mor\u00ebn pjes\u00eb n\u00eb School of Debate Caravan t\u00eb BE-s\u00eb q\u00eb u organizua nga 23 <\/p>\n","protected":false},"author":152227,"featured_media":620667,"comment_status":"closed","ping_status":"closed","sticky":false,"template":"","format":"standard","meta":{"_acf_changed":false,"_monsterinsights_skip_tracking":false,"_monsterinsights_sitenote_active":false,"_monsterinsights_sitenote_note":"","_monsterinsights_sitenote_category":0,"footnotes":""},"country-for-news":[441],"class_list":["post-629545","post","type-post","status-publish","format-standard","has-post-thumbnail","hentry","wb_theme-culture-and-youth","country-for-news-serbia"],"acf":[],"yoast_head":"<!-- This site is optimized with the Yoast SEO plugin v25.3.1 - https:\/\/yoast.com\/wordpress\/plugins\/seo\/ -->\n<title>YEAs marrin pjes\u00eb n\u00eb karvanin e debatit n\u00eb Serbi News | WeBalkans<\/title>\n<meta name=\"description\" content=\"YEAs marrin pjes\u00eb n\u00eb karvanin e debatit n\u00eb Serbi\" \/>\n<meta name=\"robots\" content=\"index, follow, max-snippet:-1, max-image-preview:large, max-video-preview:-1\" \/>\n<link rel=\"canonical\" href=\"https:\/\/webalkans.eu\/sq\/news\/yeas-participate-in-debate-caravan-in-serbia\/\" \/>\n<meta property=\"og:locale\" content=\"sq_AL\" \/>\n<meta property=\"og:type\" content=\"article\" \/>\n<meta property=\"og:title\" content=\"YEAs marrin pjes\u00eb n\u00eb karvanin e debatit n\u00eb Serbi News | WeBalkans\" \/>\n<meta property=\"og:description\" content=\"YEAs marrin pjes\u00eb n\u00eb karvanin e debatit n\u00eb Serbi\" \/>\n<meta property=\"og:url\" content=\"https:\/\/webalkans.eu\/sq\/news\/yeas-participate-in-debate-caravan-in-serbia\/\" \/>\n<meta property=\"og:site_name\" content=\"WeBalkans | EU Projects in the Western Balkans\" \/>\n<meta property=\"article:publisher\" content=\"https:\/\/www.facebook.com\/webalkans.eu\" \/>\n<meta property=\"article:published_time\" content=\"2022-06-01T17:42:45+00:00\" \/>\n<meta property=\"article:modified_time\" content=\"2022-06-07T09:25:20+00:00\" \/>\n<meta property=\"og:image\" content=\"https:\/\/webalkans.eu\/wp-content\/uploads\/2022\/06\/6.jpg\" \/>\n\t<meta property=\"og:image:width\" content=\"2048\" \/>\n\t<meta property=\"og:image:height\" content=\"2048\" \/>\n\t<meta property=\"og:image:type\" content=\"image\/jpeg\" \/>\n<meta name=\"author\" content=\"007designstudio@gmail.com\" \/>\n<meta name=\"twitter:card\" content=\"summary_large_image\" \/>\n<meta name=\"twitter:creator\" content=\"@WeBalkans\" \/>\n<meta name=\"twitter:site\" content=\"@WeBalkans\" \/>\n<meta name=\"twitter:label1\" content=\"Written by\" \/>\n\t<meta name=\"twitter:data1\" content=\"007designstudio@gmail.com\" \/>\n\t<meta name=\"twitter:label2\" content=\"Est. reading time\" \/>\n\t<meta name=\"twitter:data2\" content=\"2 minutes\" \/>\n<script type=\"application\/ld+json\" class=\"yoast-schema-graph\">{\"@context\":\"https:\/\/schema.org\",\"@graph\":[{\"@type\":\"Article\",\"@id\":\"https:\/\/webalkans.eu\/sq\/news\/yeas-participate-in-debate-caravan-in-serbia\/#article\",\"isPartOf\":{\"@id\":\"https:\/\/webalkans.eu\/sq\/news\/yeas-participate-in-debate-caravan-in-serbia\/\"},\"author\":{\"name\":\"007designstudio@gmail.com\",\"@id\":\"https:\/\/webalkans.eu\/sq\/#\/schema\/person\/95a8ea19ef21de3b7766e9b65ffdb4da\"},\"headline\":\"YEAs marrin pjes\u00eb n\u00eb karvanin e debatit n\u00eb Serbi\",\"datePublished\":\"2022-06-01T17:42:45+00:00\",\"dateModified\":\"2022-06-07T09:25:20+00:00\",\"mainEntityOfPage\":{\"@id\":\"https:\/\/webalkans.eu\/sq\/news\/yeas-participate-in-debate-caravan-in-serbia\/\"},\"wordCount\":329,\"publisher\":{\"@id\":\"https:\/\/webalkans.eu\/sq\/#organization\"},\"image\":{\"@id\":\"https:\/\/webalkans.eu\/sq\/news\/yeas-participate-in-debate-caravan-in-serbia\/#primaryimage\"},\"thumbnailUrl\":\"https:\/\/webalkans.eu\/wp-content\/uploads\/2022\/06\/6.jpg\",\"inLanguage\":\"sq-AL\"},{\"@type\":\"WebPage\",\"@id\":\"https:\/\/webalkans.eu\/sq\/news\/yeas-participate-in-debate-caravan-in-serbia\/\",\"url\":\"https:\/\/webalkans.eu\/sq\/news\/yeas-participate-in-debate-caravan-in-serbia\/\",\"name\":\"YEAs marrin pjes\u00eb n\u00eb karvanin e debatit n\u00eb Serbi News | WeBalkans\",\"isPartOf\":{\"@id\":\"https:\/\/webalkans.eu\/sq\/#website\"},\"primaryImageOfPage\":{\"@id\":\"https:\/\/webalkans.eu\/sq\/news\/yeas-participate-in-debate-caravan-in-serbia\/#primaryimage\"},\"image\":{\"@id\":\"https:\/\/webalkans.eu\/sq\/news\/yeas-participate-in-debate-caravan-in-serbia\/#primaryimage\"},\"thumbnailUrl\":\"https:\/\/webalkans.eu\/wp-content\/uploads\/2022\/06\/6.jpg\",\"datePublished\":\"2022-06-01T17:42:45+00:00\",\"dateModified\":\"2022-06-07T09:25:20+00:00\",\"description\":\"YEAs marrin pjes\u00eb n\u00eb karvanin e debatit n\u00eb Serbi\",\"breadcrumb\":{\"@id\":\"https:\/\/webalkans.eu\/sq\/news\/yeas-participate-in-debate-caravan-in-serbia\/#breadcrumb\"},\"inLanguage\":\"sq-AL\",\"potentialAction\":[{\"@type\":\"ReadAction\",\"target\":[\"https:\/\/webalkans.eu\/sq\/news\/yeas-participate-in-debate-caravan-in-serbia\/\"]}]},{\"@type\":\"ImageObject\",\"inLanguage\":\"sq-AL\",\"@id\":\"https:\/\/webalkans.eu\/sq\/news\/yeas-participate-in-debate-caravan-in-serbia\/#primaryimage\",\"url\":\"https:\/\/webalkans.eu\/wp-content\/uploads\/2022\/06\/6.jpg\",\"contentUrl\":\"https:\/\/webalkans.eu\/wp-content\/uploads\/2022\/06\/6.jpg\",\"width\":2048,\"height\":2048},{\"@type\":\"BreadcrumbList\",\"@id\":\"https:\/\/webalkans.eu\/sq\/news\/yeas-participate-in-debate-caravan-in-serbia\/#breadcrumb\",\"itemListElement\":[{\"@type\":\"ListItem\",\"position\":1,\"name\":\"Home\",\"item\":\"https:\/\/webalkans.eu\/sq\/homepage\/\"},{\"@type\":\"ListItem\",\"position\":2,\"name\":\"YEAs marrin pjes\u00eb n\u00eb karvanin e debatit n\u00eb Serbi\"}]},{\"@type\":\"WebSite\",\"@id\":\"https:\/\/webalkans.eu\/sq\/#website\",\"url\":\"https:\/\/webalkans.eu\/sq\/\",\"name\":\"WeBalkans | EU Projects in the Western Balkans\",\"description\":\"\",\"publisher\":{\"@id\":\"https:\/\/webalkans.eu\/sq\/#organization\"},\"potentialAction\":[{\"@type\":\"SearchAction\",\"target\":{\"@type\":\"EntryPoint\",\"urlTemplate\":\"https:\/\/webalkans.eu\/sq\/?s={search_term_string}\"},\"query-input\":{\"@type\":\"PropertyValueSpecification\",\"valueRequired\":true,\"valueName\":\"search_term_string\"}}],\"inLanguage\":\"sq-AL\"},{\"@type\":\"Organization\",\"@id\":\"https:\/\/webalkans.eu\/sq\/#organization\",\"name\":\"European Union\",\"url\":\"https:\/\/webalkans.eu\/sq\/\",\"logo\":{\"@type\":\"ImageObject\",\"inLanguage\":\"sq-AL\",\"@id\":\"https:\/\/webalkans.eu\/sq\/#\/schema\/logo\/image\/\",\"url\":\"https:\/\/webalkans.eu\/wp-content\/uploads\/2020\/11\/eu_flag.jpg\",\"contentUrl\":\"https:\/\/webalkans.eu\/wp-content\/uploads\/2020\/11\/eu_flag.jpg\",\"width\":600,\"height\":401,\"caption\":\"European Union\"},\"image\":{\"@id\":\"https:\/\/webalkans.eu\/sq\/#\/schema\/logo\/image\/\"},\"sameAs\":[\"https:\/\/www.facebook.com\/webalkans.eu\",\"https:\/\/x.com\/WeBalkans\"]},{\"@type\":\"Person\",\"@id\":\"https:\/\/webalkans.eu\/sq\/#\/schema\/person\/95a8ea19ef21de3b7766e9b65ffdb4da\",\"name\":\"007designstudio@gmail.com\"}]}<\/script>\n<!-- \/ Yoast SEO plugin. -->","yoast_head_json":{"title":"YEAs marrin pjes\u00eb n\u00eb karvanin e debatit n\u00eb Serbi News | WeBalkans","description":"YEAs marrin pjes\u00eb n\u00eb karvanin e debatit n\u00eb Serbi","robots":{"index":"index","follow":"follow","max-snippet":"max-snippet:-1","max-image-preview":"max-image-preview:large","max-video-preview":"max-video-preview:-1"},"canonical":"https:\/\/webalkans.eu\/sq\/news\/yeas-participate-in-debate-caravan-in-serbia\/","og_locale":"sq_AL","og_type":"article","og_title":"YEAs marrin pjes\u00eb n\u00eb karvanin e debatit n\u00eb Serbi News | WeBalkans","og_description":"YEAs marrin pjes\u00eb n\u00eb karvanin e debatit n\u00eb Serbi","og_url":"https:\/\/webalkans.eu\/sq\/news\/yeas-participate-in-debate-caravan-in-serbia\/","og_site_name":"WeBalkans | EU Projects in the Western Balkans","article_publisher":"https:\/\/www.facebook.com\/webalkans.eu","article_published_time":"2022-06-01T17:42:45+00:00","article_modified_time":"2022-06-07T09:25:20+00:00","og_image":[{"width":2048,"height":2048,"url":"https:\/\/webalkans.eu\/wp-content\/uploads\/2022\/06\/6.jpg","type":"image\/jpeg"}],"author":"007designstudio@gmail.com","twitter_card":"summary_large_image","twitter_creator":"@WeBalkans","twitter_site":"@WeBalkans","twitter_misc":{"Written by":"007designstudio@gmail.com","Est. reading time":"2 minutes"},"schema":{"@context":"https:\/\/schema.org","@graph":[{"@type":"Article","@id":"https:\/\/webalkans.eu\/sq\/news\/yeas-participate-in-debate-caravan-in-serbia\/#article","isPartOf":{"@id":"https:\/\/webalkans.eu\/sq\/news\/yeas-participate-in-debate-caravan-in-serbia\/"},"author":{"name":"007designstudio@gmail.com","@id":"https:\/\/webalkans.eu\/sq\/#\/schema\/person\/95a8ea19ef21de3b7766e9b65ffdb4da"},"headline":"YEAs marrin pjes\u00eb n\u00eb karvanin e debatit n\u00eb Serbi","datePublished":"2022-06-01T17:42:45+00:00","dateModified":"2022-06-07T09:25:20+00:00","mainEntityOfPage":{"@id":"https:\/\/webalkans.eu\/sq\/news\/yeas-participate-in-debate-caravan-in-serbia\/"},"wordCount":329,"publisher":{"@id":"https:\/\/webalkans.eu\/sq\/#organization"},"image":{"@id":"https:\/\/webalkans.eu\/sq\/news\/yeas-participate-in-debate-caravan-in-serbia\/#primaryimage"},"thumbnailUrl":"https:\/\/webalkans.eu\/wp-content\/uploads\/2022\/06\/6.jpg","inLanguage":"sq-AL"},{"@type":"WebPage","@id":"https:\/\/webalkans.eu\/sq\/news\/yeas-participate-in-debate-caravan-in-serbia\/","url":"https:\/\/webalkans.eu\/sq\/news\/yeas-participate-in-debate-caravan-in-serbia\/","name":"YEAs marrin pjes\u00eb n\u00eb karvanin e debatit n\u00eb Serbi News | WeBalkans","isPartOf":{"@id":"https:\/\/webalkans.eu\/sq\/#website"},"primaryImageOfPage":{"@id":"https:\/\/webalkans.eu\/sq\/news\/yeas-participate-in-debate-caravan-in-serbia\/#primaryimage"},"image":{"@id":"https:\/\/webalkans.eu\/sq\/news\/yeas-participate-in-debate-caravan-in-serbia\/#primaryimage"},"thumbnailUrl":"https:\/\/webalkans.eu\/wp-content\/uploads\/2022\/06\/6.jpg","datePublished":"2022-06-01T17:42:45+00:00","dateModified":"2022-06-07T09:25:20+00:00","description":"YEAs marrin pjes\u00eb n\u00eb karvanin e debatit n\u00eb Serbi","breadcrumb":{"@id":"https:\/\/webalkans.eu\/sq\/news\/yeas-participate-in-debate-caravan-in-serbia\/#breadcrumb"},"inLanguage":"sq-AL","potentialAction":[{"@type":"ReadAction","target":["https:\/\/webalkans.eu\/sq\/news\/yeas-participate-in-debate-caravan-in-serbia\/"]}]},{"@type":"ImageObject","inLanguage":"sq-AL","@id":"https:\/\/webalkans.eu\/sq\/news\/yeas-participate-in-debate-caravan-in-serbia\/#primaryimage","url":"https:\/\/webalkans.eu\/wp-content\/uploads\/2022\/06\/6.jpg","contentUrl":"https:\/\/webalkans.eu\/wp-content\/uploads\/2022\/06\/6.jpg","width":2048,"height":2048},{"@type":"BreadcrumbList","@id":"https:\/\/webalkans.eu\/sq\/news\/yeas-participate-in-debate-caravan-in-serbia\/#breadcrumb","itemListElement":[{"@type":"ListItem","position":1,"name":"Home","item":"https:\/\/webalkans.eu\/sq\/homepage\/"},{"@type":"ListItem","position":2,"name":"YEAs marrin pjes\u00eb n\u00eb karvanin e debatit n\u00eb Serbi"}]},{"@type":"WebSite","@id":"https:\/\/webalkans.eu\/sq\/#website","url":"https:\/\/webalkans.eu\/sq\/","name":"WeBalkans | EU Projects in the Western Balkans","description":"","publisher":{"@id":"https:\/\/webalkans.eu\/sq\/#organization"},"potentialAction":[{"@type":"SearchAction","target":{"@type":"EntryPoint","urlTemplate":"https:\/\/webalkans.eu\/sq\/?s={search_term_string}"},"query-input":{"@type":"PropertyValueSpecification","valueRequired":true,"valueName":"search_term_string"}}],"inLanguage":"sq-AL"},{"@type":"Organization","@id":"https:\/\/webalkans.eu\/sq\/#organization","name":"European Union","url":"https:\/\/webalkans.eu\/sq\/","logo":{"@type":"ImageObject","inLanguage":"sq-AL","@id":"https:\/\/webalkans.eu\/sq\/#\/schema\/logo\/image\/","url":"https:\/\/webalkans.eu\/wp-content\/uploads\/2020\/11\/eu_flag.jpg","contentUrl":"https:\/\/webalkans.eu\/wp-content\/uploads\/2020\/11\/eu_flag.jpg","width":600,"height":401,"caption":"European Union"},"image":{"@id":"https:\/\/webalkans.eu\/sq\/#\/schema\/logo\/image\/"},"sameAs":["https:\/\/www.facebook.com\/webalkans.eu","https:\/\/x.com\/WeBalkans"]},{"@type":"Person","@id":"https:\/\/webalkans.eu\/sq\/#\/schema\/person\/95a8ea19ef21de3b7766e9b65ffdb4da","name":"007designstudio@gmail.com"}]}},"_links":{"self":[{"href":"https:\/\/webalkans.eu\/sq\/wp-json\/wp\/v2\/posts\/629545"}],"collection":[{"href":"https:\/\/webalkans.eu\/sq\/wp-json\/wp\/v2\/posts"}],"about":[{"href":"https:\/\/webalkans.eu\/sq\/wp-json\/wp\/v2\/types\/post"}],"author":[{"embeddable":true,"href":"https:\/\/webalkans.eu\/sq\/wp-json\/wp\/v2\/users\/152227"}],"replies":[{"embeddable":true,"href":"https:\/\/webalkans.eu\/sq\/wp-json\/wp\/v2\/comments?post=629545"}],"version-history":[{"count":0,"href":"https:\/\/webalkans.eu\/sq\/wp-json\/wp\/v2\/posts\/629545\/revisions"}],"wp:featuredmedia":[{"embeddable":true,"href":"https:\/\/webalkans.eu\/sq\/wp-json\/wp\/v2\/media\/620667"}],"wp:attachment":[{"href":"https:\/\/webalkans.eu\/sq\/wp-json\/wp\/v2\/media?parent=629545"}],"wp:term":[{"taxonomy":"country-for-news","embeddable":true,"href":"https:\/\/webalkans.eu\/sq\/wp-json\/wp\/v2\/country-for-news?post=629545"}],"curies":[{"name":"wp","href":"https:\/\/api.w.org\/{rel}","templated":true}]}}