
{"id":629533,"date":"2022-06-01T19:39:04","date_gmt":"2022-06-01T17:39:04","guid":{"rendered":"https:\/\/webalkans.eu\/news\/civil-society-forum-2022\/"},"modified":"2022-06-07T11:21:07","modified_gmt":"2022-06-07T09:21:07","slug":"civil-society-forum-2022","status":"publish","type":"post","link":"https:\/\/webalkans.eu\/sq\/news\/civil-society-forum-2022\/","title":{"rendered":"Forumi i shoq\u00ebris\u00eb civile 2022"},"content":{"rendered":"<div>\n<p><span lang=\"SQ\">Projekti TACSO 3 i financuar nga BE-ja njoftoi EU-Western Balkans and Turkey Civil Society Forum 2022 dhe fton drejtuesit e organizatave t\u00eb shoq\u00ebris\u00eb civile (OSHC) dhe aktivist\u00ebt me p\u00ebrvoj\u00eb t\u00eb shoq\u00ebris\u00eb civile, si dhe p\u00ebrfaq\u00ebsuesit e OJQ-ve p\u00ebr t\u00eb aplikuar si kontribues n\u00eb seancat e Forum dhe si pjes\u00ebmarr\u00ebs t\u00eb eventit.<\/span><\/p>\n<p>&nbsp;<\/p>\n<\/div>\n<div>\n<p><span lang=\"SQ\">The\u00a0Civil Society Forum 2022 (Forum \u201922)\u00a0do t\u00eb mbahet m\u00eb 8 dhe 9 qershor si nj\u00eb event hibrid drejtp\u00ebrs\u00ebdrejti dhe virtual. Nj\u00eb num\u00ebr i limituar prej 120 pjes\u00ebmarr\u00ebsish do t\u00eb p\u00ebrzgjidhen p\u00ebr pjes\u00ebmarrjen drejtp\u00ebrs\u00ebdrejti q\u00eb do t\u00eb mbahet n\u00eb Shkup. Pjes\u00ebmarrja n\u00eb internet do t\u00eb lejoj\u00eb pjes\u00ebmarrje m\u00eb t\u00eb madhe n\u00ebp\u00ebrmjet videove n\u00eb t\u00eb gjitha sesionet e Forum &#8217;22.<\/span><\/p>\n<p>&nbsp;<\/p>\n<\/div>\n<div>\n<p><span lang=\"SQ\">Forum \u201822 do t\u00eb mbledh\u00eb p\u00ebrfaq\u00ebsues t\u00eb shoq\u00ebris\u00eb civile (duke p\u00ebrfshir\u00eb organizatat jofitimprur\u00ebse t\u00eb mediave), autoritete publike, p\u00ebrfaq\u00ebsues t\u00eb BE-s\u00eb, donator\u00eb dhe pal\u00eb t\u00eb tjera t\u00eb interesuara n\u00eb fush\u00ebn e zhvillimit t\u00eb shoq\u00ebris\u00eb civile n\u00eb Ballkanin Per\u00ebndimor dhe Turqi. Do t\u00eb diskutohen situatat aktuale p\u00ebr OJQ-t\u00eb n\u00eb rajon, si dhe veprimet e p\u00ebrbashk\u00ebta nga ana e BE-s\u00eb, autoritetet publike dhe shoq\u00ebria civile q\u00eb do t\u00eb trajtojn\u00eb sfidat e identifikuara.<\/span><\/p>\n<p>&nbsp;<\/p>\n<\/div>\n<div>\n<p><span lang=\"SQ\">Q\u00ebllimi kryesor i Forum \u201822 \u00ebsht\u00eb lan\u00e7imi, prezantimi dhe ndjekja e Guidelines for Support to Civil Society in the Enlargement region (2021-2027) e BE-s\u00eb, p\u00ebr t\u00eb cilat ka pasur bisedime t\u00eb gjera me shoq\u00ebrin\u00eb civile n\u00eb dy vitet e fundit dhe t\u00eb cilat jan\u00eb rishikuar n\u00eb baz\u00eb t\u00eb reagimeve t\u00eb marra dhe zhvillimeve t\u00eb reja.<\/span><\/p>\n<\/div>\n","protected":false},"excerpt":{"rendered":"<p>Projekti TACSO 3 i financuar nga BE-ja njoftoi EU-Western Balkans and Turkey Civil Society Forum 2022 dhe fton drejtuesit e organizatave t\u00eb shoq\u00ebris\u00eb civile (OSHC) <\/p>\n","protected":false},"author":152227,"featured_media":620643,"comment_status":"closed","ping_status":"closed","sticky":false,"template":"","format":"standard","meta":{"_acf_changed":false,"_monsterinsights_skip_tracking":false,"_monsterinsights_sitenote_active":false,"_monsterinsights_sitenote_note":"","_monsterinsights_sitenote_category":0,"footnotes":""},"country-for-news":[421,428,431,437,441,415],"class_list":["post-629533","post","type-post","status-publish","format-standard","has-post-thumbnail","hentry","wb_theme-democracy-and-fundamental-rights","country-for-news-bosnia-and-herzegovina","country-for-news-kosovo","country-for-news-montenegro","country-for-news-north-macedonia","country-for-news-serbia","country-for-news-albania"],"acf":[],"yoast_head":"<!-- This site is optimized with the Yoast SEO plugin v25.3.1 - https:\/\/yoast.com\/wordpress\/plugins\/seo\/ -->\n<title>Forumi i shoq\u00ebris\u00eb civile 2022 News | WeBalkans<\/title>\n<meta name=\"description\" content=\"Forumi i shoq\u00ebris\u00eb civile 2022\" \/>\n<meta name=\"robots\" content=\"index, follow, max-snippet:-1, max-image-preview:large, max-video-preview:-1\" \/>\n<link rel=\"canonical\" href=\"https:\/\/webalkans.eu\/sq\/news\/civil-society-forum-2022\/\" \/>\n<meta property=\"og:locale\" content=\"sq_AL\" \/>\n<meta property=\"og:type\" content=\"article\" \/>\n<meta property=\"og:title\" content=\"Forumi i shoq\u00ebris\u00eb civile 2022 News | WeBalkans\" \/>\n<meta property=\"og:description\" content=\"Forumi i shoq\u00ebris\u00eb civile 2022\" \/>\n<meta property=\"og:url\" content=\"https:\/\/webalkans.eu\/sq\/news\/civil-society-forum-2022\/\" \/>\n<meta property=\"og:site_name\" content=\"WeBalkans | EU Projects in the Western Balkans\" \/>\n<meta property=\"article:publisher\" content=\"https:\/\/www.facebook.com\/webalkans.eu\" \/>\n<meta property=\"article:published_time\" content=\"2022-06-01T17:39:04+00:00\" \/>\n<meta property=\"article:modified_time\" content=\"2022-06-07T09:21:07+00:00\" \/>\n<meta property=\"og:image\" content=\"https:\/\/webalkans.eu\/wp-content\/uploads\/2022\/06\/CS.png\" \/>\n\t<meta property=\"og:image:width\" content=\"1040\" \/>\n\t<meta property=\"og:image:height\" content=\"652\" \/>\n\t<meta property=\"og:image:type\" content=\"image\/png\" \/>\n<meta name=\"author\" content=\"007designstudio@gmail.com\" \/>\n<meta name=\"twitter:card\" content=\"summary_large_image\" \/>\n<meta name=\"twitter:creator\" content=\"@WeBalkans\" \/>\n<meta name=\"twitter:site\" content=\"@WeBalkans\" \/>\n<meta name=\"twitter:label1\" content=\"Written by\" \/>\n\t<meta name=\"twitter:data1\" content=\"007designstudio@gmail.com\" \/>\n\t<meta name=\"twitter:label2\" content=\"Est. reading time\" \/>\n\t<meta name=\"twitter:data2\" content=\"1 minute\" \/>\n<script type=\"application\/ld+json\" class=\"yoast-schema-graph\">{\"@context\":\"https:\/\/schema.org\",\"@graph\":[{\"@type\":\"Article\",\"@id\":\"https:\/\/webalkans.eu\/sq\/news\/civil-society-forum-2022\/#article\",\"isPartOf\":{\"@id\":\"https:\/\/webalkans.eu\/sq\/news\/civil-society-forum-2022\/\"},\"author\":{\"name\":\"007designstudio@gmail.com\",\"@id\":\"https:\/\/webalkans.eu\/sq\/#\/schema\/person\/95a8ea19ef21de3b7766e9b65ffdb4da\"},\"headline\":\"Forumi i shoq\u00ebris\u00eb civile 2022\",\"datePublished\":\"2022-06-01T17:39:04+00:00\",\"dateModified\":\"2022-06-07T09:21:07+00:00\",\"mainEntityOfPage\":{\"@id\":\"https:\/\/webalkans.eu\/sq\/news\/civil-society-forum-2022\/\"},\"wordCount\":274,\"publisher\":{\"@id\":\"https:\/\/webalkans.eu\/sq\/#organization\"},\"image\":{\"@id\":\"https:\/\/webalkans.eu\/sq\/news\/civil-society-forum-2022\/#primaryimage\"},\"thumbnailUrl\":\"https:\/\/webalkans.eu\/wp-content\/uploads\/2022\/06\/CS.png\",\"inLanguage\":\"sq-AL\"},{\"@type\":\"WebPage\",\"@id\":\"https:\/\/webalkans.eu\/sq\/news\/civil-society-forum-2022\/\",\"url\":\"https:\/\/webalkans.eu\/sq\/news\/civil-society-forum-2022\/\",\"name\":\"Forumi i shoq\u00ebris\u00eb civile 2022 News | WeBalkans\",\"isPartOf\":{\"@id\":\"https:\/\/webalkans.eu\/sq\/#website\"},\"primaryImageOfPage\":{\"@id\":\"https:\/\/webalkans.eu\/sq\/news\/civil-society-forum-2022\/#primaryimage\"},\"image\":{\"@id\":\"https:\/\/webalkans.eu\/sq\/news\/civil-society-forum-2022\/#primaryimage\"},\"thumbnailUrl\":\"https:\/\/webalkans.eu\/wp-content\/uploads\/2022\/06\/CS.png\",\"datePublished\":\"2022-06-01T17:39:04+00:00\",\"dateModified\":\"2022-06-07T09:21:07+00:00\",\"description\":\"Forumi i shoq\u00ebris\u00eb civile 2022\",\"breadcrumb\":{\"@id\":\"https:\/\/webalkans.eu\/sq\/news\/civil-society-forum-2022\/#breadcrumb\"},\"inLanguage\":\"sq-AL\",\"potentialAction\":[{\"@type\":\"ReadAction\",\"target\":[\"https:\/\/webalkans.eu\/sq\/news\/civil-society-forum-2022\/\"]}]},{\"@type\":\"ImageObject\",\"inLanguage\":\"sq-AL\",\"@id\":\"https:\/\/webalkans.eu\/sq\/news\/civil-society-forum-2022\/#primaryimage\",\"url\":\"https:\/\/webalkans.eu\/wp-content\/uploads\/2022\/06\/CS.png\",\"contentUrl\":\"https:\/\/webalkans.eu\/wp-content\/uploads\/2022\/06\/CS.png\",\"width\":1040,\"height\":652},{\"@type\":\"BreadcrumbList\",\"@id\":\"https:\/\/webalkans.eu\/sq\/news\/civil-society-forum-2022\/#breadcrumb\",\"itemListElement\":[{\"@type\":\"ListItem\",\"position\":1,\"name\":\"Home\",\"item\":\"https:\/\/webalkans.eu\/sq\/homepage\/\"},{\"@type\":\"ListItem\",\"position\":2,\"name\":\"Forumi i shoq\u00ebris\u00eb civile 2022\"}]},{\"@type\":\"WebSite\",\"@id\":\"https:\/\/webalkans.eu\/sq\/#website\",\"url\":\"https:\/\/webalkans.eu\/sq\/\",\"name\":\"WeBalkans | EU Projects in the Western Balkans\",\"description\":\"\",\"publisher\":{\"@id\":\"https:\/\/webalkans.eu\/sq\/#organization\"},\"potentialAction\":[{\"@type\":\"SearchAction\",\"target\":{\"@type\":\"EntryPoint\",\"urlTemplate\":\"https:\/\/webalkans.eu\/sq\/?s={search_term_string}\"},\"query-input\":{\"@type\":\"PropertyValueSpecification\",\"valueRequired\":true,\"valueName\":\"search_term_string\"}}],\"inLanguage\":\"sq-AL\"},{\"@type\":\"Organization\",\"@id\":\"https:\/\/webalkans.eu\/sq\/#organization\",\"name\":\"European Union\",\"url\":\"https:\/\/webalkans.eu\/sq\/\",\"logo\":{\"@type\":\"ImageObject\",\"inLanguage\":\"sq-AL\",\"@id\":\"https:\/\/webalkans.eu\/sq\/#\/schema\/logo\/image\/\",\"url\":\"https:\/\/webalkans.eu\/wp-content\/uploads\/2020\/11\/eu_flag.jpg\",\"contentUrl\":\"https:\/\/webalkans.eu\/wp-content\/uploads\/2020\/11\/eu_flag.jpg\",\"width\":600,\"height\":401,\"caption\":\"European Union\"},\"image\":{\"@id\":\"https:\/\/webalkans.eu\/sq\/#\/schema\/logo\/image\/\"},\"sameAs\":[\"https:\/\/www.facebook.com\/webalkans.eu\",\"https:\/\/x.com\/WeBalkans\"]},{\"@type\":\"Person\",\"@id\":\"https:\/\/webalkans.eu\/sq\/#\/schema\/person\/95a8ea19ef21de3b7766e9b65ffdb4da\",\"name\":\"007designstudio@gmail.com\"}]}<\/script>\n<!-- \/ Yoast SEO plugin. -->","yoast_head_json":{"title":"Forumi i shoq\u00ebris\u00eb civile 2022 News | WeBalkans","description":"Forumi i shoq\u00ebris\u00eb civile 2022","robots":{"index":"index","follow":"follow","max-snippet":"max-snippet:-1","max-image-preview":"max-image-preview:large","max-video-preview":"max-video-preview:-1"},"canonical":"https:\/\/webalkans.eu\/sq\/news\/civil-society-forum-2022\/","og_locale":"sq_AL","og_type":"article","og_title":"Forumi i shoq\u00ebris\u00eb civile 2022 News | WeBalkans","og_description":"Forumi i shoq\u00ebris\u00eb civile 2022","og_url":"https:\/\/webalkans.eu\/sq\/news\/civil-society-forum-2022\/","og_site_name":"WeBalkans | EU Projects in the Western Balkans","article_publisher":"https:\/\/www.facebook.com\/webalkans.eu","article_published_time":"2022-06-01T17:39:04+00:00","article_modified_time":"2022-06-07T09:21:07+00:00","og_image":[{"width":1040,"height":652,"url":"https:\/\/webalkans.eu\/wp-content\/uploads\/2022\/06\/CS.png","type":"image\/png"}],"author":"007designstudio@gmail.com","twitter_card":"summary_large_image","twitter_creator":"@WeBalkans","twitter_site":"@WeBalkans","twitter_misc":{"Written by":"007designstudio@gmail.com","Est. reading time":"1 minute"},"schema":{"@context":"https:\/\/schema.org","@graph":[{"@type":"Article","@id":"https:\/\/webalkans.eu\/sq\/news\/civil-society-forum-2022\/#article","isPartOf":{"@id":"https:\/\/webalkans.eu\/sq\/news\/civil-society-forum-2022\/"},"author":{"name":"007designstudio@gmail.com","@id":"https:\/\/webalkans.eu\/sq\/#\/schema\/person\/95a8ea19ef21de3b7766e9b65ffdb4da"},"headline":"Forumi i shoq\u00ebris\u00eb civile 2022","datePublished":"2022-06-01T17:39:04+00:00","dateModified":"2022-06-07T09:21:07+00:00","mainEntityOfPage":{"@id":"https:\/\/webalkans.eu\/sq\/news\/civil-society-forum-2022\/"},"wordCount":274,"publisher":{"@id":"https:\/\/webalkans.eu\/sq\/#organization"},"image":{"@id":"https:\/\/webalkans.eu\/sq\/news\/civil-society-forum-2022\/#primaryimage"},"thumbnailUrl":"https:\/\/webalkans.eu\/wp-content\/uploads\/2022\/06\/CS.png","inLanguage":"sq-AL"},{"@type":"WebPage","@id":"https:\/\/webalkans.eu\/sq\/news\/civil-society-forum-2022\/","url":"https:\/\/webalkans.eu\/sq\/news\/civil-society-forum-2022\/","name":"Forumi i shoq\u00ebris\u00eb civile 2022 News | WeBalkans","isPartOf":{"@id":"https:\/\/webalkans.eu\/sq\/#website"},"primaryImageOfPage":{"@id":"https:\/\/webalkans.eu\/sq\/news\/civil-society-forum-2022\/#primaryimage"},"image":{"@id":"https:\/\/webalkans.eu\/sq\/news\/civil-society-forum-2022\/#primaryimage"},"thumbnailUrl":"https:\/\/webalkans.eu\/wp-content\/uploads\/2022\/06\/CS.png","datePublished":"2022-06-01T17:39:04+00:00","dateModified":"2022-06-07T09:21:07+00:00","description":"Forumi i shoq\u00ebris\u00eb civile 2022","breadcrumb":{"@id":"https:\/\/webalkans.eu\/sq\/news\/civil-society-forum-2022\/#breadcrumb"},"inLanguage":"sq-AL","potentialAction":[{"@type":"ReadAction","target":["https:\/\/webalkans.eu\/sq\/news\/civil-society-forum-2022\/"]}]},{"@type":"ImageObject","inLanguage":"sq-AL","@id":"https:\/\/webalkans.eu\/sq\/news\/civil-society-forum-2022\/#primaryimage","url":"https:\/\/webalkans.eu\/wp-content\/uploads\/2022\/06\/CS.png","contentUrl":"https:\/\/webalkans.eu\/wp-content\/uploads\/2022\/06\/CS.png","width":1040,"height":652},{"@type":"BreadcrumbList","@id":"https:\/\/webalkans.eu\/sq\/news\/civil-society-forum-2022\/#breadcrumb","itemListElement":[{"@type":"ListItem","position":1,"name":"Home","item":"https:\/\/webalkans.eu\/sq\/homepage\/"},{"@type":"ListItem","position":2,"name":"Forumi i shoq\u00ebris\u00eb civile 2022"}]},{"@type":"WebSite","@id":"https:\/\/webalkans.eu\/sq\/#website","url":"https:\/\/webalkans.eu\/sq\/","name":"WeBalkans | EU Projects in the Western Balkans","description":"","publisher":{"@id":"https:\/\/webalkans.eu\/sq\/#organization"},"potentialAction":[{"@type":"SearchAction","target":{"@type":"EntryPoint","urlTemplate":"https:\/\/webalkans.eu\/sq\/?s={search_term_string}"},"query-input":{"@type":"PropertyValueSpecification","valueRequired":true,"valueName":"search_term_string"}}],"inLanguage":"sq-AL"},{"@type":"Organization","@id":"https:\/\/webalkans.eu\/sq\/#organization","name":"European Union","url":"https:\/\/webalkans.eu\/sq\/","logo":{"@type":"ImageObject","inLanguage":"sq-AL","@id":"https:\/\/webalkans.eu\/sq\/#\/schema\/logo\/image\/","url":"https:\/\/webalkans.eu\/wp-content\/uploads\/2020\/11\/eu_flag.jpg","contentUrl":"https:\/\/webalkans.eu\/wp-content\/uploads\/2020\/11\/eu_flag.jpg","width":600,"height":401,"caption":"European Union"},"image":{"@id":"https:\/\/webalkans.eu\/sq\/#\/schema\/logo\/image\/"},"sameAs":["https:\/\/www.facebook.com\/webalkans.eu","https:\/\/x.com\/WeBalkans"]},{"@type":"Person","@id":"https:\/\/webalkans.eu\/sq\/#\/schema\/person\/95a8ea19ef21de3b7766e9b65ffdb4da","name":"007designstudio@gmail.com"}]}},"_links":{"self":[{"href":"https:\/\/webalkans.eu\/sq\/wp-json\/wp\/v2\/posts\/629533"}],"collection":[{"href":"https:\/\/webalkans.eu\/sq\/wp-json\/wp\/v2\/posts"}],"about":[{"href":"https:\/\/webalkans.eu\/sq\/wp-json\/wp\/v2\/types\/post"}],"author":[{"embeddable":true,"href":"https:\/\/webalkans.eu\/sq\/wp-json\/wp\/v2\/users\/152227"}],"replies":[{"embeddable":true,"href":"https:\/\/webalkans.eu\/sq\/wp-json\/wp\/v2\/comments?post=629533"}],"version-history":[{"count":0,"href":"https:\/\/webalkans.eu\/sq\/wp-json\/wp\/v2\/posts\/629533\/revisions"}],"wp:featuredmedia":[{"embeddable":true,"href":"https:\/\/webalkans.eu\/sq\/wp-json\/wp\/v2\/media\/620643"}],"wp:attachment":[{"href":"https:\/\/webalkans.eu\/sq\/wp-json\/wp\/v2\/media?parent=629533"}],"wp:term":[{"taxonomy":"country-for-news","embeddable":true,"href":"https:\/\/webalkans.eu\/sq\/wp-json\/wp\/v2\/country-for-news?post=629533"}],"curies":[{"name":"wp","href":"https:\/\/api.w.org\/{rel}","templated":true}]}}