
{"id":617203,"date":"2022-05-26T10:00:14","date_gmt":"2022-05-26T08:00:14","guid":{"rendered":"https:\/\/webalkans.eu\/news\/new-call-for-young-european-ambassadors-is-now-open\/"},"modified":"2022-05-30T18:28:54","modified_gmt":"2022-05-30T16:28:54","slug":"new-call-for-young-european-ambassadors-is-now-open","status":"publish","type":"post","link":"https:\/\/webalkans.eu\/sq\/news\/new-call-for-young-european-ambassadors-is-now-open\/","title":{"rendered":"Hapet thirrja e re p\u00ebr Young European Ambassadors!"},"content":{"rendered":"<p style=\"font-weight: 400;\">Thirrja e re p\u00ebr aplikime p\u00ebr Young European Ambassadors u lan\u00e7ua m\u00eb 20 maj n\u00eb <a href=\"applewebdata:\/\/8186C867-A69D-4C32-9C54-66BFD3DBB5E1\/Downloads\/webalkans.eu\">webalkans.eu<\/a><\/p>\n<p>&nbsp;<\/p>\n<p style=\"font-weight: 400;\">Programi The Young European Ambassadors (YEA) \u00ebsht\u00eb nj\u00eb rrjet krijues i aktivist\u00ebve t\u00eb rinj nga i gjith\u00eb Ballkani Per\u00ebndimor (Shqip\u00ebria, Bosnja dhe Hercegovina, Kosova, Mali i Zi, Maqedonia e Veriut dhe Serbia).\u00a0 YEA-t\u00eb kan\u00eb formime t\u00eb ndryshme, por t\u00eb gjith\u00eb ndajn\u00eb nj\u00eb vizion t\u00eb p\u00ebrbashk\u00ebt: bashkimin e Ballkanit Per\u00ebndimor\u00a0 n\u00eb diversitet.\u00a0 Ata m\u00ebsojn\u00eb p\u00ebr nj\u00ebri-tjetrin dhe BE-n\u00eb s\u00eb bashku, ndjekin projekte krijuese, fitojn\u00eb aft\u00ebsi t\u00eb reja, lidhen p\u00ebrmes rrjeteve sociale dhe organizojn\u00eb veprimtari frym\u00ebzuese \u2013 gjithmon\u00eb t\u00eb shtyr\u00eb nga ideja se aktivizmi tek t\u00eb rinjt\u00eb \u00ebsht\u00eb forca m\u00eb e fuqishme e ndryshimit social.<\/p>\n<p>&nbsp;<\/p>\n<p style=\"font-weight: 400;\">Q\u00ebllimet e rrjetit p\u00ebrfshirjen t\u00eb ndarjen e vlerave t\u00eb BE-s\u00eb; shtimin e nd\u00ebrgjegj\u00ebsimit p\u00ebr bashk\u00ebpunimin e BE-s\u00eb me partner\u00ebt e saj t\u00eb Ballkanit Per\u00ebndimor; paraqitjen e rezultateve konkrete t\u00eb k\u00ebtij bashk\u00ebpunimi; kontribuimin n\u00eb dialogun politik mbi tema t\u00eb ndryshme; dhe rritjen e aktivizmit civil.\u00a0 Nj\u00eb Young European Ambassador \u00ebsht\u00eb nj\u00eb aktivist i ri q\u00eb e sheh veten si nj\u00eb komunikues t\u00eb mir\u00eb, i gatsh\u00ebm p\u00ebr t\u00eb ndar\u00eb vlerat e BE-s\u00eb dhe p\u00ebr t\u00eb marr\u00eb pjes\u00eb n\u00eb projekte dhe evente q\u00eb lidhen me integrimin e BE-s\u00eb, mbrojtjen e mjedisit, t\u00eb drejtat e njeriut, artin dhe kultur\u00ebn dhe teknologjit\u00eb e reja.\u00a0 T\u00eb gjith\u00eb t\u00eb rinjt\u00eb e mosh\u00ebs 18-29 vje\u00e7 q\u00eb jan\u00eb nga rajoni i Ballkanit Per\u00ebndimor jan\u00eb t\u00eb ftuar t\u00eb aplikojn\u00eb.<\/p>\n<p>&nbsp;<\/p>\n<p style=\"font-weight: 400;\">Aplikimet jan\u00eb t\u00eb hapura nga data 20 maj deri m\u00eb 30 qershor.<\/p>\n","protected":false},"excerpt":{"rendered":"<p>Thirrja e re p\u00ebr aplikime p\u00ebr Young European Ambassadors u lan\u00e7ua m\u00eb 20 maj n\u00eb webalkans.eu &nbsp; Programi The Young European Ambassadors (YEA) \u00ebsht\u00eb nj\u00eb <\/p>\n","protected":false},"author":152227,"featured_media":610076,"comment_status":"closed","ping_status":"closed","sticky":false,"template":"","format":"standard","meta":{"_acf_changed":false,"_monsterinsights_skip_tracking":false,"_monsterinsights_sitenote_active":false,"_monsterinsights_sitenote_note":"","_monsterinsights_sitenote_category":0,"footnotes":""},"country-for-news":[421,428,431,437,441,415],"class_list":["post-617203","post","type-post","status-publish","format-standard","has-post-thumbnail","hentry","wb_theme-culture-and-youth","country-for-news-bosnia-and-herzegovina","country-for-news-kosovo","country-for-news-montenegro","country-for-news-north-macedonia","country-for-news-serbia","country-for-news-albania"],"acf":[],"yoast_head":"<!-- This site is optimized with the Yoast SEO plugin v25.3.1 - https:\/\/yoast.com\/wordpress\/plugins\/seo\/ -->\n<title>Hapet thirrja e re p\u00ebr Young European Ambassadors! News | WeBalkans<\/title>\n<meta name=\"description\" content=\"Hapen thirrjet e reja p\u00ebr Young European Ambassadors!\" \/>\n<meta name=\"robots\" content=\"index, follow, max-snippet:-1, max-image-preview:large, max-video-preview:-1\" \/>\n<link rel=\"canonical\" href=\"https:\/\/webalkans.eu\/sq\/news\/new-call-for-young-european-ambassadors-is-now-open\/\" \/>\n<meta property=\"og:locale\" content=\"sq_AL\" \/>\n<meta property=\"og:type\" content=\"article\" \/>\n<meta property=\"og:title\" content=\"Hapet thirrja e re p\u00ebr Young European Ambassadors! News | WeBalkans\" \/>\n<meta property=\"og:description\" content=\"Hapen thirrjet e reja p\u00ebr Young European Ambassadors!\" \/>\n<meta property=\"og:url\" content=\"https:\/\/webalkans.eu\/sq\/news\/new-call-for-young-european-ambassadors-is-now-open\/\" \/>\n<meta property=\"og:site_name\" content=\"WeBalkans | EU Projects in the Western Balkans\" \/>\n<meta property=\"article:publisher\" content=\"https:\/\/www.facebook.com\/webalkans.eu\" \/>\n<meta property=\"article:published_time\" content=\"2022-05-26T08:00:14+00:00\" \/>\n<meta property=\"article:modified_time\" content=\"2022-05-30T16:28:54+00:00\" \/>\n<meta property=\"og:image\" content=\"https:\/\/webalkans.eu\/wp-content\/uploads\/2022\/05\/4-1.png\" \/>\n\t<meta property=\"og:image:width\" content=\"1516\" \/>\n\t<meta property=\"og:image:height\" content=\"988\" \/>\n\t<meta property=\"og:image:type\" content=\"image\/png\" \/>\n<meta name=\"author\" content=\"007designstudio@gmail.com\" \/>\n<meta name=\"twitter:card\" content=\"summary_large_image\" \/>\n<meta name=\"twitter:creator\" content=\"@WeBalkans\" \/>\n<meta name=\"twitter:site\" content=\"@WeBalkans\" \/>\n<meta name=\"twitter:label1\" content=\"Written by\" \/>\n\t<meta name=\"twitter:data1\" content=\"007designstudio@gmail.com\" \/>\n\t<meta name=\"twitter:label2\" content=\"Est. reading time\" \/>\n\t<meta name=\"twitter:data2\" content=\"1 minute\" \/>\n<script type=\"application\/ld+json\" class=\"yoast-schema-graph\">{\"@context\":\"https:\/\/schema.org\",\"@graph\":[{\"@type\":\"Article\",\"@id\":\"https:\/\/webalkans.eu\/sq\/news\/new-call-for-young-european-ambassadors-is-now-open\/#article\",\"isPartOf\":{\"@id\":\"https:\/\/webalkans.eu\/sq\/news\/new-call-for-young-european-ambassadors-is-now-open\/\"},\"author\":{\"name\":\"007designstudio@gmail.com\",\"@id\":\"https:\/\/webalkans.eu\/sq\/#\/schema\/person\/95a8ea19ef21de3b7766e9b65ffdb4da\"},\"headline\":\"Hapet thirrja e re p\u00ebr Young European Ambassadors!\",\"datePublished\":\"2022-05-26T08:00:14+00:00\",\"dateModified\":\"2022-05-30T16:28:54+00:00\",\"mainEntityOfPage\":{\"@id\":\"https:\/\/webalkans.eu\/sq\/news\/new-call-for-young-european-ambassadors-is-now-open\/\"},\"wordCount\":280,\"publisher\":{\"@id\":\"https:\/\/webalkans.eu\/sq\/#organization\"},\"image\":{\"@id\":\"https:\/\/webalkans.eu\/sq\/news\/new-call-for-young-european-ambassadors-is-now-open\/#primaryimage\"},\"thumbnailUrl\":\"https:\/\/webalkans.eu\/wp-content\/uploads\/2022\/05\/4-1.png\",\"inLanguage\":\"sq-AL\"},{\"@type\":\"WebPage\",\"@id\":\"https:\/\/webalkans.eu\/sq\/news\/new-call-for-young-european-ambassadors-is-now-open\/\",\"url\":\"https:\/\/webalkans.eu\/sq\/news\/new-call-for-young-european-ambassadors-is-now-open\/\",\"name\":\"Hapet thirrja e re p\u00ebr Young European Ambassadors! News | WeBalkans\",\"isPartOf\":{\"@id\":\"https:\/\/webalkans.eu\/sq\/#website\"},\"primaryImageOfPage\":{\"@id\":\"https:\/\/webalkans.eu\/sq\/news\/new-call-for-young-european-ambassadors-is-now-open\/#primaryimage\"},\"image\":{\"@id\":\"https:\/\/webalkans.eu\/sq\/news\/new-call-for-young-european-ambassadors-is-now-open\/#primaryimage\"},\"thumbnailUrl\":\"https:\/\/webalkans.eu\/wp-content\/uploads\/2022\/05\/4-1.png\",\"datePublished\":\"2022-05-26T08:00:14+00:00\",\"dateModified\":\"2022-05-30T16:28:54+00:00\",\"description\":\"Hapen thirrjet e reja p\u00ebr Young European Ambassadors!\",\"breadcrumb\":{\"@id\":\"https:\/\/webalkans.eu\/sq\/news\/new-call-for-young-european-ambassadors-is-now-open\/#breadcrumb\"},\"inLanguage\":\"sq-AL\",\"potentialAction\":[{\"@type\":\"ReadAction\",\"target\":[\"https:\/\/webalkans.eu\/sq\/news\/new-call-for-young-european-ambassadors-is-now-open\/\"]}]},{\"@type\":\"ImageObject\",\"inLanguage\":\"sq-AL\",\"@id\":\"https:\/\/webalkans.eu\/sq\/news\/new-call-for-young-european-ambassadors-is-now-open\/#primaryimage\",\"url\":\"https:\/\/webalkans.eu\/wp-content\/uploads\/2022\/05\/4-1.png\",\"contentUrl\":\"https:\/\/webalkans.eu\/wp-content\/uploads\/2022\/05\/4-1.png\",\"width\":1516,\"height\":988},{\"@type\":\"BreadcrumbList\",\"@id\":\"https:\/\/webalkans.eu\/sq\/news\/new-call-for-young-european-ambassadors-is-now-open\/#breadcrumb\",\"itemListElement\":[{\"@type\":\"ListItem\",\"position\":1,\"name\":\"Home\",\"item\":\"https:\/\/webalkans.eu\/sq\/homepage\/\"},{\"@type\":\"ListItem\",\"position\":2,\"name\":\"Hapet thirrja e re p\u00ebr Young European Ambassadors!\"}]},{\"@type\":\"WebSite\",\"@id\":\"https:\/\/webalkans.eu\/sq\/#website\",\"url\":\"https:\/\/webalkans.eu\/sq\/\",\"name\":\"WeBalkans | EU Projects in the Western Balkans\",\"description\":\"\",\"publisher\":{\"@id\":\"https:\/\/webalkans.eu\/sq\/#organization\"},\"potentialAction\":[{\"@type\":\"SearchAction\",\"target\":{\"@type\":\"EntryPoint\",\"urlTemplate\":\"https:\/\/webalkans.eu\/sq\/?s={search_term_string}\"},\"query-input\":{\"@type\":\"PropertyValueSpecification\",\"valueRequired\":true,\"valueName\":\"search_term_string\"}}],\"inLanguage\":\"sq-AL\"},{\"@type\":\"Organization\",\"@id\":\"https:\/\/webalkans.eu\/sq\/#organization\",\"name\":\"European Union\",\"url\":\"https:\/\/webalkans.eu\/sq\/\",\"logo\":{\"@type\":\"ImageObject\",\"inLanguage\":\"sq-AL\",\"@id\":\"https:\/\/webalkans.eu\/sq\/#\/schema\/logo\/image\/\",\"url\":\"https:\/\/webalkans.eu\/wp-content\/uploads\/2020\/11\/eu_flag.jpg\",\"contentUrl\":\"https:\/\/webalkans.eu\/wp-content\/uploads\/2020\/11\/eu_flag.jpg\",\"width\":600,\"height\":401,\"caption\":\"European Union\"},\"image\":{\"@id\":\"https:\/\/webalkans.eu\/sq\/#\/schema\/logo\/image\/\"},\"sameAs\":[\"https:\/\/www.facebook.com\/webalkans.eu\",\"https:\/\/x.com\/WeBalkans\"]},{\"@type\":\"Person\",\"@id\":\"https:\/\/webalkans.eu\/sq\/#\/schema\/person\/95a8ea19ef21de3b7766e9b65ffdb4da\",\"name\":\"007designstudio@gmail.com\"}]}<\/script>\n<!-- \/ Yoast SEO plugin. -->","yoast_head_json":{"title":"Hapet thirrja e re p\u00ebr Young European Ambassadors! News | WeBalkans","description":"Hapen thirrjet e reja p\u00ebr Young European Ambassadors!","robots":{"index":"index","follow":"follow","max-snippet":"max-snippet:-1","max-image-preview":"max-image-preview:large","max-video-preview":"max-video-preview:-1"},"canonical":"https:\/\/webalkans.eu\/sq\/news\/new-call-for-young-european-ambassadors-is-now-open\/","og_locale":"sq_AL","og_type":"article","og_title":"Hapet thirrja e re p\u00ebr Young European Ambassadors! News | WeBalkans","og_description":"Hapen thirrjet e reja p\u00ebr Young European Ambassadors!","og_url":"https:\/\/webalkans.eu\/sq\/news\/new-call-for-young-european-ambassadors-is-now-open\/","og_site_name":"WeBalkans | EU Projects in the Western Balkans","article_publisher":"https:\/\/www.facebook.com\/webalkans.eu","article_published_time":"2022-05-26T08:00:14+00:00","article_modified_time":"2022-05-30T16:28:54+00:00","og_image":[{"width":1516,"height":988,"url":"https:\/\/webalkans.eu\/wp-content\/uploads\/2022\/05\/4-1.png","type":"image\/png"}],"author":"007designstudio@gmail.com","twitter_card":"summary_large_image","twitter_creator":"@WeBalkans","twitter_site":"@WeBalkans","twitter_misc":{"Written by":"007designstudio@gmail.com","Est. reading time":"1 minute"},"schema":{"@context":"https:\/\/schema.org","@graph":[{"@type":"Article","@id":"https:\/\/webalkans.eu\/sq\/news\/new-call-for-young-european-ambassadors-is-now-open\/#article","isPartOf":{"@id":"https:\/\/webalkans.eu\/sq\/news\/new-call-for-young-european-ambassadors-is-now-open\/"},"author":{"name":"007designstudio@gmail.com","@id":"https:\/\/webalkans.eu\/sq\/#\/schema\/person\/95a8ea19ef21de3b7766e9b65ffdb4da"},"headline":"Hapet thirrja e re p\u00ebr Young European Ambassadors!","datePublished":"2022-05-26T08:00:14+00:00","dateModified":"2022-05-30T16:28:54+00:00","mainEntityOfPage":{"@id":"https:\/\/webalkans.eu\/sq\/news\/new-call-for-young-european-ambassadors-is-now-open\/"},"wordCount":280,"publisher":{"@id":"https:\/\/webalkans.eu\/sq\/#organization"},"image":{"@id":"https:\/\/webalkans.eu\/sq\/news\/new-call-for-young-european-ambassadors-is-now-open\/#primaryimage"},"thumbnailUrl":"https:\/\/webalkans.eu\/wp-content\/uploads\/2022\/05\/4-1.png","inLanguage":"sq-AL"},{"@type":"WebPage","@id":"https:\/\/webalkans.eu\/sq\/news\/new-call-for-young-european-ambassadors-is-now-open\/","url":"https:\/\/webalkans.eu\/sq\/news\/new-call-for-young-european-ambassadors-is-now-open\/","name":"Hapet thirrja e re p\u00ebr Young European Ambassadors! News | WeBalkans","isPartOf":{"@id":"https:\/\/webalkans.eu\/sq\/#website"},"primaryImageOfPage":{"@id":"https:\/\/webalkans.eu\/sq\/news\/new-call-for-young-european-ambassadors-is-now-open\/#primaryimage"},"image":{"@id":"https:\/\/webalkans.eu\/sq\/news\/new-call-for-young-european-ambassadors-is-now-open\/#primaryimage"},"thumbnailUrl":"https:\/\/webalkans.eu\/wp-content\/uploads\/2022\/05\/4-1.png","datePublished":"2022-05-26T08:00:14+00:00","dateModified":"2022-05-30T16:28:54+00:00","description":"Hapen thirrjet e reja p\u00ebr Young European Ambassadors!","breadcrumb":{"@id":"https:\/\/webalkans.eu\/sq\/news\/new-call-for-young-european-ambassadors-is-now-open\/#breadcrumb"},"inLanguage":"sq-AL","potentialAction":[{"@type":"ReadAction","target":["https:\/\/webalkans.eu\/sq\/news\/new-call-for-young-european-ambassadors-is-now-open\/"]}]},{"@type":"ImageObject","inLanguage":"sq-AL","@id":"https:\/\/webalkans.eu\/sq\/news\/new-call-for-young-european-ambassadors-is-now-open\/#primaryimage","url":"https:\/\/webalkans.eu\/wp-content\/uploads\/2022\/05\/4-1.png","contentUrl":"https:\/\/webalkans.eu\/wp-content\/uploads\/2022\/05\/4-1.png","width":1516,"height":988},{"@type":"BreadcrumbList","@id":"https:\/\/webalkans.eu\/sq\/news\/new-call-for-young-european-ambassadors-is-now-open\/#breadcrumb","itemListElement":[{"@type":"ListItem","position":1,"name":"Home","item":"https:\/\/webalkans.eu\/sq\/homepage\/"},{"@type":"ListItem","position":2,"name":"Hapet thirrja e re p\u00ebr Young European Ambassadors!"}]},{"@type":"WebSite","@id":"https:\/\/webalkans.eu\/sq\/#website","url":"https:\/\/webalkans.eu\/sq\/","name":"WeBalkans | EU Projects in the Western Balkans","description":"","publisher":{"@id":"https:\/\/webalkans.eu\/sq\/#organization"},"potentialAction":[{"@type":"SearchAction","target":{"@type":"EntryPoint","urlTemplate":"https:\/\/webalkans.eu\/sq\/?s={search_term_string}"},"query-input":{"@type":"PropertyValueSpecification","valueRequired":true,"valueName":"search_term_string"}}],"inLanguage":"sq-AL"},{"@type":"Organization","@id":"https:\/\/webalkans.eu\/sq\/#organization","name":"European Union","url":"https:\/\/webalkans.eu\/sq\/","logo":{"@type":"ImageObject","inLanguage":"sq-AL","@id":"https:\/\/webalkans.eu\/sq\/#\/schema\/logo\/image\/","url":"https:\/\/webalkans.eu\/wp-content\/uploads\/2020\/11\/eu_flag.jpg","contentUrl":"https:\/\/webalkans.eu\/wp-content\/uploads\/2020\/11\/eu_flag.jpg","width":600,"height":401,"caption":"European Union"},"image":{"@id":"https:\/\/webalkans.eu\/sq\/#\/schema\/logo\/image\/"},"sameAs":["https:\/\/www.facebook.com\/webalkans.eu","https:\/\/x.com\/WeBalkans"]},{"@type":"Person","@id":"https:\/\/webalkans.eu\/sq\/#\/schema\/person\/95a8ea19ef21de3b7766e9b65ffdb4da","name":"007designstudio@gmail.com"}]}},"_links":{"self":[{"href":"https:\/\/webalkans.eu\/sq\/wp-json\/wp\/v2\/posts\/617203"}],"collection":[{"href":"https:\/\/webalkans.eu\/sq\/wp-json\/wp\/v2\/posts"}],"about":[{"href":"https:\/\/webalkans.eu\/sq\/wp-json\/wp\/v2\/types\/post"}],"author":[{"embeddable":true,"href":"https:\/\/webalkans.eu\/sq\/wp-json\/wp\/v2\/users\/152227"}],"replies":[{"embeddable":true,"href":"https:\/\/webalkans.eu\/sq\/wp-json\/wp\/v2\/comments?post=617203"}],"version-history":[{"count":0,"href":"https:\/\/webalkans.eu\/sq\/wp-json\/wp\/v2\/posts\/617203\/revisions"}],"wp:featuredmedia":[{"embeddable":true,"href":"https:\/\/webalkans.eu\/sq\/wp-json\/wp\/v2\/media\/610076"}],"wp:attachment":[{"href":"https:\/\/webalkans.eu\/sq\/wp-json\/wp\/v2\/media?parent=617203"}],"wp:term":[{"taxonomy":"country-for-news","embeddable":true,"href":"https:\/\/webalkans.eu\/sq\/wp-json\/wp\/v2\/country-for-news?post=617203"}],"curies":[{"name":"wp","href":"https:\/\/api.w.org\/{rel}","templated":true}]}}