
{"id":605002,"date":"2022-05-18T19:00:54","date_gmt":"2022-05-18T17:00:54","guid":{"rendered":"https:\/\/webalkans.eu\/news\/2022-green-energy-days-in-kosovo\/"},"modified":"2022-05-23T18:17:50","modified_gmt":"2022-05-23T16:17:50","slug":"2022-green-energy-days-in-kosovo","status":"publish","type":"post","link":"https:\/\/webalkans.eu\/sq\/news\/2022-green-energy-days-in-kosovo\/","title":{"rendered":"\u2018Green Energy Days\u2019 2022 n\u00eb Kosov\u00eb"},"content":{"rendered":"<p style=\"font-weight: 400;\">Si pjes\u00eb e iniciativ\u00ebs \u2018Europeanisation of Kosovo\u2019s Environmental Agenda\u2019, Green Energy Days 2022 do t\u00eb mbahen nga data 16 deri m\u00eb 22 maj n\u00eb Kosov\u00eb. Iniciativa \u00ebsht\u00eb financuar nga Zyra e Bashkimit Evropian n\u00eb Kosov\u00eb dhe zbatohet nga <em>Balkan Investigative Reporting Network <\/em><em>(<\/em>BIRN) Kosovo, CEE Bankwatch, ERA Group dhe TV Mre\u017ea.<\/p>\n<p>&nbsp;<\/p>\n<p style=\"font-weight: 400;\">Iniciativa mb\u00ebshtet pjes\u00ebmarrjen proaktive t\u00eb shoq\u00ebris\u00eb civile t\u00eb Kosov\u00ebs, mediat dhe aktivist\u00ebt e mjedisit n\u00eb reform\u00ebn e politikave dhe vendimmarrjen n\u00eb fush\u00ebn e energjis\u00eb, mjedisit dhe sh\u00ebndetit publik. Q\u00ebllimi i projektit \u00ebsht\u00eb t\u00eb ndihmoj\u00eb Kosov\u00ebn t\u00eb sjell\u00eb politik\u00ebn e saj mjedisore m\u00eb af\u00ebr legjislacionit t\u00eb BE-s\u00eb dhe t\u00eb nxis\u00eb dialogun midis organizatave t\u00eb shoq\u00ebris\u00eb civile, mediave, aktivist\u00ebve dhe sektorit publik.<\/p>\n<p>&nbsp;<\/p>\n<p style=\"font-weight: 400;\">Green Energy Days po organizohen nga BIRN dhe partner\u00ebt e saj p\u00ebr her\u00eb t\u00eb dyt\u00eb. Q\u00ebllimi i aktivitetit shum\u00eb ditor \u00ebsht\u00eb q\u00eb t\u2019u jap\u00eb v\u00ebmendje t\u00eb nevojshme r\u00ebnd\u00ebsis\u00eb s\u00eb efikasitetit t\u00eb energjis\u00eb, mbrojtjes s\u00eb mjedisit dhe sh\u00ebndetit publik, sidomos zyrtar\u00ebve p\u00ebrkat\u00ebs. K\u00ebt\u00eb vit, Green Energy Days do t\u00eb zhvillojn\u00eb aktivitete t\u00eb shumta q\u00eb do t\u00eb kontribuojn\u00eb n\u00eb praktikat m\u00eb t\u00eb mira t\u00eb energjis\u00eb s\u00eb gjelb\u00ebr n\u00eb Kosov\u00eb.<\/p>\n","protected":false},"excerpt":{"rendered":"<p>Si pjes\u00eb e iniciativ\u00ebs \u2018Europeanisation of Kosovo\u2019s Environmental Agenda\u2019, Green Energy Days 2022 do t\u00eb mbahen nga data 16 deri m\u00eb 22 maj n\u00eb Kosov\u00eb. <\/p>\n","protected":false},"author":152227,"featured_media":598776,"comment_status":"closed","ping_status":"closed","sticky":false,"template":"","format":"standard","meta":{"_acf_changed":false,"_monsterinsights_skip_tracking":false,"_monsterinsights_sitenote_active":false,"_monsterinsights_sitenote_note":"","_monsterinsights_sitenote_category":0,"footnotes":""},"country-for-news":[428],"class_list":["post-605002","post","type-post","status-publish","format-standard","has-post-thumbnail","hentry","wb_theme-environment","country-for-news-kosovo"],"acf":[],"yoast_head":"<!-- This site is optimized with the Yoast SEO plugin v25.3.1 - https:\/\/yoast.com\/wordpress\/plugins\/seo\/ -->\n<title>\u2018Green Energy Days\u2019 2022 n\u00eb Kosov\u00eb News | WeBalkans<\/title>\n<meta name=\"description\" content=\"\u2018Green Energy Days\u2019 2022 n\u00eb Kosov\u00eb\" \/>\n<meta name=\"robots\" content=\"index, follow, max-snippet:-1, max-image-preview:large, max-video-preview:-1\" \/>\n<link rel=\"canonical\" href=\"https:\/\/webalkans.eu\/sq\/news\/2022-green-energy-days-in-kosovo\/\" \/>\n<meta property=\"og:locale\" content=\"sq_AL\" \/>\n<meta property=\"og:type\" content=\"article\" \/>\n<meta property=\"og:title\" content=\"\u2018Green Energy Days\u2019 2022 n\u00eb Kosov\u00eb News | WeBalkans\" \/>\n<meta property=\"og:description\" content=\"\u2018Green Energy Days\u2019 2022 n\u00eb Kosov\u00eb\" \/>\n<meta property=\"og:url\" content=\"https:\/\/webalkans.eu\/sq\/news\/2022-green-energy-days-in-kosovo\/\" \/>\n<meta property=\"og:site_name\" content=\"WeBalkans | EU Projects in the Western Balkans\" \/>\n<meta property=\"article:publisher\" content=\"https:\/\/www.facebook.com\/webalkans.eu\" \/>\n<meta property=\"article:published_time\" content=\"2022-05-18T17:00:54+00:00\" \/>\n<meta property=\"article:modified_time\" content=\"2022-05-23T16:17:50+00:00\" \/>\n<meta property=\"og:image\" content=\"https:\/\/webalkans.eu\/wp-content\/uploads\/2022\/05\/4-1.jpeg\" \/>\n\t<meta property=\"og:image:width\" content=\"411\" \/>\n\t<meta property=\"og:image:height\" content=\"309\" \/>\n\t<meta property=\"og:image:type\" content=\"image\/jpeg\" \/>\n<meta name=\"author\" content=\"007designstudio@gmail.com\" \/>\n<meta name=\"twitter:card\" content=\"summary_large_image\" \/>\n<meta name=\"twitter:creator\" content=\"@WeBalkans\" \/>\n<meta name=\"twitter:site\" content=\"@WeBalkans\" \/>\n<meta name=\"twitter:label1\" content=\"Written by\" \/>\n\t<meta name=\"twitter:data1\" content=\"007designstudio@gmail.com\" \/>\n\t<meta name=\"twitter:label2\" content=\"Est. reading time\" \/>\n\t<meta name=\"twitter:data2\" content=\"1 minute\" \/>\n<script type=\"application\/ld+json\" class=\"yoast-schema-graph\">{\"@context\":\"https:\/\/schema.org\",\"@graph\":[{\"@type\":\"Article\",\"@id\":\"https:\/\/webalkans.eu\/sq\/news\/2022-green-energy-days-in-kosovo\/#article\",\"isPartOf\":{\"@id\":\"https:\/\/webalkans.eu\/sq\/news\/2022-green-energy-days-in-kosovo\/\"},\"author\":{\"name\":\"007designstudio@gmail.com\",\"@id\":\"https:\/\/webalkans.eu\/sq\/#\/schema\/person\/95a8ea19ef21de3b7766e9b65ffdb4da\"},\"headline\":\"\u2018Green Energy Days\u2019 2022 n\u00eb Kosov\u00eb\",\"datePublished\":\"2022-05-18T17:00:54+00:00\",\"dateModified\":\"2022-05-23T16:17:50+00:00\",\"mainEntityOfPage\":{\"@id\":\"https:\/\/webalkans.eu\/sq\/news\/2022-green-energy-days-in-kosovo\/\"},\"wordCount\":212,\"publisher\":{\"@id\":\"https:\/\/webalkans.eu\/sq\/#organization\"},\"image\":{\"@id\":\"https:\/\/webalkans.eu\/sq\/news\/2022-green-energy-days-in-kosovo\/#primaryimage\"},\"thumbnailUrl\":\"https:\/\/webalkans.eu\/wp-content\/uploads\/2022\/05\/4-1.jpeg\",\"inLanguage\":\"sq-AL\"},{\"@type\":\"WebPage\",\"@id\":\"https:\/\/webalkans.eu\/sq\/news\/2022-green-energy-days-in-kosovo\/\",\"url\":\"https:\/\/webalkans.eu\/sq\/news\/2022-green-energy-days-in-kosovo\/\",\"name\":\"\u2018Green Energy Days\u2019 2022 n\u00eb Kosov\u00eb News | WeBalkans\",\"isPartOf\":{\"@id\":\"https:\/\/webalkans.eu\/sq\/#website\"},\"primaryImageOfPage\":{\"@id\":\"https:\/\/webalkans.eu\/sq\/news\/2022-green-energy-days-in-kosovo\/#primaryimage\"},\"image\":{\"@id\":\"https:\/\/webalkans.eu\/sq\/news\/2022-green-energy-days-in-kosovo\/#primaryimage\"},\"thumbnailUrl\":\"https:\/\/webalkans.eu\/wp-content\/uploads\/2022\/05\/4-1.jpeg\",\"datePublished\":\"2022-05-18T17:00:54+00:00\",\"dateModified\":\"2022-05-23T16:17:50+00:00\",\"description\":\"\u2018Green Energy Days\u2019 2022 n\u00eb Kosov\u00eb\",\"breadcrumb\":{\"@id\":\"https:\/\/webalkans.eu\/sq\/news\/2022-green-energy-days-in-kosovo\/#breadcrumb\"},\"inLanguage\":\"sq-AL\",\"potentialAction\":[{\"@type\":\"ReadAction\",\"target\":[\"https:\/\/webalkans.eu\/sq\/news\/2022-green-energy-days-in-kosovo\/\"]}]},{\"@type\":\"ImageObject\",\"inLanguage\":\"sq-AL\",\"@id\":\"https:\/\/webalkans.eu\/sq\/news\/2022-green-energy-days-in-kosovo\/#primaryimage\",\"url\":\"https:\/\/webalkans.eu\/wp-content\/uploads\/2022\/05\/4-1.jpeg\",\"contentUrl\":\"https:\/\/webalkans.eu\/wp-content\/uploads\/2022\/05\/4-1.jpeg\",\"width\":411,\"height\":309},{\"@type\":\"BreadcrumbList\",\"@id\":\"https:\/\/webalkans.eu\/sq\/news\/2022-green-energy-days-in-kosovo\/#breadcrumb\",\"itemListElement\":[{\"@type\":\"ListItem\",\"position\":1,\"name\":\"Home\",\"item\":\"https:\/\/webalkans.eu\/sq\/homepage\/\"},{\"@type\":\"ListItem\",\"position\":2,\"name\":\"\u2018Green Energy Days\u2019 2022 n\u00eb Kosov\u00eb\"}]},{\"@type\":\"WebSite\",\"@id\":\"https:\/\/webalkans.eu\/sq\/#website\",\"url\":\"https:\/\/webalkans.eu\/sq\/\",\"name\":\"WeBalkans | EU Projects in the Western Balkans\",\"description\":\"\",\"publisher\":{\"@id\":\"https:\/\/webalkans.eu\/sq\/#organization\"},\"potentialAction\":[{\"@type\":\"SearchAction\",\"target\":{\"@type\":\"EntryPoint\",\"urlTemplate\":\"https:\/\/webalkans.eu\/sq\/?s={search_term_string}\"},\"query-input\":{\"@type\":\"PropertyValueSpecification\",\"valueRequired\":true,\"valueName\":\"search_term_string\"}}],\"inLanguage\":\"sq-AL\"},{\"@type\":\"Organization\",\"@id\":\"https:\/\/webalkans.eu\/sq\/#organization\",\"name\":\"European Union\",\"url\":\"https:\/\/webalkans.eu\/sq\/\",\"logo\":{\"@type\":\"ImageObject\",\"inLanguage\":\"sq-AL\",\"@id\":\"https:\/\/webalkans.eu\/sq\/#\/schema\/logo\/image\/\",\"url\":\"https:\/\/webalkans.eu\/wp-content\/uploads\/2020\/11\/eu_flag.jpg\",\"contentUrl\":\"https:\/\/webalkans.eu\/wp-content\/uploads\/2020\/11\/eu_flag.jpg\",\"width\":600,\"height\":401,\"caption\":\"European Union\"},\"image\":{\"@id\":\"https:\/\/webalkans.eu\/sq\/#\/schema\/logo\/image\/\"},\"sameAs\":[\"https:\/\/www.facebook.com\/webalkans.eu\",\"https:\/\/x.com\/WeBalkans\"]},{\"@type\":\"Person\",\"@id\":\"https:\/\/webalkans.eu\/sq\/#\/schema\/person\/95a8ea19ef21de3b7766e9b65ffdb4da\",\"name\":\"007designstudio@gmail.com\"}]}<\/script>\n<!-- \/ Yoast SEO plugin. -->","yoast_head_json":{"title":"\u2018Green Energy Days\u2019 2022 n\u00eb Kosov\u00eb News | WeBalkans","description":"\u2018Green Energy Days\u2019 2022 n\u00eb Kosov\u00eb","robots":{"index":"index","follow":"follow","max-snippet":"max-snippet:-1","max-image-preview":"max-image-preview:large","max-video-preview":"max-video-preview:-1"},"canonical":"https:\/\/webalkans.eu\/sq\/news\/2022-green-energy-days-in-kosovo\/","og_locale":"sq_AL","og_type":"article","og_title":"\u2018Green Energy Days\u2019 2022 n\u00eb Kosov\u00eb News | WeBalkans","og_description":"\u2018Green Energy Days\u2019 2022 n\u00eb Kosov\u00eb","og_url":"https:\/\/webalkans.eu\/sq\/news\/2022-green-energy-days-in-kosovo\/","og_site_name":"WeBalkans | EU Projects in the Western Balkans","article_publisher":"https:\/\/www.facebook.com\/webalkans.eu","article_published_time":"2022-05-18T17:00:54+00:00","article_modified_time":"2022-05-23T16:17:50+00:00","og_image":[{"width":411,"height":309,"url":"https:\/\/webalkans.eu\/wp-content\/uploads\/2022\/05\/4-1.jpeg","type":"image\/jpeg"}],"author":"007designstudio@gmail.com","twitter_card":"summary_large_image","twitter_creator":"@WeBalkans","twitter_site":"@WeBalkans","twitter_misc":{"Written by":"007designstudio@gmail.com","Est. reading time":"1 minute"},"schema":{"@context":"https:\/\/schema.org","@graph":[{"@type":"Article","@id":"https:\/\/webalkans.eu\/sq\/news\/2022-green-energy-days-in-kosovo\/#article","isPartOf":{"@id":"https:\/\/webalkans.eu\/sq\/news\/2022-green-energy-days-in-kosovo\/"},"author":{"name":"007designstudio@gmail.com","@id":"https:\/\/webalkans.eu\/sq\/#\/schema\/person\/95a8ea19ef21de3b7766e9b65ffdb4da"},"headline":"\u2018Green Energy Days\u2019 2022 n\u00eb Kosov\u00eb","datePublished":"2022-05-18T17:00:54+00:00","dateModified":"2022-05-23T16:17:50+00:00","mainEntityOfPage":{"@id":"https:\/\/webalkans.eu\/sq\/news\/2022-green-energy-days-in-kosovo\/"},"wordCount":212,"publisher":{"@id":"https:\/\/webalkans.eu\/sq\/#organization"},"image":{"@id":"https:\/\/webalkans.eu\/sq\/news\/2022-green-energy-days-in-kosovo\/#primaryimage"},"thumbnailUrl":"https:\/\/webalkans.eu\/wp-content\/uploads\/2022\/05\/4-1.jpeg","inLanguage":"sq-AL"},{"@type":"WebPage","@id":"https:\/\/webalkans.eu\/sq\/news\/2022-green-energy-days-in-kosovo\/","url":"https:\/\/webalkans.eu\/sq\/news\/2022-green-energy-days-in-kosovo\/","name":"\u2018Green Energy Days\u2019 2022 n\u00eb Kosov\u00eb News | WeBalkans","isPartOf":{"@id":"https:\/\/webalkans.eu\/sq\/#website"},"primaryImageOfPage":{"@id":"https:\/\/webalkans.eu\/sq\/news\/2022-green-energy-days-in-kosovo\/#primaryimage"},"image":{"@id":"https:\/\/webalkans.eu\/sq\/news\/2022-green-energy-days-in-kosovo\/#primaryimage"},"thumbnailUrl":"https:\/\/webalkans.eu\/wp-content\/uploads\/2022\/05\/4-1.jpeg","datePublished":"2022-05-18T17:00:54+00:00","dateModified":"2022-05-23T16:17:50+00:00","description":"\u2018Green Energy Days\u2019 2022 n\u00eb Kosov\u00eb","breadcrumb":{"@id":"https:\/\/webalkans.eu\/sq\/news\/2022-green-energy-days-in-kosovo\/#breadcrumb"},"inLanguage":"sq-AL","potentialAction":[{"@type":"ReadAction","target":["https:\/\/webalkans.eu\/sq\/news\/2022-green-energy-days-in-kosovo\/"]}]},{"@type":"ImageObject","inLanguage":"sq-AL","@id":"https:\/\/webalkans.eu\/sq\/news\/2022-green-energy-days-in-kosovo\/#primaryimage","url":"https:\/\/webalkans.eu\/wp-content\/uploads\/2022\/05\/4-1.jpeg","contentUrl":"https:\/\/webalkans.eu\/wp-content\/uploads\/2022\/05\/4-1.jpeg","width":411,"height":309},{"@type":"BreadcrumbList","@id":"https:\/\/webalkans.eu\/sq\/news\/2022-green-energy-days-in-kosovo\/#breadcrumb","itemListElement":[{"@type":"ListItem","position":1,"name":"Home","item":"https:\/\/webalkans.eu\/sq\/homepage\/"},{"@type":"ListItem","position":2,"name":"\u2018Green Energy Days\u2019 2022 n\u00eb Kosov\u00eb"}]},{"@type":"WebSite","@id":"https:\/\/webalkans.eu\/sq\/#website","url":"https:\/\/webalkans.eu\/sq\/","name":"WeBalkans | EU Projects in the Western Balkans","description":"","publisher":{"@id":"https:\/\/webalkans.eu\/sq\/#organization"},"potentialAction":[{"@type":"SearchAction","target":{"@type":"EntryPoint","urlTemplate":"https:\/\/webalkans.eu\/sq\/?s={search_term_string}"},"query-input":{"@type":"PropertyValueSpecification","valueRequired":true,"valueName":"search_term_string"}}],"inLanguage":"sq-AL"},{"@type":"Organization","@id":"https:\/\/webalkans.eu\/sq\/#organization","name":"European Union","url":"https:\/\/webalkans.eu\/sq\/","logo":{"@type":"ImageObject","inLanguage":"sq-AL","@id":"https:\/\/webalkans.eu\/sq\/#\/schema\/logo\/image\/","url":"https:\/\/webalkans.eu\/wp-content\/uploads\/2020\/11\/eu_flag.jpg","contentUrl":"https:\/\/webalkans.eu\/wp-content\/uploads\/2020\/11\/eu_flag.jpg","width":600,"height":401,"caption":"European Union"},"image":{"@id":"https:\/\/webalkans.eu\/sq\/#\/schema\/logo\/image\/"},"sameAs":["https:\/\/www.facebook.com\/webalkans.eu","https:\/\/x.com\/WeBalkans"]},{"@type":"Person","@id":"https:\/\/webalkans.eu\/sq\/#\/schema\/person\/95a8ea19ef21de3b7766e9b65ffdb4da","name":"007designstudio@gmail.com"}]}},"_links":{"self":[{"href":"https:\/\/webalkans.eu\/sq\/wp-json\/wp\/v2\/posts\/605002"}],"collection":[{"href":"https:\/\/webalkans.eu\/sq\/wp-json\/wp\/v2\/posts"}],"about":[{"href":"https:\/\/webalkans.eu\/sq\/wp-json\/wp\/v2\/types\/post"}],"author":[{"embeddable":true,"href":"https:\/\/webalkans.eu\/sq\/wp-json\/wp\/v2\/users\/152227"}],"replies":[{"embeddable":true,"href":"https:\/\/webalkans.eu\/sq\/wp-json\/wp\/v2\/comments?post=605002"}],"version-history":[{"count":0,"href":"https:\/\/webalkans.eu\/sq\/wp-json\/wp\/v2\/posts\/605002\/revisions"}],"wp:featuredmedia":[{"embeddable":true,"href":"https:\/\/webalkans.eu\/sq\/wp-json\/wp\/v2\/media\/598776"}],"wp:attachment":[{"href":"https:\/\/webalkans.eu\/sq\/wp-json\/wp\/v2\/media?parent=605002"}],"wp:term":[{"taxonomy":"country-for-news","embeddable":true,"href":"https:\/\/webalkans.eu\/sq\/wp-json\/wp\/v2\/country-for-news?post=605002"}],"curies":[{"name":"wp","href":"https:\/\/api.w.org\/{rel}","templated":true}]}}