
{"id":604979,"date":"2022-05-18T18:52:40","date_gmt":"2022-05-18T16:52:40","guid":{"rendered":"https:\/\/webalkans.eu\/news\/the-coal-regions-programme-launches-exchanges-between-western-balkans-and-eu\/"},"modified":"2022-05-23T18:10:57","modified_gmt":"2022-05-23T16:10:57","slug":"the-coal-regions-programme-launches-exchanges-between-western-balkans-and-eu","status":"publish","type":"post","link":"https:\/\/webalkans.eu\/sq\/news\/the-coal-regions-programme-launches-exchanges-between-western-balkans-and-eu\/","title":{"rendered":"Programi i Rajoneve t\u00eb Qymyrit nis shk\u00ebmbimet nd\u00ebrmjet Ballkanit Per\u00ebndimor dhe BE-s\u00eb"},"content":{"rendered":"<p style=\"font-weight: 400;\">Programi i shk\u00ebmbimit t\u00eb rajoneve t\u00eb qymyrit ka nisur gjasht\u00eb shk\u00ebmbime midis zonave t\u00eb Ballkanit Per\u00ebndimor dhe homolog\u00ebve t\u00eb tyre t\u00eb BE-s\u00eb. K\u00ebto sjellin mund\u00ebsi p\u00ebr k\u00ebto rajone t\u00eb fillojn\u00eb dialogun e drejtp\u00ebrdrejt\u00eb dhe t\u00eb m\u00ebsojn\u00eb nga p\u00ebrvoja e nj\u00ebri-tjetrit p\u00ebr largimin nga qymyri si pjes\u00eb e tranzicionit drejt energjis\u00eb s\u00eb past\u00ebr.<\/p>\n<p>&nbsp;<\/p>\n<p style=\"font-weight: 400;\">Nj\u00eb total prej 32 aplikimesh, q\u00eb p\u00ebrfaq\u00ebsojn\u00eb nj\u00eb shtrirje t\u00eb larmishme gjeografike, u d\u00ebrguan p\u00ebr pjes\u00ebmarrje n\u00eb program. Bazuar n\u00eb vler\u00ebsimet e ekspert\u00ebve, 14 prej tyre jan\u00eb grupuar s\u00eb bashku p\u00ebr t\u00eb formuar gjasht\u00eb grupe partner\u00ebsh shk\u00ebmbimi, t\u00eb cil\u00ebt aktualisht po p\u00ebrgatiten p\u00ebr shk\u00ebmbimet e tyre. Jan\u00eb planifikuar edhe dy grupe t\u00eb tjera, secila prej tyre bashk\u00ebdrejtohet nga aplikant\u00eb ukrainas, por jan\u00eb pezulluar p\u00ebrkoh\u00ebsisht.<\/p>\n<p>&nbsp;<\/p>\n<p style=\"font-weight: 400;\">Tre shk\u00ebmbime do t\u00eb fillojn\u00eb n\u00eb pranver\u00eb t\u00eb vitit 2022 dhe planifikimi i detajuar e p\u00ebrgatitja e tre t\u00eb tjer\u00ebve do t\u00eb filloj\u00eb n\u00eb pjes\u00ebn e dyt\u00eb t\u00eb vitit. Udh\u00ebhequr nga moderator\u00eb te p\u00ebrkushtuar t\u00eb shk\u00ebmbimit, pjes\u00ebmarr\u00ebsit e programit jan\u00eb duke zhvilluar plane t\u00eb sakta p\u00ebr shk\u00ebmbimet e tyre. K\u00ebto do t\u00eb p\u00ebrfshijn\u00eb nj\u00eb ose dy vizita fizikisht, t\u00eb cilat do t\u00eb planifikohen paraprakisht p\u00ebrmes nd\u00ebrveprimeve virtuale dhe diskutimeve ku rajonet mund t\u00eb forcojn\u00eb marr\u00ebdh\u00ebniet e tyre, n\u00eb m\u00ebnyr\u00eb ideale duke \u00e7uar n\u00eb bashk\u00ebpunim t\u00eb frytsh\u00ebm p\u00ebrtej k\u00ebtij programi.<\/p>\n<p>&nbsp;<\/p>\n<p style=\"font-weight: 400;\">Programi i shk\u00ebmbimit \u00ebsht\u00eb nj\u00eb nga aktivitetet kryesor\u00eb t\u00eb Iniciativ\u00ebs p\u00ebr rajonet e qymyrit n\u00eb tranzicion n\u00eb Ballkanin Per\u00ebndimor dhe n\u00eb Ukrain\u00eb, i cili synon t\u00eb ndihmoj\u00eb rajonet t\u00eb largohen nga qymyri drejt nj\u00eb ekonomie neutrale ndaj karbonit, duke siguruar q\u00eb ky tranzicion t\u00eb jet\u00eb i drejt\u00eb. Ai menaxhohet nga Komisioni Evropian dhe gjasht\u00eb partner\u00eb nd\u00ebrkomb\u00ebtar\u00eb: College of Europe in Natolin, Energy Community\u00a0Secretariat, European Bank for Reconstruction and Development, European Investment Bank, Poland\u2019s\u00a0National Fund for Environment Protection and Water Management dhe Banka Bot\u00ebrore.<\/p>\n","protected":false},"excerpt":{"rendered":"<p>Programi i shk\u00ebmbimit t\u00eb rajoneve t\u00eb qymyrit ka nisur gjasht\u00eb shk\u00ebmbime midis zonave t\u00eb Ballkanit Per\u00ebndimor dhe homolog\u00ebve t\u00eb tyre t\u00eb BE-s\u00eb. K\u00ebto sjellin mund\u00ebsi <\/p>\n","protected":false},"author":152227,"featured_media":598736,"comment_status":"closed","ping_status":"closed","sticky":false,"template":"","format":"standard","meta":{"_acf_changed":false,"_monsterinsights_skip_tracking":false,"_monsterinsights_sitenote_active":false,"_monsterinsights_sitenote_note":"","_monsterinsights_sitenote_category":0,"footnotes":""},"country-for-news":[428,431,437,441,415,421],"class_list":["post-604979","post","type-post","status-publish","format-standard","has-post-thumbnail","hentry","wb_theme-connectivity","country-for-news-kosovo","country-for-news-montenegro","country-for-news-north-macedonia","country-for-news-serbia","country-for-news-albania","country-for-news-bosnia-and-herzegovina"],"acf":[],"yoast_head":"<!-- This site is optimized with the Yoast SEO plugin v25.3.1 - https:\/\/yoast.com\/wordpress\/plugins\/seo\/ -->\n<title>Programi i Rajoneve t\u00eb Qymyrit nis shk\u00ebmbimet nd\u00ebrmjet Ballkanit Per\u00ebndimor dhe BE-s\u00eb News | WeBalkans<\/title>\n<meta name=\"description\" content=\"Programi i Rajoneve t\u00eb Qymyrit nis shk\u00ebmbimet nd\u00ebrmjet Ballkanit Per\u00ebndimor dhe BE-s\u00eb\" \/>\n<meta name=\"robots\" content=\"index, follow, max-snippet:-1, max-image-preview:large, max-video-preview:-1\" \/>\n<link rel=\"canonical\" href=\"https:\/\/webalkans.eu\/sq\/news\/the-coal-regions-programme-launches-exchanges-between-western-balkans-and-eu\/\" \/>\n<meta property=\"og:locale\" content=\"sq_AL\" \/>\n<meta property=\"og:type\" content=\"article\" \/>\n<meta property=\"og:title\" content=\"Programi i Rajoneve t\u00eb Qymyrit nis shk\u00ebmbimet nd\u00ebrmjet Ballkanit Per\u00ebndimor dhe BE-s\u00eb News | WeBalkans\" \/>\n<meta property=\"og:description\" content=\"Programi i Rajoneve t\u00eb Qymyrit nis shk\u00ebmbimet nd\u00ebrmjet Ballkanit Per\u00ebndimor dhe BE-s\u00eb\" \/>\n<meta property=\"og:url\" content=\"https:\/\/webalkans.eu\/sq\/news\/the-coal-regions-programme-launches-exchanges-between-western-balkans-and-eu\/\" \/>\n<meta property=\"og:site_name\" content=\"WeBalkans | EU Projects in the Western Balkans\" \/>\n<meta property=\"article:publisher\" content=\"https:\/\/www.facebook.com\/webalkans.eu\" \/>\n<meta property=\"article:published_time\" content=\"2022-05-18T16:52:40+00:00\" \/>\n<meta property=\"article:modified_time\" content=\"2022-05-23T16:10:57+00:00\" \/>\n<meta property=\"og:image\" content=\"https:\/\/webalkans.eu\/wp-content\/uploads\/2022\/05\/1.png\" \/>\n\t<meta property=\"og:image:width\" content=\"856\" \/>\n\t<meta property=\"og:image:height\" content=\"572\" \/>\n\t<meta property=\"og:image:type\" content=\"image\/png\" \/>\n<meta name=\"author\" content=\"007designstudio@gmail.com\" \/>\n<meta name=\"twitter:card\" content=\"summary_large_image\" \/>\n<meta name=\"twitter:creator\" content=\"@WeBalkans\" \/>\n<meta name=\"twitter:site\" content=\"@WeBalkans\" \/>\n<meta name=\"twitter:label1\" content=\"Written by\" \/>\n\t<meta name=\"twitter:data1\" content=\"007designstudio@gmail.com\" \/>\n\t<meta name=\"twitter:label2\" content=\"Est. reading time\" \/>\n\t<meta name=\"twitter:data2\" content=\"2 minutes\" \/>\n<script type=\"application\/ld+json\" class=\"yoast-schema-graph\">{\"@context\":\"https:\/\/schema.org\",\"@graph\":[{\"@type\":\"Article\",\"@id\":\"https:\/\/webalkans.eu\/sq\/news\/the-coal-regions-programme-launches-exchanges-between-western-balkans-and-eu\/#article\",\"isPartOf\":{\"@id\":\"https:\/\/webalkans.eu\/sq\/news\/the-coal-regions-programme-launches-exchanges-between-western-balkans-and-eu\/\"},\"author\":{\"name\":\"007designstudio@gmail.com\",\"@id\":\"https:\/\/webalkans.eu\/sq\/#\/schema\/person\/95a8ea19ef21de3b7766e9b65ffdb4da\"},\"headline\":\"Programi i Rajoneve t\u00eb Qymyrit nis shk\u00ebmbimet nd\u00ebrmjet Ballkanit Per\u00ebndimor dhe BE-s\u00eb\",\"datePublished\":\"2022-05-18T16:52:40+00:00\",\"dateModified\":\"2022-05-23T16:10:57+00:00\",\"mainEntityOfPage\":{\"@id\":\"https:\/\/webalkans.eu\/sq\/news\/the-coal-regions-programme-launches-exchanges-between-western-balkans-and-eu\/\"},\"wordCount\":366,\"publisher\":{\"@id\":\"https:\/\/webalkans.eu\/sq\/#organization\"},\"image\":{\"@id\":\"https:\/\/webalkans.eu\/sq\/news\/the-coal-regions-programme-launches-exchanges-between-western-balkans-and-eu\/#primaryimage\"},\"thumbnailUrl\":\"https:\/\/webalkans.eu\/wp-content\/uploads\/2022\/05\/1.png\",\"inLanguage\":\"sq-AL\"},{\"@type\":\"WebPage\",\"@id\":\"https:\/\/webalkans.eu\/sq\/news\/the-coal-regions-programme-launches-exchanges-between-western-balkans-and-eu\/\",\"url\":\"https:\/\/webalkans.eu\/sq\/news\/the-coal-regions-programme-launches-exchanges-between-western-balkans-and-eu\/\",\"name\":\"Programi i Rajoneve t\u00eb Qymyrit nis shk\u00ebmbimet nd\u00ebrmjet Ballkanit Per\u00ebndimor dhe BE-s\u00eb News | WeBalkans\",\"isPartOf\":{\"@id\":\"https:\/\/webalkans.eu\/sq\/#website\"},\"primaryImageOfPage\":{\"@id\":\"https:\/\/webalkans.eu\/sq\/news\/the-coal-regions-programme-launches-exchanges-between-western-balkans-and-eu\/#primaryimage\"},\"image\":{\"@id\":\"https:\/\/webalkans.eu\/sq\/news\/the-coal-regions-programme-launches-exchanges-between-western-balkans-and-eu\/#primaryimage\"},\"thumbnailUrl\":\"https:\/\/webalkans.eu\/wp-content\/uploads\/2022\/05\/1.png\",\"datePublished\":\"2022-05-18T16:52:40+00:00\",\"dateModified\":\"2022-05-23T16:10:57+00:00\",\"description\":\"Programi i Rajoneve t\u00eb Qymyrit nis shk\u00ebmbimet nd\u00ebrmjet Ballkanit Per\u00ebndimor dhe BE-s\u00eb\",\"breadcrumb\":{\"@id\":\"https:\/\/webalkans.eu\/sq\/news\/the-coal-regions-programme-launches-exchanges-between-western-balkans-and-eu\/#breadcrumb\"},\"inLanguage\":\"sq-AL\",\"potentialAction\":[{\"@type\":\"ReadAction\",\"target\":[\"https:\/\/webalkans.eu\/sq\/news\/the-coal-regions-programme-launches-exchanges-between-western-balkans-and-eu\/\"]}]},{\"@type\":\"ImageObject\",\"inLanguage\":\"sq-AL\",\"@id\":\"https:\/\/webalkans.eu\/sq\/news\/the-coal-regions-programme-launches-exchanges-between-western-balkans-and-eu\/#primaryimage\",\"url\":\"https:\/\/webalkans.eu\/wp-content\/uploads\/2022\/05\/1.png\",\"contentUrl\":\"https:\/\/webalkans.eu\/wp-content\/uploads\/2022\/05\/1.png\",\"width\":856,\"height\":572},{\"@type\":\"BreadcrumbList\",\"@id\":\"https:\/\/webalkans.eu\/sq\/news\/the-coal-regions-programme-launches-exchanges-between-western-balkans-and-eu\/#breadcrumb\",\"itemListElement\":[{\"@type\":\"ListItem\",\"position\":1,\"name\":\"Home\",\"item\":\"https:\/\/webalkans.eu\/sq\/homepage\/\"},{\"@type\":\"ListItem\",\"position\":2,\"name\":\"Programi i Rajoneve t\u00eb Qymyrit nis shk\u00ebmbimet nd\u00ebrmjet Ballkanit Per\u00ebndimor dhe BE-s\u00eb\"}]},{\"@type\":\"WebSite\",\"@id\":\"https:\/\/webalkans.eu\/sq\/#website\",\"url\":\"https:\/\/webalkans.eu\/sq\/\",\"name\":\"WeBalkans | EU Projects in the Western Balkans\",\"description\":\"\",\"publisher\":{\"@id\":\"https:\/\/webalkans.eu\/sq\/#organization\"},\"potentialAction\":[{\"@type\":\"SearchAction\",\"target\":{\"@type\":\"EntryPoint\",\"urlTemplate\":\"https:\/\/webalkans.eu\/sq\/?s={search_term_string}\"},\"query-input\":{\"@type\":\"PropertyValueSpecification\",\"valueRequired\":true,\"valueName\":\"search_term_string\"}}],\"inLanguage\":\"sq-AL\"},{\"@type\":\"Organization\",\"@id\":\"https:\/\/webalkans.eu\/sq\/#organization\",\"name\":\"European Union\",\"url\":\"https:\/\/webalkans.eu\/sq\/\",\"logo\":{\"@type\":\"ImageObject\",\"inLanguage\":\"sq-AL\",\"@id\":\"https:\/\/webalkans.eu\/sq\/#\/schema\/logo\/image\/\",\"url\":\"https:\/\/webalkans.eu\/wp-content\/uploads\/2020\/11\/eu_flag.jpg\",\"contentUrl\":\"https:\/\/webalkans.eu\/wp-content\/uploads\/2020\/11\/eu_flag.jpg\",\"width\":600,\"height\":401,\"caption\":\"European Union\"},\"image\":{\"@id\":\"https:\/\/webalkans.eu\/sq\/#\/schema\/logo\/image\/\"},\"sameAs\":[\"https:\/\/www.facebook.com\/webalkans.eu\",\"https:\/\/x.com\/WeBalkans\"]},{\"@type\":\"Person\",\"@id\":\"https:\/\/webalkans.eu\/sq\/#\/schema\/person\/95a8ea19ef21de3b7766e9b65ffdb4da\",\"name\":\"007designstudio@gmail.com\"}]}<\/script>\n<!-- \/ Yoast SEO plugin. -->","yoast_head_json":{"title":"Programi i Rajoneve t\u00eb Qymyrit nis shk\u00ebmbimet nd\u00ebrmjet Ballkanit Per\u00ebndimor dhe BE-s\u00eb News | WeBalkans","description":"Programi i Rajoneve t\u00eb Qymyrit nis shk\u00ebmbimet nd\u00ebrmjet Ballkanit Per\u00ebndimor dhe BE-s\u00eb","robots":{"index":"index","follow":"follow","max-snippet":"max-snippet:-1","max-image-preview":"max-image-preview:large","max-video-preview":"max-video-preview:-1"},"canonical":"https:\/\/webalkans.eu\/sq\/news\/the-coal-regions-programme-launches-exchanges-between-western-balkans-and-eu\/","og_locale":"sq_AL","og_type":"article","og_title":"Programi i Rajoneve t\u00eb Qymyrit nis shk\u00ebmbimet nd\u00ebrmjet Ballkanit Per\u00ebndimor dhe BE-s\u00eb News | WeBalkans","og_description":"Programi i Rajoneve t\u00eb Qymyrit nis shk\u00ebmbimet nd\u00ebrmjet Ballkanit Per\u00ebndimor dhe BE-s\u00eb","og_url":"https:\/\/webalkans.eu\/sq\/news\/the-coal-regions-programme-launches-exchanges-between-western-balkans-and-eu\/","og_site_name":"WeBalkans | EU Projects in the Western Balkans","article_publisher":"https:\/\/www.facebook.com\/webalkans.eu","article_published_time":"2022-05-18T16:52:40+00:00","article_modified_time":"2022-05-23T16:10:57+00:00","og_image":[{"width":856,"height":572,"url":"https:\/\/webalkans.eu\/wp-content\/uploads\/2022\/05\/1.png","type":"image\/png"}],"author":"007designstudio@gmail.com","twitter_card":"summary_large_image","twitter_creator":"@WeBalkans","twitter_site":"@WeBalkans","twitter_misc":{"Written by":"007designstudio@gmail.com","Est. reading time":"2 minutes"},"schema":{"@context":"https:\/\/schema.org","@graph":[{"@type":"Article","@id":"https:\/\/webalkans.eu\/sq\/news\/the-coal-regions-programme-launches-exchanges-between-western-balkans-and-eu\/#article","isPartOf":{"@id":"https:\/\/webalkans.eu\/sq\/news\/the-coal-regions-programme-launches-exchanges-between-western-balkans-and-eu\/"},"author":{"name":"007designstudio@gmail.com","@id":"https:\/\/webalkans.eu\/sq\/#\/schema\/person\/95a8ea19ef21de3b7766e9b65ffdb4da"},"headline":"Programi i Rajoneve t\u00eb Qymyrit nis shk\u00ebmbimet nd\u00ebrmjet Ballkanit Per\u00ebndimor dhe BE-s\u00eb","datePublished":"2022-05-18T16:52:40+00:00","dateModified":"2022-05-23T16:10:57+00:00","mainEntityOfPage":{"@id":"https:\/\/webalkans.eu\/sq\/news\/the-coal-regions-programme-launches-exchanges-between-western-balkans-and-eu\/"},"wordCount":366,"publisher":{"@id":"https:\/\/webalkans.eu\/sq\/#organization"},"image":{"@id":"https:\/\/webalkans.eu\/sq\/news\/the-coal-regions-programme-launches-exchanges-between-western-balkans-and-eu\/#primaryimage"},"thumbnailUrl":"https:\/\/webalkans.eu\/wp-content\/uploads\/2022\/05\/1.png","inLanguage":"sq-AL"},{"@type":"WebPage","@id":"https:\/\/webalkans.eu\/sq\/news\/the-coal-regions-programme-launches-exchanges-between-western-balkans-and-eu\/","url":"https:\/\/webalkans.eu\/sq\/news\/the-coal-regions-programme-launches-exchanges-between-western-balkans-and-eu\/","name":"Programi i Rajoneve t\u00eb Qymyrit nis shk\u00ebmbimet nd\u00ebrmjet Ballkanit Per\u00ebndimor dhe BE-s\u00eb News | WeBalkans","isPartOf":{"@id":"https:\/\/webalkans.eu\/sq\/#website"},"primaryImageOfPage":{"@id":"https:\/\/webalkans.eu\/sq\/news\/the-coal-regions-programme-launches-exchanges-between-western-balkans-and-eu\/#primaryimage"},"image":{"@id":"https:\/\/webalkans.eu\/sq\/news\/the-coal-regions-programme-launches-exchanges-between-western-balkans-and-eu\/#primaryimage"},"thumbnailUrl":"https:\/\/webalkans.eu\/wp-content\/uploads\/2022\/05\/1.png","datePublished":"2022-05-18T16:52:40+00:00","dateModified":"2022-05-23T16:10:57+00:00","description":"Programi i Rajoneve t\u00eb Qymyrit nis shk\u00ebmbimet nd\u00ebrmjet Ballkanit Per\u00ebndimor dhe BE-s\u00eb","breadcrumb":{"@id":"https:\/\/webalkans.eu\/sq\/news\/the-coal-regions-programme-launches-exchanges-between-western-balkans-and-eu\/#breadcrumb"},"inLanguage":"sq-AL","potentialAction":[{"@type":"ReadAction","target":["https:\/\/webalkans.eu\/sq\/news\/the-coal-regions-programme-launches-exchanges-between-western-balkans-and-eu\/"]}]},{"@type":"ImageObject","inLanguage":"sq-AL","@id":"https:\/\/webalkans.eu\/sq\/news\/the-coal-regions-programme-launches-exchanges-between-western-balkans-and-eu\/#primaryimage","url":"https:\/\/webalkans.eu\/wp-content\/uploads\/2022\/05\/1.png","contentUrl":"https:\/\/webalkans.eu\/wp-content\/uploads\/2022\/05\/1.png","width":856,"height":572},{"@type":"BreadcrumbList","@id":"https:\/\/webalkans.eu\/sq\/news\/the-coal-regions-programme-launches-exchanges-between-western-balkans-and-eu\/#breadcrumb","itemListElement":[{"@type":"ListItem","position":1,"name":"Home","item":"https:\/\/webalkans.eu\/sq\/homepage\/"},{"@type":"ListItem","position":2,"name":"Programi i Rajoneve t\u00eb Qymyrit nis shk\u00ebmbimet nd\u00ebrmjet Ballkanit Per\u00ebndimor dhe BE-s\u00eb"}]},{"@type":"WebSite","@id":"https:\/\/webalkans.eu\/sq\/#website","url":"https:\/\/webalkans.eu\/sq\/","name":"WeBalkans | EU Projects in the Western Balkans","description":"","publisher":{"@id":"https:\/\/webalkans.eu\/sq\/#organization"},"potentialAction":[{"@type":"SearchAction","target":{"@type":"EntryPoint","urlTemplate":"https:\/\/webalkans.eu\/sq\/?s={search_term_string}"},"query-input":{"@type":"PropertyValueSpecification","valueRequired":true,"valueName":"search_term_string"}}],"inLanguage":"sq-AL"},{"@type":"Organization","@id":"https:\/\/webalkans.eu\/sq\/#organization","name":"European Union","url":"https:\/\/webalkans.eu\/sq\/","logo":{"@type":"ImageObject","inLanguage":"sq-AL","@id":"https:\/\/webalkans.eu\/sq\/#\/schema\/logo\/image\/","url":"https:\/\/webalkans.eu\/wp-content\/uploads\/2020\/11\/eu_flag.jpg","contentUrl":"https:\/\/webalkans.eu\/wp-content\/uploads\/2020\/11\/eu_flag.jpg","width":600,"height":401,"caption":"European Union"},"image":{"@id":"https:\/\/webalkans.eu\/sq\/#\/schema\/logo\/image\/"},"sameAs":["https:\/\/www.facebook.com\/webalkans.eu","https:\/\/x.com\/WeBalkans"]},{"@type":"Person","@id":"https:\/\/webalkans.eu\/sq\/#\/schema\/person\/95a8ea19ef21de3b7766e9b65ffdb4da","name":"007designstudio@gmail.com"}]}},"_links":{"self":[{"href":"https:\/\/webalkans.eu\/sq\/wp-json\/wp\/v2\/posts\/604979"}],"collection":[{"href":"https:\/\/webalkans.eu\/sq\/wp-json\/wp\/v2\/posts"}],"about":[{"href":"https:\/\/webalkans.eu\/sq\/wp-json\/wp\/v2\/types\/post"}],"author":[{"embeddable":true,"href":"https:\/\/webalkans.eu\/sq\/wp-json\/wp\/v2\/users\/152227"}],"replies":[{"embeddable":true,"href":"https:\/\/webalkans.eu\/sq\/wp-json\/wp\/v2\/comments?post=604979"}],"version-history":[{"count":0,"href":"https:\/\/webalkans.eu\/sq\/wp-json\/wp\/v2\/posts\/604979\/revisions"}],"wp:featuredmedia":[{"embeddable":true,"href":"https:\/\/webalkans.eu\/sq\/wp-json\/wp\/v2\/media\/598736"}],"wp:attachment":[{"href":"https:\/\/webalkans.eu\/sq\/wp-json\/wp\/v2\/media?parent=604979"}],"wp:term":[{"taxonomy":"country-for-news","embeddable":true,"href":"https:\/\/webalkans.eu\/sq\/wp-json\/wp\/v2\/country-for-news?post=604979"}],"curies":[{"name":"wp","href":"https:\/\/api.w.org\/{rel}","templated":true}]}}