
{"id":592470,"date":"2022-05-06T13:15:50","date_gmt":"2022-05-06T11:15:50","guid":{"rendered":"https:\/\/webalkans.eu\/news\/eib-to-support-the-western-balkans-to-address-the-current-crisis\/"},"modified":"2022-05-11T18:24:16","modified_gmt":"2022-05-11T16:24:16","slug":"eib-to-support-the-western-balkans-to-address-the-current-crisis","status":"publish","type":"post","link":"https:\/\/webalkans.eu\/sq\/news\/eib-to-support-the-western-balkans-to-address-the-current-crisis\/","title":{"rendered":"EIB mb\u00ebshtet Ballkanin Per\u00ebndimor n\u00eb zgjidhjen e kriz\u00ebs aktuale"},"content":{"rendered":"<div>\n<p><span lang=\"EN-GB\">N\u00eb fund t\u00eb prillit, European Investment Bank (EIB) bashk\u00eborganizoi <span class=\"apple-converted-space\">\u00a0konferenc\u00ebn e tet\u00eb \u2018<\/span>International Research Conference on<span class=\"apple-converted-space\">\u00a0<\/span><em>Building Resilience in Times of Crisis: The Role of Policies.\u2019<\/em> Konferenca u organizua n\u00eb bashk\u00ebpunim me Bank\u00ebn Komb\u00ebtare t\u00eb Maqedonis\u00eb s\u00eb Veriut dhe u mbajt n\u00eb 30-vjetorin e sovranitetit monetar t\u00eb Maqedonis\u00eb s\u00eb Veriut. Eventi trajtoi sfidat aktuale, pasigurit\u00eb q\u00eb rrjedhin nga rregullimet e politikave pas pandemis\u00eb dhe reagimi politik i nevojsh\u00ebm p\u00ebr t\u00eb adresuar goditjet n\u00eb rritje n\u00eb mallra dhe energji t\u00eb shkaktuara nga lufta n\u00eb Ukrain\u00eb. Ajo ilustron bashk\u00ebpunimin e p\u00ebrforcuar t\u00eb EIB \u2013 krahu huadh\u00ebn\u00ebs i Bashkimit Evropian \u2013 me partner\u00ebt e saj n\u00eb Maqedonin\u00eb e Veriut dhe mb\u00ebshtetjen q\u00eb Banka ka dh\u00ebn\u00eb p\u00ebr stabilitetin ekonomik t\u00eb vendit dhe procesin e integrimit n\u00eb BE p\u00ebr m\u00eb shum\u00eb se 40 vjet.<\/span><\/p>\n<p>&nbsp;<\/p>\n<\/div>\n<div>\n<p><b><span lang=\"EN-GB\"><br \/>\n<\/span><\/b><b><span lang=\"EN-GB\">Z\u00ebvend\u00ebspresidentja e EIB-s\u00eb, Lilyana Pavlova,<\/span><\/b><span lang=\"EN-GB\"> theksoi se si banka e BE-s\u00eb, EIB-ja \u00ebsht\u00eb e gatshme t\u00eb mb\u00ebshtes\u00eb rajonin e Ballkanit Per\u00ebndimor n\u00eb kap\u00ebrcimin e sfidave aktuale. \u201cP\u00ebrve\u00e7 financimit t\u00eb nd\u00ebrtimit t\u00eb rrjeteve m\u00eb t\u00eb sigurta dhe t\u00eb ndryshme t\u00eb energjis\u00eb, ne po ndihmojm\u00eb rajonin t\u00eb rris\u00eb rezistenc\u00ebn ndaj ndryshimeve klimatike dhe t\u00eb zhvilloj\u00eb projekte t\u00eb reja t\u00eb q\u00ebndrueshme n\u00eb kuad\u00ebr t\u00eb European Commission\u2019s Economic and Investment Plan p\u00ebr Ballkanin Per\u00ebndimor. Vitin e kaluar, EIB dha 257 milion\u00eb euro p\u00ebr t\u00eb mb\u00ebshtetur dekarbonizimin dhe tranzicionin drejt ekonomis\u00eb s\u00eb gjelb\u00ebr n\u00eb rajon\u201d, tha ajo.<\/span><\/p>\n<p>&nbsp;<\/p>\n<\/div>\n<div>\n<p><span lang=\"EN-GB\">Konferenca nd\u00ebrkomb\u00ebtare mir\u00ebpriti mbi 40 pjes\u00ebmarr\u00ebs, duke p\u00ebrfshir\u00eb guvernator\u00eb dhe an\u00ebtar\u00eb t\u00eb bordit t\u00eb bankave qendrore, zyrtar\u00eb t\u00eb lart\u00eb t\u00eb institucioneve financiare nd\u00ebrkomb\u00ebtare dhe p\u00ebrfaq\u00ebsues t\u00eb komunitetit akademik rajonal dhe nd\u00ebrkomb\u00ebtar.<\/span><\/p>\n<\/div>\n","protected":false},"excerpt":{"rendered":"<p>N\u00eb fund t\u00eb prillit, European Investment Bank (EIB) bashk\u00eborganizoi \u00a0konferenc\u00ebn e tet\u00eb \u2018International Research Conference on\u00a0Building Resilience in Times of Crisis: The Role of Policies.\u2019 <\/p>\n","protected":false},"author":152227,"featured_media":589276,"comment_status":"closed","ping_status":"closed","sticky":false,"template":"","format":"standard","meta":{"_acf_changed":false,"_monsterinsights_skip_tracking":false,"_monsterinsights_sitenote_active":false,"_monsterinsights_sitenote_note":"","_monsterinsights_sitenote_category":0,"footnotes":""},"country-for-news":[437],"class_list":["post-592470","post","type-post","status-publish","format-standard","has-post-thumbnail","hentry","wb_theme-economy","country-for-news-north-macedonia"],"acf":[],"yoast_head":"<!-- This site is optimized with the Yoast SEO plugin v25.3.1 - https:\/\/yoast.com\/wordpress\/plugins\/seo\/ -->\n<title>EIB mb\u00ebshtet Ballkanin Per\u00ebndimor n\u00eb zgjidhjen e kriz\u00ebs aktuale News | WeBalkans<\/title>\n<meta name=\"description\" content=\"EIB mb\u00ebshtet Ballkanin Per\u00ebndimor n\u00eb zgjidhjen e kriz\u00ebs aktuale\" \/>\n<meta name=\"robots\" content=\"index, follow, max-snippet:-1, max-image-preview:large, max-video-preview:-1\" \/>\n<link rel=\"canonical\" href=\"https:\/\/webalkans.eu\/sq\/news\/eib-to-support-the-western-balkans-to-address-the-current-crisis\/\" \/>\n<meta property=\"og:locale\" content=\"sq_AL\" \/>\n<meta property=\"og:type\" content=\"article\" \/>\n<meta property=\"og:title\" content=\"EIB mb\u00ebshtet Ballkanin Per\u00ebndimor n\u00eb zgjidhjen e kriz\u00ebs aktuale News | WeBalkans\" \/>\n<meta property=\"og:description\" content=\"EIB mb\u00ebshtet Ballkanin Per\u00ebndimor n\u00eb zgjidhjen e kriz\u00ebs aktuale\" \/>\n<meta property=\"og:url\" content=\"https:\/\/webalkans.eu\/sq\/news\/eib-to-support-the-western-balkans-to-address-the-current-crisis\/\" \/>\n<meta property=\"og:site_name\" content=\"WeBalkans | EU Projects in the Western Balkans\" \/>\n<meta property=\"article:publisher\" content=\"https:\/\/www.facebook.com\/webalkans.eu\" \/>\n<meta property=\"article:published_time\" content=\"2022-05-06T11:15:50+00:00\" \/>\n<meta property=\"article:modified_time\" content=\"2022-05-11T16:24:16+00:00\" \/>\n<meta property=\"og:image\" content=\"https:\/\/webalkans.eu\/wp-content\/uploads\/2022\/05\/1-1-scaled.jpg\" \/>\n\t<meta property=\"og:image:width\" content=\"2560\" \/>\n\t<meta property=\"og:image:height\" content=\"1707\" \/>\n\t<meta property=\"og:image:type\" content=\"image\/jpeg\" \/>\n<meta name=\"author\" content=\"007designstudio@gmail.com\" \/>\n<meta name=\"twitter:card\" content=\"summary_large_image\" \/>\n<meta name=\"twitter:creator\" content=\"@WeBalkans\" \/>\n<meta name=\"twitter:site\" content=\"@WeBalkans\" \/>\n<meta name=\"twitter:label1\" content=\"Written by\" \/>\n\t<meta name=\"twitter:data1\" content=\"007designstudio@gmail.com\" \/>\n\t<meta name=\"twitter:label2\" content=\"Est. reading time\" \/>\n\t<meta name=\"twitter:data2\" content=\"1 minute\" \/>\n<script type=\"application\/ld+json\" class=\"yoast-schema-graph\">{\"@context\":\"https:\/\/schema.org\",\"@graph\":[{\"@type\":\"Article\",\"@id\":\"https:\/\/webalkans.eu\/sq\/news\/eib-to-support-the-western-balkans-to-address-the-current-crisis\/#article\",\"isPartOf\":{\"@id\":\"https:\/\/webalkans.eu\/sq\/news\/eib-to-support-the-western-balkans-to-address-the-current-crisis\/\"},\"author\":{\"name\":\"007designstudio@gmail.com\",\"@id\":\"https:\/\/webalkans.eu\/sq\/#\/schema\/person\/95a8ea19ef21de3b7766e9b65ffdb4da\"},\"headline\":\"EIB mb\u00ebshtet Ballkanin Per\u00ebndimor n\u00eb zgjidhjen e kriz\u00ebs aktuale\",\"datePublished\":\"2022-05-06T11:15:50+00:00\",\"dateModified\":\"2022-05-11T16:24:16+00:00\",\"mainEntityOfPage\":{\"@id\":\"https:\/\/webalkans.eu\/sq\/news\/eib-to-support-the-western-balkans-to-address-the-current-crisis\/\"},\"wordCount\":306,\"publisher\":{\"@id\":\"https:\/\/webalkans.eu\/sq\/#organization\"},\"image\":{\"@id\":\"https:\/\/webalkans.eu\/sq\/news\/eib-to-support-the-western-balkans-to-address-the-current-crisis\/#primaryimage\"},\"thumbnailUrl\":\"https:\/\/webalkans.eu\/wp-content\/uploads\/2022\/05\/1-1-scaled.jpg\",\"inLanguage\":\"sq-AL\"},{\"@type\":\"WebPage\",\"@id\":\"https:\/\/webalkans.eu\/sq\/news\/eib-to-support-the-western-balkans-to-address-the-current-crisis\/\",\"url\":\"https:\/\/webalkans.eu\/sq\/news\/eib-to-support-the-western-balkans-to-address-the-current-crisis\/\",\"name\":\"EIB mb\u00ebshtet Ballkanin Per\u00ebndimor n\u00eb zgjidhjen e kriz\u00ebs aktuale News | WeBalkans\",\"isPartOf\":{\"@id\":\"https:\/\/webalkans.eu\/sq\/#website\"},\"primaryImageOfPage\":{\"@id\":\"https:\/\/webalkans.eu\/sq\/news\/eib-to-support-the-western-balkans-to-address-the-current-crisis\/#primaryimage\"},\"image\":{\"@id\":\"https:\/\/webalkans.eu\/sq\/news\/eib-to-support-the-western-balkans-to-address-the-current-crisis\/#primaryimage\"},\"thumbnailUrl\":\"https:\/\/webalkans.eu\/wp-content\/uploads\/2022\/05\/1-1-scaled.jpg\",\"datePublished\":\"2022-05-06T11:15:50+00:00\",\"dateModified\":\"2022-05-11T16:24:16+00:00\",\"description\":\"EIB mb\u00ebshtet Ballkanin Per\u00ebndimor n\u00eb zgjidhjen e kriz\u00ebs aktuale\",\"breadcrumb\":{\"@id\":\"https:\/\/webalkans.eu\/sq\/news\/eib-to-support-the-western-balkans-to-address-the-current-crisis\/#breadcrumb\"},\"inLanguage\":\"sq-AL\",\"potentialAction\":[{\"@type\":\"ReadAction\",\"target\":[\"https:\/\/webalkans.eu\/sq\/news\/eib-to-support-the-western-balkans-to-address-the-current-crisis\/\"]}]},{\"@type\":\"ImageObject\",\"inLanguage\":\"sq-AL\",\"@id\":\"https:\/\/webalkans.eu\/sq\/news\/eib-to-support-the-western-balkans-to-address-the-current-crisis\/#primaryimage\",\"url\":\"https:\/\/webalkans.eu\/wp-content\/uploads\/2022\/05\/1-1-scaled.jpg\",\"contentUrl\":\"https:\/\/webalkans.eu\/wp-content\/uploads\/2022\/05\/1-1-scaled.jpg\",\"width\":2560,\"height\":1707},{\"@type\":\"BreadcrumbList\",\"@id\":\"https:\/\/webalkans.eu\/sq\/news\/eib-to-support-the-western-balkans-to-address-the-current-crisis\/#breadcrumb\",\"itemListElement\":[{\"@type\":\"ListItem\",\"position\":1,\"name\":\"Home\",\"item\":\"https:\/\/webalkans.eu\/sq\/homepage\/\"},{\"@type\":\"ListItem\",\"position\":2,\"name\":\"EIB mb\u00ebshtet Ballkanin Per\u00ebndimor n\u00eb zgjidhjen e kriz\u00ebs aktuale\"}]},{\"@type\":\"WebSite\",\"@id\":\"https:\/\/webalkans.eu\/sq\/#website\",\"url\":\"https:\/\/webalkans.eu\/sq\/\",\"name\":\"WeBalkans | EU Projects in the Western Balkans\",\"description\":\"\",\"publisher\":{\"@id\":\"https:\/\/webalkans.eu\/sq\/#organization\"},\"potentialAction\":[{\"@type\":\"SearchAction\",\"target\":{\"@type\":\"EntryPoint\",\"urlTemplate\":\"https:\/\/webalkans.eu\/sq\/?s={search_term_string}\"},\"query-input\":{\"@type\":\"PropertyValueSpecification\",\"valueRequired\":true,\"valueName\":\"search_term_string\"}}],\"inLanguage\":\"sq-AL\"},{\"@type\":\"Organization\",\"@id\":\"https:\/\/webalkans.eu\/sq\/#organization\",\"name\":\"European Union\",\"url\":\"https:\/\/webalkans.eu\/sq\/\",\"logo\":{\"@type\":\"ImageObject\",\"inLanguage\":\"sq-AL\",\"@id\":\"https:\/\/webalkans.eu\/sq\/#\/schema\/logo\/image\/\",\"url\":\"https:\/\/webalkans.eu\/wp-content\/uploads\/2020\/11\/eu_flag.jpg\",\"contentUrl\":\"https:\/\/webalkans.eu\/wp-content\/uploads\/2020\/11\/eu_flag.jpg\",\"width\":600,\"height\":401,\"caption\":\"European Union\"},\"image\":{\"@id\":\"https:\/\/webalkans.eu\/sq\/#\/schema\/logo\/image\/\"},\"sameAs\":[\"https:\/\/www.facebook.com\/webalkans.eu\",\"https:\/\/x.com\/WeBalkans\"]},{\"@type\":\"Person\",\"@id\":\"https:\/\/webalkans.eu\/sq\/#\/schema\/person\/95a8ea19ef21de3b7766e9b65ffdb4da\",\"name\":\"007designstudio@gmail.com\"}]}<\/script>\n<!-- \/ Yoast SEO plugin. -->","yoast_head_json":{"title":"EIB mb\u00ebshtet Ballkanin Per\u00ebndimor n\u00eb zgjidhjen e kriz\u00ebs aktuale News | WeBalkans","description":"EIB mb\u00ebshtet Ballkanin Per\u00ebndimor n\u00eb zgjidhjen e kriz\u00ebs aktuale","robots":{"index":"index","follow":"follow","max-snippet":"max-snippet:-1","max-image-preview":"max-image-preview:large","max-video-preview":"max-video-preview:-1"},"canonical":"https:\/\/webalkans.eu\/sq\/news\/eib-to-support-the-western-balkans-to-address-the-current-crisis\/","og_locale":"sq_AL","og_type":"article","og_title":"EIB mb\u00ebshtet Ballkanin Per\u00ebndimor n\u00eb zgjidhjen e kriz\u00ebs aktuale News | WeBalkans","og_description":"EIB mb\u00ebshtet Ballkanin Per\u00ebndimor n\u00eb zgjidhjen e kriz\u00ebs aktuale","og_url":"https:\/\/webalkans.eu\/sq\/news\/eib-to-support-the-western-balkans-to-address-the-current-crisis\/","og_site_name":"WeBalkans | EU Projects in the Western Balkans","article_publisher":"https:\/\/www.facebook.com\/webalkans.eu","article_published_time":"2022-05-06T11:15:50+00:00","article_modified_time":"2022-05-11T16:24:16+00:00","og_image":[{"width":2560,"height":1707,"url":"https:\/\/webalkans.eu\/wp-content\/uploads\/2022\/05\/1-1-scaled.jpg","type":"image\/jpeg"}],"author":"007designstudio@gmail.com","twitter_card":"summary_large_image","twitter_creator":"@WeBalkans","twitter_site":"@WeBalkans","twitter_misc":{"Written by":"007designstudio@gmail.com","Est. reading time":"1 minute"},"schema":{"@context":"https:\/\/schema.org","@graph":[{"@type":"Article","@id":"https:\/\/webalkans.eu\/sq\/news\/eib-to-support-the-western-balkans-to-address-the-current-crisis\/#article","isPartOf":{"@id":"https:\/\/webalkans.eu\/sq\/news\/eib-to-support-the-western-balkans-to-address-the-current-crisis\/"},"author":{"name":"007designstudio@gmail.com","@id":"https:\/\/webalkans.eu\/sq\/#\/schema\/person\/95a8ea19ef21de3b7766e9b65ffdb4da"},"headline":"EIB mb\u00ebshtet Ballkanin Per\u00ebndimor n\u00eb zgjidhjen e kriz\u00ebs aktuale","datePublished":"2022-05-06T11:15:50+00:00","dateModified":"2022-05-11T16:24:16+00:00","mainEntityOfPage":{"@id":"https:\/\/webalkans.eu\/sq\/news\/eib-to-support-the-western-balkans-to-address-the-current-crisis\/"},"wordCount":306,"publisher":{"@id":"https:\/\/webalkans.eu\/sq\/#organization"},"image":{"@id":"https:\/\/webalkans.eu\/sq\/news\/eib-to-support-the-western-balkans-to-address-the-current-crisis\/#primaryimage"},"thumbnailUrl":"https:\/\/webalkans.eu\/wp-content\/uploads\/2022\/05\/1-1-scaled.jpg","inLanguage":"sq-AL"},{"@type":"WebPage","@id":"https:\/\/webalkans.eu\/sq\/news\/eib-to-support-the-western-balkans-to-address-the-current-crisis\/","url":"https:\/\/webalkans.eu\/sq\/news\/eib-to-support-the-western-balkans-to-address-the-current-crisis\/","name":"EIB mb\u00ebshtet Ballkanin Per\u00ebndimor n\u00eb zgjidhjen e kriz\u00ebs aktuale News | WeBalkans","isPartOf":{"@id":"https:\/\/webalkans.eu\/sq\/#website"},"primaryImageOfPage":{"@id":"https:\/\/webalkans.eu\/sq\/news\/eib-to-support-the-western-balkans-to-address-the-current-crisis\/#primaryimage"},"image":{"@id":"https:\/\/webalkans.eu\/sq\/news\/eib-to-support-the-western-balkans-to-address-the-current-crisis\/#primaryimage"},"thumbnailUrl":"https:\/\/webalkans.eu\/wp-content\/uploads\/2022\/05\/1-1-scaled.jpg","datePublished":"2022-05-06T11:15:50+00:00","dateModified":"2022-05-11T16:24:16+00:00","description":"EIB mb\u00ebshtet Ballkanin Per\u00ebndimor n\u00eb zgjidhjen e kriz\u00ebs aktuale","breadcrumb":{"@id":"https:\/\/webalkans.eu\/sq\/news\/eib-to-support-the-western-balkans-to-address-the-current-crisis\/#breadcrumb"},"inLanguage":"sq-AL","potentialAction":[{"@type":"ReadAction","target":["https:\/\/webalkans.eu\/sq\/news\/eib-to-support-the-western-balkans-to-address-the-current-crisis\/"]}]},{"@type":"ImageObject","inLanguage":"sq-AL","@id":"https:\/\/webalkans.eu\/sq\/news\/eib-to-support-the-western-balkans-to-address-the-current-crisis\/#primaryimage","url":"https:\/\/webalkans.eu\/wp-content\/uploads\/2022\/05\/1-1-scaled.jpg","contentUrl":"https:\/\/webalkans.eu\/wp-content\/uploads\/2022\/05\/1-1-scaled.jpg","width":2560,"height":1707},{"@type":"BreadcrumbList","@id":"https:\/\/webalkans.eu\/sq\/news\/eib-to-support-the-western-balkans-to-address-the-current-crisis\/#breadcrumb","itemListElement":[{"@type":"ListItem","position":1,"name":"Home","item":"https:\/\/webalkans.eu\/sq\/homepage\/"},{"@type":"ListItem","position":2,"name":"EIB mb\u00ebshtet Ballkanin Per\u00ebndimor n\u00eb zgjidhjen e kriz\u00ebs aktuale"}]},{"@type":"WebSite","@id":"https:\/\/webalkans.eu\/sq\/#website","url":"https:\/\/webalkans.eu\/sq\/","name":"WeBalkans | EU Projects in the Western Balkans","description":"","publisher":{"@id":"https:\/\/webalkans.eu\/sq\/#organization"},"potentialAction":[{"@type":"SearchAction","target":{"@type":"EntryPoint","urlTemplate":"https:\/\/webalkans.eu\/sq\/?s={search_term_string}"},"query-input":{"@type":"PropertyValueSpecification","valueRequired":true,"valueName":"search_term_string"}}],"inLanguage":"sq-AL"},{"@type":"Organization","@id":"https:\/\/webalkans.eu\/sq\/#organization","name":"European Union","url":"https:\/\/webalkans.eu\/sq\/","logo":{"@type":"ImageObject","inLanguage":"sq-AL","@id":"https:\/\/webalkans.eu\/sq\/#\/schema\/logo\/image\/","url":"https:\/\/webalkans.eu\/wp-content\/uploads\/2020\/11\/eu_flag.jpg","contentUrl":"https:\/\/webalkans.eu\/wp-content\/uploads\/2020\/11\/eu_flag.jpg","width":600,"height":401,"caption":"European Union"},"image":{"@id":"https:\/\/webalkans.eu\/sq\/#\/schema\/logo\/image\/"},"sameAs":["https:\/\/www.facebook.com\/webalkans.eu","https:\/\/x.com\/WeBalkans"]},{"@type":"Person","@id":"https:\/\/webalkans.eu\/sq\/#\/schema\/person\/95a8ea19ef21de3b7766e9b65ffdb4da","name":"007designstudio@gmail.com"}]}},"_links":{"self":[{"href":"https:\/\/webalkans.eu\/sq\/wp-json\/wp\/v2\/posts\/592470"}],"collection":[{"href":"https:\/\/webalkans.eu\/sq\/wp-json\/wp\/v2\/posts"}],"about":[{"href":"https:\/\/webalkans.eu\/sq\/wp-json\/wp\/v2\/types\/post"}],"author":[{"embeddable":true,"href":"https:\/\/webalkans.eu\/sq\/wp-json\/wp\/v2\/users\/152227"}],"replies":[{"embeddable":true,"href":"https:\/\/webalkans.eu\/sq\/wp-json\/wp\/v2\/comments?post=592470"}],"version-history":[{"count":0,"href":"https:\/\/webalkans.eu\/sq\/wp-json\/wp\/v2\/posts\/592470\/revisions"}],"wp:featuredmedia":[{"embeddable":true,"href":"https:\/\/webalkans.eu\/sq\/wp-json\/wp\/v2\/media\/589276"}],"wp:attachment":[{"href":"https:\/\/webalkans.eu\/sq\/wp-json\/wp\/v2\/media?parent=592470"}],"wp:term":[{"taxonomy":"country-for-news","embeddable":true,"href":"https:\/\/webalkans.eu\/sq\/wp-json\/wp\/v2\/country-for-news?post=592470"}],"curies":[{"name":"wp","href":"https:\/\/api.w.org\/{rel}","templated":true}]}}