
{"id":590786,"date":"2022-04-27T14:17:45","date_gmt":"2022-04-27T12:17:45","guid":{"rendered":"https:\/\/webalkans.eu\/news\/media-integrity-in-the-age-of-disinformation\/"},"modified":"2022-05-09T11:14:34","modified_gmt":"2022-05-09T09:14:34","slug":"media-integrity-in-the-age-of-disinformation","status":"publish","type":"post","link":"https:\/\/webalkans.eu\/sq\/news\/media-integrity-in-the-age-of-disinformation\/","title":{"rendered":"Integriteti i medias n\u00eb epok\u00ebn e dezinformimit"},"content":{"rendered":"<p style=\"font-weight: 400;\">N\u00eb p\u00ebrkujtimin e 30-vjetorit t\u00eb fillimit t\u00eb luft\u00ebs n\u00eb Bosnj\u00eb dhe Hercegovin\u00eb dhe n\u00eb koh\u00ebn e agresionit rus ndaj Ukrain\u00ebs, European External Action Service ka mbledhur s\u00eb bashku gazetar\u00eb t\u00eb shquar nd\u00ebrkomb\u00ebtar\u00eb dhe gazetar\u00eb t\u00eb rinj nga Ballkani Per\u00ebndimor n\u00eb bashk\u00ebpunim me Delegacionin e BE-s\u00eb n\u00eb Bosnj\u00eb dhe Hercegovin\u00eb p\u00ebr t\u00eb diskutuar integritetin e mediave n\u00eb epok\u00ebn e dezinformimit.<\/p>\n<p>&nbsp;<\/p>\n<p style=\"font-weight: 400;\">\n<p style=\"font-weight: 400;\">Nj\u00eb panel i p\u00ebrb\u00ebr\u00eb nga disa nga gazetar\u00ebt m\u00eb t\u00eb njohur nd\u00ebrkomb\u00ebtar\u00eb, t\u00eb cil\u00ebt kan\u00eb l\u00ebn\u00eb gjurm\u00eb t\u00eb pamohueshme n\u00eb gazetari gjat\u00eb 30 viteve t\u00eb fundit, iu bashkua diskutimit t\u00eb Sarajev\u00ebs. Ata u lidh\u00ebn nga qytete t\u00eb ndryshmeanemban\u00eb Evrop\u00ebs: Christiane Amanpour (CNN) dhe R\u00e9my Ourdan (<em>Le Monde<\/em>) nga Ukraina, Javier Espinosa (<em>El Mundo<\/em>) nga Madridi, Roger Cohen (<em>The New York Times<\/em>) nga Parisi, dhe Ed Vulliamy (<em>The Guardian and Observer<\/em>) nga Londra, nd\u00ebrsa Aida \u010cerkez (ish korrespondente e Associated Press nga BiH) dhe Nadina Mali\u010dbegovi\u0107 (Al Jazeera Balkans) ishin n\u00eb Sarajev\u00eb s\u00eb bashku me Filip Luki\u0107 (N1 Beograd) i cili moderoi diskutimin.<\/p>\n<p>&nbsp;<\/p>\n<p style=\"font-weight: 400;\">\n<p style=\"font-weight: 400;\">Pjes\u00ebmarr\u00ebsit diskutuan sfidat e raportimit t\u00eb luft\u00ebs, rolin e teknologjive t\u00eb reja, etik\u00ebn dhe profesionalizmin, dezinformimin, manipulimin e mediave dhe sigurin\u00eb e gazetar\u00ebve. Manipulimi i informacionit dhe dezinformimi jan\u00eb gjithashtu nj\u00eb sfid\u00eb n\u00eb koh\u00eb paqeje, ku ata synojn\u00eb t\u00eb kund\u00ebrshtojn\u00eb dhe polarizojn\u00eb shoq\u00ebrit\u00eb, t\u00eb thellojn\u00eb tensionet, t\u00eb mashtrojn\u00eb publikun dhe n\u00eb fund t\u00eb fundit t\u00eb destabilizojn\u00eb shoq\u00ebrit\u00eb dhe demokracin\u00eb.<\/p>\n<p>&nbsp;<\/p>\n<p style=\"font-weight: 400;\">\n<p style=\"font-weight: 400;\">Nj\u00ebzet gazetar\u00eb t\u00eb rinj nga rajoni i Ballkanit Per\u00ebndimor kan\u00eb udh\u00ebtuar n\u00eb Sarajev\u00eb p\u00ebr t\u00eb marr\u00eb pjes\u00eb n\u00eb k\u00ebt\u00eb diskutim, si pjes\u00eb e nj\u00eb vizite m\u00eb t\u00eb gjer\u00eb studimi q\u00eb synon t\u2019u jap\u00eb atyre nj\u00eb shans p\u00ebr t\u00eb m\u00ebsuar nga ekspert\u00ebt m\u00eb t\u00eb njohur n\u00eb k\u00ebt\u00eb fush\u00eb, por edhe nga nj\u00ebri-tjetri. Ky projekt \u00ebsht\u00eb pjes\u00eb e p\u00ebrpjekjeve t\u00eb EEAS Stratcom Western Balkans Task Force p\u00ebr t\u00eb rritur nd\u00ebrgjegj\u00ebsimin p\u00ebr \u2013 dhe p\u00ebr t\u00eb nd\u00ebrtuar rezistenc\u00ebn ndaj \u2013 manipulimit t\u00eb informacionit dhe dezinformimit, n\u00eb m\u00ebnyr\u00eb q\u00eb t\u00eb mb\u00ebshtes\u00eb kapacitetin e shoq\u00ebrive t\u00eb Ballkanit Per\u00ebndimor p\u00ebr t\u2019u p\u00ebrballur me sfid\u00ebn e dezinformimit. Investimi n\u00eb lirin\u00eb e medias dhe gazetarin\u00eb profesionale \u00ebsht\u00eb nj\u00eb pjes\u00eb e r\u00ebnd\u00ebsishme e trajtimit t\u00eb dezinformimit, pasi ndihmon n\u00eb nd\u00ebrtimin e shoq\u00ebrive t\u00eb mirinformuara dhe demokracive m\u00eb t\u00eb forta.<\/p>\n<p>&nbsp;<\/p>\n<p style=\"font-weight: 400;\">\n<p style=\"font-weight: 400;\">Ngjarja u zhvillua n\u00eb Sarajev\u00eb dhe online m\u00eb 7 prill. Sesioni u transmetua n\u00eb mbar\u00eb bot\u00ebn dhe mori v\u00ebmendje t\u00eb konsiderueshme n\u00eb mediat lokale dhe rajonale, me disa stacione televizive n\u00eb transmetim drejtp\u00ebrdrejt\u00eb.<\/p>\n","protected":false},"excerpt":{"rendered":"<p>N\u00eb p\u00ebrkujtimin e 30-vjetorit t\u00eb fillimit t\u00eb luft\u00ebs n\u00eb Bosnj\u00eb dhe Hercegovin\u00eb dhe n\u00eb koh\u00ebn e agresionit rus ndaj Ukrain\u00ebs, European External Action Service ka <\/p>\n","protected":false},"author":152227,"featured_media":583231,"comment_status":"closed","ping_status":"closed","sticky":false,"template":"","format":"standard","meta":{"_acf_changed":false,"_monsterinsights_skip_tracking":false,"_monsterinsights_sitenote_active":false,"_monsterinsights_sitenote_note":"","_monsterinsights_sitenote_category":0,"footnotes":""},"country-for-news":[431,437,441,415,421,428],"class_list":["post-590786","post","type-post","status-publish","format-standard","has-post-thumbnail","hentry","wb_theme-democracy-and-fundamental-rights","country-for-news-montenegro","country-for-news-north-macedonia","country-for-news-serbia","country-for-news-albania","country-for-news-bosnia-and-herzegovina","country-for-news-kosovo"],"acf":[],"yoast_head":"<!-- This site is optimized with the Yoast SEO plugin v25.3.1 - https:\/\/yoast.com\/wordpress\/plugins\/seo\/ -->\n<title>Integriteti i medias n\u00eb epok\u00ebn e dezinformimit News | WeBalkans<\/title>\n<meta name=\"description\" content=\"Media integrity in the age of disinformation\" \/>\n<meta name=\"robots\" content=\"index, follow, max-snippet:-1, max-image-preview:large, max-video-preview:-1\" \/>\n<link rel=\"canonical\" href=\"https:\/\/webalkans.eu\/sq\/news\/media-integrity-in-the-age-of-disinformation\/\" \/>\n<meta property=\"og:locale\" content=\"sq_AL\" \/>\n<meta property=\"og:type\" content=\"article\" \/>\n<meta property=\"og:title\" content=\"Integriteti i medias n\u00eb epok\u00ebn e dezinformimit News | WeBalkans\" \/>\n<meta property=\"og:description\" content=\"Media integrity in the age of disinformation\" \/>\n<meta property=\"og:url\" content=\"https:\/\/webalkans.eu\/sq\/news\/media-integrity-in-the-age-of-disinformation\/\" \/>\n<meta property=\"og:site_name\" content=\"WeBalkans | EU Projects in the Western Balkans\" \/>\n<meta property=\"article:publisher\" content=\"https:\/\/www.facebook.com\/webalkans.eu\" \/>\n<meta property=\"article:published_time\" content=\"2022-04-27T12:17:45+00:00\" \/>\n<meta property=\"article:modified_time\" content=\"2022-05-09T09:14:34+00:00\" \/>\n<meta property=\"og:image\" content=\"https:\/\/webalkans.eu\/wp-content\/uploads\/2022\/04\/4-2.jpeg\" \/>\n\t<meta property=\"og:image:width\" content=\"1117\" \/>\n\t<meta property=\"og:image:height\" content=\"608\" \/>\n\t<meta property=\"og:image:type\" content=\"image\/jpeg\" \/>\n<meta name=\"author\" content=\"007designstudio@gmail.com\" \/>\n<meta name=\"twitter:card\" content=\"summary_large_image\" \/>\n<meta name=\"twitter:creator\" content=\"@WeBalkans\" \/>\n<meta name=\"twitter:site\" content=\"@WeBalkans\" \/>\n<meta name=\"twitter:label1\" content=\"Written by\" \/>\n\t<meta name=\"twitter:data1\" content=\"007designstudio@gmail.com\" \/>\n\t<meta name=\"twitter:label2\" content=\"Est. reading time\" \/>\n\t<meta name=\"twitter:data2\" content=\"2 minutes\" \/>\n<script type=\"application\/ld+json\" class=\"yoast-schema-graph\">{\"@context\":\"https:\/\/schema.org\",\"@graph\":[{\"@type\":\"Article\",\"@id\":\"https:\/\/webalkans.eu\/sq\/news\/media-integrity-in-the-age-of-disinformation\/#article\",\"isPartOf\":{\"@id\":\"https:\/\/webalkans.eu\/sq\/news\/media-integrity-in-the-age-of-disinformation\/\"},\"author\":{\"name\":\"007designstudio@gmail.com\",\"@id\":\"https:\/\/webalkans.eu\/sq\/#\/schema\/person\/95a8ea19ef21de3b7766e9b65ffdb4da\"},\"headline\":\"Integriteti i medias n\u00eb epok\u00ebn e dezinformimit\",\"datePublished\":\"2022-04-27T12:17:45+00:00\",\"dateModified\":\"2022-05-09T09:14:34+00:00\",\"mainEntityOfPage\":{\"@id\":\"https:\/\/webalkans.eu\/sq\/news\/media-integrity-in-the-age-of-disinformation\/\"},\"wordCount\":456,\"publisher\":{\"@id\":\"https:\/\/webalkans.eu\/sq\/#organization\"},\"image\":{\"@id\":\"https:\/\/webalkans.eu\/sq\/news\/media-integrity-in-the-age-of-disinformation\/#primaryimage\"},\"thumbnailUrl\":\"https:\/\/webalkans.eu\/wp-content\/uploads\/2022\/04\/4-2.jpeg\",\"inLanguage\":\"sq-AL\"},{\"@type\":\"WebPage\",\"@id\":\"https:\/\/webalkans.eu\/sq\/news\/media-integrity-in-the-age-of-disinformation\/\",\"url\":\"https:\/\/webalkans.eu\/sq\/news\/media-integrity-in-the-age-of-disinformation\/\",\"name\":\"Integriteti i medias n\u00eb epok\u00ebn e dezinformimit News | WeBalkans\",\"isPartOf\":{\"@id\":\"https:\/\/webalkans.eu\/sq\/#website\"},\"primaryImageOfPage\":{\"@id\":\"https:\/\/webalkans.eu\/sq\/news\/media-integrity-in-the-age-of-disinformation\/#primaryimage\"},\"image\":{\"@id\":\"https:\/\/webalkans.eu\/sq\/news\/media-integrity-in-the-age-of-disinformation\/#primaryimage\"},\"thumbnailUrl\":\"https:\/\/webalkans.eu\/wp-content\/uploads\/2022\/04\/4-2.jpeg\",\"datePublished\":\"2022-04-27T12:17:45+00:00\",\"dateModified\":\"2022-05-09T09:14:34+00:00\",\"description\":\"Media integrity in the age of disinformation\",\"breadcrumb\":{\"@id\":\"https:\/\/webalkans.eu\/sq\/news\/media-integrity-in-the-age-of-disinformation\/#breadcrumb\"},\"inLanguage\":\"sq-AL\",\"potentialAction\":[{\"@type\":\"ReadAction\",\"target\":[\"https:\/\/webalkans.eu\/sq\/news\/media-integrity-in-the-age-of-disinformation\/\"]}]},{\"@type\":\"ImageObject\",\"inLanguage\":\"sq-AL\",\"@id\":\"https:\/\/webalkans.eu\/sq\/news\/media-integrity-in-the-age-of-disinformation\/#primaryimage\",\"url\":\"https:\/\/webalkans.eu\/wp-content\/uploads\/2022\/04\/4-2.jpeg\",\"contentUrl\":\"https:\/\/webalkans.eu\/wp-content\/uploads\/2022\/04\/4-2.jpeg\",\"width\":1117,\"height\":608},{\"@type\":\"BreadcrumbList\",\"@id\":\"https:\/\/webalkans.eu\/sq\/news\/media-integrity-in-the-age-of-disinformation\/#breadcrumb\",\"itemListElement\":[{\"@type\":\"ListItem\",\"position\":1,\"name\":\"Home\",\"item\":\"https:\/\/webalkans.eu\/sq\/homepage\/\"},{\"@type\":\"ListItem\",\"position\":2,\"name\":\"Integriteti i medias n\u00eb epok\u00ebn e dezinformimit\"}]},{\"@type\":\"WebSite\",\"@id\":\"https:\/\/webalkans.eu\/sq\/#website\",\"url\":\"https:\/\/webalkans.eu\/sq\/\",\"name\":\"WeBalkans | EU Projects in the Western Balkans\",\"description\":\"\",\"publisher\":{\"@id\":\"https:\/\/webalkans.eu\/sq\/#organization\"},\"potentialAction\":[{\"@type\":\"SearchAction\",\"target\":{\"@type\":\"EntryPoint\",\"urlTemplate\":\"https:\/\/webalkans.eu\/sq\/?s={search_term_string}\"},\"query-input\":{\"@type\":\"PropertyValueSpecification\",\"valueRequired\":true,\"valueName\":\"search_term_string\"}}],\"inLanguage\":\"sq-AL\"},{\"@type\":\"Organization\",\"@id\":\"https:\/\/webalkans.eu\/sq\/#organization\",\"name\":\"European Union\",\"url\":\"https:\/\/webalkans.eu\/sq\/\",\"logo\":{\"@type\":\"ImageObject\",\"inLanguage\":\"sq-AL\",\"@id\":\"https:\/\/webalkans.eu\/sq\/#\/schema\/logo\/image\/\",\"url\":\"https:\/\/webalkans.eu\/wp-content\/uploads\/2020\/11\/eu_flag.jpg\",\"contentUrl\":\"https:\/\/webalkans.eu\/wp-content\/uploads\/2020\/11\/eu_flag.jpg\",\"width\":600,\"height\":401,\"caption\":\"European Union\"},\"image\":{\"@id\":\"https:\/\/webalkans.eu\/sq\/#\/schema\/logo\/image\/\"},\"sameAs\":[\"https:\/\/www.facebook.com\/webalkans.eu\",\"https:\/\/x.com\/WeBalkans\"]},{\"@type\":\"Person\",\"@id\":\"https:\/\/webalkans.eu\/sq\/#\/schema\/person\/95a8ea19ef21de3b7766e9b65ffdb4da\",\"name\":\"007designstudio@gmail.com\"}]}<\/script>\n<!-- \/ Yoast SEO plugin. -->","yoast_head_json":{"title":"Integriteti i medias n\u00eb epok\u00ebn e dezinformimit News | WeBalkans","description":"Media integrity in the age of disinformation","robots":{"index":"index","follow":"follow","max-snippet":"max-snippet:-1","max-image-preview":"max-image-preview:large","max-video-preview":"max-video-preview:-1"},"canonical":"https:\/\/webalkans.eu\/sq\/news\/media-integrity-in-the-age-of-disinformation\/","og_locale":"sq_AL","og_type":"article","og_title":"Integriteti i medias n\u00eb epok\u00ebn e dezinformimit News | WeBalkans","og_description":"Media integrity in the age of disinformation","og_url":"https:\/\/webalkans.eu\/sq\/news\/media-integrity-in-the-age-of-disinformation\/","og_site_name":"WeBalkans | EU Projects in the Western Balkans","article_publisher":"https:\/\/www.facebook.com\/webalkans.eu","article_published_time":"2022-04-27T12:17:45+00:00","article_modified_time":"2022-05-09T09:14:34+00:00","og_image":[{"width":1117,"height":608,"url":"https:\/\/webalkans.eu\/wp-content\/uploads\/2022\/04\/4-2.jpeg","type":"image\/jpeg"}],"author":"007designstudio@gmail.com","twitter_card":"summary_large_image","twitter_creator":"@WeBalkans","twitter_site":"@WeBalkans","twitter_misc":{"Written by":"007designstudio@gmail.com","Est. reading time":"2 minutes"},"schema":{"@context":"https:\/\/schema.org","@graph":[{"@type":"Article","@id":"https:\/\/webalkans.eu\/sq\/news\/media-integrity-in-the-age-of-disinformation\/#article","isPartOf":{"@id":"https:\/\/webalkans.eu\/sq\/news\/media-integrity-in-the-age-of-disinformation\/"},"author":{"name":"007designstudio@gmail.com","@id":"https:\/\/webalkans.eu\/sq\/#\/schema\/person\/95a8ea19ef21de3b7766e9b65ffdb4da"},"headline":"Integriteti i medias n\u00eb epok\u00ebn e dezinformimit","datePublished":"2022-04-27T12:17:45+00:00","dateModified":"2022-05-09T09:14:34+00:00","mainEntityOfPage":{"@id":"https:\/\/webalkans.eu\/sq\/news\/media-integrity-in-the-age-of-disinformation\/"},"wordCount":456,"publisher":{"@id":"https:\/\/webalkans.eu\/sq\/#organization"},"image":{"@id":"https:\/\/webalkans.eu\/sq\/news\/media-integrity-in-the-age-of-disinformation\/#primaryimage"},"thumbnailUrl":"https:\/\/webalkans.eu\/wp-content\/uploads\/2022\/04\/4-2.jpeg","inLanguage":"sq-AL"},{"@type":"WebPage","@id":"https:\/\/webalkans.eu\/sq\/news\/media-integrity-in-the-age-of-disinformation\/","url":"https:\/\/webalkans.eu\/sq\/news\/media-integrity-in-the-age-of-disinformation\/","name":"Integriteti i medias n\u00eb epok\u00ebn e dezinformimit News | WeBalkans","isPartOf":{"@id":"https:\/\/webalkans.eu\/sq\/#website"},"primaryImageOfPage":{"@id":"https:\/\/webalkans.eu\/sq\/news\/media-integrity-in-the-age-of-disinformation\/#primaryimage"},"image":{"@id":"https:\/\/webalkans.eu\/sq\/news\/media-integrity-in-the-age-of-disinformation\/#primaryimage"},"thumbnailUrl":"https:\/\/webalkans.eu\/wp-content\/uploads\/2022\/04\/4-2.jpeg","datePublished":"2022-04-27T12:17:45+00:00","dateModified":"2022-05-09T09:14:34+00:00","description":"Media integrity in the age of disinformation","breadcrumb":{"@id":"https:\/\/webalkans.eu\/sq\/news\/media-integrity-in-the-age-of-disinformation\/#breadcrumb"},"inLanguage":"sq-AL","potentialAction":[{"@type":"ReadAction","target":["https:\/\/webalkans.eu\/sq\/news\/media-integrity-in-the-age-of-disinformation\/"]}]},{"@type":"ImageObject","inLanguage":"sq-AL","@id":"https:\/\/webalkans.eu\/sq\/news\/media-integrity-in-the-age-of-disinformation\/#primaryimage","url":"https:\/\/webalkans.eu\/wp-content\/uploads\/2022\/04\/4-2.jpeg","contentUrl":"https:\/\/webalkans.eu\/wp-content\/uploads\/2022\/04\/4-2.jpeg","width":1117,"height":608},{"@type":"BreadcrumbList","@id":"https:\/\/webalkans.eu\/sq\/news\/media-integrity-in-the-age-of-disinformation\/#breadcrumb","itemListElement":[{"@type":"ListItem","position":1,"name":"Home","item":"https:\/\/webalkans.eu\/sq\/homepage\/"},{"@type":"ListItem","position":2,"name":"Integriteti i medias n\u00eb epok\u00ebn e dezinformimit"}]},{"@type":"WebSite","@id":"https:\/\/webalkans.eu\/sq\/#website","url":"https:\/\/webalkans.eu\/sq\/","name":"WeBalkans | EU Projects in the Western Balkans","description":"","publisher":{"@id":"https:\/\/webalkans.eu\/sq\/#organization"},"potentialAction":[{"@type":"SearchAction","target":{"@type":"EntryPoint","urlTemplate":"https:\/\/webalkans.eu\/sq\/?s={search_term_string}"},"query-input":{"@type":"PropertyValueSpecification","valueRequired":true,"valueName":"search_term_string"}}],"inLanguage":"sq-AL"},{"@type":"Organization","@id":"https:\/\/webalkans.eu\/sq\/#organization","name":"European Union","url":"https:\/\/webalkans.eu\/sq\/","logo":{"@type":"ImageObject","inLanguage":"sq-AL","@id":"https:\/\/webalkans.eu\/sq\/#\/schema\/logo\/image\/","url":"https:\/\/webalkans.eu\/wp-content\/uploads\/2020\/11\/eu_flag.jpg","contentUrl":"https:\/\/webalkans.eu\/wp-content\/uploads\/2020\/11\/eu_flag.jpg","width":600,"height":401,"caption":"European Union"},"image":{"@id":"https:\/\/webalkans.eu\/sq\/#\/schema\/logo\/image\/"},"sameAs":["https:\/\/www.facebook.com\/webalkans.eu","https:\/\/x.com\/WeBalkans"]},{"@type":"Person","@id":"https:\/\/webalkans.eu\/sq\/#\/schema\/person\/95a8ea19ef21de3b7766e9b65ffdb4da","name":"007designstudio@gmail.com"}]}},"_links":{"self":[{"href":"https:\/\/webalkans.eu\/sq\/wp-json\/wp\/v2\/posts\/590786"}],"collection":[{"href":"https:\/\/webalkans.eu\/sq\/wp-json\/wp\/v2\/posts"}],"about":[{"href":"https:\/\/webalkans.eu\/sq\/wp-json\/wp\/v2\/types\/post"}],"author":[{"embeddable":true,"href":"https:\/\/webalkans.eu\/sq\/wp-json\/wp\/v2\/users\/152227"}],"replies":[{"embeddable":true,"href":"https:\/\/webalkans.eu\/sq\/wp-json\/wp\/v2\/comments?post=590786"}],"version-history":[{"count":0,"href":"https:\/\/webalkans.eu\/sq\/wp-json\/wp\/v2\/posts\/590786\/revisions"}],"wp:featuredmedia":[{"embeddable":true,"href":"https:\/\/webalkans.eu\/sq\/wp-json\/wp\/v2\/media\/583231"}],"wp:attachment":[{"href":"https:\/\/webalkans.eu\/sq\/wp-json\/wp\/v2\/media?parent=590786"}],"wp:term":[{"taxonomy":"country-for-news","embeddable":true,"href":"https:\/\/webalkans.eu\/sq\/wp-json\/wp\/v2\/country-for-news?post=590786"}],"curies":[{"name":"wp","href":"https:\/\/api.w.org\/{rel}","templated":true}]}}