
{"id":578381,"date":"2022-04-15T12:48:10","date_gmt":"2022-04-15T10:48:10","guid":{"rendered":"https:\/\/webalkans.eu\/news\/yea-participate-in-debate-on-women-empowerment-in-belgrade\/"},"modified":"2022-04-20T14:35:57","modified_gmt":"2022-04-20T12:35:57","slug":"yea-participate-in-debate-on-women-empowerment-in-belgrade","status":"publish","type":"post","link":"https:\/\/webalkans.eu\/sq\/news\/yea-participate-in-debate-on-women-empowerment-in-belgrade\/","title":{"rendered":"Ambasador\u00ebt e Rinj Evropian\u00eb (YEA) marrin pjes\u00eb n\u00eb debatin mbi fuqizimin e grave n\u00eb Beograd"},"content":{"rendered":"<p style=\"font-weight: 400;\">Gjat\u00eb dit\u00ebve t\u00eb fund t\u00eb marsit, n\u00eb Beograd u zhvillua minifestivali hibrid EU4Balkans (BE-ja p\u00ebr Ballkanin). Evenimenti ishte pjes\u00eb e aktiviteteve t\u00eb bashk\u00ebpunimit t\u00eb organizuara nga Drejtoria e P\u00ebrgjithshme p\u00ebr Politikat Rajonale dhe Urbane t\u00eb Komisionit Evropian dhe organizator\u00ebt e festivalit Balkan Trafik. N\u00ebp\u00ebrmjet debatit, evenimenteve kulturore dhe takimeve me z\u00ebvend\u00ebsministrin e Kultur\u00ebs dhe Medias t\u00eb Serbis\u00eb, aktiviteti mbuloi nj\u00eb s\u00ebr\u00eb \u00e7\u00ebshtjesh t\u00eb r\u00ebnd\u00ebsishme t\u00eb tilla si pun\u00ebsimi i t\u00eb rinjve, gjith\u00ebp\u00ebrfshirja dhe zhvillimi i zonave rurale n\u00eb Ballkanin Per\u00ebndimor.<\/p>\n<p>&nbsp;<\/p>\n<p style=\"font-weight: 400;\">Debati p\u00ebrfshinte Ambasador\u00ebt e Rinj Evropian\u00eb (YEA) dhe u fokusua n\u00eb fuqizimin e grave ku pjes\u00ebmarr\u00ebsit theksuan se fuqizimi i grave k\u00ebrkon sigurimin e mjeteve dhe aft\u00ebsive p\u00ebr t\u00eb ecur p\u00ebrpara, p\u00ebr t\u00eb qen\u00eb t\u00eb pavarur dhe p\u00ebr t\u00eb ndryshuar shoq\u00ebrin\u00eb.<\/p>\n<p>&nbsp;<\/p>\n<p style=\"font-weight: 400;\">Aktivitetet EU4Balkans synojn\u00eb t\u00eb nxjerrin n\u00eb pah bashk\u00ebpunimin nd\u00ebrrajonal si pjes\u00eb e Instrumentit t\u00eb Asistenc\u00ebs s\u00eb Para-Aderimit (IPA) dhe ndikimin pozitiv t\u00eb Politikave t\u00eb Zgjerimit t\u00eb BE-s\u00eb.<\/p>\n","protected":false},"excerpt":{"rendered":"<p>Gjat\u00eb dit\u00ebve t\u00eb fund t\u00eb marsit, n\u00eb Beograd u zhvillua minifestivali hibrid EU4Balkans (BE-ja p\u00ebr Ballkanin). Evenimenti ishte pjes\u00eb e aktiviteteve t\u00eb bashk\u00ebpunimit t\u00eb organizuara <\/p>\n","protected":false},"author":152227,"featured_media":574710,"comment_status":"closed","ping_status":"closed","sticky":false,"template":"","format":"standard","meta":{"_acf_changed":false,"_monsterinsights_skip_tracking":false,"_monsterinsights_sitenote_active":false,"_monsterinsights_sitenote_note":"","_monsterinsights_sitenote_category":0,"footnotes":""},"country-for-news":[441],"class_list":["post-578381","post","type-post","status-publish","format-standard","has-post-thumbnail","hentry","wb_theme-culture-and-youth","wb_theme-democracy-and-fundamental-rights","country-for-news-serbia"],"acf":[],"yoast_head":"<!-- This site is optimized with the Yoast SEO plugin v25.3.1 - https:\/\/yoast.com\/wordpress\/plugins\/seo\/ -->\n<title>Ambasador\u00ebt e Rinj Evropian\u00eb (YEA) marrin pjes\u00eb n\u00eb debatin mbi fuqizimin e grave n\u00eb Beograd News | WeBalkans<\/title>\n<meta name=\"description\" content=\"Ambasador\u00ebt e Rinj Evropian\u00eb (YEA) marrin pjes\u00eb n\u00eb debatin mbi fuqizimin e grave n\u00eb Beograd\" \/>\n<meta name=\"robots\" content=\"index, follow, max-snippet:-1, max-image-preview:large, max-video-preview:-1\" \/>\n<link rel=\"canonical\" href=\"https:\/\/webalkans.eu\/sq\/news\/yea-participate-in-debate-on-women-empowerment-in-belgrade\/\" \/>\n<meta property=\"og:locale\" content=\"sq_AL\" \/>\n<meta property=\"og:type\" content=\"article\" \/>\n<meta property=\"og:title\" content=\"Ambasador\u00ebt e Rinj Evropian\u00eb (YEA) marrin pjes\u00eb n\u00eb debatin mbi fuqizimin e grave n\u00eb Beograd News | WeBalkans\" \/>\n<meta property=\"og:description\" content=\"Ambasador\u00ebt e Rinj Evropian\u00eb (YEA) marrin pjes\u00eb n\u00eb debatin mbi fuqizimin e grave n\u00eb Beograd\" \/>\n<meta property=\"og:url\" content=\"https:\/\/webalkans.eu\/sq\/news\/yea-participate-in-debate-on-women-empowerment-in-belgrade\/\" \/>\n<meta property=\"og:site_name\" content=\"WeBalkans | EU Projects in the Western Balkans\" \/>\n<meta property=\"article:publisher\" content=\"https:\/\/www.facebook.com\/webalkans.eu\" \/>\n<meta property=\"article:published_time\" content=\"2022-04-15T10:48:10+00:00\" \/>\n<meta property=\"article:modified_time\" content=\"2022-04-20T12:35:57+00:00\" \/>\n<meta property=\"og:image\" content=\"https:\/\/webalkans.eu\/wp-content\/uploads\/2022\/04\/5.jpeg\" \/>\n\t<meta property=\"og:image:width\" content=\"960\" \/>\n\t<meta property=\"og:image:height\" content=\"665\" \/>\n\t<meta property=\"og:image:type\" content=\"image\/jpeg\" \/>\n<meta name=\"author\" content=\"007designstudio@gmail.com\" \/>\n<meta name=\"twitter:card\" content=\"summary_large_image\" \/>\n<meta name=\"twitter:creator\" content=\"@WeBalkans\" \/>\n<meta name=\"twitter:site\" content=\"@WeBalkans\" \/>\n<meta name=\"twitter:label1\" content=\"Written by\" \/>\n\t<meta name=\"twitter:data1\" content=\"007designstudio@gmail.com\" \/>\n\t<meta name=\"twitter:label2\" content=\"Est. reading time\" \/>\n\t<meta name=\"twitter:data2\" content=\"1 minute\" \/>\n<script type=\"application\/ld+json\" class=\"yoast-schema-graph\">{\"@context\":\"https:\/\/schema.org\",\"@graph\":[{\"@type\":\"Article\",\"@id\":\"https:\/\/webalkans.eu\/sq\/news\/yea-participate-in-debate-on-women-empowerment-in-belgrade\/#article\",\"isPartOf\":{\"@id\":\"https:\/\/webalkans.eu\/sq\/news\/yea-participate-in-debate-on-women-empowerment-in-belgrade\/\"},\"author\":{\"name\":\"007designstudio@gmail.com\",\"@id\":\"https:\/\/webalkans.eu\/sq\/#\/schema\/person\/95a8ea19ef21de3b7766e9b65ffdb4da\"},\"headline\":\"Ambasador\u00ebt e Rinj Evropian\u00eb (YEA) marrin pjes\u00eb n\u00eb debatin mbi fuqizimin e grave n\u00eb Beograd\",\"datePublished\":\"2022-04-15T10:48:10+00:00\",\"dateModified\":\"2022-04-20T12:35:57+00:00\",\"mainEntityOfPage\":{\"@id\":\"https:\/\/webalkans.eu\/sq\/news\/yea-participate-in-debate-on-women-empowerment-in-belgrade\/\"},\"wordCount\":200,\"publisher\":{\"@id\":\"https:\/\/webalkans.eu\/sq\/#organization\"},\"image\":{\"@id\":\"https:\/\/webalkans.eu\/sq\/news\/yea-participate-in-debate-on-women-empowerment-in-belgrade\/#primaryimage\"},\"thumbnailUrl\":\"https:\/\/webalkans.eu\/wp-content\/uploads\/2022\/04\/5.jpeg\",\"inLanguage\":\"sq-AL\"},{\"@type\":\"WebPage\",\"@id\":\"https:\/\/webalkans.eu\/sq\/news\/yea-participate-in-debate-on-women-empowerment-in-belgrade\/\",\"url\":\"https:\/\/webalkans.eu\/sq\/news\/yea-participate-in-debate-on-women-empowerment-in-belgrade\/\",\"name\":\"Ambasador\u00ebt e Rinj Evropian\u00eb (YEA) marrin pjes\u00eb n\u00eb debatin mbi fuqizimin e grave n\u00eb Beograd News | WeBalkans\",\"isPartOf\":{\"@id\":\"https:\/\/webalkans.eu\/sq\/#website\"},\"primaryImageOfPage\":{\"@id\":\"https:\/\/webalkans.eu\/sq\/news\/yea-participate-in-debate-on-women-empowerment-in-belgrade\/#primaryimage\"},\"image\":{\"@id\":\"https:\/\/webalkans.eu\/sq\/news\/yea-participate-in-debate-on-women-empowerment-in-belgrade\/#primaryimage\"},\"thumbnailUrl\":\"https:\/\/webalkans.eu\/wp-content\/uploads\/2022\/04\/5.jpeg\",\"datePublished\":\"2022-04-15T10:48:10+00:00\",\"dateModified\":\"2022-04-20T12:35:57+00:00\",\"description\":\"Ambasador\u00ebt e Rinj Evropian\u00eb (YEA) marrin pjes\u00eb n\u00eb debatin mbi fuqizimin e grave n\u00eb Beograd\",\"breadcrumb\":{\"@id\":\"https:\/\/webalkans.eu\/sq\/news\/yea-participate-in-debate-on-women-empowerment-in-belgrade\/#breadcrumb\"},\"inLanguage\":\"sq-AL\",\"potentialAction\":[{\"@type\":\"ReadAction\",\"target\":[\"https:\/\/webalkans.eu\/sq\/news\/yea-participate-in-debate-on-women-empowerment-in-belgrade\/\"]}]},{\"@type\":\"ImageObject\",\"inLanguage\":\"sq-AL\",\"@id\":\"https:\/\/webalkans.eu\/sq\/news\/yea-participate-in-debate-on-women-empowerment-in-belgrade\/#primaryimage\",\"url\":\"https:\/\/webalkans.eu\/wp-content\/uploads\/2022\/04\/5.jpeg\",\"contentUrl\":\"https:\/\/webalkans.eu\/wp-content\/uploads\/2022\/04\/5.jpeg\",\"width\":960,\"height\":665},{\"@type\":\"BreadcrumbList\",\"@id\":\"https:\/\/webalkans.eu\/sq\/news\/yea-participate-in-debate-on-women-empowerment-in-belgrade\/#breadcrumb\",\"itemListElement\":[{\"@type\":\"ListItem\",\"position\":1,\"name\":\"Home\",\"item\":\"https:\/\/webalkans.eu\/sq\/homepage\/\"},{\"@type\":\"ListItem\",\"position\":2,\"name\":\"Ambasador\u00ebt e Rinj Evropian\u00eb (YEA) marrin pjes\u00eb n\u00eb debatin mbi fuqizimin e grave n\u00eb Beograd\"}]},{\"@type\":\"WebSite\",\"@id\":\"https:\/\/webalkans.eu\/sq\/#website\",\"url\":\"https:\/\/webalkans.eu\/sq\/\",\"name\":\"WeBalkans | EU Projects in the Western Balkans\",\"description\":\"\",\"publisher\":{\"@id\":\"https:\/\/webalkans.eu\/sq\/#organization\"},\"potentialAction\":[{\"@type\":\"SearchAction\",\"target\":{\"@type\":\"EntryPoint\",\"urlTemplate\":\"https:\/\/webalkans.eu\/sq\/?s={search_term_string}\"},\"query-input\":{\"@type\":\"PropertyValueSpecification\",\"valueRequired\":true,\"valueName\":\"search_term_string\"}}],\"inLanguage\":\"sq-AL\"},{\"@type\":\"Organization\",\"@id\":\"https:\/\/webalkans.eu\/sq\/#organization\",\"name\":\"European Union\",\"url\":\"https:\/\/webalkans.eu\/sq\/\",\"logo\":{\"@type\":\"ImageObject\",\"inLanguage\":\"sq-AL\",\"@id\":\"https:\/\/webalkans.eu\/sq\/#\/schema\/logo\/image\/\",\"url\":\"https:\/\/webalkans.eu\/wp-content\/uploads\/2020\/11\/eu_flag.jpg\",\"contentUrl\":\"https:\/\/webalkans.eu\/wp-content\/uploads\/2020\/11\/eu_flag.jpg\",\"width\":600,\"height\":401,\"caption\":\"European Union\"},\"image\":{\"@id\":\"https:\/\/webalkans.eu\/sq\/#\/schema\/logo\/image\/\"},\"sameAs\":[\"https:\/\/www.facebook.com\/webalkans.eu\",\"https:\/\/x.com\/WeBalkans\"]},{\"@type\":\"Person\",\"@id\":\"https:\/\/webalkans.eu\/sq\/#\/schema\/person\/95a8ea19ef21de3b7766e9b65ffdb4da\",\"name\":\"007designstudio@gmail.com\"}]}<\/script>\n<!-- \/ Yoast SEO plugin. -->","yoast_head_json":{"title":"Ambasador\u00ebt e Rinj Evropian\u00eb (YEA) marrin pjes\u00eb n\u00eb debatin mbi fuqizimin e grave n\u00eb Beograd News | WeBalkans","description":"Ambasador\u00ebt e Rinj Evropian\u00eb (YEA) marrin pjes\u00eb n\u00eb debatin mbi fuqizimin e grave n\u00eb Beograd","robots":{"index":"index","follow":"follow","max-snippet":"max-snippet:-1","max-image-preview":"max-image-preview:large","max-video-preview":"max-video-preview:-1"},"canonical":"https:\/\/webalkans.eu\/sq\/news\/yea-participate-in-debate-on-women-empowerment-in-belgrade\/","og_locale":"sq_AL","og_type":"article","og_title":"Ambasador\u00ebt e Rinj Evropian\u00eb (YEA) marrin pjes\u00eb n\u00eb debatin mbi fuqizimin e grave n\u00eb Beograd News | WeBalkans","og_description":"Ambasador\u00ebt e Rinj Evropian\u00eb (YEA) marrin pjes\u00eb n\u00eb debatin mbi fuqizimin e grave n\u00eb Beograd","og_url":"https:\/\/webalkans.eu\/sq\/news\/yea-participate-in-debate-on-women-empowerment-in-belgrade\/","og_site_name":"WeBalkans | EU Projects in the Western Balkans","article_publisher":"https:\/\/www.facebook.com\/webalkans.eu","article_published_time":"2022-04-15T10:48:10+00:00","article_modified_time":"2022-04-20T12:35:57+00:00","og_image":[{"width":960,"height":665,"url":"https:\/\/webalkans.eu\/wp-content\/uploads\/2022\/04\/5.jpeg","type":"image\/jpeg"}],"author":"007designstudio@gmail.com","twitter_card":"summary_large_image","twitter_creator":"@WeBalkans","twitter_site":"@WeBalkans","twitter_misc":{"Written by":"007designstudio@gmail.com","Est. reading time":"1 minute"},"schema":{"@context":"https:\/\/schema.org","@graph":[{"@type":"Article","@id":"https:\/\/webalkans.eu\/sq\/news\/yea-participate-in-debate-on-women-empowerment-in-belgrade\/#article","isPartOf":{"@id":"https:\/\/webalkans.eu\/sq\/news\/yea-participate-in-debate-on-women-empowerment-in-belgrade\/"},"author":{"name":"007designstudio@gmail.com","@id":"https:\/\/webalkans.eu\/sq\/#\/schema\/person\/95a8ea19ef21de3b7766e9b65ffdb4da"},"headline":"Ambasador\u00ebt e Rinj Evropian\u00eb (YEA) marrin pjes\u00eb n\u00eb debatin mbi fuqizimin e grave n\u00eb Beograd","datePublished":"2022-04-15T10:48:10+00:00","dateModified":"2022-04-20T12:35:57+00:00","mainEntityOfPage":{"@id":"https:\/\/webalkans.eu\/sq\/news\/yea-participate-in-debate-on-women-empowerment-in-belgrade\/"},"wordCount":200,"publisher":{"@id":"https:\/\/webalkans.eu\/sq\/#organization"},"image":{"@id":"https:\/\/webalkans.eu\/sq\/news\/yea-participate-in-debate-on-women-empowerment-in-belgrade\/#primaryimage"},"thumbnailUrl":"https:\/\/webalkans.eu\/wp-content\/uploads\/2022\/04\/5.jpeg","inLanguage":"sq-AL"},{"@type":"WebPage","@id":"https:\/\/webalkans.eu\/sq\/news\/yea-participate-in-debate-on-women-empowerment-in-belgrade\/","url":"https:\/\/webalkans.eu\/sq\/news\/yea-participate-in-debate-on-women-empowerment-in-belgrade\/","name":"Ambasador\u00ebt e Rinj Evropian\u00eb (YEA) marrin pjes\u00eb n\u00eb debatin mbi fuqizimin e grave n\u00eb Beograd News | WeBalkans","isPartOf":{"@id":"https:\/\/webalkans.eu\/sq\/#website"},"primaryImageOfPage":{"@id":"https:\/\/webalkans.eu\/sq\/news\/yea-participate-in-debate-on-women-empowerment-in-belgrade\/#primaryimage"},"image":{"@id":"https:\/\/webalkans.eu\/sq\/news\/yea-participate-in-debate-on-women-empowerment-in-belgrade\/#primaryimage"},"thumbnailUrl":"https:\/\/webalkans.eu\/wp-content\/uploads\/2022\/04\/5.jpeg","datePublished":"2022-04-15T10:48:10+00:00","dateModified":"2022-04-20T12:35:57+00:00","description":"Ambasador\u00ebt e Rinj Evropian\u00eb (YEA) marrin pjes\u00eb n\u00eb debatin mbi fuqizimin e grave n\u00eb Beograd","breadcrumb":{"@id":"https:\/\/webalkans.eu\/sq\/news\/yea-participate-in-debate-on-women-empowerment-in-belgrade\/#breadcrumb"},"inLanguage":"sq-AL","potentialAction":[{"@type":"ReadAction","target":["https:\/\/webalkans.eu\/sq\/news\/yea-participate-in-debate-on-women-empowerment-in-belgrade\/"]}]},{"@type":"ImageObject","inLanguage":"sq-AL","@id":"https:\/\/webalkans.eu\/sq\/news\/yea-participate-in-debate-on-women-empowerment-in-belgrade\/#primaryimage","url":"https:\/\/webalkans.eu\/wp-content\/uploads\/2022\/04\/5.jpeg","contentUrl":"https:\/\/webalkans.eu\/wp-content\/uploads\/2022\/04\/5.jpeg","width":960,"height":665},{"@type":"BreadcrumbList","@id":"https:\/\/webalkans.eu\/sq\/news\/yea-participate-in-debate-on-women-empowerment-in-belgrade\/#breadcrumb","itemListElement":[{"@type":"ListItem","position":1,"name":"Home","item":"https:\/\/webalkans.eu\/sq\/homepage\/"},{"@type":"ListItem","position":2,"name":"Ambasador\u00ebt e Rinj Evropian\u00eb (YEA) marrin pjes\u00eb n\u00eb debatin mbi fuqizimin e grave n\u00eb Beograd"}]},{"@type":"WebSite","@id":"https:\/\/webalkans.eu\/sq\/#website","url":"https:\/\/webalkans.eu\/sq\/","name":"WeBalkans | EU Projects in the Western Balkans","description":"","publisher":{"@id":"https:\/\/webalkans.eu\/sq\/#organization"},"potentialAction":[{"@type":"SearchAction","target":{"@type":"EntryPoint","urlTemplate":"https:\/\/webalkans.eu\/sq\/?s={search_term_string}"},"query-input":{"@type":"PropertyValueSpecification","valueRequired":true,"valueName":"search_term_string"}}],"inLanguage":"sq-AL"},{"@type":"Organization","@id":"https:\/\/webalkans.eu\/sq\/#organization","name":"European Union","url":"https:\/\/webalkans.eu\/sq\/","logo":{"@type":"ImageObject","inLanguage":"sq-AL","@id":"https:\/\/webalkans.eu\/sq\/#\/schema\/logo\/image\/","url":"https:\/\/webalkans.eu\/wp-content\/uploads\/2020\/11\/eu_flag.jpg","contentUrl":"https:\/\/webalkans.eu\/wp-content\/uploads\/2020\/11\/eu_flag.jpg","width":600,"height":401,"caption":"European Union"},"image":{"@id":"https:\/\/webalkans.eu\/sq\/#\/schema\/logo\/image\/"},"sameAs":["https:\/\/www.facebook.com\/webalkans.eu","https:\/\/x.com\/WeBalkans"]},{"@type":"Person","@id":"https:\/\/webalkans.eu\/sq\/#\/schema\/person\/95a8ea19ef21de3b7766e9b65ffdb4da","name":"007designstudio@gmail.com"}]}},"_links":{"self":[{"href":"https:\/\/webalkans.eu\/sq\/wp-json\/wp\/v2\/posts\/578381"}],"collection":[{"href":"https:\/\/webalkans.eu\/sq\/wp-json\/wp\/v2\/posts"}],"about":[{"href":"https:\/\/webalkans.eu\/sq\/wp-json\/wp\/v2\/types\/post"}],"author":[{"embeddable":true,"href":"https:\/\/webalkans.eu\/sq\/wp-json\/wp\/v2\/users\/152227"}],"replies":[{"embeddable":true,"href":"https:\/\/webalkans.eu\/sq\/wp-json\/wp\/v2\/comments?post=578381"}],"version-history":[{"count":0,"href":"https:\/\/webalkans.eu\/sq\/wp-json\/wp\/v2\/posts\/578381\/revisions"}],"wp:featuredmedia":[{"embeddable":true,"href":"https:\/\/webalkans.eu\/sq\/wp-json\/wp\/v2\/media\/574710"}],"wp:attachment":[{"href":"https:\/\/webalkans.eu\/sq\/wp-json\/wp\/v2\/media?parent=578381"}],"wp:term":[{"taxonomy":"country-for-news","embeddable":true,"href":"https:\/\/webalkans.eu\/sq\/wp-json\/wp\/v2\/country-for-news?post=578381"}],"curies":[{"name":"wp","href":"https:\/\/api.w.org\/{rel}","templated":true}]}}