
{"id":578377,"date":"2022-04-15T12:45:58","date_gmt":"2022-04-15T10:45:58","guid":{"rendered":"https:\/\/webalkans.eu\/news\/open-call-for-eu-investigative-journalism-award\/"},"modified":"2022-04-20T14:33:58","modified_gmt":"2022-04-20T12:33:58","slug":"open-call-for-eu-investigative-journalism-award","status":"publish","type":"post","link":"https:\/\/webalkans.eu\/sq\/news\/open-call-for-eu-investigative-journalism-award\/","title":{"rendered":"Thirrje e hapur p\u00ebr \u00c7mimin e BE-s\u00eb p\u00ebr Gazetari Investigative"},"content":{"rendered":"<div>\n<p><span lang=\"SQ\">P\u00ebr vitin 2022 \u00ebsht\u00eb hapur thirrja p\u00ebr \u00c7mimin e BE-s\u00eb p\u00ebr Gazetarin\u00eb Investigative. Individ\u00eb ose grupe gazetar\u00ebsh nga Ballkani Per\u00ebndimor dhe Turqia kan\u00eb t\u00eb drejt\u00eb t\u00eb aplikojn\u00eb n\u00eb t\u00eb gjitha format e gazetaris\u00eb (t\u00eb shtypur, digjitale, radio dhe TV) t\u00eb publikuara ose t\u00eb transmetuara n\u00eb media n\u00eb \u00e7do vend n\u00eb gjuh\u00ebt zyrtare, t\u00eb pakicave apo nd\u00ebrkomb\u00ebtare gjat\u00eb vitit 2021. Afati i fundit p\u00ebr aplikim \u00ebsht\u00eb data 8 maj 2022.<\/span><\/p>\n<p>&nbsp;<\/p>\n<\/div>\n<div>\n<p><span lang=\"SQ\">Pranohen t\u00eb gjitha historit\u00eb investigative n\u00eb lidhje me lirin\u00eb e shprehjes, sundimin e ligjit, transparenc\u00ebn, abuzimin me pushtetin dhe t\u00eb drejtat themelore, korrupsionin si dhe krimin e organizuar. P\u00ebr secilin vend, fondi i \u00e7mimeve \u00ebsht\u00eb 10,000 euro, i p\u00ebrb\u00ebr\u00eb nga nj\u00eb \u00e7mim i par\u00eb prej 5,000 euro, nj\u00eb \u00e7mim i dyt\u00eb prej 3,000 euro dhe nj\u00eb \u00e7mim i tret\u00eb prej 2,000 euro.<\/span><\/p>\n<p>&nbsp;<\/p>\n<\/div>\n<div>\n<p><span lang=\"SQ\">\u00c7mimet e BE-s\u00eb p\u00ebr Gazetari Investigative n\u00eb Ballkanin Per\u00ebndimor dhe Turqi synojn\u00eb t\u00eb lart\u00ebsojn\u00eb dhe promovojn\u00eb arritjet e jasht\u00ebzakonshme t\u00eb gazetar\u00ebve investigativ\u00eb, si dhe t\u00eb v\u00ebn\u00eb m\u00eb tep\u00ebr n\u00eb dukje gazetarin\u00eb cil\u00ebsore n\u00eb rajon. \u00c7mimet jan\u00eb pjes\u00eb e projektit n\u00eb vazhdim p\u00ebr Forcimin e Lajmeve Cil\u00ebsore dhe Gazetaris\u00eb s\u00eb Pavarur n\u00eb Ballkanin Per\u00ebndimor dhe Turqi, t\u00eb financuar nga Bashkimi Evropian.<\/span><\/p>\n<\/div>\n","protected":false},"excerpt":{"rendered":"<p>P\u00ebr vitin 2022 \u00ebsht\u00eb hapur thirrja p\u00ebr \u00c7mimin e BE-s\u00eb p\u00ebr Gazetarin\u00eb Investigative. Individ\u00eb ose grupe gazetar\u00ebsh nga Ballkani Per\u00ebndimor dhe Turqia kan\u00eb t\u00eb drejt\u00eb <\/p>\n","protected":false},"author":152227,"featured_media":574702,"comment_status":"closed","ping_status":"closed","sticky":false,"template":"","format":"standard","meta":{"_acf_changed":false,"_monsterinsights_skip_tracking":false,"_monsterinsights_sitenote_active":false,"_monsterinsights_sitenote_note":"","_monsterinsights_sitenote_category":0,"footnotes":""},"country-for-news":[441,415,421,428,431,437],"class_list":["post-578377","post","type-post","status-publish","format-standard","has-post-thumbnail","hentry","wb_theme-democracy-and-fundamental-rights","country-for-news-serbia","country-for-news-albania","country-for-news-bosnia-and-herzegovina","country-for-news-kosovo","country-for-news-montenegro","country-for-news-north-macedonia"],"acf":[],"yoast_head":"<!-- This site is optimized with the Yoast SEO plugin v25.3.1 - https:\/\/yoast.com\/wordpress\/plugins\/seo\/ -->\n<title>Thirrje e hapur p\u00ebr \u00c7mimin e BE-s\u00eb p\u00ebr Gazetari Investigative News | WeBalkans<\/title>\n<meta name=\"description\" content=\"Thirrje e hapur p\u00ebr \u00c7mimin e BE-s\u00eb p\u00ebr Gazetari Investigative\" \/>\n<meta name=\"robots\" content=\"index, follow, max-snippet:-1, max-image-preview:large, max-video-preview:-1\" \/>\n<link rel=\"canonical\" href=\"https:\/\/webalkans.eu\/sq\/news\/open-call-for-eu-investigative-journalism-award\/\" \/>\n<meta property=\"og:locale\" content=\"sq_AL\" \/>\n<meta property=\"og:type\" content=\"article\" \/>\n<meta property=\"og:title\" content=\"Thirrje e hapur p\u00ebr \u00c7mimin e BE-s\u00eb p\u00ebr Gazetari Investigative News | WeBalkans\" \/>\n<meta property=\"og:description\" content=\"Thirrje e hapur p\u00ebr \u00c7mimin e BE-s\u00eb p\u00ebr Gazetari Investigative\" \/>\n<meta property=\"og:url\" content=\"https:\/\/webalkans.eu\/sq\/news\/open-call-for-eu-investigative-journalism-award\/\" \/>\n<meta property=\"og:site_name\" content=\"WeBalkans | EU Projects in the Western Balkans\" \/>\n<meta property=\"article:publisher\" content=\"https:\/\/www.facebook.com\/webalkans.eu\" \/>\n<meta property=\"article:published_time\" content=\"2022-04-15T10:45:58+00:00\" \/>\n<meta property=\"article:modified_time\" content=\"2022-04-20T12:33:58+00:00\" \/>\n<meta property=\"og:image\" content=\"https:\/\/webalkans.eu\/wp-content\/uploads\/2022\/04\/Safe-Journalists.jpg\" \/>\n\t<meta property=\"og:image:width\" content=\"640\" \/>\n\t<meta property=\"og:image:height\" content=\"480\" \/>\n\t<meta property=\"og:image:type\" content=\"image\/jpeg\" \/>\n<meta name=\"author\" content=\"007designstudio@gmail.com\" \/>\n<meta name=\"twitter:card\" content=\"summary_large_image\" \/>\n<meta name=\"twitter:creator\" content=\"@WeBalkans\" \/>\n<meta name=\"twitter:site\" content=\"@WeBalkans\" \/>\n<meta name=\"twitter:label1\" content=\"Written by\" \/>\n\t<meta name=\"twitter:data1\" content=\"007designstudio@gmail.com\" \/>\n\t<meta name=\"twitter:label2\" content=\"Est. reading time\" \/>\n\t<meta name=\"twitter:data2\" content=\"1 minute\" \/>\n<script type=\"application\/ld+json\" class=\"yoast-schema-graph\">{\"@context\":\"https:\/\/schema.org\",\"@graph\":[{\"@type\":\"Article\",\"@id\":\"https:\/\/webalkans.eu\/sq\/news\/open-call-for-eu-investigative-journalism-award\/#article\",\"isPartOf\":{\"@id\":\"https:\/\/webalkans.eu\/sq\/news\/open-call-for-eu-investigative-journalism-award\/\"},\"author\":{\"name\":\"007designstudio@gmail.com\",\"@id\":\"https:\/\/webalkans.eu\/sq\/#\/schema\/person\/95a8ea19ef21de3b7766e9b65ffdb4da\"},\"headline\":\"Thirrje e hapur p\u00ebr \u00c7mimin e BE-s\u00eb p\u00ebr Gazetari Investigative\",\"datePublished\":\"2022-04-15T10:45:58+00:00\",\"dateModified\":\"2022-04-20T12:33:58+00:00\",\"mainEntityOfPage\":{\"@id\":\"https:\/\/webalkans.eu\/sq\/news\/open-call-for-eu-investigative-journalism-award\/\"},\"wordCount\":221,\"publisher\":{\"@id\":\"https:\/\/webalkans.eu\/sq\/#organization\"},\"image\":{\"@id\":\"https:\/\/webalkans.eu\/sq\/news\/open-call-for-eu-investigative-journalism-award\/#primaryimage\"},\"thumbnailUrl\":\"https:\/\/webalkans.eu\/wp-content\/uploads\/2022\/04\/Safe-Journalists.jpg\",\"inLanguage\":\"sq-AL\"},{\"@type\":\"WebPage\",\"@id\":\"https:\/\/webalkans.eu\/sq\/news\/open-call-for-eu-investigative-journalism-award\/\",\"url\":\"https:\/\/webalkans.eu\/sq\/news\/open-call-for-eu-investigative-journalism-award\/\",\"name\":\"Thirrje e hapur p\u00ebr \u00c7mimin e BE-s\u00eb p\u00ebr Gazetari Investigative News | WeBalkans\",\"isPartOf\":{\"@id\":\"https:\/\/webalkans.eu\/sq\/#website\"},\"primaryImageOfPage\":{\"@id\":\"https:\/\/webalkans.eu\/sq\/news\/open-call-for-eu-investigative-journalism-award\/#primaryimage\"},\"image\":{\"@id\":\"https:\/\/webalkans.eu\/sq\/news\/open-call-for-eu-investigative-journalism-award\/#primaryimage\"},\"thumbnailUrl\":\"https:\/\/webalkans.eu\/wp-content\/uploads\/2022\/04\/Safe-Journalists.jpg\",\"datePublished\":\"2022-04-15T10:45:58+00:00\",\"dateModified\":\"2022-04-20T12:33:58+00:00\",\"description\":\"Thirrje e hapur p\u00ebr \u00c7mimin e BE-s\u00eb p\u00ebr Gazetari Investigative\",\"breadcrumb\":{\"@id\":\"https:\/\/webalkans.eu\/sq\/news\/open-call-for-eu-investigative-journalism-award\/#breadcrumb\"},\"inLanguage\":\"sq-AL\",\"potentialAction\":[{\"@type\":\"ReadAction\",\"target\":[\"https:\/\/webalkans.eu\/sq\/news\/open-call-for-eu-investigative-journalism-award\/\"]}]},{\"@type\":\"ImageObject\",\"inLanguage\":\"sq-AL\",\"@id\":\"https:\/\/webalkans.eu\/sq\/news\/open-call-for-eu-investigative-journalism-award\/#primaryimage\",\"url\":\"https:\/\/webalkans.eu\/wp-content\/uploads\/2022\/04\/Safe-Journalists.jpg\",\"contentUrl\":\"https:\/\/webalkans.eu\/wp-content\/uploads\/2022\/04\/Safe-Journalists.jpg\",\"width\":640,\"height\":480},{\"@type\":\"BreadcrumbList\",\"@id\":\"https:\/\/webalkans.eu\/sq\/news\/open-call-for-eu-investigative-journalism-award\/#breadcrumb\",\"itemListElement\":[{\"@type\":\"ListItem\",\"position\":1,\"name\":\"Home\",\"item\":\"https:\/\/webalkans.eu\/sq\/homepage\/\"},{\"@type\":\"ListItem\",\"position\":2,\"name\":\"Thirrje e hapur p\u00ebr \u00c7mimin e BE-s\u00eb p\u00ebr Gazetari Investigative\"}]},{\"@type\":\"WebSite\",\"@id\":\"https:\/\/webalkans.eu\/sq\/#website\",\"url\":\"https:\/\/webalkans.eu\/sq\/\",\"name\":\"WeBalkans | EU Projects in the Western Balkans\",\"description\":\"\",\"publisher\":{\"@id\":\"https:\/\/webalkans.eu\/sq\/#organization\"},\"potentialAction\":[{\"@type\":\"SearchAction\",\"target\":{\"@type\":\"EntryPoint\",\"urlTemplate\":\"https:\/\/webalkans.eu\/sq\/?s={search_term_string}\"},\"query-input\":{\"@type\":\"PropertyValueSpecification\",\"valueRequired\":true,\"valueName\":\"search_term_string\"}}],\"inLanguage\":\"sq-AL\"},{\"@type\":\"Organization\",\"@id\":\"https:\/\/webalkans.eu\/sq\/#organization\",\"name\":\"European Union\",\"url\":\"https:\/\/webalkans.eu\/sq\/\",\"logo\":{\"@type\":\"ImageObject\",\"inLanguage\":\"sq-AL\",\"@id\":\"https:\/\/webalkans.eu\/sq\/#\/schema\/logo\/image\/\",\"url\":\"https:\/\/webalkans.eu\/wp-content\/uploads\/2020\/11\/eu_flag.jpg\",\"contentUrl\":\"https:\/\/webalkans.eu\/wp-content\/uploads\/2020\/11\/eu_flag.jpg\",\"width\":600,\"height\":401,\"caption\":\"European Union\"},\"image\":{\"@id\":\"https:\/\/webalkans.eu\/sq\/#\/schema\/logo\/image\/\"},\"sameAs\":[\"https:\/\/www.facebook.com\/webalkans.eu\",\"https:\/\/x.com\/WeBalkans\"]},{\"@type\":\"Person\",\"@id\":\"https:\/\/webalkans.eu\/sq\/#\/schema\/person\/95a8ea19ef21de3b7766e9b65ffdb4da\",\"name\":\"007designstudio@gmail.com\"}]}<\/script>\n<!-- \/ Yoast SEO plugin. -->","yoast_head_json":{"title":"Thirrje e hapur p\u00ebr \u00c7mimin e BE-s\u00eb p\u00ebr Gazetari Investigative News | WeBalkans","description":"Thirrje e hapur p\u00ebr \u00c7mimin e BE-s\u00eb p\u00ebr Gazetari Investigative","robots":{"index":"index","follow":"follow","max-snippet":"max-snippet:-1","max-image-preview":"max-image-preview:large","max-video-preview":"max-video-preview:-1"},"canonical":"https:\/\/webalkans.eu\/sq\/news\/open-call-for-eu-investigative-journalism-award\/","og_locale":"sq_AL","og_type":"article","og_title":"Thirrje e hapur p\u00ebr \u00c7mimin e BE-s\u00eb p\u00ebr Gazetari Investigative News | WeBalkans","og_description":"Thirrje e hapur p\u00ebr \u00c7mimin e BE-s\u00eb p\u00ebr Gazetari Investigative","og_url":"https:\/\/webalkans.eu\/sq\/news\/open-call-for-eu-investigative-journalism-award\/","og_site_name":"WeBalkans | EU Projects in the Western Balkans","article_publisher":"https:\/\/www.facebook.com\/webalkans.eu","article_published_time":"2022-04-15T10:45:58+00:00","article_modified_time":"2022-04-20T12:33:58+00:00","og_image":[{"width":640,"height":480,"url":"https:\/\/webalkans.eu\/wp-content\/uploads\/2022\/04\/Safe-Journalists.jpg","type":"image\/jpeg"}],"author":"007designstudio@gmail.com","twitter_card":"summary_large_image","twitter_creator":"@WeBalkans","twitter_site":"@WeBalkans","twitter_misc":{"Written by":"007designstudio@gmail.com","Est. reading time":"1 minute"},"schema":{"@context":"https:\/\/schema.org","@graph":[{"@type":"Article","@id":"https:\/\/webalkans.eu\/sq\/news\/open-call-for-eu-investigative-journalism-award\/#article","isPartOf":{"@id":"https:\/\/webalkans.eu\/sq\/news\/open-call-for-eu-investigative-journalism-award\/"},"author":{"name":"007designstudio@gmail.com","@id":"https:\/\/webalkans.eu\/sq\/#\/schema\/person\/95a8ea19ef21de3b7766e9b65ffdb4da"},"headline":"Thirrje e hapur p\u00ebr \u00c7mimin e BE-s\u00eb p\u00ebr Gazetari Investigative","datePublished":"2022-04-15T10:45:58+00:00","dateModified":"2022-04-20T12:33:58+00:00","mainEntityOfPage":{"@id":"https:\/\/webalkans.eu\/sq\/news\/open-call-for-eu-investigative-journalism-award\/"},"wordCount":221,"publisher":{"@id":"https:\/\/webalkans.eu\/sq\/#organization"},"image":{"@id":"https:\/\/webalkans.eu\/sq\/news\/open-call-for-eu-investigative-journalism-award\/#primaryimage"},"thumbnailUrl":"https:\/\/webalkans.eu\/wp-content\/uploads\/2022\/04\/Safe-Journalists.jpg","inLanguage":"sq-AL"},{"@type":"WebPage","@id":"https:\/\/webalkans.eu\/sq\/news\/open-call-for-eu-investigative-journalism-award\/","url":"https:\/\/webalkans.eu\/sq\/news\/open-call-for-eu-investigative-journalism-award\/","name":"Thirrje e hapur p\u00ebr \u00c7mimin e BE-s\u00eb p\u00ebr Gazetari Investigative News | WeBalkans","isPartOf":{"@id":"https:\/\/webalkans.eu\/sq\/#website"},"primaryImageOfPage":{"@id":"https:\/\/webalkans.eu\/sq\/news\/open-call-for-eu-investigative-journalism-award\/#primaryimage"},"image":{"@id":"https:\/\/webalkans.eu\/sq\/news\/open-call-for-eu-investigative-journalism-award\/#primaryimage"},"thumbnailUrl":"https:\/\/webalkans.eu\/wp-content\/uploads\/2022\/04\/Safe-Journalists.jpg","datePublished":"2022-04-15T10:45:58+00:00","dateModified":"2022-04-20T12:33:58+00:00","description":"Thirrje e hapur p\u00ebr \u00c7mimin e BE-s\u00eb p\u00ebr Gazetari Investigative","breadcrumb":{"@id":"https:\/\/webalkans.eu\/sq\/news\/open-call-for-eu-investigative-journalism-award\/#breadcrumb"},"inLanguage":"sq-AL","potentialAction":[{"@type":"ReadAction","target":["https:\/\/webalkans.eu\/sq\/news\/open-call-for-eu-investigative-journalism-award\/"]}]},{"@type":"ImageObject","inLanguage":"sq-AL","@id":"https:\/\/webalkans.eu\/sq\/news\/open-call-for-eu-investigative-journalism-award\/#primaryimage","url":"https:\/\/webalkans.eu\/wp-content\/uploads\/2022\/04\/Safe-Journalists.jpg","contentUrl":"https:\/\/webalkans.eu\/wp-content\/uploads\/2022\/04\/Safe-Journalists.jpg","width":640,"height":480},{"@type":"BreadcrumbList","@id":"https:\/\/webalkans.eu\/sq\/news\/open-call-for-eu-investigative-journalism-award\/#breadcrumb","itemListElement":[{"@type":"ListItem","position":1,"name":"Home","item":"https:\/\/webalkans.eu\/sq\/homepage\/"},{"@type":"ListItem","position":2,"name":"Thirrje e hapur p\u00ebr \u00c7mimin e BE-s\u00eb p\u00ebr Gazetari Investigative"}]},{"@type":"WebSite","@id":"https:\/\/webalkans.eu\/sq\/#website","url":"https:\/\/webalkans.eu\/sq\/","name":"WeBalkans | EU Projects in the Western Balkans","description":"","publisher":{"@id":"https:\/\/webalkans.eu\/sq\/#organization"},"potentialAction":[{"@type":"SearchAction","target":{"@type":"EntryPoint","urlTemplate":"https:\/\/webalkans.eu\/sq\/?s={search_term_string}"},"query-input":{"@type":"PropertyValueSpecification","valueRequired":true,"valueName":"search_term_string"}}],"inLanguage":"sq-AL"},{"@type":"Organization","@id":"https:\/\/webalkans.eu\/sq\/#organization","name":"European Union","url":"https:\/\/webalkans.eu\/sq\/","logo":{"@type":"ImageObject","inLanguage":"sq-AL","@id":"https:\/\/webalkans.eu\/sq\/#\/schema\/logo\/image\/","url":"https:\/\/webalkans.eu\/wp-content\/uploads\/2020\/11\/eu_flag.jpg","contentUrl":"https:\/\/webalkans.eu\/wp-content\/uploads\/2020\/11\/eu_flag.jpg","width":600,"height":401,"caption":"European Union"},"image":{"@id":"https:\/\/webalkans.eu\/sq\/#\/schema\/logo\/image\/"},"sameAs":["https:\/\/www.facebook.com\/webalkans.eu","https:\/\/x.com\/WeBalkans"]},{"@type":"Person","@id":"https:\/\/webalkans.eu\/sq\/#\/schema\/person\/95a8ea19ef21de3b7766e9b65ffdb4da","name":"007designstudio@gmail.com"}]}},"_links":{"self":[{"href":"https:\/\/webalkans.eu\/sq\/wp-json\/wp\/v2\/posts\/578377"}],"collection":[{"href":"https:\/\/webalkans.eu\/sq\/wp-json\/wp\/v2\/posts"}],"about":[{"href":"https:\/\/webalkans.eu\/sq\/wp-json\/wp\/v2\/types\/post"}],"author":[{"embeddable":true,"href":"https:\/\/webalkans.eu\/sq\/wp-json\/wp\/v2\/users\/152227"}],"replies":[{"embeddable":true,"href":"https:\/\/webalkans.eu\/sq\/wp-json\/wp\/v2\/comments?post=578377"}],"version-history":[{"count":0,"href":"https:\/\/webalkans.eu\/sq\/wp-json\/wp\/v2\/posts\/578377\/revisions"}],"wp:featuredmedia":[{"embeddable":true,"href":"https:\/\/webalkans.eu\/sq\/wp-json\/wp\/v2\/media\/574702"}],"wp:attachment":[{"href":"https:\/\/webalkans.eu\/sq\/wp-json\/wp\/v2\/media?parent=578377"}],"wp:term":[{"taxonomy":"country-for-news","embeddable":true,"href":"https:\/\/webalkans.eu\/sq\/wp-json\/wp\/v2\/country-for-news?post=578377"}],"curies":[{"name":"wp","href":"https:\/\/api.w.org\/{rel}","templated":true}]}}