
{"id":574866,"date":"2022-03-30T12:47:04","date_gmt":"2022-03-30T10:47:04","guid":{"rendered":"https:\/\/webalkans.eu\/news\/western-balkans-connecting-through-trans-balkan-electricity-corridor\/"},"modified":"2022-04-15T17:09:07","modified_gmt":"2022-04-15T15:09:07","slug":"western-balkans-connecting-through-trans-balkan-electricity-corridor","status":"publish","type":"post","link":"https:\/\/webalkans.eu\/sq\/news\/western-balkans-connecting-through-trans-balkan-electricity-corridor\/","title":{"rendered":"Ballkani Per\u00ebndimor lidhet p\u00ebrmes Korridorit t\u00eb Energjis\u00eb Trans-Ballkanike"},"content":{"rendered":"<div>\n<p><span lang=\"EN-GB\">S\u00eb bashku me partner\u00ebt e tjer\u00eb t\u00eb Ballkanit Per\u00ebndimor, Serbia po nd\u00ebrton dhe lidh Korridorin Elektrik Trans-Ballkanik (<\/span><span lang=\"EN-GB\"><a href=\"https:\/\/www.wbif.eu\/storage\/app\/media\/Library\/10.Projects\/Trans-Balkan%20Electricity%20Corridor%20March%202022\/Trans_Balkan_Corr%20ENG.pdf\">Trans-Balkan Electricity Corridor<\/a>) prej 371.3 km, p\u00ebr t\u00eb cilin Western Balkans Investment Framework (WBIF) po siguron 32.1 milion\u00eb euro fonde t\u00eb pakthyeshme t\u00eb BE-s\u00eb.\u00a0<\/span><\/p>\n<p>&nbsp;<\/p>\n<\/div>\n<div>\n<p><span lang=\"EN-GB\">Danko Gavrilovi\u0107, Koordinatori i WBIF p\u00ebr Serbin\u00eb, thekson r\u00ebnd\u00ebsin\u00eb e projektit p\u00ebr ekonomin\u00eb, lidhshm\u00ebrin\u00eb dhe q\u00ebndrueshm\u00ebrin\u00eb e zhvillimit t\u00eb energjis\u00eb s\u00eb rinovueshme. \u201cThe Economic and Investment Plan\u00a0for the Western Balkans 2021-2027 \u00ebsht\u00eb nj\u00eb pasqyr\u00eb e p\u00ebrpjekjeve t\u00eb Bashkimit Evropian p\u00ebr t\u00eb inkurajuar rim\u00ebk\u00ebmbjen ekonomike afatgjat\u00eb t\u00eb vendit dhe rajonit, me mb\u00ebshtetjen e t\u00eb ashtuquajtur\u00ebs transformim i gjelb\u00ebr dhe digjital dhe p\u00ebrshpejtimin e lidhjes rajonale dhe lidhjes me Bashkimin Evropian. Zhvillimi intensiv i kapaciteteve t\u00eb q\u00ebndrueshme k\u00ebrkon gjithashtu zhvillimin e rrjetit t\u00eb transmetimit\u201d, tha Gavrilovi\u0107.\u00a0<\/span><\/p>\n<p>&nbsp;<\/p>\n<\/div>\n<div>\n<p><span lang=\"EN-GB\">Projekti \u00ebsht\u00eb identifikuar si nj\u00eb themeltar <\/span><span lang=\"EN-GB\">p\u00ebr tranzicionin nga qymyri si edhe duke q\u00ebn\u00eb brenda prioritetit t\u00eb investimeve t\u00eb energjis\u00eb s\u00eb past\u00ebr, si\u00e7 p\u00ebrcaktohet n\u00eb<i>\u00a0<\/i>Economic and Investment Plan for the Western Balkans 2021-2027. Projekti \u00ebsht\u00eb pjes\u00eb e mb\u00ebshtetjes m\u00eb t\u00eb gjer\u00eb t\u00eb BE-s\u00eb p\u00ebr sektorin \u2013 BE-ja ka investuar m\u00eb shum\u00eb se 830 milion\u00eb euro n\u00eb sektorin e energjis\u00eb gjat\u00eb dy dekadave t\u00eb fundit. Vet\u00ebm n\u00eb vitin 2022, mb\u00ebshtetja e BE-s\u00eb p\u00ebr sektorin energjetik t\u00eb Serbis\u00eb vler\u00ebsohet n\u00eb 100 milion\u00eb euro.\u00a0<\/span><\/p>\n<p>&nbsp;<\/p>\n<\/div>\n<div>\n<p><span lang=\"EN-GB\">Shum\u00ebllojshm\u00ebria e burimeve t\u00eb energjis\u00eb, siguria e furnizimit, efikasiteti energjetik dhe dekarbonizimi i ekonomis\u00eb, n\u00eb p\u00ebrputhje me Marr\u00ebveshjen e Parisit, jan\u00eb objektivat kryesore t\u00eb mb\u00ebshtetjes s\u00eb BE-s\u00eb, e cila zbatohet n\u00eb bashk\u00ebpunim me Qeverin\u00eb e Serbis\u00eb. BE do t\u00eb vazhdoj\u00eb t\u00eb mb\u00ebshtes\u00eb Serbin\u00eb n\u00eb p\u00ebrputhje me BE acquis dhe n\u00eb krijimin e strukturave q\u00eb do t\u00eb lejojn\u00eb investime t\u00eb m\u00ebtejshme n\u00eb dekarbonizimin e sektorit t\u00eb energjis\u00eb.\u00a0<\/span><\/p>\n<\/div>\n","protected":false},"excerpt":{"rendered":"<p>S\u00eb bashku me partner\u00ebt e tjer\u00eb t\u00eb Ballkanit Per\u00ebndimor, Serbia po nd\u00ebrton dhe lidh Korridorin Elektrik Trans-Ballkanik (Trans-Balkan Electricity Corridor) prej 371.3 km, p\u00ebr t\u00eb <\/p>\n","protected":false},"author":152227,"featured_media":563893,"comment_status":"closed","ping_status":"closed","sticky":false,"template":"","format":"standard","meta":{"_acf_changed":false,"_monsterinsights_skip_tracking":false,"_monsterinsights_sitenote_active":false,"_monsterinsights_sitenote_note":"","_monsterinsights_sitenote_category":0,"footnotes":""},"country-for-news":[441],"class_list":["post-574866","post","type-post","status-publish","format-standard","has-post-thumbnail","hentry","wb_theme-connectivity","wb_theme-environment","country-for-news-serbia"],"acf":[],"yoast_head":"<!-- This site is optimized with the Yoast SEO plugin v25.3.1 - https:\/\/yoast.com\/wordpress\/plugins\/seo\/ -->\n<title>Ballkani Per\u00ebndimor lidhet p\u00ebrmes Korridorit t\u00eb Energjis\u00eb Trans-Ballkanike News | WeBalkans<\/title>\n<meta name=\"description\" content=\"Together with other Western Balkan partners, Serbia is building and connecting the 371.3 km Trans-Balkan Electricity Corridor, for which the Western Balkans Investment Framework (WBIF) is providing \u20ac32.1 million of non-refundable EU funds.\" \/>\n<meta name=\"robots\" content=\"index, follow, max-snippet:-1, max-image-preview:large, max-video-preview:-1\" \/>\n<link rel=\"canonical\" href=\"https:\/\/webalkans.eu\/sq\/news\/western-balkans-connecting-through-trans-balkan-electricity-corridor\/\" \/>\n<meta property=\"og:locale\" content=\"sq_AL\" \/>\n<meta property=\"og:type\" content=\"article\" \/>\n<meta property=\"og:title\" content=\"Ballkani Per\u00ebndimor lidhet p\u00ebrmes Korridorit t\u00eb Energjis\u00eb Trans-Ballkanike News | WeBalkans\" \/>\n<meta property=\"og:description\" content=\"Together with other Western Balkan partners, Serbia is building and connecting the 371.3 km Trans-Balkan Electricity Corridor, for which the Western Balkans Investment Framework (WBIF) is providing \u20ac32.1 million of non-refundable EU funds.\" \/>\n<meta property=\"og:url\" content=\"https:\/\/webalkans.eu\/sq\/news\/western-balkans-connecting-through-trans-balkan-electricity-corridor\/\" \/>\n<meta property=\"og:site_name\" content=\"WeBalkans | EU Projects in the Western Balkans\" \/>\n<meta property=\"article:publisher\" content=\"https:\/\/www.facebook.com\/webalkans.eu\" \/>\n<meta property=\"article:published_time\" content=\"2022-03-30T10:47:04+00:00\" \/>\n<meta property=\"article:modified_time\" content=\"2022-04-15T15:09:07+00:00\" \/>\n<meta property=\"og:image\" content=\"https:\/\/webalkans.eu\/wp-content\/uploads\/2022\/03\/1-5.jpeg\" \/>\n\t<meta property=\"og:image:width\" content=\"2560\" \/>\n\t<meta property=\"og:image:height\" content=\"1920\" \/>\n\t<meta property=\"og:image:type\" content=\"image\/jpeg\" \/>\n<meta name=\"author\" content=\"007designstudio@gmail.com\" \/>\n<meta name=\"twitter:card\" content=\"summary_large_image\" \/>\n<meta name=\"twitter:creator\" content=\"@WeBalkans\" \/>\n<meta name=\"twitter:site\" content=\"@WeBalkans\" \/>\n<meta name=\"twitter:label1\" content=\"Written by\" \/>\n\t<meta name=\"twitter:data1\" content=\"007designstudio@gmail.com\" \/>\n\t<meta name=\"twitter:label2\" content=\"Est. reading time\" \/>\n\t<meta name=\"twitter:data2\" content=\"2 minutes\" \/>\n<script type=\"application\/ld+json\" class=\"yoast-schema-graph\">{\"@context\":\"https:\/\/schema.org\",\"@graph\":[{\"@type\":\"Article\",\"@id\":\"https:\/\/webalkans.eu\/sq\/news\/western-balkans-connecting-through-trans-balkan-electricity-corridor\/#article\",\"isPartOf\":{\"@id\":\"https:\/\/webalkans.eu\/sq\/news\/western-balkans-connecting-through-trans-balkan-electricity-corridor\/\"},\"author\":{\"name\":\"007designstudio@gmail.com\",\"@id\":\"https:\/\/webalkans.eu\/sq\/#\/schema\/person\/95a8ea19ef21de3b7766e9b65ffdb4da\"},\"headline\":\"Ballkani Per\u00ebndimor lidhet p\u00ebrmes Korridorit t\u00eb Energjis\u00eb Trans-Ballkanike\",\"datePublished\":\"2022-03-30T10:47:04+00:00\",\"dateModified\":\"2022-04-15T15:09:07+00:00\",\"mainEntityOfPage\":{\"@id\":\"https:\/\/webalkans.eu\/sq\/news\/western-balkans-connecting-through-trans-balkan-electricity-corridor\/\"},\"wordCount\":321,\"publisher\":{\"@id\":\"https:\/\/webalkans.eu\/sq\/#organization\"},\"image\":{\"@id\":\"https:\/\/webalkans.eu\/sq\/news\/western-balkans-connecting-through-trans-balkan-electricity-corridor\/#primaryimage\"},\"thumbnailUrl\":\"https:\/\/webalkans.eu\/wp-content\/uploads\/2022\/03\/1-5.jpeg\",\"inLanguage\":\"sq-AL\"},{\"@type\":\"WebPage\",\"@id\":\"https:\/\/webalkans.eu\/sq\/news\/western-balkans-connecting-through-trans-balkan-electricity-corridor\/\",\"url\":\"https:\/\/webalkans.eu\/sq\/news\/western-balkans-connecting-through-trans-balkan-electricity-corridor\/\",\"name\":\"Ballkani Per\u00ebndimor lidhet p\u00ebrmes Korridorit t\u00eb Energjis\u00eb Trans-Ballkanike News | WeBalkans\",\"isPartOf\":{\"@id\":\"https:\/\/webalkans.eu\/sq\/#website\"},\"primaryImageOfPage\":{\"@id\":\"https:\/\/webalkans.eu\/sq\/news\/western-balkans-connecting-through-trans-balkan-electricity-corridor\/#primaryimage\"},\"image\":{\"@id\":\"https:\/\/webalkans.eu\/sq\/news\/western-balkans-connecting-through-trans-balkan-electricity-corridor\/#primaryimage\"},\"thumbnailUrl\":\"https:\/\/webalkans.eu\/wp-content\/uploads\/2022\/03\/1-5.jpeg\",\"datePublished\":\"2022-03-30T10:47:04+00:00\",\"dateModified\":\"2022-04-15T15:09:07+00:00\",\"description\":\"Together with other Western Balkan partners, Serbia is building and connecting the 371.3 km Trans-Balkan Electricity Corridor, for which the Western Balkans Investment Framework (WBIF) is providing \u20ac32.1 million of non-refundable EU funds.\",\"breadcrumb\":{\"@id\":\"https:\/\/webalkans.eu\/sq\/news\/western-balkans-connecting-through-trans-balkan-electricity-corridor\/#breadcrumb\"},\"inLanguage\":\"sq-AL\",\"potentialAction\":[{\"@type\":\"ReadAction\",\"target\":[\"https:\/\/webalkans.eu\/sq\/news\/western-balkans-connecting-through-trans-balkan-electricity-corridor\/\"]}]},{\"@type\":\"ImageObject\",\"inLanguage\":\"sq-AL\",\"@id\":\"https:\/\/webalkans.eu\/sq\/news\/western-balkans-connecting-through-trans-balkan-electricity-corridor\/#primaryimage\",\"url\":\"https:\/\/webalkans.eu\/wp-content\/uploads\/2022\/03\/1-5.jpeg\",\"contentUrl\":\"https:\/\/webalkans.eu\/wp-content\/uploads\/2022\/03\/1-5.jpeg\",\"width\":2560,\"height\":1920},{\"@type\":\"BreadcrumbList\",\"@id\":\"https:\/\/webalkans.eu\/sq\/news\/western-balkans-connecting-through-trans-balkan-electricity-corridor\/#breadcrumb\",\"itemListElement\":[{\"@type\":\"ListItem\",\"position\":1,\"name\":\"Home\",\"item\":\"https:\/\/webalkans.eu\/sq\/homepage\/\"},{\"@type\":\"ListItem\",\"position\":2,\"name\":\"Ballkani Per\u00ebndimor lidhet p\u00ebrmes Korridorit t\u00eb Energjis\u00eb Trans-Ballkanike\"}]},{\"@type\":\"WebSite\",\"@id\":\"https:\/\/webalkans.eu\/sq\/#website\",\"url\":\"https:\/\/webalkans.eu\/sq\/\",\"name\":\"WeBalkans | EU Projects in the Western Balkans\",\"description\":\"\",\"publisher\":{\"@id\":\"https:\/\/webalkans.eu\/sq\/#organization\"},\"potentialAction\":[{\"@type\":\"SearchAction\",\"target\":{\"@type\":\"EntryPoint\",\"urlTemplate\":\"https:\/\/webalkans.eu\/sq\/?s={search_term_string}\"},\"query-input\":{\"@type\":\"PropertyValueSpecification\",\"valueRequired\":true,\"valueName\":\"search_term_string\"}}],\"inLanguage\":\"sq-AL\"},{\"@type\":\"Organization\",\"@id\":\"https:\/\/webalkans.eu\/sq\/#organization\",\"name\":\"European Union\",\"url\":\"https:\/\/webalkans.eu\/sq\/\",\"logo\":{\"@type\":\"ImageObject\",\"inLanguage\":\"sq-AL\",\"@id\":\"https:\/\/webalkans.eu\/sq\/#\/schema\/logo\/image\/\",\"url\":\"https:\/\/webalkans.eu\/wp-content\/uploads\/2020\/11\/eu_flag.jpg\",\"contentUrl\":\"https:\/\/webalkans.eu\/wp-content\/uploads\/2020\/11\/eu_flag.jpg\",\"width\":600,\"height\":401,\"caption\":\"European Union\"},\"image\":{\"@id\":\"https:\/\/webalkans.eu\/sq\/#\/schema\/logo\/image\/\"},\"sameAs\":[\"https:\/\/www.facebook.com\/webalkans.eu\",\"https:\/\/x.com\/WeBalkans\"]},{\"@type\":\"Person\",\"@id\":\"https:\/\/webalkans.eu\/sq\/#\/schema\/person\/95a8ea19ef21de3b7766e9b65ffdb4da\",\"name\":\"007designstudio@gmail.com\"}]}<\/script>\n<!-- \/ Yoast SEO plugin. -->","yoast_head_json":{"title":"Ballkani Per\u00ebndimor lidhet p\u00ebrmes Korridorit t\u00eb Energjis\u00eb Trans-Ballkanike News | WeBalkans","description":"Together with other Western Balkan partners, Serbia is building and connecting the 371.3 km Trans-Balkan Electricity Corridor, for which the Western Balkans Investment Framework (WBIF) is providing \u20ac32.1 million of non-refundable EU funds.","robots":{"index":"index","follow":"follow","max-snippet":"max-snippet:-1","max-image-preview":"max-image-preview:large","max-video-preview":"max-video-preview:-1"},"canonical":"https:\/\/webalkans.eu\/sq\/news\/western-balkans-connecting-through-trans-balkan-electricity-corridor\/","og_locale":"sq_AL","og_type":"article","og_title":"Ballkani Per\u00ebndimor lidhet p\u00ebrmes Korridorit t\u00eb Energjis\u00eb Trans-Ballkanike News | WeBalkans","og_description":"Together with other Western Balkan partners, Serbia is building and connecting the 371.3 km Trans-Balkan Electricity Corridor, for which the Western Balkans Investment Framework (WBIF) is providing \u20ac32.1 million of non-refundable EU funds.","og_url":"https:\/\/webalkans.eu\/sq\/news\/western-balkans-connecting-through-trans-balkan-electricity-corridor\/","og_site_name":"WeBalkans | EU Projects in the Western Balkans","article_publisher":"https:\/\/www.facebook.com\/webalkans.eu","article_published_time":"2022-03-30T10:47:04+00:00","article_modified_time":"2022-04-15T15:09:07+00:00","og_image":[{"width":2560,"height":1920,"url":"https:\/\/webalkans.eu\/wp-content\/uploads\/2022\/03\/1-5.jpeg","type":"image\/jpeg"}],"author":"007designstudio@gmail.com","twitter_card":"summary_large_image","twitter_creator":"@WeBalkans","twitter_site":"@WeBalkans","twitter_misc":{"Written by":"007designstudio@gmail.com","Est. reading time":"2 minutes"},"schema":{"@context":"https:\/\/schema.org","@graph":[{"@type":"Article","@id":"https:\/\/webalkans.eu\/sq\/news\/western-balkans-connecting-through-trans-balkan-electricity-corridor\/#article","isPartOf":{"@id":"https:\/\/webalkans.eu\/sq\/news\/western-balkans-connecting-through-trans-balkan-electricity-corridor\/"},"author":{"name":"007designstudio@gmail.com","@id":"https:\/\/webalkans.eu\/sq\/#\/schema\/person\/95a8ea19ef21de3b7766e9b65ffdb4da"},"headline":"Ballkani Per\u00ebndimor lidhet p\u00ebrmes Korridorit t\u00eb Energjis\u00eb Trans-Ballkanike","datePublished":"2022-03-30T10:47:04+00:00","dateModified":"2022-04-15T15:09:07+00:00","mainEntityOfPage":{"@id":"https:\/\/webalkans.eu\/sq\/news\/western-balkans-connecting-through-trans-balkan-electricity-corridor\/"},"wordCount":321,"publisher":{"@id":"https:\/\/webalkans.eu\/sq\/#organization"},"image":{"@id":"https:\/\/webalkans.eu\/sq\/news\/western-balkans-connecting-through-trans-balkan-electricity-corridor\/#primaryimage"},"thumbnailUrl":"https:\/\/webalkans.eu\/wp-content\/uploads\/2022\/03\/1-5.jpeg","inLanguage":"sq-AL"},{"@type":"WebPage","@id":"https:\/\/webalkans.eu\/sq\/news\/western-balkans-connecting-through-trans-balkan-electricity-corridor\/","url":"https:\/\/webalkans.eu\/sq\/news\/western-balkans-connecting-through-trans-balkan-electricity-corridor\/","name":"Ballkani Per\u00ebndimor lidhet p\u00ebrmes Korridorit t\u00eb Energjis\u00eb Trans-Ballkanike News | WeBalkans","isPartOf":{"@id":"https:\/\/webalkans.eu\/sq\/#website"},"primaryImageOfPage":{"@id":"https:\/\/webalkans.eu\/sq\/news\/western-balkans-connecting-through-trans-balkan-electricity-corridor\/#primaryimage"},"image":{"@id":"https:\/\/webalkans.eu\/sq\/news\/western-balkans-connecting-through-trans-balkan-electricity-corridor\/#primaryimage"},"thumbnailUrl":"https:\/\/webalkans.eu\/wp-content\/uploads\/2022\/03\/1-5.jpeg","datePublished":"2022-03-30T10:47:04+00:00","dateModified":"2022-04-15T15:09:07+00:00","description":"Together with other Western Balkan partners, Serbia is building and connecting the 371.3 km Trans-Balkan Electricity Corridor, for which the Western Balkans Investment Framework (WBIF) is providing \u20ac32.1 million of non-refundable EU funds.","breadcrumb":{"@id":"https:\/\/webalkans.eu\/sq\/news\/western-balkans-connecting-through-trans-balkan-electricity-corridor\/#breadcrumb"},"inLanguage":"sq-AL","potentialAction":[{"@type":"ReadAction","target":["https:\/\/webalkans.eu\/sq\/news\/western-balkans-connecting-through-trans-balkan-electricity-corridor\/"]}]},{"@type":"ImageObject","inLanguage":"sq-AL","@id":"https:\/\/webalkans.eu\/sq\/news\/western-balkans-connecting-through-trans-balkan-electricity-corridor\/#primaryimage","url":"https:\/\/webalkans.eu\/wp-content\/uploads\/2022\/03\/1-5.jpeg","contentUrl":"https:\/\/webalkans.eu\/wp-content\/uploads\/2022\/03\/1-5.jpeg","width":2560,"height":1920},{"@type":"BreadcrumbList","@id":"https:\/\/webalkans.eu\/sq\/news\/western-balkans-connecting-through-trans-balkan-electricity-corridor\/#breadcrumb","itemListElement":[{"@type":"ListItem","position":1,"name":"Home","item":"https:\/\/webalkans.eu\/sq\/homepage\/"},{"@type":"ListItem","position":2,"name":"Ballkani Per\u00ebndimor lidhet p\u00ebrmes Korridorit t\u00eb Energjis\u00eb Trans-Ballkanike"}]},{"@type":"WebSite","@id":"https:\/\/webalkans.eu\/sq\/#website","url":"https:\/\/webalkans.eu\/sq\/","name":"WeBalkans | EU Projects in the Western Balkans","description":"","publisher":{"@id":"https:\/\/webalkans.eu\/sq\/#organization"},"potentialAction":[{"@type":"SearchAction","target":{"@type":"EntryPoint","urlTemplate":"https:\/\/webalkans.eu\/sq\/?s={search_term_string}"},"query-input":{"@type":"PropertyValueSpecification","valueRequired":true,"valueName":"search_term_string"}}],"inLanguage":"sq-AL"},{"@type":"Organization","@id":"https:\/\/webalkans.eu\/sq\/#organization","name":"European Union","url":"https:\/\/webalkans.eu\/sq\/","logo":{"@type":"ImageObject","inLanguage":"sq-AL","@id":"https:\/\/webalkans.eu\/sq\/#\/schema\/logo\/image\/","url":"https:\/\/webalkans.eu\/wp-content\/uploads\/2020\/11\/eu_flag.jpg","contentUrl":"https:\/\/webalkans.eu\/wp-content\/uploads\/2020\/11\/eu_flag.jpg","width":600,"height":401,"caption":"European Union"},"image":{"@id":"https:\/\/webalkans.eu\/sq\/#\/schema\/logo\/image\/"},"sameAs":["https:\/\/www.facebook.com\/webalkans.eu","https:\/\/x.com\/WeBalkans"]},{"@type":"Person","@id":"https:\/\/webalkans.eu\/sq\/#\/schema\/person\/95a8ea19ef21de3b7766e9b65ffdb4da","name":"007designstudio@gmail.com"}]}},"_links":{"self":[{"href":"https:\/\/webalkans.eu\/sq\/wp-json\/wp\/v2\/posts\/574866"}],"collection":[{"href":"https:\/\/webalkans.eu\/sq\/wp-json\/wp\/v2\/posts"}],"about":[{"href":"https:\/\/webalkans.eu\/sq\/wp-json\/wp\/v2\/types\/post"}],"author":[{"embeddable":true,"href":"https:\/\/webalkans.eu\/sq\/wp-json\/wp\/v2\/users\/152227"}],"replies":[{"embeddable":true,"href":"https:\/\/webalkans.eu\/sq\/wp-json\/wp\/v2\/comments?post=574866"}],"version-history":[{"count":0,"href":"https:\/\/webalkans.eu\/sq\/wp-json\/wp\/v2\/posts\/574866\/revisions"}],"wp:featuredmedia":[{"embeddable":true,"href":"https:\/\/webalkans.eu\/sq\/wp-json\/wp\/v2\/media\/563893"}],"wp:attachment":[{"href":"https:\/\/webalkans.eu\/sq\/wp-json\/wp\/v2\/media?parent=574866"}],"wp:term":[{"taxonomy":"country-for-news","embeddable":true,"href":"https:\/\/webalkans.eu\/sq\/wp-json\/wp\/v2\/country-for-news?post=574866"}],"curies":[{"name":"wp","href":"https:\/\/api.w.org\/{rel}","templated":true}]}}