
{"id":574858,"date":"2022-03-29T12:40:00","date_gmt":"2022-03-29T10:40:00","guid":{"rendered":"https:\/\/webalkans.eu\/news\/block-the-hatred-share-the-love-campaign-launched-in-tirana\/"},"modified":"2022-04-15T17:10:54","modified_gmt":"2022-04-15T15:10:54","slug":"block-the-hatred-share-the-love-campaign-launched-in-tirana","status":"publish","type":"post","link":"https:\/\/webalkans.eu\/sq\/news\/block-the-hatred-share-the-love-campaign-launched-in-tirana\/","title":{"rendered":"Nis n\u00eb Tiran\u00eb fushata kund\u00ebr gjuh\u00ebs s\u00eb urrejtjes, \u201cBlock the Hatred. Share the Love!\u201d"},"content":{"rendered":"<div>\n<p><span lang=\"EN-GB\">Fushata kund\u00ebr gjuh\u00ebs s\u00eb urrejtjes, \u201cBlock the Hatred. Share the Love!\u201d filloi n\u00eb Tiran\u00eb m\u00eb 25 mars. Hapja e fushat\u00ebs mblodhi opinionist\u00eb t\u00eb shquar, aktivist\u00eb dhe p\u00ebrfaq\u00ebsues t\u00eb lart\u00eb t\u00eb autoriteteve publike, t\u00eb cil\u00ebt ngrit\u00ebn z\u00ebrin kund\u00ebr gjuh\u00ebs s\u00eb urrejtjes dhe u zotuan t\u00eb promovojn\u00eb nj\u00eb shoq\u00ebri t\u00eb barabart\u00eb, pa urrejtje dhe diskriminim.\u00a0<\/span><\/p>\n<p>&nbsp;<\/p>\n<\/div>\n<div>\n<p><span lang=\"EN-GB\">Kreu i Seksionit Politik n\u00eb Delegacionin Evropian n\u00eb Shqip\u00ebri, Alexis Hupin theksoi r\u00ebnd\u00ebsin\u00eb e zbatimit n\u00eb luft\u00ebn kund\u00ebr gjuh\u00ebs s\u00eb urrejtjes. \u201cUn\u00eb do t\u00eb doja t\u2019ju ftoja q\u00eb t\u00eb vazhdonim k\u00ebt\u00eb luft\u00eb s\u00eb bashku, t\u00eb d\u00ebnojm\u00eb rastet e gjuh\u00ebs s\u00eb urrejtjes, t\u00eb raportojm\u00eb rastet e krimeve t\u00eb urrejtjes dhe t\u00eb mb\u00ebshtetemi tek nj\u00ebri-tjetri p\u00ebr ta b\u00ebr\u00eb Shqip\u00ebrin\u00eb nj\u00eb vend m\u00eb t\u00eb mir\u00eb, pa diskriminim, pa urrejtje dhe me mund\u00ebsi t\u00eb barabarta p\u00ebr t\u00eb gjith\u00eb.\u201d\u00a0<\/span><\/p>\n<p>&nbsp;<\/p>\n<\/div>\n<div>\n<p><span lang=\"EN-GB\">Daniela Korto\u00e7i, nj\u00eb Ambasadore e Re Evropiane (YEA) nga Shqip\u00ebria u shpreh \u201cSi an\u00ebtare e YEA-s\u00eb, nj\u00eb nga fushat tona kryesore t\u00eb fokusit \u00ebsht\u00eb t\u00eb ndikojm\u00eb me q\u00ebllim n\u00eb t\u00eb gjith\u00eb Ballkanin Per\u00ebndimor. T\u00eb ndikosh te t\u00eb rinjt\u00eb do t\u00eb thot\u00eb gjithashtu q\u00eb ne duhet t\u00eb d\u00ebgjojm\u00eb m\u00eb shum\u00eb nj\u00ebri-tjetrin dhe t\u00eb ndajm\u00eb p\u00ebrvojat dhe historit\u00eb tona n\u00eb lidhje me urrejtjen n\u00eb internet dhe se si e kap\u00ebrcyem at\u00eb. Pra, le t\u00eb fillojm\u00eb k\u00ebt\u00eb fushat\u00eb: \u201cBlock the Hatred. Share the Love!\u201d\u00a0<\/span><\/p>\n<p>&nbsp;<\/p>\n<\/div>\n<div>\n<p><span lang=\"EN-GB\">Fushata \u201cBlock the Hatred. Share the Love!\u201d \u00ebsht\u00eb nj\u00eb l\u00ebvizje nd\u00ebrgjegj\u00ebsuese e prezantuar n\u00eb Ballkanin Per\u00ebndimor vitin e kaluar p\u00ebr t\u00eb informuar dhe angazhuar komunitetet lokale n\u00eb luft\u00ebn kund\u00ebr formave t\u00eb ndryshme t\u00eb gjuh\u00ebs s\u00eb urrejtjes, duke synuar grupet dhe individ\u00ebt vulnerab\u00ebl si personat LGBTI, emigrant\u00ebt, njer\u00ebzit me nevoja t\u00eb ve\u00e7anta dhe pakicat etnike. Fushata do t\u00eb vazhdoj\u00eb n\u00eb muajt e ardhsh\u00ebm me nj\u00eb s\u00ebr\u00eb ngjarjesh publike t\u00eb promovuara p\u00ebrmes faqeve t\u00eb internetit dhe mediat sociale, por edhe n\u00eb mediat kryesore.\u00a0<\/span><\/p>\n<p>&nbsp;<\/p>\n<\/div>\n<div>\n<p><span lang=\"EN-GB\">Fushata zbatohet n\u00eb kuad\u00ebr t\u00eb projektit \u201c<\/span><span lang=\"EN-GB\">Promotion of diversity and equality in Albania<\/span><span lang=\"EN-GB\">\u201d, pjes\u00eb e Bashkimit Europian dhe K\u00ebshillit t\u00eb Europ\u00ebs \u201c<\/span><span lang=\"EN-GB\">Horizontal Facility for the Western Balkans and Turkey 2019-2022<\/span><span lang=\"EN-GB\">\u201d, q\u00eb mb\u00ebshtet reformat n\u00eb fushat e t\u00eb drejtave t\u00eb njeriut, sundimit t\u00eb ligjit dhe demokracis\u00eb, n\u00eb p\u00ebrputhje me standardet evropiane dhe n\u00eb kuad\u00ebr t\u00eb procesit t\u00eb zgjerimit t\u00eb BE-s\u00eb.\u00a0<\/span><\/p>\n<\/div>\n","protected":false},"excerpt":{"rendered":"<p>Fushata kund\u00ebr gjuh\u00ebs s\u00eb urrejtjes, \u201cBlock the Hatred. Share the Love!\u201d filloi n\u00eb Tiran\u00eb m\u00eb 25 mars. Hapja e fushat\u00ebs mblodhi opinionist\u00eb t\u00eb shquar, aktivist\u00eb <\/p>\n","protected":false},"author":152227,"featured_media":563292,"comment_status":"closed","ping_status":"closed","sticky":false,"template":"","format":"standard","meta":{"_acf_changed":false,"_monsterinsights_skip_tracking":false,"_monsterinsights_sitenote_active":false,"_monsterinsights_sitenote_note":"","_monsterinsights_sitenote_category":0,"footnotes":""},"country-for-news":[431,437,441,415,421,428],"class_list":["post-574858","post","type-post","status-publish","format-standard","has-post-thumbnail","hentry","wb_theme-equality-and-fair-society","country-for-news-montenegro","country-for-news-north-macedonia","country-for-news-serbia","country-for-news-albania","country-for-news-bosnia-and-herzegovina","country-for-news-kosovo"],"acf":[],"yoast_head":"<!-- This site is optimized with the Yoast SEO plugin v25.3.1 - https:\/\/yoast.com\/wordpress\/plugins\/seo\/ -->\n<title>Nis n\u00eb Tiran\u00eb fushata kund\u00ebr gjuh\u00ebs s\u00eb urrejtjes, \u201cBlock the Hatred. Share the Love!\u201d News | WeBalkans<\/title>\n<meta name=\"description\" content=\"Nis n\u00eb Tiran\u00eb fushata kund\u00ebr gjuh\u00ebs s\u00eb urrejtjes, \u201cBlock the Hatred. Share the Love!\u201d\" \/>\n<meta name=\"robots\" content=\"index, follow, max-snippet:-1, max-image-preview:large, max-video-preview:-1\" \/>\n<link rel=\"canonical\" href=\"https:\/\/webalkans.eu\/sq\/news\/block-the-hatred-share-the-love-campaign-launched-in-tirana\/\" \/>\n<meta property=\"og:locale\" content=\"sq_AL\" \/>\n<meta property=\"og:type\" content=\"article\" \/>\n<meta property=\"og:title\" content=\"Nis n\u00eb Tiran\u00eb fushata kund\u00ebr gjuh\u00ebs s\u00eb urrejtjes, \u201cBlock the Hatred. Share the Love!\u201d News | WeBalkans\" \/>\n<meta property=\"og:description\" content=\"Nis n\u00eb Tiran\u00eb fushata kund\u00ebr gjuh\u00ebs s\u00eb urrejtjes, \u201cBlock the Hatred. Share the Love!\u201d\" \/>\n<meta property=\"og:url\" content=\"https:\/\/webalkans.eu\/sq\/news\/block-the-hatred-share-the-love-campaign-launched-in-tirana\/\" \/>\n<meta property=\"og:site_name\" content=\"WeBalkans | EU Projects in the Western Balkans\" \/>\n<meta property=\"article:publisher\" content=\"https:\/\/www.facebook.com\/webalkans.eu\" \/>\n<meta property=\"article:published_time\" content=\"2022-03-29T10:40:00+00:00\" \/>\n<meta property=\"article:modified_time\" content=\"2022-04-15T15:10:54+00:00\" \/>\n<meta property=\"og:image\" content=\"https:\/\/webalkans.eu\/wp-content\/uploads\/2022\/03\/Daniela-Kortoci_YEA-scaled.jpeg\" \/>\n\t<meta property=\"og:image:width\" content=\"2560\" \/>\n\t<meta property=\"og:image:height\" content=\"1707\" \/>\n\t<meta property=\"og:image:type\" content=\"image\/jpeg\" \/>\n<meta name=\"author\" content=\"007designstudio@gmail.com\" \/>\n<meta name=\"twitter:card\" content=\"summary_large_image\" \/>\n<meta name=\"twitter:creator\" content=\"@WeBalkans\" \/>\n<meta name=\"twitter:site\" content=\"@WeBalkans\" \/>\n<meta name=\"twitter:label1\" content=\"Written by\" \/>\n\t<meta name=\"twitter:data1\" content=\"007designstudio@gmail.com\" \/>\n\t<meta name=\"twitter:label2\" content=\"Est. reading time\" \/>\n\t<meta name=\"twitter:data2\" content=\"2 minutes\" \/>\n<script type=\"application\/ld+json\" class=\"yoast-schema-graph\">{\"@context\":\"https:\/\/schema.org\",\"@graph\":[{\"@type\":\"Article\",\"@id\":\"https:\/\/webalkans.eu\/sq\/news\/block-the-hatred-share-the-love-campaign-launched-in-tirana\/#article\",\"isPartOf\":{\"@id\":\"https:\/\/webalkans.eu\/sq\/news\/block-the-hatred-share-the-love-campaign-launched-in-tirana\/\"},\"author\":{\"name\":\"007designstudio@gmail.com\",\"@id\":\"https:\/\/webalkans.eu\/sq\/#\/schema\/person\/95a8ea19ef21de3b7766e9b65ffdb4da\"},\"headline\":\"Nis n\u00eb Tiran\u00eb fushata kund\u00ebr gjuh\u00ebs s\u00eb urrejtjes, \u201cBlock the Hatred. Share the Love!\u201d\",\"datePublished\":\"2022-03-29T10:40:00+00:00\",\"dateModified\":\"2022-04-15T15:10:54+00:00\",\"mainEntityOfPage\":{\"@id\":\"https:\/\/webalkans.eu\/sq\/news\/block-the-hatred-share-the-love-campaign-launched-in-tirana\/\"},\"wordCount\":427,\"publisher\":{\"@id\":\"https:\/\/webalkans.eu\/sq\/#organization\"},\"image\":{\"@id\":\"https:\/\/webalkans.eu\/sq\/news\/block-the-hatred-share-the-love-campaign-launched-in-tirana\/#primaryimage\"},\"thumbnailUrl\":\"https:\/\/webalkans.eu\/wp-content\/uploads\/2022\/03\/Daniela-Kortoci_YEA-scaled.jpeg\",\"inLanguage\":\"sq-AL\"},{\"@type\":\"WebPage\",\"@id\":\"https:\/\/webalkans.eu\/sq\/news\/block-the-hatred-share-the-love-campaign-launched-in-tirana\/\",\"url\":\"https:\/\/webalkans.eu\/sq\/news\/block-the-hatred-share-the-love-campaign-launched-in-tirana\/\",\"name\":\"Nis n\u00eb Tiran\u00eb fushata kund\u00ebr gjuh\u00ebs s\u00eb urrejtjes, \u201cBlock the Hatred. Share the Love!\u201d News | WeBalkans\",\"isPartOf\":{\"@id\":\"https:\/\/webalkans.eu\/sq\/#website\"},\"primaryImageOfPage\":{\"@id\":\"https:\/\/webalkans.eu\/sq\/news\/block-the-hatred-share-the-love-campaign-launched-in-tirana\/#primaryimage\"},\"image\":{\"@id\":\"https:\/\/webalkans.eu\/sq\/news\/block-the-hatred-share-the-love-campaign-launched-in-tirana\/#primaryimage\"},\"thumbnailUrl\":\"https:\/\/webalkans.eu\/wp-content\/uploads\/2022\/03\/Daniela-Kortoci_YEA-scaled.jpeg\",\"datePublished\":\"2022-03-29T10:40:00+00:00\",\"dateModified\":\"2022-04-15T15:10:54+00:00\",\"description\":\"Nis n\u00eb Tiran\u00eb fushata kund\u00ebr gjuh\u00ebs s\u00eb urrejtjes, \u201cBlock the Hatred. Share the Love!\u201d\",\"breadcrumb\":{\"@id\":\"https:\/\/webalkans.eu\/sq\/news\/block-the-hatred-share-the-love-campaign-launched-in-tirana\/#breadcrumb\"},\"inLanguage\":\"sq-AL\",\"potentialAction\":[{\"@type\":\"ReadAction\",\"target\":[\"https:\/\/webalkans.eu\/sq\/news\/block-the-hatred-share-the-love-campaign-launched-in-tirana\/\"]}]},{\"@type\":\"ImageObject\",\"inLanguage\":\"sq-AL\",\"@id\":\"https:\/\/webalkans.eu\/sq\/news\/block-the-hatred-share-the-love-campaign-launched-in-tirana\/#primaryimage\",\"url\":\"https:\/\/webalkans.eu\/wp-content\/uploads\/2022\/03\/Daniela-Kortoci_YEA-scaled.jpeg\",\"contentUrl\":\"https:\/\/webalkans.eu\/wp-content\/uploads\/2022\/03\/Daniela-Kortoci_YEA-scaled.jpeg\",\"width\":2560,\"height\":1707},{\"@type\":\"BreadcrumbList\",\"@id\":\"https:\/\/webalkans.eu\/sq\/news\/block-the-hatred-share-the-love-campaign-launched-in-tirana\/#breadcrumb\",\"itemListElement\":[{\"@type\":\"ListItem\",\"position\":1,\"name\":\"Home\",\"item\":\"https:\/\/webalkans.eu\/sq\/homepage\/\"},{\"@type\":\"ListItem\",\"position\":2,\"name\":\"Nis n\u00eb Tiran\u00eb fushata kund\u00ebr gjuh\u00ebs s\u00eb urrejtjes, \u201cBlock the Hatred. Share the Love!\u201d\"}]},{\"@type\":\"WebSite\",\"@id\":\"https:\/\/webalkans.eu\/sq\/#website\",\"url\":\"https:\/\/webalkans.eu\/sq\/\",\"name\":\"WeBalkans | EU Projects in the Western Balkans\",\"description\":\"\",\"publisher\":{\"@id\":\"https:\/\/webalkans.eu\/sq\/#organization\"},\"potentialAction\":[{\"@type\":\"SearchAction\",\"target\":{\"@type\":\"EntryPoint\",\"urlTemplate\":\"https:\/\/webalkans.eu\/sq\/?s={search_term_string}\"},\"query-input\":{\"@type\":\"PropertyValueSpecification\",\"valueRequired\":true,\"valueName\":\"search_term_string\"}}],\"inLanguage\":\"sq-AL\"},{\"@type\":\"Organization\",\"@id\":\"https:\/\/webalkans.eu\/sq\/#organization\",\"name\":\"European Union\",\"url\":\"https:\/\/webalkans.eu\/sq\/\",\"logo\":{\"@type\":\"ImageObject\",\"inLanguage\":\"sq-AL\",\"@id\":\"https:\/\/webalkans.eu\/sq\/#\/schema\/logo\/image\/\",\"url\":\"https:\/\/webalkans.eu\/wp-content\/uploads\/2020\/11\/eu_flag.jpg\",\"contentUrl\":\"https:\/\/webalkans.eu\/wp-content\/uploads\/2020\/11\/eu_flag.jpg\",\"width\":600,\"height\":401,\"caption\":\"European Union\"},\"image\":{\"@id\":\"https:\/\/webalkans.eu\/sq\/#\/schema\/logo\/image\/\"},\"sameAs\":[\"https:\/\/www.facebook.com\/webalkans.eu\",\"https:\/\/x.com\/WeBalkans\"]},{\"@type\":\"Person\",\"@id\":\"https:\/\/webalkans.eu\/sq\/#\/schema\/person\/95a8ea19ef21de3b7766e9b65ffdb4da\",\"name\":\"007designstudio@gmail.com\"}]}<\/script>\n<!-- \/ Yoast SEO plugin. -->","yoast_head_json":{"title":"Nis n\u00eb Tiran\u00eb fushata kund\u00ebr gjuh\u00ebs s\u00eb urrejtjes, \u201cBlock the Hatred. Share the Love!\u201d News | WeBalkans","description":"Nis n\u00eb Tiran\u00eb fushata kund\u00ebr gjuh\u00ebs s\u00eb urrejtjes, \u201cBlock the Hatred. Share the Love!\u201d","robots":{"index":"index","follow":"follow","max-snippet":"max-snippet:-1","max-image-preview":"max-image-preview:large","max-video-preview":"max-video-preview:-1"},"canonical":"https:\/\/webalkans.eu\/sq\/news\/block-the-hatred-share-the-love-campaign-launched-in-tirana\/","og_locale":"sq_AL","og_type":"article","og_title":"Nis n\u00eb Tiran\u00eb fushata kund\u00ebr gjuh\u00ebs s\u00eb urrejtjes, \u201cBlock the Hatred. Share the Love!\u201d News | WeBalkans","og_description":"Nis n\u00eb Tiran\u00eb fushata kund\u00ebr gjuh\u00ebs s\u00eb urrejtjes, \u201cBlock the Hatred. Share the Love!\u201d","og_url":"https:\/\/webalkans.eu\/sq\/news\/block-the-hatred-share-the-love-campaign-launched-in-tirana\/","og_site_name":"WeBalkans | EU Projects in the Western Balkans","article_publisher":"https:\/\/www.facebook.com\/webalkans.eu","article_published_time":"2022-03-29T10:40:00+00:00","article_modified_time":"2022-04-15T15:10:54+00:00","og_image":[{"width":2560,"height":1707,"url":"https:\/\/webalkans.eu\/wp-content\/uploads\/2022\/03\/Daniela-Kortoci_YEA-scaled.jpeg","type":"image\/jpeg"}],"author":"007designstudio@gmail.com","twitter_card":"summary_large_image","twitter_creator":"@WeBalkans","twitter_site":"@WeBalkans","twitter_misc":{"Written by":"007designstudio@gmail.com","Est. reading time":"2 minutes"},"schema":{"@context":"https:\/\/schema.org","@graph":[{"@type":"Article","@id":"https:\/\/webalkans.eu\/sq\/news\/block-the-hatred-share-the-love-campaign-launched-in-tirana\/#article","isPartOf":{"@id":"https:\/\/webalkans.eu\/sq\/news\/block-the-hatred-share-the-love-campaign-launched-in-tirana\/"},"author":{"name":"007designstudio@gmail.com","@id":"https:\/\/webalkans.eu\/sq\/#\/schema\/person\/95a8ea19ef21de3b7766e9b65ffdb4da"},"headline":"Nis n\u00eb Tiran\u00eb fushata kund\u00ebr gjuh\u00ebs s\u00eb urrejtjes, \u201cBlock the Hatred. Share the Love!\u201d","datePublished":"2022-03-29T10:40:00+00:00","dateModified":"2022-04-15T15:10:54+00:00","mainEntityOfPage":{"@id":"https:\/\/webalkans.eu\/sq\/news\/block-the-hatred-share-the-love-campaign-launched-in-tirana\/"},"wordCount":427,"publisher":{"@id":"https:\/\/webalkans.eu\/sq\/#organization"},"image":{"@id":"https:\/\/webalkans.eu\/sq\/news\/block-the-hatred-share-the-love-campaign-launched-in-tirana\/#primaryimage"},"thumbnailUrl":"https:\/\/webalkans.eu\/wp-content\/uploads\/2022\/03\/Daniela-Kortoci_YEA-scaled.jpeg","inLanguage":"sq-AL"},{"@type":"WebPage","@id":"https:\/\/webalkans.eu\/sq\/news\/block-the-hatred-share-the-love-campaign-launched-in-tirana\/","url":"https:\/\/webalkans.eu\/sq\/news\/block-the-hatred-share-the-love-campaign-launched-in-tirana\/","name":"Nis n\u00eb Tiran\u00eb fushata kund\u00ebr gjuh\u00ebs s\u00eb urrejtjes, \u201cBlock the Hatred. Share the Love!\u201d News | WeBalkans","isPartOf":{"@id":"https:\/\/webalkans.eu\/sq\/#website"},"primaryImageOfPage":{"@id":"https:\/\/webalkans.eu\/sq\/news\/block-the-hatred-share-the-love-campaign-launched-in-tirana\/#primaryimage"},"image":{"@id":"https:\/\/webalkans.eu\/sq\/news\/block-the-hatred-share-the-love-campaign-launched-in-tirana\/#primaryimage"},"thumbnailUrl":"https:\/\/webalkans.eu\/wp-content\/uploads\/2022\/03\/Daniela-Kortoci_YEA-scaled.jpeg","datePublished":"2022-03-29T10:40:00+00:00","dateModified":"2022-04-15T15:10:54+00:00","description":"Nis n\u00eb Tiran\u00eb fushata kund\u00ebr gjuh\u00ebs s\u00eb urrejtjes, \u201cBlock the Hatred. Share the Love!\u201d","breadcrumb":{"@id":"https:\/\/webalkans.eu\/sq\/news\/block-the-hatred-share-the-love-campaign-launched-in-tirana\/#breadcrumb"},"inLanguage":"sq-AL","potentialAction":[{"@type":"ReadAction","target":["https:\/\/webalkans.eu\/sq\/news\/block-the-hatred-share-the-love-campaign-launched-in-tirana\/"]}]},{"@type":"ImageObject","inLanguage":"sq-AL","@id":"https:\/\/webalkans.eu\/sq\/news\/block-the-hatred-share-the-love-campaign-launched-in-tirana\/#primaryimage","url":"https:\/\/webalkans.eu\/wp-content\/uploads\/2022\/03\/Daniela-Kortoci_YEA-scaled.jpeg","contentUrl":"https:\/\/webalkans.eu\/wp-content\/uploads\/2022\/03\/Daniela-Kortoci_YEA-scaled.jpeg","width":2560,"height":1707},{"@type":"BreadcrumbList","@id":"https:\/\/webalkans.eu\/sq\/news\/block-the-hatred-share-the-love-campaign-launched-in-tirana\/#breadcrumb","itemListElement":[{"@type":"ListItem","position":1,"name":"Home","item":"https:\/\/webalkans.eu\/sq\/homepage\/"},{"@type":"ListItem","position":2,"name":"Nis n\u00eb Tiran\u00eb fushata kund\u00ebr gjuh\u00ebs s\u00eb urrejtjes, \u201cBlock the Hatred. Share the Love!\u201d"}]},{"@type":"WebSite","@id":"https:\/\/webalkans.eu\/sq\/#website","url":"https:\/\/webalkans.eu\/sq\/","name":"WeBalkans | EU Projects in the Western Balkans","description":"","publisher":{"@id":"https:\/\/webalkans.eu\/sq\/#organization"},"potentialAction":[{"@type":"SearchAction","target":{"@type":"EntryPoint","urlTemplate":"https:\/\/webalkans.eu\/sq\/?s={search_term_string}"},"query-input":{"@type":"PropertyValueSpecification","valueRequired":true,"valueName":"search_term_string"}}],"inLanguage":"sq-AL"},{"@type":"Organization","@id":"https:\/\/webalkans.eu\/sq\/#organization","name":"European Union","url":"https:\/\/webalkans.eu\/sq\/","logo":{"@type":"ImageObject","inLanguage":"sq-AL","@id":"https:\/\/webalkans.eu\/sq\/#\/schema\/logo\/image\/","url":"https:\/\/webalkans.eu\/wp-content\/uploads\/2020\/11\/eu_flag.jpg","contentUrl":"https:\/\/webalkans.eu\/wp-content\/uploads\/2020\/11\/eu_flag.jpg","width":600,"height":401,"caption":"European Union"},"image":{"@id":"https:\/\/webalkans.eu\/sq\/#\/schema\/logo\/image\/"},"sameAs":["https:\/\/www.facebook.com\/webalkans.eu","https:\/\/x.com\/WeBalkans"]},{"@type":"Person","@id":"https:\/\/webalkans.eu\/sq\/#\/schema\/person\/95a8ea19ef21de3b7766e9b65ffdb4da","name":"007designstudio@gmail.com"}]}},"_links":{"self":[{"href":"https:\/\/webalkans.eu\/sq\/wp-json\/wp\/v2\/posts\/574858"}],"collection":[{"href":"https:\/\/webalkans.eu\/sq\/wp-json\/wp\/v2\/posts"}],"about":[{"href":"https:\/\/webalkans.eu\/sq\/wp-json\/wp\/v2\/types\/post"}],"author":[{"embeddable":true,"href":"https:\/\/webalkans.eu\/sq\/wp-json\/wp\/v2\/users\/152227"}],"replies":[{"embeddable":true,"href":"https:\/\/webalkans.eu\/sq\/wp-json\/wp\/v2\/comments?post=574858"}],"version-history":[{"count":0,"href":"https:\/\/webalkans.eu\/sq\/wp-json\/wp\/v2\/posts\/574858\/revisions"}],"wp:featuredmedia":[{"embeddable":true,"href":"https:\/\/webalkans.eu\/sq\/wp-json\/wp\/v2\/media\/563292"}],"wp:attachment":[{"href":"https:\/\/webalkans.eu\/sq\/wp-json\/wp\/v2\/media?parent=574858"}],"wp:term":[{"taxonomy":"country-for-news","embeddable":true,"href":"https:\/\/webalkans.eu\/sq\/wp-json\/wp\/v2\/country-for-news?post=574858"}],"curies":[{"name":"wp","href":"https:\/\/api.w.org\/{rel}","templated":true}]}}