
{"id":568432,"date":"2022-03-17T12:06:40","date_gmt":"2022-03-17T11:06:40","guid":{"rendered":"https:\/\/webalkans.eu\/news\/eu-in-north-macedonia-presents-first-ever-european-woman-of-the-year-award\/"},"modified":"2022-04-06T16:32:50","modified_gmt":"2022-04-06T14:32:50","slug":"eu-in-north-macedonia-presents-first-ever-european-woman-of-the-year-award","status":"publish","type":"post","link":"https:\/\/webalkans.eu\/sq\/news\/eu-in-north-macedonia-presents-first-ever-european-woman-of-the-year-award\/","title":{"rendered":"BE prezanton p\u00ebr her\u00eb t\u00eb par\u00eb \u00e7mimin \u201cGruaja Evropiane e Vitit\u201d n\u00eb Maqedonin\u00eb e Veriut"},"content":{"rendered":"<div>\n<p><span lang=\"SQ\">Pes\u00eb gra t\u00eb jasht\u00ebzakonshme q\u00eb po sjellin ndryshimin n\u00eb fushat e tyre nd\u00ebrkoh\u00eb q\u00eb jan\u00eb kthyer n\u00eb frym\u00ebzim p\u00ebr shoq\u00ebrin\u00eb, jan\u00eb nominuar nga #TeamEurope n\u00eb Maqedonin\u00eb e Veriut p\u00ebr \u00c7mimin Gruaja Evropiane e Vitit 2022.<\/span><\/p>\n<\/div>\n<div>\n<p><span lang=\"SQ\"><br \/>\n<\/span><span lang=\"SQ\">Pes\u00eb kandidatet jan\u00eb Koordinatorja Komb\u00ebtare e Transplanteve Maja Mojsova Mijovska, alpinistja Ilina Arsova, regjizorja dhe shkrimtarja Dina Duma, drejtoresha e Galeris\u00eb Komb\u00ebtare Dita Starova Qerimi dhe themeluesja e kompanis\u00eb MaMa Organa Natalija Burgieva. Ato u propozuan nga ambasador\u00ebt e Kroacis\u00eb (Nives Tiganj), Gjermanis\u00eb (Anke Holstein), Rumanis\u00eb (Monica Axinte), Suedis\u00eb (Kristen Forsgren Bengtsson) dhe BE-s\u00eb (David Geer).<\/span><\/p>\n<\/div>\n<div>\n<p><span lang=\"SQ\"><br \/>\n<\/span><span lang=\"SQ\">\u201cKemi zgjedhur q\u00eb n\u00eb Dit\u00ebn Nd\u00ebrkomb\u00ebtare t\u00eb Gruas t\u00eb nderojm\u00eb pes\u00eb gra t\u00eb jasht\u00ebz<a name=\"_GoBack\"><\/a>akonshme q\u00eb kan\u00eb treguar se vet\u00ebm qielli \u00ebsht\u00eb kufiri n\u00eb ndjekjen e \u00ebndrrave dhe n\u00eb pun\u00ebn p\u00ebr t\u00eb mir\u00ebn e p\u00ebrbashk\u00ebt. Historit\u00eb e tyre jan\u00eb v\u00ebrtet\u00eb frym\u00ebzuese. Ato thyejn\u00eb paragjykimet, d\u00ebshmojn\u00eb se gjinia nuk ka t\u00eb b\u00ebj\u00eb me aft\u00ebsin\u00eb dhe se aft\u00ebsia dhe p\u00ebrkushtimi nuk kan\u00eb gjini\u201d, u shpreh ambasadori Geer n\u00eb ceremonin\u00eb, n\u00eb t\u00eb cil\u00ebn mori pjes\u00eb edhe Zonja e Par\u00eb Elizabeta Gjorgievska.<\/span><\/p>\n<\/div>\n<div>\n<p><span lang=\"SQ\"><br \/>\n<\/span><span lang=\"SQ\">The Delegation\u2019s European Woman of the Year Award<\/span><span lang=\"SQ\"> \u2013 plot\u00ebsues i cmimit <\/span><span lang=\"SQ\">European of the Year<\/span><span lang=\"SQ\"> q\u00eb delegacioni prezantoi n\u00eb vitin 2019 \u2013 synon t\u00eb rris\u00eb nd\u00ebrgjegj\u00ebsimin p\u00ebr barazin\u00eb gjinore, duke vler\u00ebsuar grat\u00eb q\u00eb udh\u00ebheqin dhe ndihmojn\u00eb p\u00ebr t\u00eb sjell\u00eb barazin\u00eb gjinore n\u00eb bot\u00eb.<\/span><\/p>\n<\/div>\n","protected":false},"excerpt":{"rendered":"<p>Pes\u00eb gra t\u00eb jasht\u00ebzakonshme q\u00eb po sjellin ndryshimin n\u00eb fushat e tyre nd\u00ebrkoh\u00eb q\u00eb jan\u00eb kthyer n\u00eb frym\u00ebzim p\u00ebr shoq\u00ebrin\u00eb, jan\u00eb nominuar nga #TeamEurope n\u00eb <\/p>\n","protected":false},"author":152227,"featured_media":555814,"comment_status":"closed","ping_status":"closed","sticky":false,"template":"","format":"standard","meta":{"_acf_changed":false,"_monsterinsights_skip_tracking":false,"_monsterinsights_sitenote_active":false,"_monsterinsights_sitenote_note":"","_monsterinsights_sitenote_category":0,"footnotes":""},"country-for-news":[437],"class_list":["post-568432","post","type-post","status-publish","format-standard","has-post-thumbnail","hentry","wb_theme-equality-and-fair-society","country-for-news-north-macedonia"],"acf":[],"yoast_head":"<!-- This site is optimized with the Yoast SEO plugin v25.3.1 - https:\/\/yoast.com\/wordpress\/plugins\/seo\/ -->\n<title>BE prezanton p\u00ebr her\u00eb t\u00eb par\u00eb \u00e7mimin \u201cGruaja Evropiane e Vitit\u201d n\u00eb Maqedonin\u00eb e Veriut News | WeBalkans<\/title>\n<meta name=\"description\" content=\"Pes\u00eb gra t\u00eb jasht\u00ebzakonshme q\u00eb po sjellin ndryshimin n\u00eb fushat e tyre nd\u00ebrkoh\u00eb q\u00eb jan\u00eb kthyer n\u00eb frym\u00ebzim p\u00ebr shoq\u00ebrin\u00eb, jan\u00eb nominuar nga #TeamEurope n\u00eb Maqedonin\u00eb e Veriut p\u00ebr \u00c7mimin Gruaja Evropiane e Vitit 2022.\" \/>\n<meta name=\"robots\" content=\"index, follow, max-snippet:-1, max-image-preview:large, max-video-preview:-1\" \/>\n<link rel=\"canonical\" href=\"https:\/\/webalkans.eu\/sq\/news\/eu-in-north-macedonia-presents-first-ever-european-woman-of-the-year-award\/\" \/>\n<meta property=\"og:locale\" content=\"sq_AL\" \/>\n<meta property=\"og:type\" content=\"article\" \/>\n<meta property=\"og:title\" content=\"BE prezanton p\u00ebr her\u00eb t\u00eb par\u00eb \u00e7mimin \u201cGruaja Evropiane e Vitit\u201d n\u00eb Maqedonin\u00eb e Veriut News | WeBalkans\" \/>\n<meta property=\"og:description\" content=\"Pes\u00eb gra t\u00eb jasht\u00ebzakonshme q\u00eb po sjellin ndryshimin n\u00eb fushat e tyre nd\u00ebrkoh\u00eb q\u00eb jan\u00eb kthyer n\u00eb frym\u00ebzim p\u00ebr shoq\u00ebrin\u00eb, jan\u00eb nominuar nga #TeamEurope n\u00eb Maqedonin\u00eb e Veriut p\u00ebr \u00c7mimin Gruaja Evropiane e Vitit 2022.\" \/>\n<meta property=\"og:url\" content=\"https:\/\/webalkans.eu\/sq\/news\/eu-in-north-macedonia-presents-first-ever-european-woman-of-the-year-award\/\" \/>\n<meta property=\"og:site_name\" content=\"WeBalkans | EU Projects in the Western Balkans\" \/>\n<meta property=\"article:publisher\" content=\"https:\/\/www.facebook.com\/webalkans.eu\" \/>\n<meta property=\"article:published_time\" content=\"2022-03-17T11:06:40+00:00\" \/>\n<meta property=\"article:modified_time\" content=\"2022-04-06T14:32:50+00:00\" \/>\n<meta property=\"og:image\" content=\"https:\/\/webalkans.eu\/wp-content\/uploads\/2022\/03\/1-3.jpeg\" \/>\n\t<meta property=\"og:image:width\" content=\"750\" \/>\n\t<meta property=\"og:image:height\" content=\"501\" \/>\n\t<meta property=\"og:image:type\" content=\"image\/jpeg\" \/>\n<meta name=\"author\" content=\"007designstudio@gmail.com\" \/>\n<meta name=\"twitter:card\" content=\"summary_large_image\" \/>\n<meta name=\"twitter:creator\" content=\"@WeBalkans\" \/>\n<meta name=\"twitter:site\" content=\"@WeBalkans\" \/>\n<meta name=\"twitter:label1\" content=\"Written by\" \/>\n\t<meta name=\"twitter:data1\" content=\"007designstudio@gmail.com\" \/>\n\t<meta name=\"twitter:label2\" content=\"Est. reading time\" \/>\n\t<meta name=\"twitter:data2\" content=\"1 minute\" \/>\n<script type=\"application\/ld+json\" class=\"yoast-schema-graph\">{\"@context\":\"https:\/\/schema.org\",\"@graph\":[{\"@type\":\"Article\",\"@id\":\"https:\/\/webalkans.eu\/sq\/news\/eu-in-north-macedonia-presents-first-ever-european-woman-of-the-year-award\/#article\",\"isPartOf\":{\"@id\":\"https:\/\/webalkans.eu\/sq\/news\/eu-in-north-macedonia-presents-first-ever-european-woman-of-the-year-award\/\"},\"author\":{\"name\":\"007designstudio@gmail.com\",\"@id\":\"https:\/\/webalkans.eu\/sq\/#\/schema\/person\/95a8ea19ef21de3b7766e9b65ffdb4da\"},\"headline\":\"BE prezanton p\u00ebr her\u00eb t\u00eb par\u00eb \u00e7mimin \u201cGruaja Evropiane e Vitit\u201d n\u00eb Maqedonin\u00eb e Veriut\",\"datePublished\":\"2022-03-17T11:06:40+00:00\",\"dateModified\":\"2022-04-06T14:32:50+00:00\",\"mainEntityOfPage\":{\"@id\":\"https:\/\/webalkans.eu\/sq\/news\/eu-in-north-macedonia-presents-first-ever-european-woman-of-the-year-award\/\"},\"wordCount\":260,\"publisher\":{\"@id\":\"https:\/\/webalkans.eu\/sq\/#organization\"},\"image\":{\"@id\":\"https:\/\/webalkans.eu\/sq\/news\/eu-in-north-macedonia-presents-first-ever-european-woman-of-the-year-award\/#primaryimage\"},\"thumbnailUrl\":\"https:\/\/webalkans.eu\/wp-content\/uploads\/2022\/03\/1-3.jpeg\",\"inLanguage\":\"sq-AL\"},{\"@type\":\"WebPage\",\"@id\":\"https:\/\/webalkans.eu\/sq\/news\/eu-in-north-macedonia-presents-first-ever-european-woman-of-the-year-award\/\",\"url\":\"https:\/\/webalkans.eu\/sq\/news\/eu-in-north-macedonia-presents-first-ever-european-woman-of-the-year-award\/\",\"name\":\"BE prezanton p\u00ebr her\u00eb t\u00eb par\u00eb \u00e7mimin \u201cGruaja Evropiane e Vitit\u201d n\u00eb Maqedonin\u00eb e Veriut News | WeBalkans\",\"isPartOf\":{\"@id\":\"https:\/\/webalkans.eu\/sq\/#website\"},\"primaryImageOfPage\":{\"@id\":\"https:\/\/webalkans.eu\/sq\/news\/eu-in-north-macedonia-presents-first-ever-european-woman-of-the-year-award\/#primaryimage\"},\"image\":{\"@id\":\"https:\/\/webalkans.eu\/sq\/news\/eu-in-north-macedonia-presents-first-ever-european-woman-of-the-year-award\/#primaryimage\"},\"thumbnailUrl\":\"https:\/\/webalkans.eu\/wp-content\/uploads\/2022\/03\/1-3.jpeg\",\"datePublished\":\"2022-03-17T11:06:40+00:00\",\"dateModified\":\"2022-04-06T14:32:50+00:00\",\"description\":\"Pes\u00eb gra t\u00eb jasht\u00ebzakonshme q\u00eb po sjellin ndryshimin n\u00eb fushat e tyre nd\u00ebrkoh\u00eb q\u00eb jan\u00eb kthyer n\u00eb frym\u00ebzim p\u00ebr shoq\u00ebrin\u00eb, jan\u00eb nominuar nga #TeamEurope n\u00eb Maqedonin\u00eb e Veriut p\u00ebr \u00c7mimin Gruaja Evropiane e Vitit 2022.\",\"breadcrumb\":{\"@id\":\"https:\/\/webalkans.eu\/sq\/news\/eu-in-north-macedonia-presents-first-ever-european-woman-of-the-year-award\/#breadcrumb\"},\"inLanguage\":\"sq-AL\",\"potentialAction\":[{\"@type\":\"ReadAction\",\"target\":[\"https:\/\/webalkans.eu\/sq\/news\/eu-in-north-macedonia-presents-first-ever-european-woman-of-the-year-award\/\"]}]},{\"@type\":\"ImageObject\",\"inLanguage\":\"sq-AL\",\"@id\":\"https:\/\/webalkans.eu\/sq\/news\/eu-in-north-macedonia-presents-first-ever-european-woman-of-the-year-award\/#primaryimage\",\"url\":\"https:\/\/webalkans.eu\/wp-content\/uploads\/2022\/03\/1-3.jpeg\",\"contentUrl\":\"https:\/\/webalkans.eu\/wp-content\/uploads\/2022\/03\/1-3.jpeg\",\"width\":750,\"height\":501},{\"@type\":\"BreadcrumbList\",\"@id\":\"https:\/\/webalkans.eu\/sq\/news\/eu-in-north-macedonia-presents-first-ever-european-woman-of-the-year-award\/#breadcrumb\",\"itemListElement\":[{\"@type\":\"ListItem\",\"position\":1,\"name\":\"Home\",\"item\":\"https:\/\/webalkans.eu\/sq\/homepage\/\"},{\"@type\":\"ListItem\",\"position\":2,\"name\":\"BE prezanton p\u00ebr her\u00eb t\u00eb par\u00eb \u00e7mimin \u201cGruaja Evropiane e Vitit\u201d n\u00eb Maqedonin\u00eb e Veriut\"}]},{\"@type\":\"WebSite\",\"@id\":\"https:\/\/webalkans.eu\/sq\/#website\",\"url\":\"https:\/\/webalkans.eu\/sq\/\",\"name\":\"WeBalkans | EU Projects in the Western Balkans\",\"description\":\"\",\"publisher\":{\"@id\":\"https:\/\/webalkans.eu\/sq\/#organization\"},\"potentialAction\":[{\"@type\":\"SearchAction\",\"target\":{\"@type\":\"EntryPoint\",\"urlTemplate\":\"https:\/\/webalkans.eu\/sq\/?s={search_term_string}\"},\"query-input\":{\"@type\":\"PropertyValueSpecification\",\"valueRequired\":true,\"valueName\":\"search_term_string\"}}],\"inLanguage\":\"sq-AL\"},{\"@type\":\"Organization\",\"@id\":\"https:\/\/webalkans.eu\/sq\/#organization\",\"name\":\"European Union\",\"url\":\"https:\/\/webalkans.eu\/sq\/\",\"logo\":{\"@type\":\"ImageObject\",\"inLanguage\":\"sq-AL\",\"@id\":\"https:\/\/webalkans.eu\/sq\/#\/schema\/logo\/image\/\",\"url\":\"https:\/\/webalkans.eu\/wp-content\/uploads\/2020\/11\/eu_flag.jpg\",\"contentUrl\":\"https:\/\/webalkans.eu\/wp-content\/uploads\/2020\/11\/eu_flag.jpg\",\"width\":600,\"height\":401,\"caption\":\"European Union\"},\"image\":{\"@id\":\"https:\/\/webalkans.eu\/sq\/#\/schema\/logo\/image\/\"},\"sameAs\":[\"https:\/\/www.facebook.com\/webalkans.eu\",\"https:\/\/x.com\/WeBalkans\"]},{\"@type\":\"Person\",\"@id\":\"https:\/\/webalkans.eu\/sq\/#\/schema\/person\/95a8ea19ef21de3b7766e9b65ffdb4da\",\"name\":\"007designstudio@gmail.com\"}]}<\/script>\n<!-- \/ Yoast SEO plugin. -->","yoast_head_json":{"title":"BE prezanton p\u00ebr her\u00eb t\u00eb par\u00eb \u00e7mimin \u201cGruaja Evropiane e Vitit\u201d n\u00eb Maqedonin\u00eb e Veriut News | WeBalkans","description":"Pes\u00eb gra t\u00eb jasht\u00ebzakonshme q\u00eb po sjellin ndryshimin n\u00eb fushat e tyre nd\u00ebrkoh\u00eb q\u00eb jan\u00eb kthyer n\u00eb frym\u00ebzim p\u00ebr shoq\u00ebrin\u00eb, jan\u00eb nominuar nga #TeamEurope n\u00eb Maqedonin\u00eb e Veriut p\u00ebr \u00c7mimin Gruaja Evropiane e Vitit 2022.","robots":{"index":"index","follow":"follow","max-snippet":"max-snippet:-1","max-image-preview":"max-image-preview:large","max-video-preview":"max-video-preview:-1"},"canonical":"https:\/\/webalkans.eu\/sq\/news\/eu-in-north-macedonia-presents-first-ever-european-woman-of-the-year-award\/","og_locale":"sq_AL","og_type":"article","og_title":"BE prezanton p\u00ebr her\u00eb t\u00eb par\u00eb \u00e7mimin \u201cGruaja Evropiane e Vitit\u201d n\u00eb Maqedonin\u00eb e Veriut News | WeBalkans","og_description":"Pes\u00eb gra t\u00eb jasht\u00ebzakonshme q\u00eb po sjellin ndryshimin n\u00eb fushat e tyre nd\u00ebrkoh\u00eb q\u00eb jan\u00eb kthyer n\u00eb frym\u00ebzim p\u00ebr shoq\u00ebrin\u00eb, jan\u00eb nominuar nga #TeamEurope n\u00eb Maqedonin\u00eb e Veriut p\u00ebr \u00c7mimin Gruaja Evropiane e Vitit 2022.","og_url":"https:\/\/webalkans.eu\/sq\/news\/eu-in-north-macedonia-presents-first-ever-european-woman-of-the-year-award\/","og_site_name":"WeBalkans | EU Projects in the Western Balkans","article_publisher":"https:\/\/www.facebook.com\/webalkans.eu","article_published_time":"2022-03-17T11:06:40+00:00","article_modified_time":"2022-04-06T14:32:50+00:00","og_image":[{"width":750,"height":501,"url":"https:\/\/webalkans.eu\/wp-content\/uploads\/2022\/03\/1-3.jpeg","type":"image\/jpeg"}],"author":"007designstudio@gmail.com","twitter_card":"summary_large_image","twitter_creator":"@WeBalkans","twitter_site":"@WeBalkans","twitter_misc":{"Written by":"007designstudio@gmail.com","Est. reading time":"1 minute"},"schema":{"@context":"https:\/\/schema.org","@graph":[{"@type":"Article","@id":"https:\/\/webalkans.eu\/sq\/news\/eu-in-north-macedonia-presents-first-ever-european-woman-of-the-year-award\/#article","isPartOf":{"@id":"https:\/\/webalkans.eu\/sq\/news\/eu-in-north-macedonia-presents-first-ever-european-woman-of-the-year-award\/"},"author":{"name":"007designstudio@gmail.com","@id":"https:\/\/webalkans.eu\/sq\/#\/schema\/person\/95a8ea19ef21de3b7766e9b65ffdb4da"},"headline":"BE prezanton p\u00ebr her\u00eb t\u00eb par\u00eb \u00e7mimin \u201cGruaja Evropiane e Vitit\u201d n\u00eb Maqedonin\u00eb e Veriut","datePublished":"2022-03-17T11:06:40+00:00","dateModified":"2022-04-06T14:32:50+00:00","mainEntityOfPage":{"@id":"https:\/\/webalkans.eu\/sq\/news\/eu-in-north-macedonia-presents-first-ever-european-woman-of-the-year-award\/"},"wordCount":260,"publisher":{"@id":"https:\/\/webalkans.eu\/sq\/#organization"},"image":{"@id":"https:\/\/webalkans.eu\/sq\/news\/eu-in-north-macedonia-presents-first-ever-european-woman-of-the-year-award\/#primaryimage"},"thumbnailUrl":"https:\/\/webalkans.eu\/wp-content\/uploads\/2022\/03\/1-3.jpeg","inLanguage":"sq-AL"},{"@type":"WebPage","@id":"https:\/\/webalkans.eu\/sq\/news\/eu-in-north-macedonia-presents-first-ever-european-woman-of-the-year-award\/","url":"https:\/\/webalkans.eu\/sq\/news\/eu-in-north-macedonia-presents-first-ever-european-woman-of-the-year-award\/","name":"BE prezanton p\u00ebr her\u00eb t\u00eb par\u00eb \u00e7mimin \u201cGruaja Evropiane e Vitit\u201d n\u00eb Maqedonin\u00eb e Veriut News | WeBalkans","isPartOf":{"@id":"https:\/\/webalkans.eu\/sq\/#website"},"primaryImageOfPage":{"@id":"https:\/\/webalkans.eu\/sq\/news\/eu-in-north-macedonia-presents-first-ever-european-woman-of-the-year-award\/#primaryimage"},"image":{"@id":"https:\/\/webalkans.eu\/sq\/news\/eu-in-north-macedonia-presents-first-ever-european-woman-of-the-year-award\/#primaryimage"},"thumbnailUrl":"https:\/\/webalkans.eu\/wp-content\/uploads\/2022\/03\/1-3.jpeg","datePublished":"2022-03-17T11:06:40+00:00","dateModified":"2022-04-06T14:32:50+00:00","description":"Pes\u00eb gra t\u00eb jasht\u00ebzakonshme q\u00eb po sjellin ndryshimin n\u00eb fushat e tyre nd\u00ebrkoh\u00eb q\u00eb jan\u00eb kthyer n\u00eb frym\u00ebzim p\u00ebr shoq\u00ebrin\u00eb, jan\u00eb nominuar nga #TeamEurope n\u00eb Maqedonin\u00eb e Veriut p\u00ebr \u00c7mimin Gruaja Evropiane e Vitit 2022.","breadcrumb":{"@id":"https:\/\/webalkans.eu\/sq\/news\/eu-in-north-macedonia-presents-first-ever-european-woman-of-the-year-award\/#breadcrumb"},"inLanguage":"sq-AL","potentialAction":[{"@type":"ReadAction","target":["https:\/\/webalkans.eu\/sq\/news\/eu-in-north-macedonia-presents-first-ever-european-woman-of-the-year-award\/"]}]},{"@type":"ImageObject","inLanguage":"sq-AL","@id":"https:\/\/webalkans.eu\/sq\/news\/eu-in-north-macedonia-presents-first-ever-european-woman-of-the-year-award\/#primaryimage","url":"https:\/\/webalkans.eu\/wp-content\/uploads\/2022\/03\/1-3.jpeg","contentUrl":"https:\/\/webalkans.eu\/wp-content\/uploads\/2022\/03\/1-3.jpeg","width":750,"height":501},{"@type":"BreadcrumbList","@id":"https:\/\/webalkans.eu\/sq\/news\/eu-in-north-macedonia-presents-first-ever-european-woman-of-the-year-award\/#breadcrumb","itemListElement":[{"@type":"ListItem","position":1,"name":"Home","item":"https:\/\/webalkans.eu\/sq\/homepage\/"},{"@type":"ListItem","position":2,"name":"BE prezanton p\u00ebr her\u00eb t\u00eb par\u00eb \u00e7mimin \u201cGruaja Evropiane e Vitit\u201d n\u00eb Maqedonin\u00eb e Veriut"}]},{"@type":"WebSite","@id":"https:\/\/webalkans.eu\/sq\/#website","url":"https:\/\/webalkans.eu\/sq\/","name":"WeBalkans | EU Projects in the Western Balkans","description":"","publisher":{"@id":"https:\/\/webalkans.eu\/sq\/#organization"},"potentialAction":[{"@type":"SearchAction","target":{"@type":"EntryPoint","urlTemplate":"https:\/\/webalkans.eu\/sq\/?s={search_term_string}"},"query-input":{"@type":"PropertyValueSpecification","valueRequired":true,"valueName":"search_term_string"}}],"inLanguage":"sq-AL"},{"@type":"Organization","@id":"https:\/\/webalkans.eu\/sq\/#organization","name":"European Union","url":"https:\/\/webalkans.eu\/sq\/","logo":{"@type":"ImageObject","inLanguage":"sq-AL","@id":"https:\/\/webalkans.eu\/sq\/#\/schema\/logo\/image\/","url":"https:\/\/webalkans.eu\/wp-content\/uploads\/2020\/11\/eu_flag.jpg","contentUrl":"https:\/\/webalkans.eu\/wp-content\/uploads\/2020\/11\/eu_flag.jpg","width":600,"height":401,"caption":"European Union"},"image":{"@id":"https:\/\/webalkans.eu\/sq\/#\/schema\/logo\/image\/"},"sameAs":["https:\/\/www.facebook.com\/webalkans.eu","https:\/\/x.com\/WeBalkans"]},{"@type":"Person","@id":"https:\/\/webalkans.eu\/sq\/#\/schema\/person\/95a8ea19ef21de3b7766e9b65ffdb4da","name":"007designstudio@gmail.com"}]}},"_links":{"self":[{"href":"https:\/\/webalkans.eu\/sq\/wp-json\/wp\/v2\/posts\/568432"}],"collection":[{"href":"https:\/\/webalkans.eu\/sq\/wp-json\/wp\/v2\/posts"}],"about":[{"href":"https:\/\/webalkans.eu\/sq\/wp-json\/wp\/v2\/types\/post"}],"author":[{"embeddable":true,"href":"https:\/\/webalkans.eu\/sq\/wp-json\/wp\/v2\/users\/152227"}],"replies":[{"embeddable":true,"href":"https:\/\/webalkans.eu\/sq\/wp-json\/wp\/v2\/comments?post=568432"}],"version-history":[{"count":0,"href":"https:\/\/webalkans.eu\/sq\/wp-json\/wp\/v2\/posts\/568432\/revisions"}],"wp:featuredmedia":[{"embeddable":true,"href":"https:\/\/webalkans.eu\/sq\/wp-json\/wp\/v2\/media\/555814"}],"wp:attachment":[{"href":"https:\/\/webalkans.eu\/sq\/wp-json\/wp\/v2\/media?parent=568432"}],"wp:term":[{"taxonomy":"country-for-news","embeddable":true,"href":"https:\/\/webalkans.eu\/sq\/wp-json\/wp\/v2\/country-for-news?post=568432"}],"curies":[{"name":"wp","href":"https:\/\/api.w.org\/{rel}","templated":true}]}}