
{"id":568415,"date":"2022-03-15T11:47:27","date_gmt":"2022-03-15T10:47:27","guid":{"rendered":"https:\/\/webalkans.eu\/news\/high-representative-vice-president-josep-borrell-in-the-western-balkans\/"},"modified":"2022-04-06T16:18:44","modified_gmt":"2022-04-06T14:18:44","slug":"high-representative-vice-president-josep-borrell-in-the-western-balkans","status":"publish","type":"post","link":"https:\/\/webalkans.eu\/sq\/news\/high-representative-vice-president-josep-borrell-in-the-western-balkans\/","title":{"rendered":"P\u00ebrfaq\u00ebsuesi i Lart\u00eb \/ Z\u00ebvend\u00ebspresidenti Josep Borrell n\u00eb Ballkanin Per\u00ebndimor"},"content":{"rendered":"<div><\/div>\n<div>\n<div>\n<p><span lang=\"SQ\">P\u00ebrfaq\u00ebsuesi i Lart\u00eb p\u00ebr Pun\u00ebt e Jashtme dhe Politik\u00ebn e Siguris\u00eb \/ Z\u00ebvend\u00ebs presidenti i Komisionit Evropian, Josep Borrell, ishte n\u00eb Maqedoni dit\u00ebn E h\u00ebn\u00eb para se t\u00eb udh\u00ebtonte p\u00ebr n\u00eb Shqip\u00ebri diten E mart\u00eb dhe m\u00eb pas p\u00ebr n\u00eb Bosnj\u00eb dhe Hercegovin\u00eb dit\u00ebn E m\u00ebrkur\u00eb. Vizita e tij konfirmoi s\u00ebrish angazhimin dhe mb\u00ebshtetjen e BE-s\u00eb p\u00ebr rajonin, ve\u00e7an\u00ebrisht tani n\u00eb periudh\u00ebn e luft\u00ebs ruse kund\u00ebr Ukrain\u00ebs dhe ndikimit t\u00eb saj n\u00eb sigurin\u00eb e Evrop\u00ebs n\u00eb t\u00ebr\u00ebsi.<\/span><\/p>\n<\/div>\n<div>\n<p><span lang=\"SQ\">\u00a0<\/span><\/p>\n<\/div>\n<div>\n<p><span lang=\"SQ\">Borrell u takua n\u00eb Shkup me Presidentin Stevo Pendarovski dhe Kryeministrin Dimitar Kova\u010devski, Z\u00ebvend\u00ebs Kryeministrin p\u00ebr \u00c7\u00ebshtjet Evropiane, Bojan Marichijk, Ministrin e Pun\u00ebve t\u00eb Jashtme, Bujar Osmani dhe Ministren e Mbrojtjes, Slavjanka Petrovska. T\u00eb mart\u00ebn, P\u00ebrfaq\u00ebsuesi i Lart\u00eb Josep Borrell do t\u00eb udh\u00ebtoj\u00eb \u00a0p\u00ebr n\u00eb Tiran\u00eb, ku do t\u00eb takohet me Kryeministrin Edi Rama dhe p\u00ebrfaq\u00ebsues t\u00eb tjer\u00eb t\u00eb autoriteteve shqiptare dhe p\u00ebrfaq\u00ebsues t\u00eb shoq\u00ebris\u00eb civile dhe do t\u00eb vizitoj\u00eb punimet e vazhdueshme t\u00eb restaurimit n\u00eb mozaikun e Muzeut Komb\u00ebtar t\u00eb Historis\u00eb, i rinovuar me ndihm\u00ebn e BE-s\u00eb p\u00ebr rim\u00ebk\u00ebmbjen pas t\u00ebrmetit (<a href=\"https:\/\/eeas.europa.eu\/delegations\/albania\/111070\/together4albania-two-years-after-donors%E2%80%99-conference-post-earthquake-rehabilitation-new_en\">EU&#8217;s post-earthquake recovery assistance<\/a>).<\/span><\/p>\n<\/div>\n<div>\n<p><span lang=\"SQ\"><br \/>\n<\/span><span lang=\"SQ\">Dit\u00ebn E m\u00ebrkur\u00eb, Josep Borrell do t\u00eb jet\u00eb n\u00eb Sarajev\u00eb, ku do t\u00eb vizitoj\u00eb p\u00ebr her\u00eb t\u00eb par\u00eb EUFOR Althea Operation, kapaciteti i trupave n\u00eb terren i s\u00eb cil\u00ebs \u00ebsht\u00eb dyfishuar pothuajse koh\u00ebt e fundit. Ai do t\u00eb takohet m\u00eb pas me autoritetet e Bosnj\u00ebs dhe Hercegovin\u00ebs, me p\u00ebrfaq\u00ebsuesit e opozit\u00ebs politike dhe me shoq\u00ebrin\u00eb civile.<\/span><\/p>\n<\/div>\n<\/div>\n","protected":false},"excerpt":{"rendered":"<p>P\u00ebrfaq\u00ebsuesi i Lart\u00eb p\u00ebr Pun\u00ebt e Jashtme dhe Politik\u00ebn e Siguris\u00eb \/ Z\u00ebvend\u00ebs presidenti i Komisionit Evropian, Josep Borrell, ishte n\u00eb Maqedoni dit\u00ebn E h\u00ebn\u00eb <\/p>\n","protected":false},"author":152227,"featured_media":553701,"comment_status":"closed","ping_status":"closed","sticky":false,"template":"","format":"standard","meta":{"_acf_changed":false,"_monsterinsights_skip_tracking":false,"_monsterinsights_sitenote_active":false,"_monsterinsights_sitenote_note":"","_monsterinsights_sitenote_category":0,"footnotes":""},"country-for-news":[415,421,437],"class_list":["post-568415","post","type-post","status-publish","format-standard","has-post-thumbnail","hentry","wb_theme-equality-and-fair-society","wb_theme-innovation-and-skills","wb_theme-regional-cooperation","wb_theme-connectivity","wb_theme-culture-and-youth","wb_theme-democracy-and-fundamental-rights","wb_theme-economy","wb_theme-environment","country-for-news-albania","country-for-news-bosnia-and-herzegovina","country-for-news-north-macedonia"],"acf":[],"yoast_head":"<!-- This site is optimized with the Yoast SEO plugin v25.3.1 - https:\/\/yoast.com\/wordpress\/plugins\/seo\/ -->\n<title>P\u00ebrfaq\u00ebsuesi i Lart\u00eb \/ Z\u00ebvend\u00ebspresidenti Josep Borrell n\u00eb Ballkanin Per\u00ebndimor News | WeBalkans<\/title>\n<meta name=\"description\" content=\"High Representative for Foreign Affairs and Security Policy\/ Vice-President of the European Commission, Josep Borrell, was in North Macedonia on Monday before travelling to Albania on Tuesday and to Bosnia and Herzegovina on Wednesday.\" \/>\n<meta name=\"robots\" content=\"index, follow, max-snippet:-1, max-image-preview:large, max-video-preview:-1\" \/>\n<link rel=\"canonical\" href=\"https:\/\/webalkans.eu\/sq\/news\/high-representative-vice-president-josep-borrell-in-the-western-balkans\/\" \/>\n<meta property=\"og:locale\" content=\"sq_AL\" \/>\n<meta property=\"og:type\" content=\"article\" \/>\n<meta property=\"og:title\" content=\"P\u00ebrfaq\u00ebsuesi i Lart\u00eb \/ Z\u00ebvend\u00ebspresidenti Josep Borrell n\u00eb Ballkanin Per\u00ebndimor News | WeBalkans\" \/>\n<meta property=\"og:description\" content=\"High Representative for Foreign Affairs and Security Policy\/ Vice-President of the European Commission, Josep Borrell, was in North Macedonia on Monday before travelling to Albania on Tuesday and to Bosnia and Herzegovina on Wednesday.\" \/>\n<meta property=\"og:url\" content=\"https:\/\/webalkans.eu\/sq\/news\/high-representative-vice-president-josep-borrell-in-the-western-balkans\/\" \/>\n<meta property=\"og:site_name\" content=\"WeBalkans | EU Projects in the Western Balkans\" \/>\n<meta property=\"article:publisher\" content=\"https:\/\/www.facebook.com\/webalkans.eu\" \/>\n<meta property=\"article:published_time\" content=\"2022-03-15T10:47:27+00:00\" \/>\n<meta property=\"article:modified_time\" content=\"2022-04-06T14:18:44+00:00\" \/>\n<meta property=\"og:image\" content=\"https:\/\/webalkans.eu\/wp-content\/uploads\/2022\/03\/BORREL.jpeg\" \/>\n\t<meta property=\"og:image:width\" content=\"2048\" \/>\n\t<meta property=\"og:image:height\" content=\"1363\" \/>\n\t<meta property=\"og:image:type\" content=\"image\/jpeg\" \/>\n<meta name=\"author\" content=\"007designstudio@gmail.com\" \/>\n<meta name=\"twitter:card\" content=\"summary_large_image\" \/>\n<meta name=\"twitter:creator\" content=\"@WeBalkans\" \/>\n<meta name=\"twitter:site\" content=\"@WeBalkans\" \/>\n<meta name=\"twitter:label1\" content=\"Written by\" \/>\n\t<meta name=\"twitter:data1\" content=\"007designstudio@gmail.com\" \/>\n\t<meta name=\"twitter:label2\" content=\"Est. reading time\" \/>\n\t<meta name=\"twitter:data2\" content=\"1 minute\" \/>\n<script type=\"application\/ld+json\" class=\"yoast-schema-graph\">{\"@context\":\"https:\/\/schema.org\",\"@graph\":[{\"@type\":\"Article\",\"@id\":\"https:\/\/webalkans.eu\/sq\/news\/high-representative-vice-president-josep-borrell-in-the-western-balkans\/#article\",\"isPartOf\":{\"@id\":\"https:\/\/webalkans.eu\/sq\/news\/high-representative-vice-president-josep-borrell-in-the-western-balkans\/\"},\"author\":{\"name\":\"007designstudio@gmail.com\",\"@id\":\"https:\/\/webalkans.eu\/sq\/#\/schema\/person\/95a8ea19ef21de3b7766e9b65ffdb4da\"},\"headline\":\"P\u00ebrfaq\u00ebsuesi i Lart\u00eb \/ Z\u00ebvend\u00ebspresidenti Josep Borrell n\u00eb Ballkanin Per\u00ebndimor\",\"datePublished\":\"2022-03-15T10:47:27+00:00\",\"dateModified\":\"2022-04-06T14:18:44+00:00\",\"mainEntityOfPage\":{\"@id\":\"https:\/\/webalkans.eu\/sq\/news\/high-representative-vice-president-josep-borrell-in-the-western-balkans\/\"},\"wordCount\":302,\"publisher\":{\"@id\":\"https:\/\/webalkans.eu\/sq\/#organization\"},\"image\":{\"@id\":\"https:\/\/webalkans.eu\/sq\/news\/high-representative-vice-president-josep-borrell-in-the-western-balkans\/#primaryimage\"},\"thumbnailUrl\":\"https:\/\/webalkans.eu\/wp-content\/uploads\/2022\/03\/BORREL.jpeg\",\"inLanguage\":\"sq-AL\"},{\"@type\":\"WebPage\",\"@id\":\"https:\/\/webalkans.eu\/sq\/news\/high-representative-vice-president-josep-borrell-in-the-western-balkans\/\",\"url\":\"https:\/\/webalkans.eu\/sq\/news\/high-representative-vice-president-josep-borrell-in-the-western-balkans\/\",\"name\":\"P\u00ebrfaq\u00ebsuesi i Lart\u00eb \/ Z\u00ebvend\u00ebspresidenti Josep Borrell n\u00eb Ballkanin Per\u00ebndimor News | WeBalkans\",\"isPartOf\":{\"@id\":\"https:\/\/webalkans.eu\/sq\/#website\"},\"primaryImageOfPage\":{\"@id\":\"https:\/\/webalkans.eu\/sq\/news\/high-representative-vice-president-josep-borrell-in-the-western-balkans\/#primaryimage\"},\"image\":{\"@id\":\"https:\/\/webalkans.eu\/sq\/news\/high-representative-vice-president-josep-borrell-in-the-western-balkans\/#primaryimage\"},\"thumbnailUrl\":\"https:\/\/webalkans.eu\/wp-content\/uploads\/2022\/03\/BORREL.jpeg\",\"datePublished\":\"2022-03-15T10:47:27+00:00\",\"dateModified\":\"2022-04-06T14:18:44+00:00\",\"description\":\"High Representative for Foreign Affairs and Security Policy\/ Vice-President of the European Commission, Josep Borrell, was in North Macedonia on Monday before travelling to Albania on Tuesday and to Bosnia and Herzegovina on Wednesday.\",\"breadcrumb\":{\"@id\":\"https:\/\/webalkans.eu\/sq\/news\/high-representative-vice-president-josep-borrell-in-the-western-balkans\/#breadcrumb\"},\"inLanguage\":\"sq-AL\",\"potentialAction\":[{\"@type\":\"ReadAction\",\"target\":[\"https:\/\/webalkans.eu\/sq\/news\/high-representative-vice-president-josep-borrell-in-the-western-balkans\/\"]}]},{\"@type\":\"ImageObject\",\"inLanguage\":\"sq-AL\",\"@id\":\"https:\/\/webalkans.eu\/sq\/news\/high-representative-vice-president-josep-borrell-in-the-western-balkans\/#primaryimage\",\"url\":\"https:\/\/webalkans.eu\/wp-content\/uploads\/2022\/03\/BORREL.jpeg\",\"contentUrl\":\"https:\/\/webalkans.eu\/wp-content\/uploads\/2022\/03\/BORREL.jpeg\",\"width\":2048,\"height\":1363},{\"@type\":\"BreadcrumbList\",\"@id\":\"https:\/\/webalkans.eu\/sq\/news\/high-representative-vice-president-josep-borrell-in-the-western-balkans\/#breadcrumb\",\"itemListElement\":[{\"@type\":\"ListItem\",\"position\":1,\"name\":\"Home\",\"item\":\"https:\/\/webalkans.eu\/sq\/homepage\/\"},{\"@type\":\"ListItem\",\"position\":2,\"name\":\"P\u00ebrfaq\u00ebsuesi i Lart\u00eb \/ Z\u00ebvend\u00ebspresidenti Josep Borrell n\u00eb Ballkanin Per\u00ebndimor\"}]},{\"@type\":\"WebSite\",\"@id\":\"https:\/\/webalkans.eu\/sq\/#website\",\"url\":\"https:\/\/webalkans.eu\/sq\/\",\"name\":\"WeBalkans | EU Projects in the Western Balkans\",\"description\":\"\",\"publisher\":{\"@id\":\"https:\/\/webalkans.eu\/sq\/#organization\"},\"potentialAction\":[{\"@type\":\"SearchAction\",\"target\":{\"@type\":\"EntryPoint\",\"urlTemplate\":\"https:\/\/webalkans.eu\/sq\/?s={search_term_string}\"},\"query-input\":{\"@type\":\"PropertyValueSpecification\",\"valueRequired\":true,\"valueName\":\"search_term_string\"}}],\"inLanguage\":\"sq-AL\"},{\"@type\":\"Organization\",\"@id\":\"https:\/\/webalkans.eu\/sq\/#organization\",\"name\":\"European Union\",\"url\":\"https:\/\/webalkans.eu\/sq\/\",\"logo\":{\"@type\":\"ImageObject\",\"inLanguage\":\"sq-AL\",\"@id\":\"https:\/\/webalkans.eu\/sq\/#\/schema\/logo\/image\/\",\"url\":\"https:\/\/webalkans.eu\/wp-content\/uploads\/2020\/11\/eu_flag.jpg\",\"contentUrl\":\"https:\/\/webalkans.eu\/wp-content\/uploads\/2020\/11\/eu_flag.jpg\",\"width\":600,\"height\":401,\"caption\":\"European Union\"},\"image\":{\"@id\":\"https:\/\/webalkans.eu\/sq\/#\/schema\/logo\/image\/\"},\"sameAs\":[\"https:\/\/www.facebook.com\/webalkans.eu\",\"https:\/\/x.com\/WeBalkans\"]},{\"@type\":\"Person\",\"@id\":\"https:\/\/webalkans.eu\/sq\/#\/schema\/person\/95a8ea19ef21de3b7766e9b65ffdb4da\",\"name\":\"007designstudio@gmail.com\"}]}<\/script>\n<!-- \/ Yoast SEO plugin. -->","yoast_head_json":{"title":"P\u00ebrfaq\u00ebsuesi i Lart\u00eb \/ Z\u00ebvend\u00ebspresidenti Josep Borrell n\u00eb Ballkanin Per\u00ebndimor News | WeBalkans","description":"High Representative for Foreign Affairs and Security Policy\/ Vice-President of the European Commission, Josep Borrell, was in North Macedonia on Monday before travelling to Albania on Tuesday and to Bosnia and Herzegovina on Wednesday.","robots":{"index":"index","follow":"follow","max-snippet":"max-snippet:-1","max-image-preview":"max-image-preview:large","max-video-preview":"max-video-preview:-1"},"canonical":"https:\/\/webalkans.eu\/sq\/news\/high-representative-vice-president-josep-borrell-in-the-western-balkans\/","og_locale":"sq_AL","og_type":"article","og_title":"P\u00ebrfaq\u00ebsuesi i Lart\u00eb \/ Z\u00ebvend\u00ebspresidenti Josep Borrell n\u00eb Ballkanin Per\u00ebndimor News | WeBalkans","og_description":"High Representative for Foreign Affairs and Security Policy\/ Vice-President of the European Commission, Josep Borrell, was in North Macedonia on Monday before travelling to Albania on Tuesday and to Bosnia and Herzegovina on Wednesday.","og_url":"https:\/\/webalkans.eu\/sq\/news\/high-representative-vice-president-josep-borrell-in-the-western-balkans\/","og_site_name":"WeBalkans | EU Projects in the Western Balkans","article_publisher":"https:\/\/www.facebook.com\/webalkans.eu","article_published_time":"2022-03-15T10:47:27+00:00","article_modified_time":"2022-04-06T14:18:44+00:00","og_image":[{"width":2048,"height":1363,"url":"https:\/\/webalkans.eu\/wp-content\/uploads\/2022\/03\/BORREL.jpeg","type":"image\/jpeg"}],"author":"007designstudio@gmail.com","twitter_card":"summary_large_image","twitter_creator":"@WeBalkans","twitter_site":"@WeBalkans","twitter_misc":{"Written by":"007designstudio@gmail.com","Est. reading time":"1 minute"},"schema":{"@context":"https:\/\/schema.org","@graph":[{"@type":"Article","@id":"https:\/\/webalkans.eu\/sq\/news\/high-representative-vice-president-josep-borrell-in-the-western-balkans\/#article","isPartOf":{"@id":"https:\/\/webalkans.eu\/sq\/news\/high-representative-vice-president-josep-borrell-in-the-western-balkans\/"},"author":{"name":"007designstudio@gmail.com","@id":"https:\/\/webalkans.eu\/sq\/#\/schema\/person\/95a8ea19ef21de3b7766e9b65ffdb4da"},"headline":"P\u00ebrfaq\u00ebsuesi i Lart\u00eb \/ Z\u00ebvend\u00ebspresidenti Josep Borrell n\u00eb Ballkanin Per\u00ebndimor","datePublished":"2022-03-15T10:47:27+00:00","dateModified":"2022-04-06T14:18:44+00:00","mainEntityOfPage":{"@id":"https:\/\/webalkans.eu\/sq\/news\/high-representative-vice-president-josep-borrell-in-the-western-balkans\/"},"wordCount":302,"publisher":{"@id":"https:\/\/webalkans.eu\/sq\/#organization"},"image":{"@id":"https:\/\/webalkans.eu\/sq\/news\/high-representative-vice-president-josep-borrell-in-the-western-balkans\/#primaryimage"},"thumbnailUrl":"https:\/\/webalkans.eu\/wp-content\/uploads\/2022\/03\/BORREL.jpeg","inLanguage":"sq-AL"},{"@type":"WebPage","@id":"https:\/\/webalkans.eu\/sq\/news\/high-representative-vice-president-josep-borrell-in-the-western-balkans\/","url":"https:\/\/webalkans.eu\/sq\/news\/high-representative-vice-president-josep-borrell-in-the-western-balkans\/","name":"P\u00ebrfaq\u00ebsuesi i Lart\u00eb \/ Z\u00ebvend\u00ebspresidenti Josep Borrell n\u00eb Ballkanin Per\u00ebndimor News | WeBalkans","isPartOf":{"@id":"https:\/\/webalkans.eu\/sq\/#website"},"primaryImageOfPage":{"@id":"https:\/\/webalkans.eu\/sq\/news\/high-representative-vice-president-josep-borrell-in-the-western-balkans\/#primaryimage"},"image":{"@id":"https:\/\/webalkans.eu\/sq\/news\/high-representative-vice-president-josep-borrell-in-the-western-balkans\/#primaryimage"},"thumbnailUrl":"https:\/\/webalkans.eu\/wp-content\/uploads\/2022\/03\/BORREL.jpeg","datePublished":"2022-03-15T10:47:27+00:00","dateModified":"2022-04-06T14:18:44+00:00","description":"High Representative for Foreign Affairs and Security Policy\/ Vice-President of the European Commission, Josep Borrell, was in North Macedonia on Monday before travelling to Albania on Tuesday and to Bosnia and Herzegovina on Wednesday.","breadcrumb":{"@id":"https:\/\/webalkans.eu\/sq\/news\/high-representative-vice-president-josep-borrell-in-the-western-balkans\/#breadcrumb"},"inLanguage":"sq-AL","potentialAction":[{"@type":"ReadAction","target":["https:\/\/webalkans.eu\/sq\/news\/high-representative-vice-president-josep-borrell-in-the-western-balkans\/"]}]},{"@type":"ImageObject","inLanguage":"sq-AL","@id":"https:\/\/webalkans.eu\/sq\/news\/high-representative-vice-president-josep-borrell-in-the-western-balkans\/#primaryimage","url":"https:\/\/webalkans.eu\/wp-content\/uploads\/2022\/03\/BORREL.jpeg","contentUrl":"https:\/\/webalkans.eu\/wp-content\/uploads\/2022\/03\/BORREL.jpeg","width":2048,"height":1363},{"@type":"BreadcrumbList","@id":"https:\/\/webalkans.eu\/sq\/news\/high-representative-vice-president-josep-borrell-in-the-western-balkans\/#breadcrumb","itemListElement":[{"@type":"ListItem","position":1,"name":"Home","item":"https:\/\/webalkans.eu\/sq\/homepage\/"},{"@type":"ListItem","position":2,"name":"P\u00ebrfaq\u00ebsuesi i Lart\u00eb \/ Z\u00ebvend\u00ebspresidenti Josep Borrell n\u00eb Ballkanin Per\u00ebndimor"}]},{"@type":"WebSite","@id":"https:\/\/webalkans.eu\/sq\/#website","url":"https:\/\/webalkans.eu\/sq\/","name":"WeBalkans | EU Projects in the Western Balkans","description":"","publisher":{"@id":"https:\/\/webalkans.eu\/sq\/#organization"},"potentialAction":[{"@type":"SearchAction","target":{"@type":"EntryPoint","urlTemplate":"https:\/\/webalkans.eu\/sq\/?s={search_term_string}"},"query-input":{"@type":"PropertyValueSpecification","valueRequired":true,"valueName":"search_term_string"}}],"inLanguage":"sq-AL"},{"@type":"Organization","@id":"https:\/\/webalkans.eu\/sq\/#organization","name":"European Union","url":"https:\/\/webalkans.eu\/sq\/","logo":{"@type":"ImageObject","inLanguage":"sq-AL","@id":"https:\/\/webalkans.eu\/sq\/#\/schema\/logo\/image\/","url":"https:\/\/webalkans.eu\/wp-content\/uploads\/2020\/11\/eu_flag.jpg","contentUrl":"https:\/\/webalkans.eu\/wp-content\/uploads\/2020\/11\/eu_flag.jpg","width":600,"height":401,"caption":"European Union"},"image":{"@id":"https:\/\/webalkans.eu\/sq\/#\/schema\/logo\/image\/"},"sameAs":["https:\/\/www.facebook.com\/webalkans.eu","https:\/\/x.com\/WeBalkans"]},{"@type":"Person","@id":"https:\/\/webalkans.eu\/sq\/#\/schema\/person\/95a8ea19ef21de3b7766e9b65ffdb4da","name":"007designstudio@gmail.com"}]}},"_links":{"self":[{"href":"https:\/\/webalkans.eu\/sq\/wp-json\/wp\/v2\/posts\/568415"}],"collection":[{"href":"https:\/\/webalkans.eu\/sq\/wp-json\/wp\/v2\/posts"}],"about":[{"href":"https:\/\/webalkans.eu\/sq\/wp-json\/wp\/v2\/types\/post"}],"author":[{"embeddable":true,"href":"https:\/\/webalkans.eu\/sq\/wp-json\/wp\/v2\/users\/152227"}],"replies":[{"embeddable":true,"href":"https:\/\/webalkans.eu\/sq\/wp-json\/wp\/v2\/comments?post=568415"}],"version-history":[{"count":0,"href":"https:\/\/webalkans.eu\/sq\/wp-json\/wp\/v2\/posts\/568415\/revisions"}],"wp:featuredmedia":[{"embeddable":true,"href":"https:\/\/webalkans.eu\/sq\/wp-json\/wp\/v2\/media\/553701"}],"wp:attachment":[{"href":"https:\/\/webalkans.eu\/sq\/wp-json\/wp\/v2\/media?parent=568415"}],"wp:term":[{"taxonomy":"country-for-news","embeddable":true,"href":"https:\/\/webalkans.eu\/sq\/wp-json\/wp\/v2\/country-for-news?post=568415"}],"curies":[{"name":"wp","href":"https:\/\/api.w.org\/{rel}","templated":true}]}}