
{"id":545000,"date":"2022-03-01T11:49:23","date_gmt":"2022-03-01T10:49:23","guid":{"rendered":"https:\/\/webalkans.eu\/news\/commissioner-varhelyi-attends-western-balkans-investment-summit-2022\/"},"modified":"2022-03-07T12:34:15","modified_gmt":"2022-03-07T11:34:15","slug":"commissioner-varhelyi-attends-western-balkans-investment-summit-2022","status":"publish","type":"post","link":"https:\/\/webalkans.eu\/sq\/news\/commissioner-varhelyi-attends-western-balkans-investment-summit-2022\/","title":{"rendered":"Komisioneri V\u00e1rhelyi merr pjes\u00eb n\u00eb Samitin e Investimeve t\u00eb Ballkanit Per\u00ebndimor"},"content":{"rendered":"<p>Dit\u00ebn e djeshme, The European Bank for Reconstruction and Development (EBRD) priti Komisioneri Evropian p\u00ebr Fqinj\u00ebsi dhe Zgjerim, Oliv\u00e9r V\u00e1rhelyi dhe krer\u00ebt e qeverive t\u00eb\u00a0Shqip\u00ebris\u00eb (<a href=\"https:\/\/www.ebrd.com\/albania.html\">Albania<\/a>),\u00a0Bosnje dhe Herzegovin\u00ebs(<a href=\"https:\/\/www.ebrd.com\/ebrd-in-bosnia-and-herzegovina.html\">Bosnia and Herzegovina<\/a>),\u00a0Kosov\u00ebs(<a href=\"https:\/\/www.ebrd.com\/kosovo.html\">Kosovo<\/a>),\u00a0Malit t\u00eb Zi(<a href=\"https:\/\/www.ebrd.com\/montenegro-country.html\">Montenegro<\/a>),\u00a0(Maqedonis\u00eb s\u00eb Veriut) <a href=\"https:\/\/www.ebrd.com\/north-macedonia.html\">North Macedonia<\/a>\u00a0dhe Serbis\u00eb (<a href=\"https:\/\/www.ebrd.com\/serbia.html\">Serbia<\/a>)\u00a0n\u00eb <strong>Samitin<\/strong>\u00a0p\u00ebr\u00a0<strong>Investime n\u00eb Ballkanin Per\u00ebndimor<\/strong> (<a href=\"https:\/\/www.ebrd.com\/news\/events\/western-balkans-investment-summit-2022.html\">Western Balkans Investment Summit 2022<\/a>).<\/p>\n<p>&nbsp;<\/p>\n<p>Ngjarja u zhvillua nga Presidentja e EBRD-s\u00eb Odile Renaud Basso (<a href=\"https:\/\/www.ebrd.com\/who-we-are\/ebrd-president-odile-renaud-basso\">EBRD President Odile Renaud Basso<\/a>), e cila (<a href=\"https:\/\/www.ebrd.com\/news\/speeches\/the-ebrd-plays-a-key-role-in-the-western-balkans-.html\">stressed in her speech<\/a>) n\u00eb fjal\u00ebn e saj theksoi se bashk\u00ebpunimi rajonal \u00ebsht\u00eb jetik p\u00ebr prespektiv\u00ebn ekonomike dhe stabilitetin ekonomik t\u00eb Ballkanit Per\u00ebndimor.<\/p>\n<p>&nbsp;<\/p>\n<p>N\u00eb adres\u00ebn e tij, p\u00ebrfaq\u00ebsuesi Evropian p\u00ebr fqinj\u00ebsi dhe zgjerim Oliv\u00e9r V\u00e1rhelyi p\u00ebrshkroi planet e (<a href=\"https:\/\/www.ebrd.com\/who-we-are\/structure-and-management\/shareholders\/european-union.html\">European Union<\/a>) Bashkimit Evropian p\u00ebr mb\u00ebshtetjen n\u00eb rritjen ekonomike rajonale me 30 miliard\u00eb euro p\u00ebr vitet n\u00eb vazhdim. P\u00ebrfshirja n\u00eb partneritet me investitor\u00eb institucional\u00eb dhe privat\u00eb, financimi ka p\u00ebr q\u00ebllim t\u00eb p\u00ebrshpejtoj\u00eb konvergjenc\u00ebn sociale dhe ekonomike t\u00eb rajonit me Bashkimin Evropian dhe \u00ebsht\u00eb n\u00eb pritje t\u00eb rris\u00eb produktin e saj t\u00eb brendsh\u00ebm bruto me 3,6%.<\/p>\n<p>&nbsp;<\/p>\n<p>Evropa nuk mbaron n\u00eb Zagreb apo Budapest, tha Z. V\u00e1rhelyi \u201cBallkani Per\u00ebndimor patjet\u00ebr p\u00ebrket k\u00ebtu.\u201d<\/p>\n<p>&nbsp;<\/p>\n<p>N\u00eb fjalimet dhe p\u00ebrgjigjet e tyre rreth pyetjeve t\u00eb investitor\u00ebve, krer\u00ebt e qeveris\u00eb p\u00ebrmblodh\u00ebn prioritetet e tyre n\u00eb investim. T\u00eb gjith\u00eb udh\u00ebheq\u00ebsit fol\u00ebn p\u00ebr plane p\u00ebr t\u00eb zhvilluar burime t\u00eb rip\u00ebrt\u00ebritshme t\u00eb energjis\u00eb, t\u00eb cilat k\u00ebrkojn\u00eb nj\u00eb sistem rajonal t\u00eb energjis\u00eb p\u00ebr t\u00eb balancuar fluksin e burimeve t\u00eb rip\u00ebrt\u00ebritshme n\u00eb rrjetet komb\u00ebtare dhe, n\u00eb disa vende, nj\u00eb ndryshim legjislacioni n\u00eb shkall\u00eb t\u00eb gjer\u00eb p\u00ebr t\u00eb mund\u00ebsuar investime private.<\/p>\n<p>&nbsp;<\/p>\n<p>Ngjarja e sotme ishte samiti i pest\u00eb EBRD i k\u00ebtij lloji. Samiti inaugurues i Ballkanit Per\u00ebndimor (<a href=\"https:\/\/www.ebrd.com\/news\/2014\/western-balkans-investment-forum-at-the-ebrd.html\">Western Balkans Summit<\/a>) i cili mblodhi p\u00ebr her\u00eb t\u00eb par\u00eb t\u00eb gjith\u00eb kryeministrat e rajonit, u zhvillua n\u00eb selin\u00eb e EBRD-s\u00eb n\u00eb Lond\u00ebr n\u00eb shkurt t\u00eb vitit 2014.<\/p>\n","protected":false},"excerpt":{"rendered":"<p>Dit\u00ebn e djeshme, The European Bank for Reconstruction and Development (EBRD) priti Komisioneri Evropian p\u00ebr Fqinj\u00ebsi dhe Zgjerim, Oliv\u00e9r V\u00e1rhelyi dhe krer\u00ebt e qeverive t\u00eb\u00a0Shqip\u00ebris\u00eb <\/p>\n","protected":false},"author":152227,"featured_media":537854,"comment_status":"closed","ping_status":"closed","sticky":false,"template":"","format":"standard","meta":{"_acf_changed":false,"_monsterinsights_skip_tracking":false,"_monsterinsights_sitenote_active":false,"_monsterinsights_sitenote_note":"","_monsterinsights_sitenote_category":0,"footnotes":""},"country-for-news":[415,421,428,431,437,441],"class_list":["post-545000","post","type-post","status-publish","format-standard","has-post-thumbnail","hentry","wb_theme-environment","wb_theme-environmental-protection","wb_theme-connectivity","wb_theme-digitalisation","wb_theme-energy","wb_theme-transport","country-for-news-albania","country-for-news-bosnia-and-herzegovina","country-for-news-kosovo","country-for-news-montenegro","country-for-news-north-macedonia","country-for-news-serbia"],"acf":[],"yoast_head":"<!-- This site is optimized with the Yoast SEO plugin v25.3.1 - https:\/\/yoast.com\/wordpress\/plugins\/seo\/ -->\n<title>Komisioneri V\u00e1rhelyi merr pjes\u00eb n\u00eb Samitin e Investimeve t\u00eb Ballkanit Per\u00ebndimor News | WeBalkans<\/title>\n<meta name=\"description\" content=\"Komisioneri V\u00e1rhelyi merr pjes\u00eb n\u00eb Samitin e Investimeve t\u00eb Ballkanit Per\u00ebndimor.\" \/>\n<meta name=\"robots\" content=\"index, follow, max-snippet:-1, max-image-preview:large, max-video-preview:-1\" \/>\n<link rel=\"canonical\" href=\"https:\/\/webalkans.eu\/sq\/news\/commissioner-varhelyi-attends-western-balkans-investment-summit-2022\/\" \/>\n<meta property=\"og:locale\" content=\"sq_AL\" \/>\n<meta property=\"og:type\" content=\"article\" \/>\n<meta property=\"og:title\" content=\"Komisioneri V\u00e1rhelyi merr pjes\u00eb n\u00eb Samitin e Investimeve t\u00eb Ballkanit Per\u00ebndimor News | WeBalkans\" \/>\n<meta property=\"og:description\" content=\"Komisioneri V\u00e1rhelyi merr pjes\u00eb n\u00eb Samitin e Investimeve t\u00eb Ballkanit Per\u00ebndimor.\" \/>\n<meta property=\"og:url\" content=\"https:\/\/webalkans.eu\/sq\/news\/commissioner-varhelyi-attends-western-balkans-investment-summit-2022\/\" \/>\n<meta property=\"og:site_name\" content=\"WeBalkans | EU Projects in the Western Balkans\" \/>\n<meta property=\"article:publisher\" content=\"https:\/\/www.facebook.com\/webalkans.eu\" \/>\n<meta property=\"article:published_time\" content=\"2022-03-01T10:49:23+00:00\" \/>\n<meta property=\"article:modified_time\" content=\"2022-03-07T11:34:15+00:00\" \/>\n<meta property=\"og:image\" content=\"https:\/\/webalkans.eu\/wp-content\/uploads\/2022\/03\/Varhely.jpg\" \/>\n\t<meta property=\"og:image:width\" content=\"799\" \/>\n\t<meta property=\"og:image:height\" content=\"776\" \/>\n\t<meta property=\"og:image:type\" content=\"image\/jpeg\" \/>\n<meta name=\"author\" content=\"007designstudio@gmail.com\" \/>\n<meta name=\"twitter:card\" content=\"summary_large_image\" \/>\n<meta name=\"twitter:creator\" content=\"@WeBalkans\" \/>\n<meta name=\"twitter:site\" content=\"@WeBalkans\" \/>\n<meta name=\"twitter:label1\" content=\"Written by\" \/>\n\t<meta name=\"twitter:data1\" content=\"007designstudio@gmail.com\" \/>\n\t<meta name=\"twitter:label2\" content=\"Est. reading time\" \/>\n\t<meta name=\"twitter:data2\" content=\"2 minutes\" \/>\n<script type=\"application\/ld+json\" class=\"yoast-schema-graph\">{\"@context\":\"https:\/\/schema.org\",\"@graph\":[{\"@type\":\"Article\",\"@id\":\"https:\/\/webalkans.eu\/sq\/news\/commissioner-varhelyi-attends-western-balkans-investment-summit-2022\/#article\",\"isPartOf\":{\"@id\":\"https:\/\/webalkans.eu\/sq\/news\/commissioner-varhelyi-attends-western-balkans-investment-summit-2022\/\"},\"author\":{\"name\":\"007designstudio@gmail.com\",\"@id\":\"https:\/\/webalkans.eu\/sq\/#\/schema\/person\/95a8ea19ef21de3b7766e9b65ffdb4da\"},\"headline\":\"Komisioneri V\u00e1rhelyi merr pjes\u00eb n\u00eb Samitin e Investimeve t\u00eb Ballkanit Per\u00ebndimor\",\"datePublished\":\"2022-03-01T10:49:23+00:00\",\"dateModified\":\"2022-03-07T11:34:15+00:00\",\"mainEntityOfPage\":{\"@id\":\"https:\/\/webalkans.eu\/sq\/news\/commissioner-varhelyi-attends-western-balkans-investment-summit-2022\/\"},\"wordCount\":371,\"publisher\":{\"@id\":\"https:\/\/webalkans.eu\/sq\/#organization\"},\"image\":{\"@id\":\"https:\/\/webalkans.eu\/sq\/news\/commissioner-varhelyi-attends-western-balkans-investment-summit-2022\/#primaryimage\"},\"thumbnailUrl\":\"https:\/\/webalkans.eu\/wp-content\/uploads\/2022\/03\/Varhely.jpg\",\"inLanguage\":\"sq-AL\"},{\"@type\":\"WebPage\",\"@id\":\"https:\/\/webalkans.eu\/sq\/news\/commissioner-varhelyi-attends-western-balkans-investment-summit-2022\/\",\"url\":\"https:\/\/webalkans.eu\/sq\/news\/commissioner-varhelyi-attends-western-balkans-investment-summit-2022\/\",\"name\":\"Komisioneri V\u00e1rhelyi merr pjes\u00eb n\u00eb Samitin e Investimeve t\u00eb Ballkanit Per\u00ebndimor News | WeBalkans\",\"isPartOf\":{\"@id\":\"https:\/\/webalkans.eu\/sq\/#website\"},\"primaryImageOfPage\":{\"@id\":\"https:\/\/webalkans.eu\/sq\/news\/commissioner-varhelyi-attends-western-balkans-investment-summit-2022\/#primaryimage\"},\"image\":{\"@id\":\"https:\/\/webalkans.eu\/sq\/news\/commissioner-varhelyi-attends-western-balkans-investment-summit-2022\/#primaryimage\"},\"thumbnailUrl\":\"https:\/\/webalkans.eu\/wp-content\/uploads\/2022\/03\/Varhely.jpg\",\"datePublished\":\"2022-03-01T10:49:23+00:00\",\"dateModified\":\"2022-03-07T11:34:15+00:00\",\"description\":\"Komisioneri V\u00e1rhelyi merr pjes\u00eb n\u00eb Samitin e Investimeve t\u00eb Ballkanit Per\u00ebndimor.\",\"breadcrumb\":{\"@id\":\"https:\/\/webalkans.eu\/sq\/news\/commissioner-varhelyi-attends-western-balkans-investment-summit-2022\/#breadcrumb\"},\"inLanguage\":\"sq-AL\",\"potentialAction\":[{\"@type\":\"ReadAction\",\"target\":[\"https:\/\/webalkans.eu\/sq\/news\/commissioner-varhelyi-attends-western-balkans-investment-summit-2022\/\"]}]},{\"@type\":\"ImageObject\",\"inLanguage\":\"sq-AL\",\"@id\":\"https:\/\/webalkans.eu\/sq\/news\/commissioner-varhelyi-attends-western-balkans-investment-summit-2022\/#primaryimage\",\"url\":\"https:\/\/webalkans.eu\/wp-content\/uploads\/2022\/03\/Varhely.jpg\",\"contentUrl\":\"https:\/\/webalkans.eu\/wp-content\/uploads\/2022\/03\/Varhely.jpg\",\"width\":799,\"height\":776},{\"@type\":\"BreadcrumbList\",\"@id\":\"https:\/\/webalkans.eu\/sq\/news\/commissioner-varhelyi-attends-western-balkans-investment-summit-2022\/#breadcrumb\",\"itemListElement\":[{\"@type\":\"ListItem\",\"position\":1,\"name\":\"Home\",\"item\":\"https:\/\/webalkans.eu\/sq\/homepage\/\"},{\"@type\":\"ListItem\",\"position\":2,\"name\":\"Komisioneri V\u00e1rhelyi merr pjes\u00eb n\u00eb Samitin e Investimeve t\u00eb Ballkanit Per\u00ebndimor\"}]},{\"@type\":\"WebSite\",\"@id\":\"https:\/\/webalkans.eu\/sq\/#website\",\"url\":\"https:\/\/webalkans.eu\/sq\/\",\"name\":\"WeBalkans | EU Projects in the Western Balkans\",\"description\":\"\",\"publisher\":{\"@id\":\"https:\/\/webalkans.eu\/sq\/#organization\"},\"potentialAction\":[{\"@type\":\"SearchAction\",\"target\":{\"@type\":\"EntryPoint\",\"urlTemplate\":\"https:\/\/webalkans.eu\/sq\/?s={search_term_string}\"},\"query-input\":{\"@type\":\"PropertyValueSpecification\",\"valueRequired\":true,\"valueName\":\"search_term_string\"}}],\"inLanguage\":\"sq-AL\"},{\"@type\":\"Organization\",\"@id\":\"https:\/\/webalkans.eu\/sq\/#organization\",\"name\":\"European Union\",\"url\":\"https:\/\/webalkans.eu\/sq\/\",\"logo\":{\"@type\":\"ImageObject\",\"inLanguage\":\"sq-AL\",\"@id\":\"https:\/\/webalkans.eu\/sq\/#\/schema\/logo\/image\/\",\"url\":\"https:\/\/webalkans.eu\/wp-content\/uploads\/2020\/11\/eu_flag.jpg\",\"contentUrl\":\"https:\/\/webalkans.eu\/wp-content\/uploads\/2020\/11\/eu_flag.jpg\",\"width\":600,\"height\":401,\"caption\":\"European Union\"},\"image\":{\"@id\":\"https:\/\/webalkans.eu\/sq\/#\/schema\/logo\/image\/\"},\"sameAs\":[\"https:\/\/www.facebook.com\/webalkans.eu\",\"https:\/\/x.com\/WeBalkans\"]},{\"@type\":\"Person\",\"@id\":\"https:\/\/webalkans.eu\/sq\/#\/schema\/person\/95a8ea19ef21de3b7766e9b65ffdb4da\",\"name\":\"007designstudio@gmail.com\"}]}<\/script>\n<!-- \/ Yoast SEO plugin. -->","yoast_head_json":{"title":"Komisioneri V\u00e1rhelyi merr pjes\u00eb n\u00eb Samitin e Investimeve t\u00eb Ballkanit Per\u00ebndimor News | WeBalkans","description":"Komisioneri V\u00e1rhelyi merr pjes\u00eb n\u00eb Samitin e Investimeve t\u00eb Ballkanit Per\u00ebndimor.","robots":{"index":"index","follow":"follow","max-snippet":"max-snippet:-1","max-image-preview":"max-image-preview:large","max-video-preview":"max-video-preview:-1"},"canonical":"https:\/\/webalkans.eu\/sq\/news\/commissioner-varhelyi-attends-western-balkans-investment-summit-2022\/","og_locale":"sq_AL","og_type":"article","og_title":"Komisioneri V\u00e1rhelyi merr pjes\u00eb n\u00eb Samitin e Investimeve t\u00eb Ballkanit Per\u00ebndimor News | WeBalkans","og_description":"Komisioneri V\u00e1rhelyi merr pjes\u00eb n\u00eb Samitin e Investimeve t\u00eb Ballkanit Per\u00ebndimor.","og_url":"https:\/\/webalkans.eu\/sq\/news\/commissioner-varhelyi-attends-western-balkans-investment-summit-2022\/","og_site_name":"WeBalkans | EU Projects in the Western Balkans","article_publisher":"https:\/\/www.facebook.com\/webalkans.eu","article_published_time":"2022-03-01T10:49:23+00:00","article_modified_time":"2022-03-07T11:34:15+00:00","og_image":[{"width":799,"height":776,"url":"https:\/\/webalkans.eu\/wp-content\/uploads\/2022\/03\/Varhely.jpg","type":"image\/jpeg"}],"author":"007designstudio@gmail.com","twitter_card":"summary_large_image","twitter_creator":"@WeBalkans","twitter_site":"@WeBalkans","twitter_misc":{"Written by":"007designstudio@gmail.com","Est. reading time":"2 minutes"},"schema":{"@context":"https:\/\/schema.org","@graph":[{"@type":"Article","@id":"https:\/\/webalkans.eu\/sq\/news\/commissioner-varhelyi-attends-western-balkans-investment-summit-2022\/#article","isPartOf":{"@id":"https:\/\/webalkans.eu\/sq\/news\/commissioner-varhelyi-attends-western-balkans-investment-summit-2022\/"},"author":{"name":"007designstudio@gmail.com","@id":"https:\/\/webalkans.eu\/sq\/#\/schema\/person\/95a8ea19ef21de3b7766e9b65ffdb4da"},"headline":"Komisioneri V\u00e1rhelyi merr pjes\u00eb n\u00eb Samitin e Investimeve t\u00eb Ballkanit Per\u00ebndimor","datePublished":"2022-03-01T10:49:23+00:00","dateModified":"2022-03-07T11:34:15+00:00","mainEntityOfPage":{"@id":"https:\/\/webalkans.eu\/sq\/news\/commissioner-varhelyi-attends-western-balkans-investment-summit-2022\/"},"wordCount":371,"publisher":{"@id":"https:\/\/webalkans.eu\/sq\/#organization"},"image":{"@id":"https:\/\/webalkans.eu\/sq\/news\/commissioner-varhelyi-attends-western-balkans-investment-summit-2022\/#primaryimage"},"thumbnailUrl":"https:\/\/webalkans.eu\/wp-content\/uploads\/2022\/03\/Varhely.jpg","inLanguage":"sq-AL"},{"@type":"WebPage","@id":"https:\/\/webalkans.eu\/sq\/news\/commissioner-varhelyi-attends-western-balkans-investment-summit-2022\/","url":"https:\/\/webalkans.eu\/sq\/news\/commissioner-varhelyi-attends-western-balkans-investment-summit-2022\/","name":"Komisioneri V\u00e1rhelyi merr pjes\u00eb n\u00eb Samitin e Investimeve t\u00eb Ballkanit Per\u00ebndimor News | WeBalkans","isPartOf":{"@id":"https:\/\/webalkans.eu\/sq\/#website"},"primaryImageOfPage":{"@id":"https:\/\/webalkans.eu\/sq\/news\/commissioner-varhelyi-attends-western-balkans-investment-summit-2022\/#primaryimage"},"image":{"@id":"https:\/\/webalkans.eu\/sq\/news\/commissioner-varhelyi-attends-western-balkans-investment-summit-2022\/#primaryimage"},"thumbnailUrl":"https:\/\/webalkans.eu\/wp-content\/uploads\/2022\/03\/Varhely.jpg","datePublished":"2022-03-01T10:49:23+00:00","dateModified":"2022-03-07T11:34:15+00:00","description":"Komisioneri V\u00e1rhelyi merr pjes\u00eb n\u00eb Samitin e Investimeve t\u00eb Ballkanit Per\u00ebndimor.","breadcrumb":{"@id":"https:\/\/webalkans.eu\/sq\/news\/commissioner-varhelyi-attends-western-balkans-investment-summit-2022\/#breadcrumb"},"inLanguage":"sq-AL","potentialAction":[{"@type":"ReadAction","target":["https:\/\/webalkans.eu\/sq\/news\/commissioner-varhelyi-attends-western-balkans-investment-summit-2022\/"]}]},{"@type":"ImageObject","inLanguage":"sq-AL","@id":"https:\/\/webalkans.eu\/sq\/news\/commissioner-varhelyi-attends-western-balkans-investment-summit-2022\/#primaryimage","url":"https:\/\/webalkans.eu\/wp-content\/uploads\/2022\/03\/Varhely.jpg","contentUrl":"https:\/\/webalkans.eu\/wp-content\/uploads\/2022\/03\/Varhely.jpg","width":799,"height":776},{"@type":"BreadcrumbList","@id":"https:\/\/webalkans.eu\/sq\/news\/commissioner-varhelyi-attends-western-balkans-investment-summit-2022\/#breadcrumb","itemListElement":[{"@type":"ListItem","position":1,"name":"Home","item":"https:\/\/webalkans.eu\/sq\/homepage\/"},{"@type":"ListItem","position":2,"name":"Komisioneri V\u00e1rhelyi merr pjes\u00eb n\u00eb Samitin e Investimeve t\u00eb Ballkanit Per\u00ebndimor"}]},{"@type":"WebSite","@id":"https:\/\/webalkans.eu\/sq\/#website","url":"https:\/\/webalkans.eu\/sq\/","name":"WeBalkans | EU Projects in the Western Balkans","description":"","publisher":{"@id":"https:\/\/webalkans.eu\/sq\/#organization"},"potentialAction":[{"@type":"SearchAction","target":{"@type":"EntryPoint","urlTemplate":"https:\/\/webalkans.eu\/sq\/?s={search_term_string}"},"query-input":{"@type":"PropertyValueSpecification","valueRequired":true,"valueName":"search_term_string"}}],"inLanguage":"sq-AL"},{"@type":"Organization","@id":"https:\/\/webalkans.eu\/sq\/#organization","name":"European Union","url":"https:\/\/webalkans.eu\/sq\/","logo":{"@type":"ImageObject","inLanguage":"sq-AL","@id":"https:\/\/webalkans.eu\/sq\/#\/schema\/logo\/image\/","url":"https:\/\/webalkans.eu\/wp-content\/uploads\/2020\/11\/eu_flag.jpg","contentUrl":"https:\/\/webalkans.eu\/wp-content\/uploads\/2020\/11\/eu_flag.jpg","width":600,"height":401,"caption":"European Union"},"image":{"@id":"https:\/\/webalkans.eu\/sq\/#\/schema\/logo\/image\/"},"sameAs":["https:\/\/www.facebook.com\/webalkans.eu","https:\/\/x.com\/WeBalkans"]},{"@type":"Person","@id":"https:\/\/webalkans.eu\/sq\/#\/schema\/person\/95a8ea19ef21de3b7766e9b65ffdb4da","name":"007designstudio@gmail.com"}]}},"_links":{"self":[{"href":"https:\/\/webalkans.eu\/sq\/wp-json\/wp\/v2\/posts\/545000"}],"collection":[{"href":"https:\/\/webalkans.eu\/sq\/wp-json\/wp\/v2\/posts"}],"about":[{"href":"https:\/\/webalkans.eu\/sq\/wp-json\/wp\/v2\/types\/post"}],"author":[{"embeddable":true,"href":"https:\/\/webalkans.eu\/sq\/wp-json\/wp\/v2\/users\/152227"}],"replies":[{"embeddable":true,"href":"https:\/\/webalkans.eu\/sq\/wp-json\/wp\/v2\/comments?post=545000"}],"version-history":[{"count":0,"href":"https:\/\/webalkans.eu\/sq\/wp-json\/wp\/v2\/posts\/545000\/revisions"}],"wp:featuredmedia":[{"embeddable":true,"href":"https:\/\/webalkans.eu\/sq\/wp-json\/wp\/v2\/media\/537854"}],"wp:attachment":[{"href":"https:\/\/webalkans.eu\/sq\/wp-json\/wp\/v2\/media?parent=545000"}],"wp:term":[{"taxonomy":"country-for-news","embeddable":true,"href":"https:\/\/webalkans.eu\/sq\/wp-json\/wp\/v2\/country-for-news?post=545000"}],"curies":[{"name":"wp","href":"https:\/\/api.w.org\/{rel}","templated":true}]}}