
{"id":521665,"date":"2022-01-17T18:28:11","date_gmt":"2022-01-17T17:28:11","guid":{"rendered":"https:\/\/webalkans.eu\/news\/european-year-of-youth-kicks-off\/"},"modified":"2022-02-11T17:43:15","modified_gmt":"2022-02-11T16:43:15","slug":"european-year-of-youth-kicks-off","status":"publish","type":"post","link":"https:\/\/webalkans.eu\/sq\/news\/european-year-of-youth-kicks-off\/","title":{"rendered":"Fillon Viti Evropian i Rinis\u00eb"},"content":{"rendered":"<p>S\u00eb fundmi, 2022-shi \u00ebsht\u00eb shpallur nga BE-ja si\u00a0<strong>Viti Evropian i<\/strong>Rinis\u00eb. Veprimtarit\u00eb q\u00eb do t\u00eb organizohen k\u00ebt\u00eb vit p\u00ebrfshijn\u00eb konferenca, nisma q\u00eb promovojn\u00eb pjes\u00ebmarrjen e t\u00eb rinjve n\u00eb politik\u00ebb\u00ebrje, fushata nd\u00ebrgjegj\u00ebsimi p\u00ebr nj\u00eb BE m\u00eb t\u00eb gjelb\u00ebr, m\u00eb gjith\u00ebp\u00ebrfshir\u00ebse dhe m\u00eb digjitale, dhe studime dhe k\u00ebrkime rreth situat\u00ebs ku ndodhen t\u00eb rinjt\u00eb. Viti Evropian i Rinis\u00eb ec\u00ebn krah p\u00ebr krah\u00a0me <a href=\"https:\/\/europa.eu\/next-generation-eu\/index_en\">NextGenerationEU<\/a>, gj\u00eb q\u00eb rihap perspektiva p\u00ebr t\u00eb rinjt\u00eb, p\u00ebrfshir\u00eb pun\u00eb cil\u00ebsore dhe mund\u00ebsi arsimimi dhe trajnimi n\u00eb Evrop\u00ebn e s\u00eb ardhmes, si dhe mb\u00ebshtet pjes\u00ebmarrjen e t\u00eb rinjve n\u00eb shoq\u00ebri.<\/p>\n<p>&nbsp;<\/p>\n<p>Viti i Rinis\u00eb do t\u00eb k\u00ebrkoj\u00eb sinergji dhe bashk\u00ebpunim me programe t\u00eb tjera t\u00eb BE-s\u00eb q\u00eb synojn\u00eb t\u00eb rinjt\u00eb n\u00eb p\u00ebrtej spektrit t\u00eb politikave &#8211; nga programet e zhvillimit rural q\u00eb p\u00ebrqendrohen te fermer\u00ebt e rinj deri te programet e k\u00ebrkimit dhe inovacionit, dhe nga kohezioni te veprimet p\u00ebr ndryshimin e klim\u00ebs &#8211; p\u00ebrfshi programet e BE-s\u00eb me shtrirje nd\u00ebrkomb\u00ebtare ose me natyr\u00eb transnacionale.<\/p>\n<p>&nbsp;<\/p>\n<p>P\u00ebrve\u00e7 <a href=\"https:\/\/erasmus-plus.ec.europa.eu\/\">Erasmus+-it<\/a>\u00a0dhe\u00a0<a href=\"https:\/\/europa.eu\/youth\/solidarity\/young-people\/about_en\">Korpusit Evropian t\u00eb Solidaritetit<\/a>, me buxhet p\u00ebr periudh\u00ebn financiare aktuale prej 28 miliard\u00eb Eurosh dhe 1 miliard Eurosh,\u00a0<a href=\"https:\/\/ec.europa.eu\/social\/main.jsp?catId=1079&amp;langId=en\">Garancia Rinore<\/a>\u00a0dhe\u00a0<a href=\"https:\/\/ec.europa.eu\/social\/main.jsp?catId=1176\">Nisma e Pun\u00ebsimit t\u00eb t\u00eb Rinjve<\/a>\u00a0po krijojn\u00eb m\u00eb shum\u00eb mund\u00ebsi p\u00ebr t\u00eb rinjt\u00eb. Nd\u00ebrkoh\u00eb, n\u00eb vitin 2022 do t\u00eb nis\u00eb edhe nj\u00eb program i ri i quajtur ALMA p\u00ebr t\u00eb mb\u00ebshtetur l\u00ebvizshm\u00ebrin\u00eb profesionale nd\u00ebrkufitare p\u00ebr t\u00eb rinjt\u00eb e disavantazhuar.<\/p>\n<p>&nbsp;<\/p>\n<p>Programi i plot\u00eb i veprimtarive dhe informacionet e m\u00ebtejshme do t\u00eb jen\u00eb t\u00eb disponueshme n\u00eb\u00a0<a href=\"https:\/\/europa.eu\/youth\/home_en\">Portalin e Rinis\u00eb<\/a>.\u00a0Fush\u00ebveprimi i veprimtarive do t\u00eb mbuloj\u00eb \u00e7\u00ebshtje q\u00eb prekin kryesisht t\u00eb rinjt\u00eb duke ndjekur prioritetet e theksuara te Q\u00ebllimet e t\u00eb Rinjve, si barazia dhe gjith\u00ebp\u00ebrfshirja, q\u00ebndrueshm\u00ebria, sh\u00ebndeti mendor dhe pun\u00ebsimi cil\u00ebsor. Ato do t\u00eb p\u00ebrfshijn\u00eb edhe t\u00eb rinj jasht\u00eb BE-s\u00eb.<\/p>\n","protected":false},"excerpt":{"rendered":"<p>S\u00eb fundmi, 2022-shi \u00ebsht\u00eb shpallur nga BE-ja si\u00a0Viti Evropian iRinis\u00eb. Veprimtarit\u00eb q\u00eb do t\u00eb organizohen k\u00ebt\u00eb vit p\u00ebrfshijn\u00eb konferenca, nisma q\u00eb promovojn\u00eb pjes\u00ebmarrjen e t\u00eb <\/p>\n","protected":false},"author":152227,"featured_media":492029,"comment_status":"closed","ping_status":"closed","sticky":false,"template":"","format":"standard","meta":{"_acf_changed":false,"_monsterinsights_skip_tracking":false,"_monsterinsights_sitenote_active":false,"_monsterinsights_sitenote_note":"","_monsterinsights_sitenote_category":0,"footnotes":""},"country-for-news":[415,421,428,431,437,441],"class_list":["post-521665","post","type-post","status-publish","format-standard","has-post-thumbnail","hentry","wb_theme-culture-and-youth","country-for-news-albania","country-for-news-bosnia-and-herzegovina","country-for-news-kosovo","country-for-news-montenegro","country-for-news-north-macedonia","country-for-news-serbia"],"acf":[],"yoast_head":"<!-- This site is optimized with the Yoast SEO plugin v25.3.1 - https:\/\/yoast.com\/wordpress\/plugins\/seo\/ -->\n<title>Fillon Viti Evropian i Rinis\u00eb News | WeBalkans<\/title>\n<meta name=\"robots\" content=\"index, follow, max-snippet:-1, max-image-preview:large, max-video-preview:-1\" \/>\n<link rel=\"canonical\" href=\"https:\/\/webalkans.eu\/sq\/news\/european-year-of-youth-kicks-off\/\" \/>\n<meta property=\"og:locale\" content=\"sq_AL\" \/>\n<meta property=\"og:type\" content=\"article\" \/>\n<meta property=\"og:title\" content=\"Fillon Viti Evropian i Rinis\u00eb News | WeBalkans\" \/>\n<meta property=\"og:description\" content=\"S\u00eb fundmi, 2022-shi \u00ebsht\u00eb shpallur nga BE-ja si\u00a0Viti Evropian iRinis\u00eb. Veprimtarit\u00eb q\u00eb do t\u00eb organizohen k\u00ebt\u00eb vit p\u00ebrfshijn\u00eb konferenca, nisma q\u00eb promovojn\u00eb pjes\u00ebmarrjen e t\u00eb\" \/>\n<meta property=\"og:url\" content=\"https:\/\/webalkans.eu\/sq\/news\/european-year-of-youth-kicks-off\/\" \/>\n<meta property=\"og:site_name\" content=\"WeBalkans | EU Projects in the Western Balkans\" \/>\n<meta property=\"article:publisher\" content=\"https:\/\/www.facebook.com\/webalkans.eu\" \/>\n<meta property=\"article:published_time\" content=\"2022-01-17T17:28:11+00:00\" \/>\n<meta property=\"article:modified_time\" content=\"2022-02-11T16:43:15+00:00\" \/>\n<meta property=\"og:image\" content=\"https:\/\/webalkans.eu\/wp-content\/uploads\/2022\/01\/1.jpeg\" \/>\n\t<meta property=\"og:image:width\" content=\"750\" \/>\n\t<meta property=\"og:image:height\" content=\"501\" \/>\n\t<meta property=\"og:image:type\" content=\"image\/jpeg\" \/>\n<meta name=\"author\" content=\"007designstudio@gmail.com\" \/>\n<meta name=\"twitter:card\" content=\"summary_large_image\" \/>\n<meta name=\"twitter:creator\" content=\"@WeBalkans\" \/>\n<meta name=\"twitter:site\" content=\"@WeBalkans\" \/>\n<meta name=\"twitter:label1\" content=\"Written by\" \/>\n\t<meta name=\"twitter:data1\" content=\"007designstudio@gmail.com\" \/>\n\t<meta name=\"twitter:label2\" content=\"Est. reading time\" \/>\n\t<meta name=\"twitter:data2\" content=\"2 minutes\" \/>\n<script type=\"application\/ld+json\" class=\"yoast-schema-graph\">{\"@context\":\"https:\/\/schema.org\",\"@graph\":[{\"@type\":\"Article\",\"@id\":\"https:\/\/webalkans.eu\/sq\/news\/european-year-of-youth-kicks-off\/#article\",\"isPartOf\":{\"@id\":\"https:\/\/webalkans.eu\/sq\/news\/european-year-of-youth-kicks-off\/\"},\"author\":{\"name\":\"007designstudio@gmail.com\",\"@id\":\"https:\/\/webalkans.eu\/sq\/#\/schema\/person\/95a8ea19ef21de3b7766e9b65ffdb4da\"},\"headline\":\"Fillon Viti Evropian i Rinis\u00eb\",\"datePublished\":\"2022-01-17T17:28:11+00:00\",\"dateModified\":\"2022-02-11T16:43:15+00:00\",\"mainEntityOfPage\":{\"@id\":\"https:\/\/webalkans.eu\/sq\/news\/european-year-of-youth-kicks-off\/\"},\"wordCount\":343,\"publisher\":{\"@id\":\"https:\/\/webalkans.eu\/sq\/#organization\"},\"image\":{\"@id\":\"https:\/\/webalkans.eu\/sq\/news\/european-year-of-youth-kicks-off\/#primaryimage\"},\"thumbnailUrl\":\"https:\/\/webalkans.eu\/wp-content\/uploads\/2022\/01\/1.jpeg\",\"inLanguage\":\"sq-AL\"},{\"@type\":\"WebPage\",\"@id\":\"https:\/\/webalkans.eu\/sq\/news\/european-year-of-youth-kicks-off\/\",\"url\":\"https:\/\/webalkans.eu\/sq\/news\/european-year-of-youth-kicks-off\/\",\"name\":\"Fillon Viti Evropian i Rinis\u00eb News | WeBalkans\",\"isPartOf\":{\"@id\":\"https:\/\/webalkans.eu\/sq\/#website\"},\"primaryImageOfPage\":{\"@id\":\"https:\/\/webalkans.eu\/sq\/news\/european-year-of-youth-kicks-off\/#primaryimage\"},\"image\":{\"@id\":\"https:\/\/webalkans.eu\/sq\/news\/european-year-of-youth-kicks-off\/#primaryimage\"},\"thumbnailUrl\":\"https:\/\/webalkans.eu\/wp-content\/uploads\/2022\/01\/1.jpeg\",\"datePublished\":\"2022-01-17T17:28:11+00:00\",\"dateModified\":\"2022-02-11T16:43:15+00:00\",\"breadcrumb\":{\"@id\":\"https:\/\/webalkans.eu\/sq\/news\/european-year-of-youth-kicks-off\/#breadcrumb\"},\"inLanguage\":\"sq-AL\",\"potentialAction\":[{\"@type\":\"ReadAction\",\"target\":[\"https:\/\/webalkans.eu\/sq\/news\/european-year-of-youth-kicks-off\/\"]}]},{\"@type\":\"ImageObject\",\"inLanguage\":\"sq-AL\",\"@id\":\"https:\/\/webalkans.eu\/sq\/news\/european-year-of-youth-kicks-off\/#primaryimage\",\"url\":\"https:\/\/webalkans.eu\/wp-content\/uploads\/2022\/01\/1.jpeg\",\"contentUrl\":\"https:\/\/webalkans.eu\/wp-content\/uploads\/2022\/01\/1.jpeg\",\"width\":750,\"height\":501},{\"@type\":\"BreadcrumbList\",\"@id\":\"https:\/\/webalkans.eu\/sq\/news\/european-year-of-youth-kicks-off\/#breadcrumb\",\"itemListElement\":[{\"@type\":\"ListItem\",\"position\":1,\"name\":\"Home\",\"item\":\"https:\/\/webalkans.eu\/sq\/homepage\/\"},{\"@type\":\"ListItem\",\"position\":2,\"name\":\"Fillon Viti Evropian i Rinis\u00eb\"}]},{\"@type\":\"WebSite\",\"@id\":\"https:\/\/webalkans.eu\/sq\/#website\",\"url\":\"https:\/\/webalkans.eu\/sq\/\",\"name\":\"WeBalkans | EU Projects in the Western Balkans\",\"description\":\"\",\"publisher\":{\"@id\":\"https:\/\/webalkans.eu\/sq\/#organization\"},\"potentialAction\":[{\"@type\":\"SearchAction\",\"target\":{\"@type\":\"EntryPoint\",\"urlTemplate\":\"https:\/\/webalkans.eu\/sq\/?s={search_term_string}\"},\"query-input\":{\"@type\":\"PropertyValueSpecification\",\"valueRequired\":true,\"valueName\":\"search_term_string\"}}],\"inLanguage\":\"sq-AL\"},{\"@type\":\"Organization\",\"@id\":\"https:\/\/webalkans.eu\/sq\/#organization\",\"name\":\"European Union\",\"url\":\"https:\/\/webalkans.eu\/sq\/\",\"logo\":{\"@type\":\"ImageObject\",\"inLanguage\":\"sq-AL\",\"@id\":\"https:\/\/webalkans.eu\/sq\/#\/schema\/logo\/image\/\",\"url\":\"https:\/\/webalkans.eu\/wp-content\/uploads\/2020\/11\/eu_flag.jpg\",\"contentUrl\":\"https:\/\/webalkans.eu\/wp-content\/uploads\/2020\/11\/eu_flag.jpg\",\"width\":600,\"height\":401,\"caption\":\"European Union\"},\"image\":{\"@id\":\"https:\/\/webalkans.eu\/sq\/#\/schema\/logo\/image\/\"},\"sameAs\":[\"https:\/\/www.facebook.com\/webalkans.eu\",\"https:\/\/x.com\/WeBalkans\"]},{\"@type\":\"Person\",\"@id\":\"https:\/\/webalkans.eu\/sq\/#\/schema\/person\/95a8ea19ef21de3b7766e9b65ffdb4da\",\"name\":\"007designstudio@gmail.com\"}]}<\/script>\n<!-- \/ Yoast SEO plugin. -->","yoast_head_json":{"title":"Fillon Viti Evropian i Rinis\u00eb News | WeBalkans","robots":{"index":"index","follow":"follow","max-snippet":"max-snippet:-1","max-image-preview":"max-image-preview:large","max-video-preview":"max-video-preview:-1"},"canonical":"https:\/\/webalkans.eu\/sq\/news\/european-year-of-youth-kicks-off\/","og_locale":"sq_AL","og_type":"article","og_title":"Fillon Viti Evropian i Rinis\u00eb News | WeBalkans","og_description":"S\u00eb fundmi, 2022-shi \u00ebsht\u00eb shpallur nga BE-ja si\u00a0Viti Evropian iRinis\u00eb. Veprimtarit\u00eb q\u00eb do t\u00eb organizohen k\u00ebt\u00eb vit p\u00ebrfshijn\u00eb konferenca, nisma q\u00eb promovojn\u00eb pjes\u00ebmarrjen e t\u00eb","og_url":"https:\/\/webalkans.eu\/sq\/news\/european-year-of-youth-kicks-off\/","og_site_name":"WeBalkans | EU Projects in the Western Balkans","article_publisher":"https:\/\/www.facebook.com\/webalkans.eu","article_published_time":"2022-01-17T17:28:11+00:00","article_modified_time":"2022-02-11T16:43:15+00:00","og_image":[{"width":750,"height":501,"url":"https:\/\/webalkans.eu\/wp-content\/uploads\/2022\/01\/1.jpeg","type":"image\/jpeg"}],"author":"007designstudio@gmail.com","twitter_card":"summary_large_image","twitter_creator":"@WeBalkans","twitter_site":"@WeBalkans","twitter_misc":{"Written by":"007designstudio@gmail.com","Est. reading time":"2 minutes"},"schema":{"@context":"https:\/\/schema.org","@graph":[{"@type":"Article","@id":"https:\/\/webalkans.eu\/sq\/news\/european-year-of-youth-kicks-off\/#article","isPartOf":{"@id":"https:\/\/webalkans.eu\/sq\/news\/european-year-of-youth-kicks-off\/"},"author":{"name":"007designstudio@gmail.com","@id":"https:\/\/webalkans.eu\/sq\/#\/schema\/person\/95a8ea19ef21de3b7766e9b65ffdb4da"},"headline":"Fillon Viti Evropian i Rinis\u00eb","datePublished":"2022-01-17T17:28:11+00:00","dateModified":"2022-02-11T16:43:15+00:00","mainEntityOfPage":{"@id":"https:\/\/webalkans.eu\/sq\/news\/european-year-of-youth-kicks-off\/"},"wordCount":343,"publisher":{"@id":"https:\/\/webalkans.eu\/sq\/#organization"},"image":{"@id":"https:\/\/webalkans.eu\/sq\/news\/european-year-of-youth-kicks-off\/#primaryimage"},"thumbnailUrl":"https:\/\/webalkans.eu\/wp-content\/uploads\/2022\/01\/1.jpeg","inLanguage":"sq-AL"},{"@type":"WebPage","@id":"https:\/\/webalkans.eu\/sq\/news\/european-year-of-youth-kicks-off\/","url":"https:\/\/webalkans.eu\/sq\/news\/european-year-of-youth-kicks-off\/","name":"Fillon Viti Evropian i Rinis\u00eb News | WeBalkans","isPartOf":{"@id":"https:\/\/webalkans.eu\/sq\/#website"},"primaryImageOfPage":{"@id":"https:\/\/webalkans.eu\/sq\/news\/european-year-of-youth-kicks-off\/#primaryimage"},"image":{"@id":"https:\/\/webalkans.eu\/sq\/news\/european-year-of-youth-kicks-off\/#primaryimage"},"thumbnailUrl":"https:\/\/webalkans.eu\/wp-content\/uploads\/2022\/01\/1.jpeg","datePublished":"2022-01-17T17:28:11+00:00","dateModified":"2022-02-11T16:43:15+00:00","breadcrumb":{"@id":"https:\/\/webalkans.eu\/sq\/news\/european-year-of-youth-kicks-off\/#breadcrumb"},"inLanguage":"sq-AL","potentialAction":[{"@type":"ReadAction","target":["https:\/\/webalkans.eu\/sq\/news\/european-year-of-youth-kicks-off\/"]}]},{"@type":"ImageObject","inLanguage":"sq-AL","@id":"https:\/\/webalkans.eu\/sq\/news\/european-year-of-youth-kicks-off\/#primaryimage","url":"https:\/\/webalkans.eu\/wp-content\/uploads\/2022\/01\/1.jpeg","contentUrl":"https:\/\/webalkans.eu\/wp-content\/uploads\/2022\/01\/1.jpeg","width":750,"height":501},{"@type":"BreadcrumbList","@id":"https:\/\/webalkans.eu\/sq\/news\/european-year-of-youth-kicks-off\/#breadcrumb","itemListElement":[{"@type":"ListItem","position":1,"name":"Home","item":"https:\/\/webalkans.eu\/sq\/homepage\/"},{"@type":"ListItem","position":2,"name":"Fillon Viti Evropian i Rinis\u00eb"}]},{"@type":"WebSite","@id":"https:\/\/webalkans.eu\/sq\/#website","url":"https:\/\/webalkans.eu\/sq\/","name":"WeBalkans | EU Projects in the Western Balkans","description":"","publisher":{"@id":"https:\/\/webalkans.eu\/sq\/#organization"},"potentialAction":[{"@type":"SearchAction","target":{"@type":"EntryPoint","urlTemplate":"https:\/\/webalkans.eu\/sq\/?s={search_term_string}"},"query-input":{"@type":"PropertyValueSpecification","valueRequired":true,"valueName":"search_term_string"}}],"inLanguage":"sq-AL"},{"@type":"Organization","@id":"https:\/\/webalkans.eu\/sq\/#organization","name":"European Union","url":"https:\/\/webalkans.eu\/sq\/","logo":{"@type":"ImageObject","inLanguage":"sq-AL","@id":"https:\/\/webalkans.eu\/sq\/#\/schema\/logo\/image\/","url":"https:\/\/webalkans.eu\/wp-content\/uploads\/2020\/11\/eu_flag.jpg","contentUrl":"https:\/\/webalkans.eu\/wp-content\/uploads\/2020\/11\/eu_flag.jpg","width":600,"height":401,"caption":"European Union"},"image":{"@id":"https:\/\/webalkans.eu\/sq\/#\/schema\/logo\/image\/"},"sameAs":["https:\/\/www.facebook.com\/webalkans.eu","https:\/\/x.com\/WeBalkans"]},{"@type":"Person","@id":"https:\/\/webalkans.eu\/sq\/#\/schema\/person\/95a8ea19ef21de3b7766e9b65ffdb4da","name":"007designstudio@gmail.com"}]}},"_links":{"self":[{"href":"https:\/\/webalkans.eu\/sq\/wp-json\/wp\/v2\/posts\/521665"}],"collection":[{"href":"https:\/\/webalkans.eu\/sq\/wp-json\/wp\/v2\/posts"}],"about":[{"href":"https:\/\/webalkans.eu\/sq\/wp-json\/wp\/v2\/types\/post"}],"author":[{"embeddable":true,"href":"https:\/\/webalkans.eu\/sq\/wp-json\/wp\/v2\/users\/152227"}],"replies":[{"embeddable":true,"href":"https:\/\/webalkans.eu\/sq\/wp-json\/wp\/v2\/comments?post=521665"}],"version-history":[{"count":0,"href":"https:\/\/webalkans.eu\/sq\/wp-json\/wp\/v2\/posts\/521665\/revisions"}],"wp:featuredmedia":[{"embeddable":true,"href":"https:\/\/webalkans.eu\/sq\/wp-json\/wp\/v2\/media\/492029"}],"wp:attachment":[{"href":"https:\/\/webalkans.eu\/sq\/wp-json\/wp\/v2\/media?parent=521665"}],"wp:term":[{"taxonomy":"country-for-news","embeddable":true,"href":"https:\/\/webalkans.eu\/sq\/wp-json\/wp\/v2\/country-for-news?post=521665"}],"curies":[{"name":"wp","href":"https:\/\/api.w.org\/{rel}","templated":true}]}}