
{"id":521635,"date":"2022-01-21T18:31:15","date_gmt":"2022-01-21T17:31:15","guid":{"rendered":"https:\/\/webalkans.eu\/news\/e385-5-million-from-eu-solidarity-fund-for-covid-19-health-emergency\/"},"modified":"2022-02-11T17:31:21","modified_gmt":"2022-02-11T16:31:21","slug":"e385-5-million-from-eu-solidarity-fund-for-covid-19-health-emergency","status":"publish","type":"post","link":"https:\/\/webalkans.eu\/sq\/news\/e385-5-million-from-eu-solidarity-fund-for-covid-19-health-emergency\/","title":{"rendered":"385.5 milion\u00eb Euro nga Fondi i Solidaritetit i BE-s\u00eb p\u00ebr emergjenc\u00ebn sh\u00ebndet\u00ebsore t\u00eb COVID-19-\u00ebs"},"content":{"rendered":"<p>Komisioni Evropian ka b\u00ebr\u00eb pagesat e plota t\u00eb asistenc\u00ebs t\u00eb FSBE-s\u00eb prej 385.5 milion\u00eb Eurosh, n\u00eb m\u00ebnyr\u00eb q\u00eb 19 vende t\u00eb p\u00ebrballen me emergjenc\u00ebn sh\u00ebndet\u00ebsore t\u00eb koronavirusit. Ky fond \u00ebsht\u00eb m\u00eb vete nga\u00a0 132.7 milion\u00eb Eurot e paguara n\u00eb vitin 2020 p\u00ebr vendet an\u00ebtare q\u00eb k\u00ebrkuan parapages\u00eb nga FSBE-ja. 17 vende an\u00ebtare, si dhe vende kandidate si Shqip\u00ebria, Mali i Zi dhe Serbia, kishin k\u00ebrkuar mb\u00ebshtetjen e FSBE-s\u00eb.<\/p>\n<p>&nbsp;<\/p>\n<p>Shqip\u00ebria dhe Mali i Zi e mor\u00ebn mb\u00ebshtetjen financiare n\u00eb fund t\u00eb vitit 2021, nd\u00ebrsa Serbia nuk e ka n\u00ebnshkruar ende marr\u00ebveshjen me delegacionin dhe pritet q\u00eb mb\u00ebshtetja financiare e FSBE-s\u00eb t\u2019i jepet sapo t\u00eb n\u00ebnshkruhet marr\u00ebveshja.<\/p>\n<p>&nbsp;<\/p>\n<p>Komisioneri p\u00ebr Zgjerimin dhe Fqinj\u00ebsin\u00eb e Mir\u00eb, Oliv\u00e9r<strong>V\u00e1rhelyi<\/strong>, u shpreh, <em>\u201cQ\u00eb n\u00eb fillim t\u00eb pandemis\u00eb u kemi q\u00ebndruar pran\u00eb partner\u00ebve tan\u00eb n\u00eb Ballkanin Per\u00ebndimor.\u00a0Jam i lumtur q\u00eb Shqip\u00ebria, Mali i Zi dhe Serbia mund\u00ebn t\u00eb p\u00ebrfitojn\u00eb nga mb\u00ebshtetja e FSBE-s\u00eb. Kjo tregon s\u00ebrish angazhimin e BE-s\u00eb p\u00ebr mb\u00ebshtetjen e rajonit n\u00eb luft\u00ebn kund\u00ebr koronavirusit, aty ku \u00ebsht\u00eb e mundur me akses te t\u00eb nj\u00ebjtat mekanizma asistence si dhe vendet tona an\u00ebtare.\u201d<\/em><\/p>\n<p><em>\u00a0<\/em><\/p>\n<p>Mb\u00ebshtetja e FSBE-s\u00eb p\u00ebr emergjenc\u00ebn sh\u00ebndet\u00ebsore t\u00eb COVID-19-\u00ebs financon asistenc\u00ebn mjek\u00ebsore, blerjen dhe administrimin e vaksinave, pajisjet e mbrojtjes personale, shpenzimet e kujdesit sh\u00ebndet\u00ebsor, analizat laboratorike, masat parandaluese, si dhe monitorimin dhe kontrollin e p\u00ebrhapjes s\u00eb s\u00ebmundjes.<\/p>\n","protected":false},"excerpt":{"rendered":"<p>Komisioni Evropian ka b\u00ebr\u00eb pagesat e plota t\u00eb asistenc\u00ebs t\u00eb FSBE-s\u00eb prej 385.5 milion\u00eb Eurosh, n\u00eb m\u00ebnyr\u00eb q\u00eb 19 vende t\u00eb p\u00ebrballen me emergjenc\u00ebn sh\u00ebndet\u00ebsore <\/p>\n","protected":false},"author":152227,"featured_media":498412,"comment_status":"closed","ping_status":"closed","sticky":false,"template":"","format":"standard","meta":{"_acf_changed":false,"_monsterinsights_skip_tracking":false,"_monsterinsights_sitenote_active":false,"_monsterinsights_sitenote_note":"","_monsterinsights_sitenote_category":0,"footnotes":""},"country-for-news":[415,431,441],"class_list":["post-521635","post","type-post","status-publish","format-standard","has-post-thumbnail","hentry","wb_theme-equality-and-fair-society","country-for-news-albania","country-for-news-montenegro","country-for-news-serbia"],"acf":[],"yoast_head":"<!-- This site is optimized with the Yoast SEO plugin v25.3.1 - https:\/\/yoast.com\/wordpress\/plugins\/seo\/ -->\n<title>385.5 milion\u00eb Euro nga Fondi i Solidaritetit i BE-s\u00eb p\u00ebr emergjenc\u00ebn sh\u00ebndet\u00ebsore t\u00eb COVID-19-\u00ebs News | WeBalkans<\/title>\n<meta name=\"description\" content=\"The European Commission has completed EU Solidarity Fund (EUSF) assistance payments to 19 countries for a total amount of almost \u20ac385.5 million to tackle the coronavirus health emergency.\" \/>\n<meta name=\"robots\" content=\"index, follow, max-snippet:-1, max-image-preview:large, max-video-preview:-1\" \/>\n<link rel=\"canonical\" href=\"https:\/\/webalkans.eu\/sq\/news\/e385-5-million-from-eu-solidarity-fund-for-covid-19-health-emergency\/\" \/>\n<meta property=\"og:locale\" content=\"sq_AL\" \/>\n<meta property=\"og:type\" content=\"article\" \/>\n<meta property=\"og:title\" content=\"385.5 milion\u00eb Euro nga Fondi i Solidaritetit i BE-s\u00eb p\u00ebr emergjenc\u00ebn sh\u00ebndet\u00ebsore t\u00eb COVID-19-\u00ebs News | WeBalkans\" \/>\n<meta property=\"og:description\" content=\"The European Commission has completed EU Solidarity Fund (EUSF) assistance payments to 19 countries for a total amount of almost \u20ac385.5 million to tackle the coronavirus health emergency.\" \/>\n<meta property=\"og:url\" content=\"https:\/\/webalkans.eu\/sq\/news\/e385-5-million-from-eu-solidarity-fund-for-covid-19-health-emergency\/\" \/>\n<meta property=\"og:site_name\" content=\"WeBalkans | EU Projects in the Western Balkans\" \/>\n<meta property=\"article:publisher\" content=\"https:\/\/www.facebook.com\/webalkans.eu\" \/>\n<meta property=\"article:published_time\" content=\"2022-01-21T17:31:15+00:00\" \/>\n<meta property=\"article:modified_time\" content=\"2022-02-11T16:31:21+00:00\" \/>\n<meta property=\"og:image\" content=\"https:\/\/webalkans.eu\/wp-content\/uploads\/2022\/01\/eu_solidarity.jpeg\" \/>\n\t<meta property=\"og:image:width\" content=\"480\" \/>\n\t<meta property=\"og:image:height\" content=\"360\" \/>\n\t<meta property=\"og:image:type\" content=\"image\/jpeg\" \/>\n<meta name=\"author\" content=\"007designstudio@gmail.com\" \/>\n<meta name=\"twitter:card\" content=\"summary_large_image\" \/>\n<meta name=\"twitter:creator\" content=\"@WeBalkans\" \/>\n<meta name=\"twitter:site\" content=\"@WeBalkans\" \/>\n<meta name=\"twitter:label1\" content=\"Written by\" \/>\n\t<meta name=\"twitter:data1\" content=\"007designstudio@gmail.com\" \/>\n\t<meta name=\"twitter:label2\" content=\"Est. reading time\" \/>\n\t<meta name=\"twitter:data2\" content=\"1 minute\" \/>\n<script type=\"application\/ld+json\" class=\"yoast-schema-graph\">{\"@context\":\"https:\/\/schema.org\",\"@graph\":[{\"@type\":\"Article\",\"@id\":\"https:\/\/webalkans.eu\/sq\/news\/e385-5-million-from-eu-solidarity-fund-for-covid-19-health-emergency\/#article\",\"isPartOf\":{\"@id\":\"https:\/\/webalkans.eu\/sq\/news\/e385-5-million-from-eu-solidarity-fund-for-covid-19-health-emergency\/\"},\"author\":{\"name\":\"007designstudio@gmail.com\",\"@id\":\"https:\/\/webalkans.eu\/sq\/#\/schema\/person\/95a8ea19ef21de3b7766e9b65ffdb4da\"},\"headline\":\"385.5 milion\u00eb Euro nga Fondi i Solidaritetit i BE-s\u00eb p\u00ebr emergjenc\u00ebn sh\u00ebndet\u00ebsore t\u00eb COVID-19-\u00ebs\",\"datePublished\":\"2022-01-21T17:31:15+00:00\",\"dateModified\":\"2022-02-11T16:31:21+00:00\",\"mainEntityOfPage\":{\"@id\":\"https:\/\/webalkans.eu\/sq\/news\/e385-5-million-from-eu-solidarity-fund-for-covid-19-health-emergency\/\"},\"wordCount\":284,\"publisher\":{\"@id\":\"https:\/\/webalkans.eu\/sq\/#organization\"},\"image\":{\"@id\":\"https:\/\/webalkans.eu\/sq\/news\/e385-5-million-from-eu-solidarity-fund-for-covid-19-health-emergency\/#primaryimage\"},\"thumbnailUrl\":\"https:\/\/webalkans.eu\/wp-content\/uploads\/2022\/01\/eu_solidarity.jpeg\",\"inLanguage\":\"sq-AL\"},{\"@type\":\"WebPage\",\"@id\":\"https:\/\/webalkans.eu\/sq\/news\/e385-5-million-from-eu-solidarity-fund-for-covid-19-health-emergency\/\",\"url\":\"https:\/\/webalkans.eu\/sq\/news\/e385-5-million-from-eu-solidarity-fund-for-covid-19-health-emergency\/\",\"name\":\"385.5 milion\u00eb Euro nga Fondi i Solidaritetit i BE-s\u00eb p\u00ebr emergjenc\u00ebn sh\u00ebndet\u00ebsore t\u00eb COVID-19-\u00ebs News | WeBalkans\",\"isPartOf\":{\"@id\":\"https:\/\/webalkans.eu\/sq\/#website\"},\"primaryImageOfPage\":{\"@id\":\"https:\/\/webalkans.eu\/sq\/news\/e385-5-million-from-eu-solidarity-fund-for-covid-19-health-emergency\/#primaryimage\"},\"image\":{\"@id\":\"https:\/\/webalkans.eu\/sq\/news\/e385-5-million-from-eu-solidarity-fund-for-covid-19-health-emergency\/#primaryimage\"},\"thumbnailUrl\":\"https:\/\/webalkans.eu\/wp-content\/uploads\/2022\/01\/eu_solidarity.jpeg\",\"datePublished\":\"2022-01-21T17:31:15+00:00\",\"dateModified\":\"2022-02-11T16:31:21+00:00\",\"description\":\"The European Commission has completed EU Solidarity Fund (EUSF) assistance payments to 19 countries for a total amount of almost \u20ac385.5 million to tackle the coronavirus health emergency.\",\"breadcrumb\":{\"@id\":\"https:\/\/webalkans.eu\/sq\/news\/e385-5-million-from-eu-solidarity-fund-for-covid-19-health-emergency\/#breadcrumb\"},\"inLanguage\":\"sq-AL\",\"potentialAction\":[{\"@type\":\"ReadAction\",\"target\":[\"https:\/\/webalkans.eu\/sq\/news\/e385-5-million-from-eu-solidarity-fund-for-covid-19-health-emergency\/\"]}]},{\"@type\":\"ImageObject\",\"inLanguage\":\"sq-AL\",\"@id\":\"https:\/\/webalkans.eu\/sq\/news\/e385-5-million-from-eu-solidarity-fund-for-covid-19-health-emergency\/#primaryimage\",\"url\":\"https:\/\/webalkans.eu\/wp-content\/uploads\/2022\/01\/eu_solidarity.jpeg\",\"contentUrl\":\"https:\/\/webalkans.eu\/wp-content\/uploads\/2022\/01\/eu_solidarity.jpeg\",\"width\":480,\"height\":360},{\"@type\":\"BreadcrumbList\",\"@id\":\"https:\/\/webalkans.eu\/sq\/news\/e385-5-million-from-eu-solidarity-fund-for-covid-19-health-emergency\/#breadcrumb\",\"itemListElement\":[{\"@type\":\"ListItem\",\"position\":1,\"name\":\"Home\",\"item\":\"https:\/\/webalkans.eu\/sq\/homepage\/\"},{\"@type\":\"ListItem\",\"position\":2,\"name\":\"385.5 milion\u00eb Euro nga Fondi i Solidaritetit i BE-s\u00eb p\u00ebr emergjenc\u00ebn sh\u00ebndet\u00ebsore t\u00eb COVID-19-\u00ebs\"}]},{\"@type\":\"WebSite\",\"@id\":\"https:\/\/webalkans.eu\/sq\/#website\",\"url\":\"https:\/\/webalkans.eu\/sq\/\",\"name\":\"WeBalkans | EU Projects in the Western Balkans\",\"description\":\"\",\"publisher\":{\"@id\":\"https:\/\/webalkans.eu\/sq\/#organization\"},\"potentialAction\":[{\"@type\":\"SearchAction\",\"target\":{\"@type\":\"EntryPoint\",\"urlTemplate\":\"https:\/\/webalkans.eu\/sq\/?s={search_term_string}\"},\"query-input\":{\"@type\":\"PropertyValueSpecification\",\"valueRequired\":true,\"valueName\":\"search_term_string\"}}],\"inLanguage\":\"sq-AL\"},{\"@type\":\"Organization\",\"@id\":\"https:\/\/webalkans.eu\/sq\/#organization\",\"name\":\"European Union\",\"url\":\"https:\/\/webalkans.eu\/sq\/\",\"logo\":{\"@type\":\"ImageObject\",\"inLanguage\":\"sq-AL\",\"@id\":\"https:\/\/webalkans.eu\/sq\/#\/schema\/logo\/image\/\",\"url\":\"https:\/\/webalkans.eu\/wp-content\/uploads\/2020\/11\/eu_flag.jpg\",\"contentUrl\":\"https:\/\/webalkans.eu\/wp-content\/uploads\/2020\/11\/eu_flag.jpg\",\"width\":600,\"height\":401,\"caption\":\"European Union\"},\"image\":{\"@id\":\"https:\/\/webalkans.eu\/sq\/#\/schema\/logo\/image\/\"},\"sameAs\":[\"https:\/\/www.facebook.com\/webalkans.eu\",\"https:\/\/x.com\/WeBalkans\"]},{\"@type\":\"Person\",\"@id\":\"https:\/\/webalkans.eu\/sq\/#\/schema\/person\/95a8ea19ef21de3b7766e9b65ffdb4da\",\"name\":\"007designstudio@gmail.com\"}]}<\/script>\n<!-- \/ Yoast SEO plugin. -->","yoast_head_json":{"title":"385.5 milion\u00eb Euro nga Fondi i Solidaritetit i BE-s\u00eb p\u00ebr emergjenc\u00ebn sh\u00ebndet\u00ebsore t\u00eb COVID-19-\u00ebs News | WeBalkans","description":"The European Commission has completed EU Solidarity Fund (EUSF) assistance payments to 19 countries for a total amount of almost \u20ac385.5 million to tackle the coronavirus health emergency.","robots":{"index":"index","follow":"follow","max-snippet":"max-snippet:-1","max-image-preview":"max-image-preview:large","max-video-preview":"max-video-preview:-1"},"canonical":"https:\/\/webalkans.eu\/sq\/news\/e385-5-million-from-eu-solidarity-fund-for-covid-19-health-emergency\/","og_locale":"sq_AL","og_type":"article","og_title":"385.5 milion\u00eb Euro nga Fondi i Solidaritetit i BE-s\u00eb p\u00ebr emergjenc\u00ebn sh\u00ebndet\u00ebsore t\u00eb COVID-19-\u00ebs News | WeBalkans","og_description":"The European Commission has completed EU Solidarity Fund (EUSF) assistance payments to 19 countries for a total amount of almost \u20ac385.5 million to tackle the coronavirus health emergency.","og_url":"https:\/\/webalkans.eu\/sq\/news\/e385-5-million-from-eu-solidarity-fund-for-covid-19-health-emergency\/","og_site_name":"WeBalkans | EU Projects in the Western Balkans","article_publisher":"https:\/\/www.facebook.com\/webalkans.eu","article_published_time":"2022-01-21T17:31:15+00:00","article_modified_time":"2022-02-11T16:31:21+00:00","og_image":[{"width":480,"height":360,"url":"https:\/\/webalkans.eu\/wp-content\/uploads\/2022\/01\/eu_solidarity.jpeg","type":"image\/jpeg"}],"author":"007designstudio@gmail.com","twitter_card":"summary_large_image","twitter_creator":"@WeBalkans","twitter_site":"@WeBalkans","twitter_misc":{"Written by":"007designstudio@gmail.com","Est. reading time":"1 minute"},"schema":{"@context":"https:\/\/schema.org","@graph":[{"@type":"Article","@id":"https:\/\/webalkans.eu\/sq\/news\/e385-5-million-from-eu-solidarity-fund-for-covid-19-health-emergency\/#article","isPartOf":{"@id":"https:\/\/webalkans.eu\/sq\/news\/e385-5-million-from-eu-solidarity-fund-for-covid-19-health-emergency\/"},"author":{"name":"007designstudio@gmail.com","@id":"https:\/\/webalkans.eu\/sq\/#\/schema\/person\/95a8ea19ef21de3b7766e9b65ffdb4da"},"headline":"385.5 milion\u00eb Euro nga Fondi i Solidaritetit i BE-s\u00eb p\u00ebr emergjenc\u00ebn sh\u00ebndet\u00ebsore t\u00eb COVID-19-\u00ebs","datePublished":"2022-01-21T17:31:15+00:00","dateModified":"2022-02-11T16:31:21+00:00","mainEntityOfPage":{"@id":"https:\/\/webalkans.eu\/sq\/news\/e385-5-million-from-eu-solidarity-fund-for-covid-19-health-emergency\/"},"wordCount":284,"publisher":{"@id":"https:\/\/webalkans.eu\/sq\/#organization"},"image":{"@id":"https:\/\/webalkans.eu\/sq\/news\/e385-5-million-from-eu-solidarity-fund-for-covid-19-health-emergency\/#primaryimage"},"thumbnailUrl":"https:\/\/webalkans.eu\/wp-content\/uploads\/2022\/01\/eu_solidarity.jpeg","inLanguage":"sq-AL"},{"@type":"WebPage","@id":"https:\/\/webalkans.eu\/sq\/news\/e385-5-million-from-eu-solidarity-fund-for-covid-19-health-emergency\/","url":"https:\/\/webalkans.eu\/sq\/news\/e385-5-million-from-eu-solidarity-fund-for-covid-19-health-emergency\/","name":"385.5 milion\u00eb Euro nga Fondi i Solidaritetit i BE-s\u00eb p\u00ebr emergjenc\u00ebn sh\u00ebndet\u00ebsore t\u00eb COVID-19-\u00ebs News | WeBalkans","isPartOf":{"@id":"https:\/\/webalkans.eu\/sq\/#website"},"primaryImageOfPage":{"@id":"https:\/\/webalkans.eu\/sq\/news\/e385-5-million-from-eu-solidarity-fund-for-covid-19-health-emergency\/#primaryimage"},"image":{"@id":"https:\/\/webalkans.eu\/sq\/news\/e385-5-million-from-eu-solidarity-fund-for-covid-19-health-emergency\/#primaryimage"},"thumbnailUrl":"https:\/\/webalkans.eu\/wp-content\/uploads\/2022\/01\/eu_solidarity.jpeg","datePublished":"2022-01-21T17:31:15+00:00","dateModified":"2022-02-11T16:31:21+00:00","description":"The European Commission has completed EU Solidarity Fund (EUSF) assistance payments to 19 countries for a total amount of almost \u20ac385.5 million to tackle the coronavirus health emergency.","breadcrumb":{"@id":"https:\/\/webalkans.eu\/sq\/news\/e385-5-million-from-eu-solidarity-fund-for-covid-19-health-emergency\/#breadcrumb"},"inLanguage":"sq-AL","potentialAction":[{"@type":"ReadAction","target":["https:\/\/webalkans.eu\/sq\/news\/e385-5-million-from-eu-solidarity-fund-for-covid-19-health-emergency\/"]}]},{"@type":"ImageObject","inLanguage":"sq-AL","@id":"https:\/\/webalkans.eu\/sq\/news\/e385-5-million-from-eu-solidarity-fund-for-covid-19-health-emergency\/#primaryimage","url":"https:\/\/webalkans.eu\/wp-content\/uploads\/2022\/01\/eu_solidarity.jpeg","contentUrl":"https:\/\/webalkans.eu\/wp-content\/uploads\/2022\/01\/eu_solidarity.jpeg","width":480,"height":360},{"@type":"BreadcrumbList","@id":"https:\/\/webalkans.eu\/sq\/news\/e385-5-million-from-eu-solidarity-fund-for-covid-19-health-emergency\/#breadcrumb","itemListElement":[{"@type":"ListItem","position":1,"name":"Home","item":"https:\/\/webalkans.eu\/sq\/homepage\/"},{"@type":"ListItem","position":2,"name":"385.5 milion\u00eb Euro nga Fondi i Solidaritetit i BE-s\u00eb p\u00ebr emergjenc\u00ebn sh\u00ebndet\u00ebsore t\u00eb COVID-19-\u00ebs"}]},{"@type":"WebSite","@id":"https:\/\/webalkans.eu\/sq\/#website","url":"https:\/\/webalkans.eu\/sq\/","name":"WeBalkans | EU Projects in the Western Balkans","description":"","publisher":{"@id":"https:\/\/webalkans.eu\/sq\/#organization"},"potentialAction":[{"@type":"SearchAction","target":{"@type":"EntryPoint","urlTemplate":"https:\/\/webalkans.eu\/sq\/?s={search_term_string}"},"query-input":{"@type":"PropertyValueSpecification","valueRequired":true,"valueName":"search_term_string"}}],"inLanguage":"sq-AL"},{"@type":"Organization","@id":"https:\/\/webalkans.eu\/sq\/#organization","name":"European Union","url":"https:\/\/webalkans.eu\/sq\/","logo":{"@type":"ImageObject","inLanguage":"sq-AL","@id":"https:\/\/webalkans.eu\/sq\/#\/schema\/logo\/image\/","url":"https:\/\/webalkans.eu\/wp-content\/uploads\/2020\/11\/eu_flag.jpg","contentUrl":"https:\/\/webalkans.eu\/wp-content\/uploads\/2020\/11\/eu_flag.jpg","width":600,"height":401,"caption":"European Union"},"image":{"@id":"https:\/\/webalkans.eu\/sq\/#\/schema\/logo\/image\/"},"sameAs":["https:\/\/www.facebook.com\/webalkans.eu","https:\/\/x.com\/WeBalkans"]},{"@type":"Person","@id":"https:\/\/webalkans.eu\/sq\/#\/schema\/person\/95a8ea19ef21de3b7766e9b65ffdb4da","name":"007designstudio@gmail.com"}]}},"_links":{"self":[{"href":"https:\/\/webalkans.eu\/sq\/wp-json\/wp\/v2\/posts\/521635"}],"collection":[{"href":"https:\/\/webalkans.eu\/sq\/wp-json\/wp\/v2\/posts"}],"about":[{"href":"https:\/\/webalkans.eu\/sq\/wp-json\/wp\/v2\/types\/post"}],"author":[{"embeddable":true,"href":"https:\/\/webalkans.eu\/sq\/wp-json\/wp\/v2\/users\/152227"}],"replies":[{"embeddable":true,"href":"https:\/\/webalkans.eu\/sq\/wp-json\/wp\/v2\/comments?post=521635"}],"version-history":[{"count":0,"href":"https:\/\/webalkans.eu\/sq\/wp-json\/wp\/v2\/posts\/521635\/revisions"}],"wp:featuredmedia":[{"embeddable":true,"href":"https:\/\/webalkans.eu\/sq\/wp-json\/wp\/v2\/media\/498412"}],"wp:attachment":[{"href":"https:\/\/webalkans.eu\/sq\/wp-json\/wp\/v2\/media?parent=521635"}],"wp:term":[{"taxonomy":"country-for-news","embeddable":true,"href":"https:\/\/webalkans.eu\/sq\/wp-json\/wp\/v2\/country-for-news?post=521635"}],"curies":[{"name":"wp","href":"https:\/\/api.w.org\/{rel}","templated":true}]}}