
{"id":521548,"date":"2022-02-04T19:37:03","date_gmt":"2022-02-04T18:37:03","guid":{"rendered":"https:\/\/webalkans.eu\/news\/e500000-eib-grant-to-ensure-sustainable-urban-mobility-in-nis-serbia\/"},"modified":"2022-02-11T17:00:05","modified_gmt":"2022-02-11T16:00:05","slug":"e500000-eib-grant-to-ensure-sustainable-urban-mobility-in-nis-serbia","status":"publish","type":"post","link":"https:\/\/webalkans.eu\/sq\/news\/e500000-eib-grant-to-ensure-sustainable-urban-mobility-in-nis-serbia\/","title":{"rendered":"Granti prej 500,000 Eurosh i BEI-t do t\u00eb mund\u00ebsoj\u00eb l\u00ebvizshm\u00ebri urbane t\u00eb q\u00ebndrueshme n\u00eb Nish, Serbi"},"content":{"rendered":"<p>Banka Evropiane e Investimeve (BEI) &#8211; krahu financues i BE-s\u00eb &#8211; ka n\u00ebnshkruar nj\u00eb marr\u00ebveshje bashk\u00ebpunimi me qytetin e Nishit n\u00eb Serbi p\u00ebr t\u00eb financuar p\u00ebrgatitjen e nj\u00eb plani p\u00ebr l\u00ebvizshm\u00ebri urbane t\u00eb q\u00ebndrueshme duke i mund\u00ebsuar qytetit t\u00eb marr\u00eb vendime t\u00eb informuara lidhur me investimet n\u00eb sistemin e tij t\u00eb transportit. Duke marr\u00eb parasysh modelet ekzistuese t\u00eb udh\u00ebtimit, tendencat e zhvillimit dhe objektivat e planifikimit strategjik t\u00eb bashkis\u00eb, plani i l\u00ebvizshm\u00ebris\u00eb urbane t\u00eb q\u00ebndrueshme do t\u00eb garantoj\u00eb optimizimin e investimeve p\u00ebr t\u00eb ofruar l\u00ebvizshm\u00ebri efikase, t\u00eb sigurt, t\u00eb leverdishme dhe m\u00eb pak t\u00eb varur nga karboni. Ndihma teknike do t\u2019i mund\u00ebsoj\u00eb qytetit t\u00eb Nishit t\u00eb shqyrtoj\u00eb mund\u00ebsit\u00eb e krijuara nga eliminimi i ardhsh\u00ebm i trafikut rrugor t\u00eb shkaktuar nga transporti i mallrave n\u00eb korridorin hekurudhor nd\u00ebrurban q\u00eb p\u00ebrshkon qytetin.<\/p>\n<p>&nbsp;<\/p>\n<p>Plani p\u00ebr l\u00ebvizshm\u00ebrin\u00eb urbane t\u00eb q\u00ebndrueshme dhe investimet q\u00eb do t\u00eb gjeneroj\u00eb do t\u00eb ndihmojn\u00eb rritjen e Nishit, mb\u00ebshtetur nga nj\u00eb sistem transporti me cil\u00ebsi t\u00eb lart\u00eb dhe t\u00eb mirintegruar dhe do t\u00eb rrisin fuqin\u00eb t\u00ebrheq\u00ebse t\u00eb qytetit si vend banimi dhe investimi. Ndihma teknike do t\u00eb ofrohet nga Ekipi i Evrop\u00ebs dhe Nisma e p\u00ebrbashk\u00ebt e Financimit t\u00eb Projekteve Urbane midis BEI-t dhe AFD-s\u00eb, e nd\u00ebrmarr\u00eb p\u00ebr t\u00eb mb\u00ebshtetur projektet urbane ambicioze.<\/p>\n","protected":false},"excerpt":{"rendered":"<p>Banka Evropiane e Investimeve (BEI) &#8211; krahu financues i BE-s\u00eb &#8211; ka n\u00ebnshkruar nj\u00eb marr\u00ebveshje bashk\u00ebpunimi me qytetin e Nishit n\u00eb Serbi p\u00ebr t\u00eb financuar <\/p>\n","protected":false},"author":152227,"featured_media":515102,"comment_status":"closed","ping_status":"closed","sticky":false,"template":"","format":"standard","meta":{"_acf_changed":false,"_monsterinsights_skip_tracking":false,"_monsterinsights_sitenote_active":false,"_monsterinsights_sitenote_note":"","_monsterinsights_sitenote_category":0,"footnotes":""},"country-for-news":[441],"class_list":["post-521548","post","type-post","status-publish","format-standard","has-post-thumbnail","hentry","wb_theme-connectivity","country-for-news-serbia"],"acf":[],"yoast_head":"<!-- This site is optimized with the Yoast SEO plugin v25.3.1 - https:\/\/yoast.com\/wordpress\/plugins\/seo\/ -->\n<title>Granti prej 500,000 Eurosh i BEI-t do t\u00eb mund\u00ebsoj\u00eb l\u00ebvizshm\u00ebri urbane t\u00eb q\u00ebndrueshme n\u00eb Nish, Serbi News | WeBalkans<\/title>\n<meta name=\"description\" content=\"Banka Evropiane e Investimeve (BEI) - krahu financues i BE-s\u00eb - ka n\u00ebnshkruar nj\u00eb marr\u00ebveshje bashk\u00ebpunimi me qytetin e Nishit n\u00eb Serbi p\u00ebr t\u00eb financuar p\u00ebrgatitjen e nj\u00eb plani p\u00ebr l\u00ebvizshm\u00ebri urbane t\u00eb q\u00ebndrueshme\" \/>\n<meta name=\"robots\" content=\"index, follow, max-snippet:-1, max-image-preview:large, max-video-preview:-1\" \/>\n<link rel=\"canonical\" href=\"https:\/\/webalkans.eu\/sq\/news\/e500000-eib-grant-to-ensure-sustainable-urban-mobility-in-nis-serbia\/\" \/>\n<meta property=\"og:locale\" content=\"sq_AL\" \/>\n<meta property=\"og:type\" content=\"article\" \/>\n<meta property=\"og:title\" content=\"Granti prej 500,000 Eurosh i BEI-t do t\u00eb mund\u00ebsoj\u00eb l\u00ebvizshm\u00ebri urbane t\u00eb q\u00ebndrueshme n\u00eb Nish, Serbi News | WeBalkans\" \/>\n<meta property=\"og:description\" content=\"Banka Evropiane e Investimeve (BEI) - krahu financues i BE-s\u00eb - ka n\u00ebnshkruar nj\u00eb marr\u00ebveshje bashk\u00ebpunimi me qytetin e Nishit n\u00eb Serbi p\u00ebr t\u00eb financuar p\u00ebrgatitjen e nj\u00eb plani p\u00ebr l\u00ebvizshm\u00ebri urbane t\u00eb q\u00ebndrueshme\" \/>\n<meta property=\"og:url\" content=\"https:\/\/webalkans.eu\/sq\/news\/e500000-eib-grant-to-ensure-sustainable-urban-mobility-in-nis-serbia\/\" \/>\n<meta property=\"og:site_name\" content=\"WeBalkans | EU Projects in the Western Balkans\" \/>\n<meta property=\"article:publisher\" content=\"https:\/\/www.facebook.com\/webalkans.eu\" \/>\n<meta property=\"article:published_time\" content=\"2022-02-04T18:37:03+00:00\" \/>\n<meta property=\"article:modified_time\" content=\"2022-02-11T16:00:05+00:00\" \/>\n<meta property=\"og:image\" content=\"https:\/\/webalkans.eu\/wp-content\/uploads\/2022\/02\/1-scaled.jpg\" \/>\n\t<meta property=\"og:image:width\" content=\"2560\" \/>\n\t<meta property=\"og:image:height\" content=\"1703\" \/>\n\t<meta property=\"og:image:type\" content=\"image\/jpeg\" \/>\n<meta name=\"author\" content=\"007designstudio@gmail.com\" \/>\n<meta name=\"twitter:card\" content=\"summary_large_image\" \/>\n<meta name=\"twitter:creator\" content=\"@WeBalkans\" \/>\n<meta name=\"twitter:site\" content=\"@WeBalkans\" \/>\n<meta name=\"twitter:label1\" content=\"Written by\" \/>\n\t<meta name=\"twitter:data1\" content=\"007designstudio@gmail.com\" \/>\n\t<meta name=\"twitter:label2\" content=\"Est. reading time\" \/>\n\t<meta name=\"twitter:data2\" content=\"1 minute\" \/>\n<script type=\"application\/ld+json\" class=\"yoast-schema-graph\">{\"@context\":\"https:\/\/schema.org\",\"@graph\":[{\"@type\":\"Article\",\"@id\":\"https:\/\/webalkans.eu\/sq\/news\/e500000-eib-grant-to-ensure-sustainable-urban-mobility-in-nis-serbia\/#article\",\"isPartOf\":{\"@id\":\"https:\/\/webalkans.eu\/sq\/news\/e500000-eib-grant-to-ensure-sustainable-urban-mobility-in-nis-serbia\/\"},\"author\":{\"name\":\"007designstudio@gmail.com\",\"@id\":\"https:\/\/webalkans.eu\/sq\/#\/schema\/person\/95a8ea19ef21de3b7766e9b65ffdb4da\"},\"headline\":\"Granti prej 500,000 Eurosh i BEI-t do t\u00eb mund\u00ebsoj\u00eb l\u00ebvizshm\u00ebri urbane t\u00eb q\u00ebndrueshme n\u00eb Nish, Serbi\",\"datePublished\":\"2022-02-04T18:37:03+00:00\",\"dateModified\":\"2022-02-11T16:00:05+00:00\",\"mainEntityOfPage\":{\"@id\":\"https:\/\/webalkans.eu\/sq\/news\/e500000-eib-grant-to-ensure-sustainable-urban-mobility-in-nis-serbia\/\"},\"wordCount\":260,\"publisher\":{\"@id\":\"https:\/\/webalkans.eu\/sq\/#organization\"},\"image\":{\"@id\":\"https:\/\/webalkans.eu\/sq\/news\/e500000-eib-grant-to-ensure-sustainable-urban-mobility-in-nis-serbia\/#primaryimage\"},\"thumbnailUrl\":\"https:\/\/webalkans.eu\/wp-content\/uploads\/2022\/02\/1-scaled.jpg\",\"inLanguage\":\"sq-AL\"},{\"@type\":\"WebPage\",\"@id\":\"https:\/\/webalkans.eu\/sq\/news\/e500000-eib-grant-to-ensure-sustainable-urban-mobility-in-nis-serbia\/\",\"url\":\"https:\/\/webalkans.eu\/sq\/news\/e500000-eib-grant-to-ensure-sustainable-urban-mobility-in-nis-serbia\/\",\"name\":\"Granti prej 500,000 Eurosh i BEI-t do t\u00eb mund\u00ebsoj\u00eb l\u00ebvizshm\u00ebri urbane t\u00eb q\u00ebndrueshme n\u00eb Nish, Serbi News | WeBalkans\",\"isPartOf\":{\"@id\":\"https:\/\/webalkans.eu\/sq\/#website\"},\"primaryImageOfPage\":{\"@id\":\"https:\/\/webalkans.eu\/sq\/news\/e500000-eib-grant-to-ensure-sustainable-urban-mobility-in-nis-serbia\/#primaryimage\"},\"image\":{\"@id\":\"https:\/\/webalkans.eu\/sq\/news\/e500000-eib-grant-to-ensure-sustainable-urban-mobility-in-nis-serbia\/#primaryimage\"},\"thumbnailUrl\":\"https:\/\/webalkans.eu\/wp-content\/uploads\/2022\/02\/1-scaled.jpg\",\"datePublished\":\"2022-02-04T18:37:03+00:00\",\"dateModified\":\"2022-02-11T16:00:05+00:00\",\"description\":\"Banka Evropiane e Investimeve (BEI) - krahu financues i BE-s\u00eb - ka n\u00ebnshkruar nj\u00eb marr\u00ebveshje bashk\u00ebpunimi me qytetin e Nishit n\u00eb Serbi p\u00ebr t\u00eb financuar p\u00ebrgatitjen e nj\u00eb plani p\u00ebr l\u00ebvizshm\u00ebri urbane t\u00eb q\u00ebndrueshme\",\"breadcrumb\":{\"@id\":\"https:\/\/webalkans.eu\/sq\/news\/e500000-eib-grant-to-ensure-sustainable-urban-mobility-in-nis-serbia\/#breadcrumb\"},\"inLanguage\":\"sq-AL\",\"potentialAction\":[{\"@type\":\"ReadAction\",\"target\":[\"https:\/\/webalkans.eu\/sq\/news\/e500000-eib-grant-to-ensure-sustainable-urban-mobility-in-nis-serbia\/\"]}]},{\"@type\":\"ImageObject\",\"inLanguage\":\"sq-AL\",\"@id\":\"https:\/\/webalkans.eu\/sq\/news\/e500000-eib-grant-to-ensure-sustainable-urban-mobility-in-nis-serbia\/#primaryimage\",\"url\":\"https:\/\/webalkans.eu\/wp-content\/uploads\/2022\/02\/1-scaled.jpg\",\"contentUrl\":\"https:\/\/webalkans.eu\/wp-content\/uploads\/2022\/02\/1-scaled.jpg\",\"width\":2560,\"height\":1703},{\"@type\":\"BreadcrumbList\",\"@id\":\"https:\/\/webalkans.eu\/sq\/news\/e500000-eib-grant-to-ensure-sustainable-urban-mobility-in-nis-serbia\/#breadcrumb\",\"itemListElement\":[{\"@type\":\"ListItem\",\"position\":1,\"name\":\"Home\",\"item\":\"https:\/\/webalkans.eu\/sq\/homepage\/\"},{\"@type\":\"ListItem\",\"position\":2,\"name\":\"Granti prej 500,000 Eurosh i BEI-t do t\u00eb mund\u00ebsoj\u00eb l\u00ebvizshm\u00ebri urbane t\u00eb q\u00ebndrueshme n\u00eb Nish, Serbi\"}]},{\"@type\":\"WebSite\",\"@id\":\"https:\/\/webalkans.eu\/sq\/#website\",\"url\":\"https:\/\/webalkans.eu\/sq\/\",\"name\":\"WeBalkans | EU Projects in the Western Balkans\",\"description\":\"\",\"publisher\":{\"@id\":\"https:\/\/webalkans.eu\/sq\/#organization\"},\"potentialAction\":[{\"@type\":\"SearchAction\",\"target\":{\"@type\":\"EntryPoint\",\"urlTemplate\":\"https:\/\/webalkans.eu\/sq\/?s={search_term_string}\"},\"query-input\":{\"@type\":\"PropertyValueSpecification\",\"valueRequired\":true,\"valueName\":\"search_term_string\"}}],\"inLanguage\":\"sq-AL\"},{\"@type\":\"Organization\",\"@id\":\"https:\/\/webalkans.eu\/sq\/#organization\",\"name\":\"European Union\",\"url\":\"https:\/\/webalkans.eu\/sq\/\",\"logo\":{\"@type\":\"ImageObject\",\"inLanguage\":\"sq-AL\",\"@id\":\"https:\/\/webalkans.eu\/sq\/#\/schema\/logo\/image\/\",\"url\":\"https:\/\/webalkans.eu\/wp-content\/uploads\/2020\/11\/eu_flag.jpg\",\"contentUrl\":\"https:\/\/webalkans.eu\/wp-content\/uploads\/2020\/11\/eu_flag.jpg\",\"width\":600,\"height\":401,\"caption\":\"European Union\"},\"image\":{\"@id\":\"https:\/\/webalkans.eu\/sq\/#\/schema\/logo\/image\/\"},\"sameAs\":[\"https:\/\/www.facebook.com\/webalkans.eu\",\"https:\/\/x.com\/WeBalkans\"]},{\"@type\":\"Person\",\"@id\":\"https:\/\/webalkans.eu\/sq\/#\/schema\/person\/95a8ea19ef21de3b7766e9b65ffdb4da\",\"name\":\"007designstudio@gmail.com\"}]}<\/script>\n<!-- \/ Yoast SEO plugin. -->","yoast_head_json":{"title":"Granti prej 500,000 Eurosh i BEI-t do t\u00eb mund\u00ebsoj\u00eb l\u00ebvizshm\u00ebri urbane t\u00eb q\u00ebndrueshme n\u00eb Nish, Serbi News | WeBalkans","description":"Banka Evropiane e Investimeve (BEI) - krahu financues i BE-s\u00eb - ka n\u00ebnshkruar nj\u00eb marr\u00ebveshje bashk\u00ebpunimi me qytetin e Nishit n\u00eb Serbi p\u00ebr t\u00eb financuar p\u00ebrgatitjen e nj\u00eb plani p\u00ebr l\u00ebvizshm\u00ebri urbane t\u00eb q\u00ebndrueshme","robots":{"index":"index","follow":"follow","max-snippet":"max-snippet:-1","max-image-preview":"max-image-preview:large","max-video-preview":"max-video-preview:-1"},"canonical":"https:\/\/webalkans.eu\/sq\/news\/e500000-eib-grant-to-ensure-sustainable-urban-mobility-in-nis-serbia\/","og_locale":"sq_AL","og_type":"article","og_title":"Granti prej 500,000 Eurosh i BEI-t do t\u00eb mund\u00ebsoj\u00eb l\u00ebvizshm\u00ebri urbane t\u00eb q\u00ebndrueshme n\u00eb Nish, Serbi News | WeBalkans","og_description":"Banka Evropiane e Investimeve (BEI) - krahu financues i BE-s\u00eb - ka n\u00ebnshkruar nj\u00eb marr\u00ebveshje bashk\u00ebpunimi me qytetin e Nishit n\u00eb Serbi p\u00ebr t\u00eb financuar p\u00ebrgatitjen e nj\u00eb plani p\u00ebr l\u00ebvizshm\u00ebri urbane t\u00eb q\u00ebndrueshme","og_url":"https:\/\/webalkans.eu\/sq\/news\/e500000-eib-grant-to-ensure-sustainable-urban-mobility-in-nis-serbia\/","og_site_name":"WeBalkans | EU Projects in the Western Balkans","article_publisher":"https:\/\/www.facebook.com\/webalkans.eu","article_published_time":"2022-02-04T18:37:03+00:00","article_modified_time":"2022-02-11T16:00:05+00:00","og_image":[{"width":2560,"height":1703,"url":"https:\/\/webalkans.eu\/wp-content\/uploads\/2022\/02\/1-scaled.jpg","type":"image\/jpeg"}],"author":"007designstudio@gmail.com","twitter_card":"summary_large_image","twitter_creator":"@WeBalkans","twitter_site":"@WeBalkans","twitter_misc":{"Written by":"007designstudio@gmail.com","Est. reading time":"1 minute"},"schema":{"@context":"https:\/\/schema.org","@graph":[{"@type":"Article","@id":"https:\/\/webalkans.eu\/sq\/news\/e500000-eib-grant-to-ensure-sustainable-urban-mobility-in-nis-serbia\/#article","isPartOf":{"@id":"https:\/\/webalkans.eu\/sq\/news\/e500000-eib-grant-to-ensure-sustainable-urban-mobility-in-nis-serbia\/"},"author":{"name":"007designstudio@gmail.com","@id":"https:\/\/webalkans.eu\/sq\/#\/schema\/person\/95a8ea19ef21de3b7766e9b65ffdb4da"},"headline":"Granti prej 500,000 Eurosh i BEI-t do t\u00eb mund\u00ebsoj\u00eb l\u00ebvizshm\u00ebri urbane t\u00eb q\u00ebndrueshme n\u00eb Nish, Serbi","datePublished":"2022-02-04T18:37:03+00:00","dateModified":"2022-02-11T16:00:05+00:00","mainEntityOfPage":{"@id":"https:\/\/webalkans.eu\/sq\/news\/e500000-eib-grant-to-ensure-sustainable-urban-mobility-in-nis-serbia\/"},"wordCount":260,"publisher":{"@id":"https:\/\/webalkans.eu\/sq\/#organization"},"image":{"@id":"https:\/\/webalkans.eu\/sq\/news\/e500000-eib-grant-to-ensure-sustainable-urban-mobility-in-nis-serbia\/#primaryimage"},"thumbnailUrl":"https:\/\/webalkans.eu\/wp-content\/uploads\/2022\/02\/1-scaled.jpg","inLanguage":"sq-AL"},{"@type":"WebPage","@id":"https:\/\/webalkans.eu\/sq\/news\/e500000-eib-grant-to-ensure-sustainable-urban-mobility-in-nis-serbia\/","url":"https:\/\/webalkans.eu\/sq\/news\/e500000-eib-grant-to-ensure-sustainable-urban-mobility-in-nis-serbia\/","name":"Granti prej 500,000 Eurosh i BEI-t do t\u00eb mund\u00ebsoj\u00eb l\u00ebvizshm\u00ebri urbane t\u00eb q\u00ebndrueshme n\u00eb Nish, Serbi News | WeBalkans","isPartOf":{"@id":"https:\/\/webalkans.eu\/sq\/#website"},"primaryImageOfPage":{"@id":"https:\/\/webalkans.eu\/sq\/news\/e500000-eib-grant-to-ensure-sustainable-urban-mobility-in-nis-serbia\/#primaryimage"},"image":{"@id":"https:\/\/webalkans.eu\/sq\/news\/e500000-eib-grant-to-ensure-sustainable-urban-mobility-in-nis-serbia\/#primaryimage"},"thumbnailUrl":"https:\/\/webalkans.eu\/wp-content\/uploads\/2022\/02\/1-scaled.jpg","datePublished":"2022-02-04T18:37:03+00:00","dateModified":"2022-02-11T16:00:05+00:00","description":"Banka Evropiane e Investimeve (BEI) - krahu financues i BE-s\u00eb - ka n\u00ebnshkruar nj\u00eb marr\u00ebveshje bashk\u00ebpunimi me qytetin e Nishit n\u00eb Serbi p\u00ebr t\u00eb financuar p\u00ebrgatitjen e nj\u00eb plani p\u00ebr l\u00ebvizshm\u00ebri urbane t\u00eb q\u00ebndrueshme","breadcrumb":{"@id":"https:\/\/webalkans.eu\/sq\/news\/e500000-eib-grant-to-ensure-sustainable-urban-mobility-in-nis-serbia\/#breadcrumb"},"inLanguage":"sq-AL","potentialAction":[{"@type":"ReadAction","target":["https:\/\/webalkans.eu\/sq\/news\/e500000-eib-grant-to-ensure-sustainable-urban-mobility-in-nis-serbia\/"]}]},{"@type":"ImageObject","inLanguage":"sq-AL","@id":"https:\/\/webalkans.eu\/sq\/news\/e500000-eib-grant-to-ensure-sustainable-urban-mobility-in-nis-serbia\/#primaryimage","url":"https:\/\/webalkans.eu\/wp-content\/uploads\/2022\/02\/1-scaled.jpg","contentUrl":"https:\/\/webalkans.eu\/wp-content\/uploads\/2022\/02\/1-scaled.jpg","width":2560,"height":1703},{"@type":"BreadcrumbList","@id":"https:\/\/webalkans.eu\/sq\/news\/e500000-eib-grant-to-ensure-sustainable-urban-mobility-in-nis-serbia\/#breadcrumb","itemListElement":[{"@type":"ListItem","position":1,"name":"Home","item":"https:\/\/webalkans.eu\/sq\/homepage\/"},{"@type":"ListItem","position":2,"name":"Granti prej 500,000 Eurosh i BEI-t do t\u00eb mund\u00ebsoj\u00eb l\u00ebvizshm\u00ebri urbane t\u00eb q\u00ebndrueshme n\u00eb Nish, Serbi"}]},{"@type":"WebSite","@id":"https:\/\/webalkans.eu\/sq\/#website","url":"https:\/\/webalkans.eu\/sq\/","name":"WeBalkans | EU Projects in the Western Balkans","description":"","publisher":{"@id":"https:\/\/webalkans.eu\/sq\/#organization"},"potentialAction":[{"@type":"SearchAction","target":{"@type":"EntryPoint","urlTemplate":"https:\/\/webalkans.eu\/sq\/?s={search_term_string}"},"query-input":{"@type":"PropertyValueSpecification","valueRequired":true,"valueName":"search_term_string"}}],"inLanguage":"sq-AL"},{"@type":"Organization","@id":"https:\/\/webalkans.eu\/sq\/#organization","name":"European Union","url":"https:\/\/webalkans.eu\/sq\/","logo":{"@type":"ImageObject","inLanguage":"sq-AL","@id":"https:\/\/webalkans.eu\/sq\/#\/schema\/logo\/image\/","url":"https:\/\/webalkans.eu\/wp-content\/uploads\/2020\/11\/eu_flag.jpg","contentUrl":"https:\/\/webalkans.eu\/wp-content\/uploads\/2020\/11\/eu_flag.jpg","width":600,"height":401,"caption":"European Union"},"image":{"@id":"https:\/\/webalkans.eu\/sq\/#\/schema\/logo\/image\/"},"sameAs":["https:\/\/www.facebook.com\/webalkans.eu","https:\/\/x.com\/WeBalkans"]},{"@type":"Person","@id":"https:\/\/webalkans.eu\/sq\/#\/schema\/person\/95a8ea19ef21de3b7766e9b65ffdb4da","name":"007designstudio@gmail.com"}]}},"_links":{"self":[{"href":"https:\/\/webalkans.eu\/sq\/wp-json\/wp\/v2\/posts\/521548"}],"collection":[{"href":"https:\/\/webalkans.eu\/sq\/wp-json\/wp\/v2\/posts"}],"about":[{"href":"https:\/\/webalkans.eu\/sq\/wp-json\/wp\/v2\/types\/post"}],"author":[{"embeddable":true,"href":"https:\/\/webalkans.eu\/sq\/wp-json\/wp\/v2\/users\/152227"}],"replies":[{"embeddable":true,"href":"https:\/\/webalkans.eu\/sq\/wp-json\/wp\/v2\/comments?post=521548"}],"version-history":[{"count":0,"href":"https:\/\/webalkans.eu\/sq\/wp-json\/wp\/v2\/posts\/521548\/revisions"}],"wp:featuredmedia":[{"embeddable":true,"href":"https:\/\/webalkans.eu\/sq\/wp-json\/wp\/v2\/media\/515102"}],"wp:attachment":[{"href":"https:\/\/webalkans.eu\/sq\/wp-json\/wp\/v2\/media?parent=521548"}],"wp:term":[{"taxonomy":"country-for-news","embeddable":true,"href":"https:\/\/webalkans.eu\/sq\/wp-json\/wp\/v2\/country-for-news?post=521548"}],"curies":[{"name":"wp","href":"https:\/\/api.w.org\/{rel}","templated":true}]}}