
{"id":1216402,"date":"2023-10-12T12:44:39","date_gmt":"2023-10-12T10:44:39","guid":{"rendered":"https:\/\/webalkans.eu\/news\/wb-youth-forum-2023-in-tirana-empowering-youth-to-act-on-berlin-declaration\/"},"modified":"2023-10-23T11:45:39","modified_gmt":"2023-10-23T09:45:39","slug":"wb-youth-forum-2023-in-tirana-empowering-youth-to-act-on-berlin-declaration","status":"publish","type":"post","link":"https:\/\/webalkans.eu\/sq\/news\/wb-youth-forum-2023-in-tirana-empowering-youth-to-act-on-berlin-declaration\/","title":{"rendered":"Forumi Rinor i BP 2023 n\u00eb Tiran\u00eb: Fuqizimi i t\u00eb Rinjve p\u00ebr t\u00eb Vepruar sipas Deklarat\u00ebs s\u00eb Berlinit"},"content":{"rendered":"<p style=\"font-weight: 400;\">N\u00ebn tem\u00ebn \u201cBalkan Youth Express,\u201d ky forum mblodhi s\u00eb bashku m\u00eb shum\u00eb se 90 pjes\u00ebmarr\u00ebs duke p\u00ebrfshir\u00eb 36 pjes\u00ebmarr\u00ebs t\u00eb rinj nga rajoni, ministra, pal\u00eb interesi t\u00eb ndrysh\u00ebm vendor dhe rajonal, p\u00ebrfaq\u00ebsues institucional dhe m\u00eb shum\u00eb. S\u00eb fundmi, u krijua nj\u00eb hap\u00ebsir\u00eb dhe nj\u00eb platform\u00eb p\u00ebr t\u00eb rinjt\u00eb p\u00ebr t\u00eb ndjekur zhvillimet q\u00eb rrjedhin nga Deklarata e Berlinit n\u00eb vitin e 2022, p\u00ebr t\u00eb vendosur shtyllat e Deklarat\u00ebs p\u00ebr vitin 2023, dhe p\u00ebr t\u00eb vendosur veprime dhe aktivitete t\u00eb prekshme p\u00ebr t\u2019i shnd\u00ebrruar k\u00ebto aspirata n\u00eb realitet. P\u00ebr m\u00eb tep\u00ebr, p\u00ebr t\u00eb pasur mund\u00ebsin\u00eb p\u00ebr t\u2019i trajtuar t\u00eb gjitha k\u00ebto n\u00eb tryez\u00ebn e vendimmarrjes s\u00eb lart\u00eb t\u00eb aktor\u00ebve t\u00eb BP-s\u00eb dhe BE-s\u00eb.<\/p>\n<p>&nbsp;<\/p>\n<p style=\"font-weight: 400;\">Gjithashtu, Ambasador\u00ebt e Rinj Evropian mor\u00ebn pjes\u00eb n\u00eb forum. Disa si pjes\u00ebmarr\u00ebsit dhe t\u00eb tjer\u00ebt si leht\u00ebsues.<\/p>\n<p>&nbsp;<\/p>\n<p style=\"font-weight: 400;\">Aktiviteti filloi n\u00eb Center for Openness and Dialogue n\u00eb Tiran\u00eb, dhe nga atje, t\u00eb gjith\u00eb pjes\u00ebmarr\u00ebsit gjat\u00eb udh\u00ebtimit nga Elbasani n\u00eb Durr\u00ebs nis\u00ebn nj\u00eb trajnim. Gjat\u00eb udh\u00ebtimit,t\u00eb rinjt\u00eb u angazhuan n\u00eb diskutime produktive duke u fokusuar n\u00eb 3 shtyllat kryesore t\u00eb Deklarat\u00ebs s\u00eb Berlinit p\u00ebr t\u00eb form\u00ebsuar planet e veprimet. Nj\u00eb dit\u00eb m\u00eb von\u00eb, t\u00eb rinjt\u00eb prezantuan zyrtarisht pikat e veprimit para pal\u00ebve t\u00eb interesit vendor n\u00eb aktivitetin p\u00ebrmbyll\u00ebs n\u00eb Qendr\u00ebn Piramida.<\/p>\n<p>&nbsp;<\/p>\n<p style=\"font-weight: 400;\">Forumi luajti nj\u00eb rol vendimtar n\u00eb kuadrin m\u00eb t\u00eb gjer\u00eb t\u00eb Procesit t\u00eb Berlinit t\u00eb nisur n\u00eb vitin 2014, q\u00eb synon nxitjen e integrimit rajonal dhe forcimin e lidhjeve me BE-n\u00eb. N\u00eb kuad\u00ebr t\u00eb k\u00ebsaj nisme, Zyra Rajonale p\u00ebr Bashk\u00ebpunimin Rinor (RYCO) \u00ebsht\u00eb shfaqur si nj\u00eb mekaniz\u00ebm institucional jetik, q\u00eb lidh dhe fuqizon t\u00eb rinjt\u00eb e Ballkanit Per\u00ebndimor. Samiti i ardhsh\u00ebm i Procesit t\u00eb Berlinit 2023 n\u00eb Tiran\u00eb m\u00eb 16 tetor premton jo vet\u00ebm t\u00eb shfaq\u00eb p\u00ebrkushtimin e rajonit p\u00ebr integrim, por edhe t\u00eb fuqizoj\u00eb t\u00eb rinjt\u00eb e tij dhe t\u00eb forcoj\u00eb bashk\u00ebpunimin mes vendimmarr\u00ebsve.<\/p>\n<p>&nbsp;<\/p>\n<p style=\"font-weight: 400;\">36 p\u00ebrfaq\u00ebsues t\u00eb rinj nga rajoni, pjes\u00ebmarr\u00ebs n\u00eb Forumin Rinor t\u00eb BP-s\u00eb 2023, u b\u00ebn\u00eb thirrje pal\u00ebve t\u00eb interesit dhe vendimmarr\u00ebsve t\u00eb reflektojn\u00eb mbi pikat e formuluara t\u00eb veprimit dhe t\u00eb bashk\u00ebpunojn\u00eb n\u00eb m\u00ebnyra t\u00eb ndryshme.<\/p>\n","protected":false},"excerpt":{"rendered":"<p>N\u00ebn tem\u00ebn \u201cBalkan Youth Express,\u201d ky forum mblodhi s\u00eb bashku m\u00eb shum\u00eb se 90 pjes\u00ebmarr\u00ebs duke p\u00ebrfshir\u00eb 36 pjes\u00ebmarr\u00ebs t\u00eb rinj nga rajoni, ministra, pal\u00eb <\/p>\n","protected":false},"author":152227,"featured_media":1210203,"comment_status":"closed","ping_status":"closed","sticky":false,"template":"","format":"standard","meta":{"_acf_changed":false,"_monsterinsights_skip_tracking":false,"_monsterinsights_sitenote_active":false,"_monsterinsights_sitenote_note":"","_monsterinsights_sitenote_category":0,"footnotes":""},"country-for-news":[415,421,428,431,437,441],"class_list":["post-1216402","post","type-post","status-publish","format-standard","has-post-thumbnail","hentry","wb_theme-culture-and-youth","country-for-news-albania","country-for-news-bosnia-and-herzegovina","country-for-news-kosovo","country-for-news-montenegro","country-for-news-north-macedonia","country-for-news-serbia"],"acf":[],"yoast_head":"<!-- This site is optimized with the Yoast SEO plugin v25.3.1 - https:\/\/yoast.com\/wordpress\/plugins\/seo\/ -->\n<title>Forumi Rinor i BP 2023 n\u00eb Tiran\u00eb: Fuqizimi i t\u00eb Rinjve p\u00ebr t\u00eb Vepruar sipas Deklarat\u00ebs s\u00eb Berlinit News | WeBalkans<\/title>\n<meta name=\"description\" content=\"Forumi Rinor i BP 2023 n\u00eb Tiran\u00eb: Fuqizimi i t\u00eb Rinjve p\u00ebr t\u00eb Vepruar sipas Deklarat\u00ebs s\u00eb Berlinit\" \/>\n<meta name=\"robots\" content=\"index, follow, max-snippet:-1, max-image-preview:large, max-video-preview:-1\" \/>\n<link rel=\"canonical\" href=\"https:\/\/webalkans.eu\/sq\/news\/wb-youth-forum-2023-in-tirana-empowering-youth-to-act-on-berlin-declaration\/\" \/>\n<meta property=\"og:locale\" content=\"sq_AL\" \/>\n<meta property=\"og:type\" content=\"article\" \/>\n<meta property=\"og:title\" content=\"Forumi Rinor i BP 2023 n\u00eb Tiran\u00eb: Fuqizimi i t\u00eb Rinjve p\u00ebr t\u00eb Vepruar sipas Deklarat\u00ebs s\u00eb Berlinit News | WeBalkans\" \/>\n<meta property=\"og:description\" content=\"Forumi Rinor i BP 2023 n\u00eb Tiran\u00eb: Fuqizimi i t\u00eb Rinjve p\u00ebr t\u00eb Vepruar sipas Deklarat\u00ebs s\u00eb Berlinit\" \/>\n<meta property=\"og:url\" content=\"https:\/\/webalkans.eu\/sq\/news\/wb-youth-forum-2023-in-tirana-empowering-youth-to-act-on-berlin-declaration\/\" \/>\n<meta property=\"og:site_name\" content=\"WeBalkans | EU Projects in the Western Balkans\" \/>\n<meta property=\"article:publisher\" content=\"https:\/\/www.facebook.com\/webalkans.eu\" \/>\n<meta property=\"article:published_time\" content=\"2023-10-12T10:44:39+00:00\" \/>\n<meta property=\"article:modified_time\" content=\"2023-10-23T09:45:39+00:00\" \/>\n<meta property=\"og:image\" content=\"https:\/\/webalkans.eu\/wp-content\/uploads\/2023\/10\/6-1.jpeg\" \/>\n\t<meta property=\"og:image:width\" content=\"1140\" \/>\n\t<meta property=\"og:image:height\" content=\"640\" \/>\n\t<meta property=\"og:image:type\" content=\"image\/jpeg\" \/>\n<meta name=\"author\" content=\"007designstudio@gmail.com\" \/>\n<meta name=\"twitter:card\" content=\"summary_large_image\" \/>\n<meta name=\"twitter:creator\" content=\"@WeBalkans\" \/>\n<meta name=\"twitter:site\" content=\"@WeBalkans\" \/>\n<meta name=\"twitter:label1\" content=\"Written by\" \/>\n\t<meta name=\"twitter:data1\" content=\"007designstudio@gmail.com\" \/>\n\t<meta name=\"twitter:label2\" content=\"Est. reading time\" \/>\n\t<meta name=\"twitter:data2\" content=\"2 minutes\" \/>\n<script type=\"application\/ld+json\" class=\"yoast-schema-graph\">{\"@context\":\"https:\/\/schema.org\",\"@graph\":[{\"@type\":\"Article\",\"@id\":\"https:\/\/webalkans.eu\/sq\/news\/wb-youth-forum-2023-in-tirana-empowering-youth-to-act-on-berlin-declaration\/#article\",\"isPartOf\":{\"@id\":\"https:\/\/webalkans.eu\/sq\/news\/wb-youth-forum-2023-in-tirana-empowering-youth-to-act-on-berlin-declaration\/\"},\"author\":{\"name\":\"007designstudio@gmail.com\",\"@id\":\"https:\/\/webalkans.eu\/sq\/#\/schema\/person\/95a8ea19ef21de3b7766e9b65ffdb4da\"},\"headline\":\"Forumi Rinor i BP 2023 n\u00eb Tiran\u00eb: Fuqizimi i t\u00eb Rinjve p\u00ebr t\u00eb Vepruar sipas Deklarat\u00ebs s\u00eb Berlinit\",\"datePublished\":\"2023-10-12T10:44:39+00:00\",\"dateModified\":\"2023-10-23T09:45:39+00:00\",\"mainEntityOfPage\":{\"@id\":\"https:\/\/webalkans.eu\/sq\/news\/wb-youth-forum-2023-in-tirana-empowering-youth-to-act-on-berlin-declaration\/\"},\"wordCount\":416,\"publisher\":{\"@id\":\"https:\/\/webalkans.eu\/sq\/#organization\"},\"image\":{\"@id\":\"https:\/\/webalkans.eu\/sq\/news\/wb-youth-forum-2023-in-tirana-empowering-youth-to-act-on-berlin-declaration\/#primaryimage\"},\"thumbnailUrl\":\"https:\/\/webalkans.eu\/wp-content\/uploads\/2023\/10\/6-1.jpeg\",\"inLanguage\":\"sq-AL\"},{\"@type\":\"WebPage\",\"@id\":\"https:\/\/webalkans.eu\/sq\/news\/wb-youth-forum-2023-in-tirana-empowering-youth-to-act-on-berlin-declaration\/\",\"url\":\"https:\/\/webalkans.eu\/sq\/news\/wb-youth-forum-2023-in-tirana-empowering-youth-to-act-on-berlin-declaration\/\",\"name\":\"Forumi Rinor i BP 2023 n\u00eb Tiran\u00eb: Fuqizimi i t\u00eb Rinjve p\u00ebr t\u00eb Vepruar sipas Deklarat\u00ebs s\u00eb Berlinit News | WeBalkans\",\"isPartOf\":{\"@id\":\"https:\/\/webalkans.eu\/sq\/#website\"},\"primaryImageOfPage\":{\"@id\":\"https:\/\/webalkans.eu\/sq\/news\/wb-youth-forum-2023-in-tirana-empowering-youth-to-act-on-berlin-declaration\/#primaryimage\"},\"image\":{\"@id\":\"https:\/\/webalkans.eu\/sq\/news\/wb-youth-forum-2023-in-tirana-empowering-youth-to-act-on-berlin-declaration\/#primaryimage\"},\"thumbnailUrl\":\"https:\/\/webalkans.eu\/wp-content\/uploads\/2023\/10\/6-1.jpeg\",\"datePublished\":\"2023-10-12T10:44:39+00:00\",\"dateModified\":\"2023-10-23T09:45:39+00:00\",\"description\":\"Forumi Rinor i BP 2023 n\u00eb Tiran\u00eb: Fuqizimi i t\u00eb Rinjve p\u00ebr t\u00eb Vepruar sipas Deklarat\u00ebs s\u00eb Berlinit\",\"breadcrumb\":{\"@id\":\"https:\/\/webalkans.eu\/sq\/news\/wb-youth-forum-2023-in-tirana-empowering-youth-to-act-on-berlin-declaration\/#breadcrumb\"},\"inLanguage\":\"sq-AL\",\"potentialAction\":[{\"@type\":\"ReadAction\",\"target\":[\"https:\/\/webalkans.eu\/sq\/news\/wb-youth-forum-2023-in-tirana-empowering-youth-to-act-on-berlin-declaration\/\"]}]},{\"@type\":\"ImageObject\",\"inLanguage\":\"sq-AL\",\"@id\":\"https:\/\/webalkans.eu\/sq\/news\/wb-youth-forum-2023-in-tirana-empowering-youth-to-act-on-berlin-declaration\/#primaryimage\",\"url\":\"https:\/\/webalkans.eu\/wp-content\/uploads\/2023\/10\/6-1.jpeg\",\"contentUrl\":\"https:\/\/webalkans.eu\/wp-content\/uploads\/2023\/10\/6-1.jpeg\",\"width\":1140,\"height\":640},{\"@type\":\"BreadcrumbList\",\"@id\":\"https:\/\/webalkans.eu\/sq\/news\/wb-youth-forum-2023-in-tirana-empowering-youth-to-act-on-berlin-declaration\/#breadcrumb\",\"itemListElement\":[{\"@type\":\"ListItem\",\"position\":1,\"name\":\"Home\",\"item\":\"https:\/\/webalkans.eu\/sq\/homepage\/\"},{\"@type\":\"ListItem\",\"position\":2,\"name\":\"Forumi Rinor i BP 2023 n\u00eb Tiran\u00eb: Fuqizimi i t\u00eb Rinjve p\u00ebr t\u00eb Vepruar sipas Deklarat\u00ebs s\u00eb Berlinit\"}]},{\"@type\":\"WebSite\",\"@id\":\"https:\/\/webalkans.eu\/sq\/#website\",\"url\":\"https:\/\/webalkans.eu\/sq\/\",\"name\":\"WeBalkans | EU Projects in the Western Balkans\",\"description\":\"\",\"publisher\":{\"@id\":\"https:\/\/webalkans.eu\/sq\/#organization\"},\"potentialAction\":[{\"@type\":\"SearchAction\",\"target\":{\"@type\":\"EntryPoint\",\"urlTemplate\":\"https:\/\/webalkans.eu\/sq\/?s={search_term_string}\"},\"query-input\":{\"@type\":\"PropertyValueSpecification\",\"valueRequired\":true,\"valueName\":\"search_term_string\"}}],\"inLanguage\":\"sq-AL\"},{\"@type\":\"Organization\",\"@id\":\"https:\/\/webalkans.eu\/sq\/#organization\",\"name\":\"European Union\",\"url\":\"https:\/\/webalkans.eu\/sq\/\",\"logo\":{\"@type\":\"ImageObject\",\"inLanguage\":\"sq-AL\",\"@id\":\"https:\/\/webalkans.eu\/sq\/#\/schema\/logo\/image\/\",\"url\":\"https:\/\/webalkans.eu\/wp-content\/uploads\/2020\/11\/eu_flag.jpg\",\"contentUrl\":\"https:\/\/webalkans.eu\/wp-content\/uploads\/2020\/11\/eu_flag.jpg\",\"width\":600,\"height\":401,\"caption\":\"European Union\"},\"image\":{\"@id\":\"https:\/\/webalkans.eu\/sq\/#\/schema\/logo\/image\/\"},\"sameAs\":[\"https:\/\/www.facebook.com\/webalkans.eu\",\"https:\/\/x.com\/WeBalkans\"]},{\"@type\":\"Person\",\"@id\":\"https:\/\/webalkans.eu\/sq\/#\/schema\/person\/95a8ea19ef21de3b7766e9b65ffdb4da\",\"name\":\"007designstudio@gmail.com\"}]}<\/script>\n<!-- \/ Yoast SEO plugin. -->","yoast_head_json":{"title":"Forumi Rinor i BP 2023 n\u00eb Tiran\u00eb: Fuqizimi i t\u00eb Rinjve p\u00ebr t\u00eb Vepruar sipas Deklarat\u00ebs s\u00eb Berlinit News | WeBalkans","description":"Forumi Rinor i BP 2023 n\u00eb Tiran\u00eb: Fuqizimi i t\u00eb Rinjve p\u00ebr t\u00eb Vepruar sipas Deklarat\u00ebs s\u00eb Berlinit","robots":{"index":"index","follow":"follow","max-snippet":"max-snippet:-1","max-image-preview":"max-image-preview:large","max-video-preview":"max-video-preview:-1"},"canonical":"https:\/\/webalkans.eu\/sq\/news\/wb-youth-forum-2023-in-tirana-empowering-youth-to-act-on-berlin-declaration\/","og_locale":"sq_AL","og_type":"article","og_title":"Forumi Rinor i BP 2023 n\u00eb Tiran\u00eb: Fuqizimi i t\u00eb Rinjve p\u00ebr t\u00eb Vepruar sipas Deklarat\u00ebs s\u00eb Berlinit News | WeBalkans","og_description":"Forumi Rinor i BP 2023 n\u00eb Tiran\u00eb: Fuqizimi i t\u00eb Rinjve p\u00ebr t\u00eb Vepruar sipas Deklarat\u00ebs s\u00eb Berlinit","og_url":"https:\/\/webalkans.eu\/sq\/news\/wb-youth-forum-2023-in-tirana-empowering-youth-to-act-on-berlin-declaration\/","og_site_name":"WeBalkans | EU Projects in the Western Balkans","article_publisher":"https:\/\/www.facebook.com\/webalkans.eu","article_published_time":"2023-10-12T10:44:39+00:00","article_modified_time":"2023-10-23T09:45:39+00:00","og_image":[{"width":1140,"height":640,"url":"https:\/\/webalkans.eu\/wp-content\/uploads\/2023\/10\/6-1.jpeg","type":"image\/jpeg"}],"author":"007designstudio@gmail.com","twitter_card":"summary_large_image","twitter_creator":"@WeBalkans","twitter_site":"@WeBalkans","twitter_misc":{"Written by":"007designstudio@gmail.com","Est. reading time":"2 minutes"},"schema":{"@context":"https:\/\/schema.org","@graph":[{"@type":"Article","@id":"https:\/\/webalkans.eu\/sq\/news\/wb-youth-forum-2023-in-tirana-empowering-youth-to-act-on-berlin-declaration\/#article","isPartOf":{"@id":"https:\/\/webalkans.eu\/sq\/news\/wb-youth-forum-2023-in-tirana-empowering-youth-to-act-on-berlin-declaration\/"},"author":{"name":"007designstudio@gmail.com","@id":"https:\/\/webalkans.eu\/sq\/#\/schema\/person\/95a8ea19ef21de3b7766e9b65ffdb4da"},"headline":"Forumi Rinor i BP 2023 n\u00eb Tiran\u00eb: Fuqizimi i t\u00eb Rinjve p\u00ebr t\u00eb Vepruar sipas Deklarat\u00ebs s\u00eb Berlinit","datePublished":"2023-10-12T10:44:39+00:00","dateModified":"2023-10-23T09:45:39+00:00","mainEntityOfPage":{"@id":"https:\/\/webalkans.eu\/sq\/news\/wb-youth-forum-2023-in-tirana-empowering-youth-to-act-on-berlin-declaration\/"},"wordCount":416,"publisher":{"@id":"https:\/\/webalkans.eu\/sq\/#organization"},"image":{"@id":"https:\/\/webalkans.eu\/sq\/news\/wb-youth-forum-2023-in-tirana-empowering-youth-to-act-on-berlin-declaration\/#primaryimage"},"thumbnailUrl":"https:\/\/webalkans.eu\/wp-content\/uploads\/2023\/10\/6-1.jpeg","inLanguage":"sq-AL"},{"@type":"WebPage","@id":"https:\/\/webalkans.eu\/sq\/news\/wb-youth-forum-2023-in-tirana-empowering-youth-to-act-on-berlin-declaration\/","url":"https:\/\/webalkans.eu\/sq\/news\/wb-youth-forum-2023-in-tirana-empowering-youth-to-act-on-berlin-declaration\/","name":"Forumi Rinor i BP 2023 n\u00eb Tiran\u00eb: Fuqizimi i t\u00eb Rinjve p\u00ebr t\u00eb Vepruar sipas Deklarat\u00ebs s\u00eb Berlinit News | WeBalkans","isPartOf":{"@id":"https:\/\/webalkans.eu\/sq\/#website"},"primaryImageOfPage":{"@id":"https:\/\/webalkans.eu\/sq\/news\/wb-youth-forum-2023-in-tirana-empowering-youth-to-act-on-berlin-declaration\/#primaryimage"},"image":{"@id":"https:\/\/webalkans.eu\/sq\/news\/wb-youth-forum-2023-in-tirana-empowering-youth-to-act-on-berlin-declaration\/#primaryimage"},"thumbnailUrl":"https:\/\/webalkans.eu\/wp-content\/uploads\/2023\/10\/6-1.jpeg","datePublished":"2023-10-12T10:44:39+00:00","dateModified":"2023-10-23T09:45:39+00:00","description":"Forumi Rinor i BP 2023 n\u00eb Tiran\u00eb: Fuqizimi i t\u00eb Rinjve p\u00ebr t\u00eb Vepruar sipas Deklarat\u00ebs s\u00eb Berlinit","breadcrumb":{"@id":"https:\/\/webalkans.eu\/sq\/news\/wb-youth-forum-2023-in-tirana-empowering-youth-to-act-on-berlin-declaration\/#breadcrumb"},"inLanguage":"sq-AL","potentialAction":[{"@type":"ReadAction","target":["https:\/\/webalkans.eu\/sq\/news\/wb-youth-forum-2023-in-tirana-empowering-youth-to-act-on-berlin-declaration\/"]}]},{"@type":"ImageObject","inLanguage":"sq-AL","@id":"https:\/\/webalkans.eu\/sq\/news\/wb-youth-forum-2023-in-tirana-empowering-youth-to-act-on-berlin-declaration\/#primaryimage","url":"https:\/\/webalkans.eu\/wp-content\/uploads\/2023\/10\/6-1.jpeg","contentUrl":"https:\/\/webalkans.eu\/wp-content\/uploads\/2023\/10\/6-1.jpeg","width":1140,"height":640},{"@type":"BreadcrumbList","@id":"https:\/\/webalkans.eu\/sq\/news\/wb-youth-forum-2023-in-tirana-empowering-youth-to-act-on-berlin-declaration\/#breadcrumb","itemListElement":[{"@type":"ListItem","position":1,"name":"Home","item":"https:\/\/webalkans.eu\/sq\/homepage\/"},{"@type":"ListItem","position":2,"name":"Forumi Rinor i BP 2023 n\u00eb Tiran\u00eb: Fuqizimi i t\u00eb Rinjve p\u00ebr t\u00eb Vepruar sipas Deklarat\u00ebs s\u00eb Berlinit"}]},{"@type":"WebSite","@id":"https:\/\/webalkans.eu\/sq\/#website","url":"https:\/\/webalkans.eu\/sq\/","name":"WeBalkans | EU Projects in the Western Balkans","description":"","publisher":{"@id":"https:\/\/webalkans.eu\/sq\/#organization"},"potentialAction":[{"@type":"SearchAction","target":{"@type":"EntryPoint","urlTemplate":"https:\/\/webalkans.eu\/sq\/?s={search_term_string}"},"query-input":{"@type":"PropertyValueSpecification","valueRequired":true,"valueName":"search_term_string"}}],"inLanguage":"sq-AL"},{"@type":"Organization","@id":"https:\/\/webalkans.eu\/sq\/#organization","name":"European Union","url":"https:\/\/webalkans.eu\/sq\/","logo":{"@type":"ImageObject","inLanguage":"sq-AL","@id":"https:\/\/webalkans.eu\/sq\/#\/schema\/logo\/image\/","url":"https:\/\/webalkans.eu\/wp-content\/uploads\/2020\/11\/eu_flag.jpg","contentUrl":"https:\/\/webalkans.eu\/wp-content\/uploads\/2020\/11\/eu_flag.jpg","width":600,"height":401,"caption":"European Union"},"image":{"@id":"https:\/\/webalkans.eu\/sq\/#\/schema\/logo\/image\/"},"sameAs":["https:\/\/www.facebook.com\/webalkans.eu","https:\/\/x.com\/WeBalkans"]},{"@type":"Person","@id":"https:\/\/webalkans.eu\/sq\/#\/schema\/person\/95a8ea19ef21de3b7766e9b65ffdb4da","name":"007designstudio@gmail.com"}]}},"_links":{"self":[{"href":"https:\/\/webalkans.eu\/sq\/wp-json\/wp\/v2\/posts\/1216402"}],"collection":[{"href":"https:\/\/webalkans.eu\/sq\/wp-json\/wp\/v2\/posts"}],"about":[{"href":"https:\/\/webalkans.eu\/sq\/wp-json\/wp\/v2\/types\/post"}],"author":[{"embeddable":true,"href":"https:\/\/webalkans.eu\/sq\/wp-json\/wp\/v2\/users\/152227"}],"replies":[{"embeddable":true,"href":"https:\/\/webalkans.eu\/sq\/wp-json\/wp\/v2\/comments?post=1216402"}],"version-history":[{"count":0,"href":"https:\/\/webalkans.eu\/sq\/wp-json\/wp\/v2\/posts\/1216402\/revisions"}],"wp:featuredmedia":[{"embeddable":true,"href":"https:\/\/webalkans.eu\/sq\/wp-json\/wp\/v2\/media\/1210203"}],"wp:attachment":[{"href":"https:\/\/webalkans.eu\/sq\/wp-json\/wp\/v2\/media?parent=1216402"}],"wp:term":[{"taxonomy":"country-for-news","embeddable":true,"href":"https:\/\/webalkans.eu\/sq\/wp-json\/wp\/v2\/country-for-news?post=1216402"}],"curies":[{"name":"wp","href":"https:\/\/api.w.org\/{rel}","templated":true}]}}