
{"id":1216396,"date":"2023-10-09T14:37:54","date_gmt":"2023-10-09T12:37:54","guid":{"rendered":"https:\/\/webalkans.eu\/news\/bringing-the-european-excellence-to-tirana-memorandum-of-understanding-signed-with-college-of-europe\/"},"modified":"2023-10-23T11:43:10","modified_gmt":"2023-10-23T09:43:10","slug":"bringing-the-european-excellence-to-tirana-memorandum-of-understanding-signed-with-college-of-europe","status":"publish","type":"post","link":"https:\/\/webalkans.eu\/sq\/news\/bringing-the-european-excellence-to-tirana-memorandum-of-understanding-signed-with-college-of-europe\/","title":{"rendered":"Sjellja e ekselenc\u00ebs evropiane n\u00eb Tiran\u00eb N\u00ebnshkruhet Memorandumi i Mir\u00ebkuptimit me Kolegjin e Evrop\u00ebs"},"content":{"rendered":"<p style=\"font-weight: 400;\">N\u00eb nj\u00eb aktivitet t\u00eb dedikuar, mbajtur n\u00eb Sht\u00ebpin\u00eb e Evrop\u00ebs, n\u00eb Tiran\u00eb, t\u00eb premten, m\u00eb 6 tetor, Bashkimi Evropian b\u00ebri nj\u00eb hap t\u00eb r\u00ebnd\u00ebsish\u00ebm drejt rritjes s\u00eb mund\u00ebsive arsimore p\u00ebr student\u00ebt shqiptar\u00eb. U n\u00ebnshkrua nj\u00eb Memorandum Mir\u00ebkuptimi me Kolegjin e mir\u00ebnjohur t\u00eb Evrop\u00ebs, duke hapur dyert p\u00ebr nj\u00eb arsimim t\u00eb nivelit bot\u00ebror p\u00ebr studiuesit aspirant\u00eb shqiptar\u00eb. Marr\u00ebveshja zyrtarizon dhe i hap rrug\u00ebn krijimit t\u00eb nj\u00eb dege t\u00eb Kolegjit t\u00eb Evrop\u00ebs n\u00eb kryeqytetin shqiptar.<\/p>\n<p>&nbsp;<\/p>\n<p style=\"font-weight: 400;\">N\u00eb k\u00ebt\u00eb aktivitet mor\u00ebn pjes\u00eb zyrtar\u00eb t\u00eb lart\u00eb si nga BE ashtu edhe nga Shqip\u00ebria, duke p\u00ebrfshir\u00eb Rektoren e Kolegjit t\u00eb Evrop\u00ebs, Federica Mogherini, Komisionerin Evropian p\u00ebr Fqinj\u00ebsin\u00eb dhe Zgjerimin Oliver Varhelyi, Ambasadorin Luigi Soreca, Drejtoresh\u00ebn Menaxhuese t\u00eb Bashkimit Evropian Angelina Eichhorst, Ministren e Arsimit dhe Sporteve Ogerta Manastirliu, dhe Kryebashkiakun e Tiran\u00ebs Erion Veliaj. Prania e tyre kolektive theksoi r\u00ebnd\u00ebsin\u00eb e k\u00ebtij bashk\u00ebpunimi p\u00ebr nxitjen e lidhjeve m\u00eb t\u00eb forta mes Shqip\u00ebris\u00eb dhe Bashkimit Evropian. Memorandumi, i cili do ta sjell\u00eb p\u00ebr her\u00eb t\u00eb par\u00eb k\u00ebt\u00eb institut prestigjoz jasht\u00eb BE-s\u00eb, u n\u00ebnshkrua nga p\u00ebrfaq\u00ebsuesit e Ministris\u00eb s\u00eb Edukimit, Bashkis\u00eb s\u00eb Tiran\u00ebs dhe Kolegjit t\u00eb Evrop\u00ebs, n\u00eb prani t\u00eb Komisionerit Varhelyi dhe Ambasadorit Soreca.<\/p>\n<p>&nbsp;<\/p>\n<p style=\"font-weight: 400;\">N\u00eb ceremoni mor\u00ebn pjes\u00eb dhe Ambasador\u00ebt e Rinj Evropian (YEA) nga Shqip\u00ebria. Gjat\u00eb aktivitetit, YEA-t\u00eb pat\u00ebn privilegjin t\u00eb takohen me figura t\u00eb shquara si Oliv\u00e9r V\u00e1rhelyi, Komisioneri p\u00ebr Fqinj\u00ebsin\u00eb dhe Zgjerimin, Luigi Soreca, Ambasadori i BE-s\u00eb n\u00eb Shqip\u00ebri dhe Federica Mogherini, Rektorja e Kolegjit t\u00eb Evrop\u00ebs. YEA-t\u00eb entuziast\u00eb p\u00ebrcoll\u00ebn emocionet e tyre p\u00ebr k\u00ebt\u00eb kampus t\u00eb ri.<\/p>\n<p>&nbsp;<\/p>\n<p style=\"font-weight: 400;\">Kolegji i Evrop\u00ebs \u00ebsht\u00eb i njohur p\u00ebr p\u00ebrsosm\u00ebrin\u00eb e tij n\u00eb edukimin e lider\u00ebve dhe diplomat\u00ebve t\u00eb ardhsh\u00ebm evropian\u00eb. Duke krijuar nj\u00eb prani n\u00eb Tiran\u00eb, ai ofron nj\u00eb mund\u00ebsi t\u00eb shk\u00eblqyer p\u00ebr student\u00ebt vendas dhe t\u00eb tjer\u00eb nga e gjith\u00eb bota p\u00ebr t\u00eb hyr\u00eb n\u00eb arsimin e lart\u00eb n\u00eb nj\u00eb kampus t\u00eb sapothemeluar. Ky zhvillim p\u00ebrputhet n\u00eb m\u00ebnyr\u00eb t\u00eb p\u00ebrkryer me angazhimin e BE-s\u00eb p\u00ebr t\u00eb mb\u00ebshtetur arsimin dhe zhvillimin e aft\u00ebsive n\u00eb rajonet fqinje.<\/p>\n","protected":false},"excerpt":{"rendered":"<p>N\u00eb nj\u00eb aktivitet t\u00eb dedikuar, mbajtur n\u00eb Sht\u00ebpin\u00eb e Evrop\u00ebs, n\u00eb Tiran\u00eb, t\u00eb premten, m\u00eb 6 tetor, Bashkimi Evropian b\u00ebri nj\u00eb hap t\u00eb r\u00ebnd\u00ebsish\u00ebm drejt <\/p>\n","protected":false},"author":152227,"featured_media":1208003,"comment_status":"closed","ping_status":"closed","sticky":false,"template":"","format":"standard","meta":{"_acf_changed":false,"_monsterinsights_skip_tracking":false,"_monsterinsights_sitenote_active":false,"_monsterinsights_sitenote_note":"","_monsterinsights_sitenote_category":0,"footnotes":""},"country-for-news":[415],"class_list":["post-1216396","post","type-post","status-publish","format-standard","has-post-thumbnail","hentry","wb_theme-innovation-and-skills","wb_theme-education-and-training","country-for-news-albania"],"acf":[],"yoast_head":"<!-- This site is optimized with the Yoast SEO plugin v25.3.1 - https:\/\/yoast.com\/wordpress\/plugins\/seo\/ -->\n<title>Sjellja e ekselenc\u00ebs evropiane n\u00eb Tiran\u00eb N\u00ebnshkruhet Memorandumi i Mir\u00ebkuptimit me Kolegjin e Evrop\u00ebs News | WeBalkans<\/title>\n<meta name=\"description\" content=\"Sjellja e ekselenc\u00ebs evropiane n\u00eb Tiran\u00eb N\u00ebnshkruhet Memorandumi i Mir\u00ebkuptimit me Kolegjin e Evrop\u00ebs\" \/>\n<meta name=\"robots\" content=\"index, follow, max-snippet:-1, max-image-preview:large, max-video-preview:-1\" \/>\n<link rel=\"canonical\" href=\"https:\/\/webalkans.eu\/sq\/news\/bringing-the-european-excellence-to-tirana-memorandum-of-understanding-signed-with-college-of-europe\/\" \/>\n<meta property=\"og:locale\" content=\"sq_AL\" \/>\n<meta property=\"og:type\" content=\"article\" \/>\n<meta property=\"og:title\" content=\"Sjellja e ekselenc\u00ebs evropiane n\u00eb Tiran\u00eb N\u00ebnshkruhet Memorandumi i Mir\u00ebkuptimit me Kolegjin e Evrop\u00ebs News | WeBalkans\" \/>\n<meta property=\"og:description\" content=\"Sjellja e ekselenc\u00ebs evropiane n\u00eb Tiran\u00eb N\u00ebnshkruhet Memorandumi i Mir\u00ebkuptimit me Kolegjin e Evrop\u00ebs\" \/>\n<meta property=\"og:url\" content=\"https:\/\/webalkans.eu\/sq\/news\/bringing-the-european-excellence-to-tirana-memorandum-of-understanding-signed-with-college-of-europe\/\" \/>\n<meta property=\"og:site_name\" content=\"WeBalkans | EU Projects in the Western Balkans\" \/>\n<meta property=\"article:publisher\" content=\"https:\/\/www.facebook.com\/webalkans.eu\" \/>\n<meta property=\"article:published_time\" content=\"2023-10-09T12:37:54+00:00\" \/>\n<meta property=\"article:modified_time\" content=\"2023-10-23T09:43:10+00:00\" \/>\n<meta property=\"og:image\" content=\"https:\/\/webalkans.eu\/wp-content\/uploads\/2023\/10\/2-1.jpeg\" \/>\n\t<meta property=\"og:image:width\" content=\"1089\" \/>\n\t<meta property=\"og:image:height\" content=\"726\" \/>\n\t<meta property=\"og:image:type\" content=\"image\/jpeg\" \/>\n<meta name=\"author\" content=\"007designstudio@gmail.com\" \/>\n<meta name=\"twitter:card\" content=\"summary_large_image\" \/>\n<meta name=\"twitter:creator\" content=\"@WeBalkans\" \/>\n<meta name=\"twitter:site\" content=\"@WeBalkans\" \/>\n<meta name=\"twitter:label1\" content=\"Written by\" \/>\n\t<meta name=\"twitter:data1\" content=\"007designstudio@gmail.com\" \/>\n\t<meta name=\"twitter:label2\" content=\"Est. reading time\" \/>\n\t<meta name=\"twitter:data2\" content=\"2 minutes\" \/>\n<script type=\"application\/ld+json\" class=\"yoast-schema-graph\">{\"@context\":\"https:\/\/schema.org\",\"@graph\":[{\"@type\":\"Article\",\"@id\":\"https:\/\/webalkans.eu\/sq\/news\/bringing-the-european-excellence-to-tirana-memorandum-of-understanding-signed-with-college-of-europe\/#article\",\"isPartOf\":{\"@id\":\"https:\/\/webalkans.eu\/sq\/news\/bringing-the-european-excellence-to-tirana-memorandum-of-understanding-signed-with-college-of-europe\/\"},\"author\":{\"name\":\"007designstudio@gmail.com\",\"@id\":\"https:\/\/webalkans.eu\/sq\/#\/schema\/person\/95a8ea19ef21de3b7766e9b65ffdb4da\"},\"headline\":\"Sjellja e ekselenc\u00ebs evropiane n\u00eb Tiran\u00eb N\u00ebnshkruhet Memorandumi i Mir\u00ebkuptimit me Kolegjin e Evrop\u00ebs\",\"datePublished\":\"2023-10-09T12:37:54+00:00\",\"dateModified\":\"2023-10-23T09:43:10+00:00\",\"mainEntityOfPage\":{\"@id\":\"https:\/\/webalkans.eu\/sq\/news\/bringing-the-european-excellence-to-tirana-memorandum-of-understanding-signed-with-college-of-europe\/\"},\"wordCount\":412,\"publisher\":{\"@id\":\"https:\/\/webalkans.eu\/sq\/#organization\"},\"image\":{\"@id\":\"https:\/\/webalkans.eu\/sq\/news\/bringing-the-european-excellence-to-tirana-memorandum-of-understanding-signed-with-college-of-europe\/#primaryimage\"},\"thumbnailUrl\":\"https:\/\/webalkans.eu\/wp-content\/uploads\/2023\/10\/2-1.jpeg\",\"inLanguage\":\"sq-AL\"},{\"@type\":\"WebPage\",\"@id\":\"https:\/\/webalkans.eu\/sq\/news\/bringing-the-european-excellence-to-tirana-memorandum-of-understanding-signed-with-college-of-europe\/\",\"url\":\"https:\/\/webalkans.eu\/sq\/news\/bringing-the-european-excellence-to-tirana-memorandum-of-understanding-signed-with-college-of-europe\/\",\"name\":\"Sjellja e ekselenc\u00ebs evropiane n\u00eb Tiran\u00eb N\u00ebnshkruhet Memorandumi i Mir\u00ebkuptimit me Kolegjin e Evrop\u00ebs News | WeBalkans\",\"isPartOf\":{\"@id\":\"https:\/\/webalkans.eu\/sq\/#website\"},\"primaryImageOfPage\":{\"@id\":\"https:\/\/webalkans.eu\/sq\/news\/bringing-the-european-excellence-to-tirana-memorandum-of-understanding-signed-with-college-of-europe\/#primaryimage\"},\"image\":{\"@id\":\"https:\/\/webalkans.eu\/sq\/news\/bringing-the-european-excellence-to-tirana-memorandum-of-understanding-signed-with-college-of-europe\/#primaryimage\"},\"thumbnailUrl\":\"https:\/\/webalkans.eu\/wp-content\/uploads\/2023\/10\/2-1.jpeg\",\"datePublished\":\"2023-10-09T12:37:54+00:00\",\"dateModified\":\"2023-10-23T09:43:10+00:00\",\"description\":\"Sjellja e ekselenc\u00ebs evropiane n\u00eb Tiran\u00eb N\u00ebnshkruhet Memorandumi i Mir\u00ebkuptimit me Kolegjin e Evrop\u00ebs\",\"breadcrumb\":{\"@id\":\"https:\/\/webalkans.eu\/sq\/news\/bringing-the-european-excellence-to-tirana-memorandum-of-understanding-signed-with-college-of-europe\/#breadcrumb\"},\"inLanguage\":\"sq-AL\",\"potentialAction\":[{\"@type\":\"ReadAction\",\"target\":[\"https:\/\/webalkans.eu\/sq\/news\/bringing-the-european-excellence-to-tirana-memorandum-of-understanding-signed-with-college-of-europe\/\"]}]},{\"@type\":\"ImageObject\",\"inLanguage\":\"sq-AL\",\"@id\":\"https:\/\/webalkans.eu\/sq\/news\/bringing-the-european-excellence-to-tirana-memorandum-of-understanding-signed-with-college-of-europe\/#primaryimage\",\"url\":\"https:\/\/webalkans.eu\/wp-content\/uploads\/2023\/10\/2-1.jpeg\",\"contentUrl\":\"https:\/\/webalkans.eu\/wp-content\/uploads\/2023\/10\/2-1.jpeg\",\"width\":1089,\"height\":726},{\"@type\":\"BreadcrumbList\",\"@id\":\"https:\/\/webalkans.eu\/sq\/news\/bringing-the-european-excellence-to-tirana-memorandum-of-understanding-signed-with-college-of-europe\/#breadcrumb\",\"itemListElement\":[{\"@type\":\"ListItem\",\"position\":1,\"name\":\"Home\",\"item\":\"https:\/\/webalkans.eu\/sq\/homepage\/\"},{\"@type\":\"ListItem\",\"position\":2,\"name\":\"Sjellja e ekselenc\u00ebs evropiane n\u00eb Tiran\u00eb N\u00ebnshkruhet Memorandumi i Mir\u00ebkuptimit me Kolegjin e Evrop\u00ebs\"}]},{\"@type\":\"WebSite\",\"@id\":\"https:\/\/webalkans.eu\/sq\/#website\",\"url\":\"https:\/\/webalkans.eu\/sq\/\",\"name\":\"WeBalkans | EU Projects in the Western Balkans\",\"description\":\"\",\"publisher\":{\"@id\":\"https:\/\/webalkans.eu\/sq\/#organization\"},\"potentialAction\":[{\"@type\":\"SearchAction\",\"target\":{\"@type\":\"EntryPoint\",\"urlTemplate\":\"https:\/\/webalkans.eu\/sq\/?s={search_term_string}\"},\"query-input\":{\"@type\":\"PropertyValueSpecification\",\"valueRequired\":true,\"valueName\":\"search_term_string\"}}],\"inLanguage\":\"sq-AL\"},{\"@type\":\"Organization\",\"@id\":\"https:\/\/webalkans.eu\/sq\/#organization\",\"name\":\"European Union\",\"url\":\"https:\/\/webalkans.eu\/sq\/\",\"logo\":{\"@type\":\"ImageObject\",\"inLanguage\":\"sq-AL\",\"@id\":\"https:\/\/webalkans.eu\/sq\/#\/schema\/logo\/image\/\",\"url\":\"https:\/\/webalkans.eu\/wp-content\/uploads\/2020\/11\/eu_flag.jpg\",\"contentUrl\":\"https:\/\/webalkans.eu\/wp-content\/uploads\/2020\/11\/eu_flag.jpg\",\"width\":600,\"height\":401,\"caption\":\"European Union\"},\"image\":{\"@id\":\"https:\/\/webalkans.eu\/sq\/#\/schema\/logo\/image\/\"},\"sameAs\":[\"https:\/\/www.facebook.com\/webalkans.eu\",\"https:\/\/x.com\/WeBalkans\"]},{\"@type\":\"Person\",\"@id\":\"https:\/\/webalkans.eu\/sq\/#\/schema\/person\/95a8ea19ef21de3b7766e9b65ffdb4da\",\"name\":\"007designstudio@gmail.com\"}]}<\/script>\n<!-- \/ Yoast SEO plugin. -->","yoast_head_json":{"title":"Sjellja e ekselenc\u00ebs evropiane n\u00eb Tiran\u00eb N\u00ebnshkruhet Memorandumi i Mir\u00ebkuptimit me Kolegjin e Evrop\u00ebs News | WeBalkans","description":"Sjellja e ekselenc\u00ebs evropiane n\u00eb Tiran\u00eb N\u00ebnshkruhet Memorandumi i Mir\u00ebkuptimit me Kolegjin e Evrop\u00ebs","robots":{"index":"index","follow":"follow","max-snippet":"max-snippet:-1","max-image-preview":"max-image-preview:large","max-video-preview":"max-video-preview:-1"},"canonical":"https:\/\/webalkans.eu\/sq\/news\/bringing-the-european-excellence-to-tirana-memorandum-of-understanding-signed-with-college-of-europe\/","og_locale":"sq_AL","og_type":"article","og_title":"Sjellja e ekselenc\u00ebs evropiane n\u00eb Tiran\u00eb N\u00ebnshkruhet Memorandumi i Mir\u00ebkuptimit me Kolegjin e Evrop\u00ebs News | WeBalkans","og_description":"Sjellja e ekselenc\u00ebs evropiane n\u00eb Tiran\u00eb N\u00ebnshkruhet Memorandumi i Mir\u00ebkuptimit me Kolegjin e Evrop\u00ebs","og_url":"https:\/\/webalkans.eu\/sq\/news\/bringing-the-european-excellence-to-tirana-memorandum-of-understanding-signed-with-college-of-europe\/","og_site_name":"WeBalkans | EU Projects in the Western Balkans","article_publisher":"https:\/\/www.facebook.com\/webalkans.eu","article_published_time":"2023-10-09T12:37:54+00:00","article_modified_time":"2023-10-23T09:43:10+00:00","og_image":[{"width":1089,"height":726,"url":"https:\/\/webalkans.eu\/wp-content\/uploads\/2023\/10\/2-1.jpeg","type":"image\/jpeg"}],"author":"007designstudio@gmail.com","twitter_card":"summary_large_image","twitter_creator":"@WeBalkans","twitter_site":"@WeBalkans","twitter_misc":{"Written by":"007designstudio@gmail.com","Est. reading time":"2 minutes"},"schema":{"@context":"https:\/\/schema.org","@graph":[{"@type":"Article","@id":"https:\/\/webalkans.eu\/sq\/news\/bringing-the-european-excellence-to-tirana-memorandum-of-understanding-signed-with-college-of-europe\/#article","isPartOf":{"@id":"https:\/\/webalkans.eu\/sq\/news\/bringing-the-european-excellence-to-tirana-memorandum-of-understanding-signed-with-college-of-europe\/"},"author":{"name":"007designstudio@gmail.com","@id":"https:\/\/webalkans.eu\/sq\/#\/schema\/person\/95a8ea19ef21de3b7766e9b65ffdb4da"},"headline":"Sjellja e ekselenc\u00ebs evropiane n\u00eb Tiran\u00eb N\u00ebnshkruhet Memorandumi i Mir\u00ebkuptimit me Kolegjin e Evrop\u00ebs","datePublished":"2023-10-09T12:37:54+00:00","dateModified":"2023-10-23T09:43:10+00:00","mainEntityOfPage":{"@id":"https:\/\/webalkans.eu\/sq\/news\/bringing-the-european-excellence-to-tirana-memorandum-of-understanding-signed-with-college-of-europe\/"},"wordCount":412,"publisher":{"@id":"https:\/\/webalkans.eu\/sq\/#organization"},"image":{"@id":"https:\/\/webalkans.eu\/sq\/news\/bringing-the-european-excellence-to-tirana-memorandum-of-understanding-signed-with-college-of-europe\/#primaryimage"},"thumbnailUrl":"https:\/\/webalkans.eu\/wp-content\/uploads\/2023\/10\/2-1.jpeg","inLanguage":"sq-AL"},{"@type":"WebPage","@id":"https:\/\/webalkans.eu\/sq\/news\/bringing-the-european-excellence-to-tirana-memorandum-of-understanding-signed-with-college-of-europe\/","url":"https:\/\/webalkans.eu\/sq\/news\/bringing-the-european-excellence-to-tirana-memorandum-of-understanding-signed-with-college-of-europe\/","name":"Sjellja e ekselenc\u00ebs evropiane n\u00eb Tiran\u00eb N\u00ebnshkruhet Memorandumi i Mir\u00ebkuptimit me Kolegjin e Evrop\u00ebs News | WeBalkans","isPartOf":{"@id":"https:\/\/webalkans.eu\/sq\/#website"},"primaryImageOfPage":{"@id":"https:\/\/webalkans.eu\/sq\/news\/bringing-the-european-excellence-to-tirana-memorandum-of-understanding-signed-with-college-of-europe\/#primaryimage"},"image":{"@id":"https:\/\/webalkans.eu\/sq\/news\/bringing-the-european-excellence-to-tirana-memorandum-of-understanding-signed-with-college-of-europe\/#primaryimage"},"thumbnailUrl":"https:\/\/webalkans.eu\/wp-content\/uploads\/2023\/10\/2-1.jpeg","datePublished":"2023-10-09T12:37:54+00:00","dateModified":"2023-10-23T09:43:10+00:00","description":"Sjellja e ekselenc\u00ebs evropiane n\u00eb Tiran\u00eb N\u00ebnshkruhet Memorandumi i Mir\u00ebkuptimit me Kolegjin e Evrop\u00ebs","breadcrumb":{"@id":"https:\/\/webalkans.eu\/sq\/news\/bringing-the-european-excellence-to-tirana-memorandum-of-understanding-signed-with-college-of-europe\/#breadcrumb"},"inLanguage":"sq-AL","potentialAction":[{"@type":"ReadAction","target":["https:\/\/webalkans.eu\/sq\/news\/bringing-the-european-excellence-to-tirana-memorandum-of-understanding-signed-with-college-of-europe\/"]}]},{"@type":"ImageObject","inLanguage":"sq-AL","@id":"https:\/\/webalkans.eu\/sq\/news\/bringing-the-european-excellence-to-tirana-memorandum-of-understanding-signed-with-college-of-europe\/#primaryimage","url":"https:\/\/webalkans.eu\/wp-content\/uploads\/2023\/10\/2-1.jpeg","contentUrl":"https:\/\/webalkans.eu\/wp-content\/uploads\/2023\/10\/2-1.jpeg","width":1089,"height":726},{"@type":"BreadcrumbList","@id":"https:\/\/webalkans.eu\/sq\/news\/bringing-the-european-excellence-to-tirana-memorandum-of-understanding-signed-with-college-of-europe\/#breadcrumb","itemListElement":[{"@type":"ListItem","position":1,"name":"Home","item":"https:\/\/webalkans.eu\/sq\/homepage\/"},{"@type":"ListItem","position":2,"name":"Sjellja e ekselenc\u00ebs evropiane n\u00eb Tiran\u00eb N\u00ebnshkruhet Memorandumi i Mir\u00ebkuptimit me Kolegjin e Evrop\u00ebs"}]},{"@type":"WebSite","@id":"https:\/\/webalkans.eu\/sq\/#website","url":"https:\/\/webalkans.eu\/sq\/","name":"WeBalkans | EU Projects in the Western Balkans","description":"","publisher":{"@id":"https:\/\/webalkans.eu\/sq\/#organization"},"potentialAction":[{"@type":"SearchAction","target":{"@type":"EntryPoint","urlTemplate":"https:\/\/webalkans.eu\/sq\/?s={search_term_string}"},"query-input":{"@type":"PropertyValueSpecification","valueRequired":true,"valueName":"search_term_string"}}],"inLanguage":"sq-AL"},{"@type":"Organization","@id":"https:\/\/webalkans.eu\/sq\/#organization","name":"European Union","url":"https:\/\/webalkans.eu\/sq\/","logo":{"@type":"ImageObject","inLanguage":"sq-AL","@id":"https:\/\/webalkans.eu\/sq\/#\/schema\/logo\/image\/","url":"https:\/\/webalkans.eu\/wp-content\/uploads\/2020\/11\/eu_flag.jpg","contentUrl":"https:\/\/webalkans.eu\/wp-content\/uploads\/2020\/11\/eu_flag.jpg","width":600,"height":401,"caption":"European Union"},"image":{"@id":"https:\/\/webalkans.eu\/sq\/#\/schema\/logo\/image\/"},"sameAs":["https:\/\/www.facebook.com\/webalkans.eu","https:\/\/x.com\/WeBalkans"]},{"@type":"Person","@id":"https:\/\/webalkans.eu\/sq\/#\/schema\/person\/95a8ea19ef21de3b7766e9b65ffdb4da","name":"007designstudio@gmail.com"}]}},"_links":{"self":[{"href":"https:\/\/webalkans.eu\/sq\/wp-json\/wp\/v2\/posts\/1216396"}],"collection":[{"href":"https:\/\/webalkans.eu\/sq\/wp-json\/wp\/v2\/posts"}],"about":[{"href":"https:\/\/webalkans.eu\/sq\/wp-json\/wp\/v2\/types\/post"}],"author":[{"embeddable":true,"href":"https:\/\/webalkans.eu\/sq\/wp-json\/wp\/v2\/users\/152227"}],"replies":[{"embeddable":true,"href":"https:\/\/webalkans.eu\/sq\/wp-json\/wp\/v2\/comments?post=1216396"}],"version-history":[{"count":0,"href":"https:\/\/webalkans.eu\/sq\/wp-json\/wp\/v2\/posts\/1216396\/revisions"}],"wp:featuredmedia":[{"embeddable":true,"href":"https:\/\/webalkans.eu\/sq\/wp-json\/wp\/v2\/media\/1208003"}],"wp:attachment":[{"href":"https:\/\/webalkans.eu\/sq\/wp-json\/wp\/v2\/media?parent=1216396"}],"wp:term":[{"taxonomy":"country-for-news","embeddable":true,"href":"https:\/\/webalkans.eu\/sq\/wp-json\/wp\/v2\/country-for-news?post=1216396"}],"curies":[{"name":"wp","href":"https:\/\/api.w.org\/{rel}","templated":true}]}}