
{"id":1208132,"date":"2023-09-26T12:03:09","date_gmt":"2023-09-26T10:03:09","guid":{"rendered":"https:\/\/webalkans.eu\/news\/saving-energy-for-sustainable-urban-mobility-european-mobility-week-in-bosnia-and-herzegovina\/"},"modified":"2023-10-09T18:33:04","modified_gmt":"2023-10-09T16:33:04","slug":"saving-energy-for-sustainable-urban-mobility-european-mobility-week-in-bosnia-and-herzegovina","status":"publish","type":"post","link":"https:\/\/webalkans.eu\/sq\/news\/saving-energy-for-sustainable-urban-mobility-european-mobility-week-in-bosnia-and-herzegovina\/","title":{"rendered":"Kursimi i energjis\u00eb p\u00ebr l\u00ebvizshm\u00ebrin\u00eb e q\u00ebndrueshme urbane: Java Evropiane e L\u00ebvizshm\u00ebris\u00eb n\u00eb Bosnje dhe Hercegovin\u00eb"},"content":{"rendered":"<p style=\"font-weight: 400;\">Zyra e Bashkimit Evropian n\u00eb Bosnje dhe Hercegovin\u00eb s\u00eb bashku me partner\u00eb dhe organizata t\u00eb shumta lokale dhe administratat lokale t\u00eb Banja Lluk\u00ebs, Mostarit dhe Sarajev\u00ebs organizuan nj\u00eb s\u00ebr\u00eb aktivitetesh edukative dhe rikrijuese p\u00ebr t\u00eb gjitha gjeneratat me q\u00ebllim q\u00eb t\u00eb tregonte r\u00ebnd\u00ebsin\u00eb dhe avantazhet e shumta t\u00eb l\u00ebvizshm\u00ebris\u00eb s\u00eb q\u00ebndrueshme urbane.<\/p>\n<p>&nbsp;<\/p>\n<p style=\"font-weight: 400;\">Sh\u00ebtitja popullore dhe tradicionale e koh\u00ebs s\u00eb lir\u00eb \u201cTwo Wheels are Enough\u201d k\u00ebt\u00eb vit m\u00eb 22 shtator sh\u00ebnoi Dit\u00ebn pa Makina n\u00eb Banja Luka. Nj\u00eb nga q\u00ebllimet e ecjes n\u00eb rrug\u00eb \u00ebsht\u00eb q\u00eb t\u2019i b\u00ebj\u00eb qytetet t\u00eb p\u00ebrshtatshme p\u00ebr \u00e7ikliz\u00ebm dhe t\u00eb theksoj\u00eb nevoj\u00ebn p\u00ebr t\u2019u siguruar \u00e7iklist\u00ebve rrug\u00eb urbane p\u00ebr bi\u00e7ikleta dhe t\u00eb drejt\u00ebn p\u00ebr pjes\u00ebmarrje t\u00eb barabart\u00eb dhe aktive n\u00eb trafik. N\u00eb t\u00eb nj\u00ebjt\u00ebn dit\u00eb, m\u00eb 22 shtator, n\u00eb kuad\u00ebr t\u00eb kremtimit t\u00eb dyt\u00eb t\u00eb Jav\u00ebs Evropiane t\u00eb L\u00ebvizshm\u00ebris\u00eb n\u00eb Mostar, qytetar\u00eb t\u00eb shumt\u00eb mor\u00ebn pjes\u00eb n\u00eb Sh\u00ebtitjen e Tret\u00eb t\u00eb Mostarit me bi\u00e7iklet\u00eb duke p\u00ebrfshir\u00eb nj\u00eb sh\u00ebtitje me bi\u00e7iklet\u00eb n\u00ebp\u00ebr rrug\u00ebt e qytetit dhe nj\u00eb gar\u00eb p\u00ebr m\u00eb t\u00eb rinjt\u00eb.<\/p>\n<p>&nbsp;<\/p>\n<p style=\"font-weight: 400;\">Java Evropiane e L\u00ebvizshm\u00ebris\u00eb, nisma kryesore e Bashkimit Evropian p\u00ebr t\u00eb rritur nd\u00ebrgjegj\u00ebsimin p\u00ebr l\u00ebvizshm\u00ebrin\u00eb e q\u00ebndrueshme urbane zhvillohet \u00e7do vit nga 16 deri m\u00eb 22 shtator me pjes\u00ebmarrjen n\u00eb rritje t\u00eb qyteteve, organizatave dhe iniciativave n\u00eb t\u00eb gjith\u00eb Evrop\u00ebn dhe bot\u00ebn. Kjo nism\u00eb evropiane promovon ndryshime t\u00eb sjelljes n\u00eb favor t\u00eb l\u00ebvizshm\u00ebris\u00eb aktive, transportit publik dhe zgjidhjeve t\u00eb tjera t\u00eb pastra dhe inteligjente t\u00eb transportit.<\/p>\n<p>&nbsp;<\/p>\n<p style=\"font-weight: 400;\">Tema e k\u00ebtij viti e Jav\u00ebs Evropiane t\u00eb L\u00ebvizshm\u00ebris\u00eb\u00a0&#8220;Kurseni energjin\u00eb&#8221; me sloganin Mix and move! pasqyron lidhjen midis eficenc\u00ebs s\u00eb energjis\u00eb dhe l\u00ebvizshm\u00ebris\u00eb s\u00eb q\u00ebndrueshme urbane. Varf\u00ebria e energjis\u00eb dhe l\u00ebvizshm\u00ebris\u00eb jan\u00eb n\u00eb rritje p\u00ebr shkak t\u00eb kostove m\u00eb t\u00eb larta p\u00ebr banor\u00ebt dhe bizneset. Operacionet e transportit publik vazhdojn\u00eb t\u00eb jen\u00eb nj\u00eb shpenzim i lart\u00eb p\u00ebr buxhetet e qytetit dhe ulja e k\u00ebtyre shpenzimeve n\u00ebp\u00ebrmjet transportit me efikasitet energjetik mb\u00ebshtet infrastrukturat e transportit t\u00eb p\u00ebrballuesh\u00ebm dhe t\u00eb q\u00ebndruesh\u00ebm.<\/p>\n","protected":false},"excerpt":{"rendered":"<p>Zyra e Bashkimit Evropian n\u00eb Bosnje dhe Hercegovin\u00eb s\u00eb bashku me partner\u00eb dhe organizata t\u00eb shumta lokale dhe administratat lokale t\u00eb Banja Lluk\u00ebs, Mostarit dhe <\/p>\n","protected":false},"author":152227,"featured_media":1201895,"comment_status":"closed","ping_status":"closed","sticky":false,"template":"","format":"standard","meta":{"_acf_changed":false,"_monsterinsights_skip_tracking":false,"_monsterinsights_sitenote_active":false,"_monsterinsights_sitenote_note":"","_monsterinsights_sitenote_category":0,"footnotes":""},"country-for-news":[421],"class_list":["post-1208132","post","type-post","status-publish","format-standard","has-post-thumbnail","hentry","wb_theme-environment","country-for-news-bosnia-and-herzegovina"],"acf":[],"yoast_head":"<!-- This site is optimized with the Yoast SEO plugin v25.3.1 - https:\/\/yoast.com\/wordpress\/plugins\/seo\/ -->\n<title>Kursimi i energjis\u00eb p\u00ebr l\u00ebvizshm\u00ebrin\u00eb e q\u00ebndrueshme urbane: Java Evropiane e L\u00ebvizshm\u00ebris\u00eb n\u00eb Bosnje dhe Hercegovin\u00eb News | WeBalkans<\/title>\n<meta name=\"description\" content=\"Kursimi i energjis\u00eb p\u00ebr l\u00ebvizshm\u00ebrin\u00eb e q\u00ebndrueshme urbane: Java Evropiane e L\u00ebvizshm\u00ebris\u00eb n\u00eb Bosnje dhe Hercegovin\u00eb\" \/>\n<meta name=\"robots\" content=\"index, follow, max-snippet:-1, max-image-preview:large, max-video-preview:-1\" \/>\n<link rel=\"canonical\" href=\"https:\/\/webalkans.eu\/sq\/news\/saving-energy-for-sustainable-urban-mobility-european-mobility-week-in-bosnia-and-herzegovina\/\" \/>\n<meta property=\"og:locale\" content=\"sq_AL\" \/>\n<meta property=\"og:type\" content=\"article\" \/>\n<meta property=\"og:title\" content=\"Kursimi i energjis\u00eb p\u00ebr l\u00ebvizshm\u00ebrin\u00eb e q\u00ebndrueshme urbane: Java Evropiane e L\u00ebvizshm\u00ebris\u00eb n\u00eb Bosnje dhe Hercegovin\u00eb News | WeBalkans\" \/>\n<meta property=\"og:description\" content=\"Kursimi i energjis\u00eb p\u00ebr l\u00ebvizshm\u00ebrin\u00eb e q\u00ebndrueshme urbane: Java Evropiane e L\u00ebvizshm\u00ebris\u00eb n\u00eb Bosnje dhe Hercegovin\u00eb\" \/>\n<meta property=\"og:url\" content=\"https:\/\/webalkans.eu\/sq\/news\/saving-energy-for-sustainable-urban-mobility-european-mobility-week-in-bosnia-and-herzegovina\/\" \/>\n<meta property=\"og:site_name\" content=\"WeBalkans | EU Projects in the Western Balkans\" \/>\n<meta property=\"article:publisher\" content=\"https:\/\/www.facebook.com\/webalkans.eu\" \/>\n<meta property=\"article:published_time\" content=\"2023-09-26T10:03:09+00:00\" \/>\n<meta property=\"article:modified_time\" content=\"2023-10-09T16:33:04+00:00\" \/>\n<meta property=\"og:image\" content=\"https:\/\/webalkans.eu\/wp-content\/uploads\/2023\/09\/3-7.jpeg\" \/>\n\t<meta property=\"og:image:width\" content=\"1089\" \/>\n\t<meta property=\"og:image:height\" content=\"726\" \/>\n\t<meta property=\"og:image:type\" content=\"image\/jpeg\" \/>\n<meta name=\"author\" content=\"007designstudio@gmail.com\" \/>\n<meta name=\"twitter:card\" content=\"summary_large_image\" \/>\n<meta name=\"twitter:creator\" content=\"@WeBalkans\" \/>\n<meta name=\"twitter:site\" content=\"@WeBalkans\" \/>\n<meta name=\"twitter:label1\" content=\"Written by\" \/>\n\t<meta name=\"twitter:data1\" content=\"007designstudio@gmail.com\" \/>\n\t<meta name=\"twitter:label2\" content=\"Est. reading time\" \/>\n\t<meta name=\"twitter:data2\" content=\"2 minutes\" \/>\n<script type=\"application\/ld+json\" class=\"yoast-schema-graph\">{\"@context\":\"https:\/\/schema.org\",\"@graph\":[{\"@type\":\"Article\",\"@id\":\"https:\/\/webalkans.eu\/sq\/news\/saving-energy-for-sustainable-urban-mobility-european-mobility-week-in-bosnia-and-herzegovina\/#article\",\"isPartOf\":{\"@id\":\"https:\/\/webalkans.eu\/sq\/news\/saving-energy-for-sustainable-urban-mobility-european-mobility-week-in-bosnia-and-herzegovina\/\"},\"author\":{\"name\":\"007designstudio@gmail.com\",\"@id\":\"https:\/\/webalkans.eu\/sq\/#\/schema\/person\/95a8ea19ef21de3b7766e9b65ffdb4da\"},\"headline\":\"Kursimi i energjis\u00eb p\u00ebr l\u00ebvizshm\u00ebrin\u00eb e q\u00ebndrueshme urbane: Java Evropiane e L\u00ebvizshm\u00ebris\u00eb n\u00eb Bosnje dhe Hercegovin\u00eb\",\"datePublished\":\"2023-09-26T10:03:09+00:00\",\"dateModified\":\"2023-10-09T16:33:04+00:00\",\"mainEntityOfPage\":{\"@id\":\"https:\/\/webalkans.eu\/sq\/news\/saving-energy-for-sustainable-urban-mobility-european-mobility-week-in-bosnia-and-herzegovina\/\"},\"wordCount\":415,\"publisher\":{\"@id\":\"https:\/\/webalkans.eu\/sq\/#organization\"},\"image\":{\"@id\":\"https:\/\/webalkans.eu\/sq\/news\/saving-energy-for-sustainable-urban-mobility-european-mobility-week-in-bosnia-and-herzegovina\/#primaryimage\"},\"thumbnailUrl\":\"https:\/\/webalkans.eu\/wp-content\/uploads\/2023\/09\/3-7.jpeg\",\"inLanguage\":\"sq-AL\"},{\"@type\":\"WebPage\",\"@id\":\"https:\/\/webalkans.eu\/sq\/news\/saving-energy-for-sustainable-urban-mobility-european-mobility-week-in-bosnia-and-herzegovina\/\",\"url\":\"https:\/\/webalkans.eu\/sq\/news\/saving-energy-for-sustainable-urban-mobility-european-mobility-week-in-bosnia-and-herzegovina\/\",\"name\":\"Kursimi i energjis\u00eb p\u00ebr l\u00ebvizshm\u00ebrin\u00eb e q\u00ebndrueshme urbane: Java Evropiane e L\u00ebvizshm\u00ebris\u00eb n\u00eb Bosnje dhe Hercegovin\u00eb News | WeBalkans\",\"isPartOf\":{\"@id\":\"https:\/\/webalkans.eu\/sq\/#website\"},\"primaryImageOfPage\":{\"@id\":\"https:\/\/webalkans.eu\/sq\/news\/saving-energy-for-sustainable-urban-mobility-european-mobility-week-in-bosnia-and-herzegovina\/#primaryimage\"},\"image\":{\"@id\":\"https:\/\/webalkans.eu\/sq\/news\/saving-energy-for-sustainable-urban-mobility-european-mobility-week-in-bosnia-and-herzegovina\/#primaryimage\"},\"thumbnailUrl\":\"https:\/\/webalkans.eu\/wp-content\/uploads\/2023\/09\/3-7.jpeg\",\"datePublished\":\"2023-09-26T10:03:09+00:00\",\"dateModified\":\"2023-10-09T16:33:04+00:00\",\"description\":\"Kursimi i energjis\u00eb p\u00ebr l\u00ebvizshm\u00ebrin\u00eb e q\u00ebndrueshme urbane: Java Evropiane e L\u00ebvizshm\u00ebris\u00eb n\u00eb Bosnje dhe Hercegovin\u00eb\",\"breadcrumb\":{\"@id\":\"https:\/\/webalkans.eu\/sq\/news\/saving-energy-for-sustainable-urban-mobility-european-mobility-week-in-bosnia-and-herzegovina\/#breadcrumb\"},\"inLanguage\":\"sq-AL\",\"potentialAction\":[{\"@type\":\"ReadAction\",\"target\":[\"https:\/\/webalkans.eu\/sq\/news\/saving-energy-for-sustainable-urban-mobility-european-mobility-week-in-bosnia-and-herzegovina\/\"]}]},{\"@type\":\"ImageObject\",\"inLanguage\":\"sq-AL\",\"@id\":\"https:\/\/webalkans.eu\/sq\/news\/saving-energy-for-sustainable-urban-mobility-european-mobility-week-in-bosnia-and-herzegovina\/#primaryimage\",\"url\":\"https:\/\/webalkans.eu\/wp-content\/uploads\/2023\/09\/3-7.jpeg\",\"contentUrl\":\"https:\/\/webalkans.eu\/wp-content\/uploads\/2023\/09\/3-7.jpeg\",\"width\":1089,\"height\":726},{\"@type\":\"BreadcrumbList\",\"@id\":\"https:\/\/webalkans.eu\/sq\/news\/saving-energy-for-sustainable-urban-mobility-european-mobility-week-in-bosnia-and-herzegovina\/#breadcrumb\",\"itemListElement\":[{\"@type\":\"ListItem\",\"position\":1,\"name\":\"Home\",\"item\":\"https:\/\/webalkans.eu\/sq\/homepage\/\"},{\"@type\":\"ListItem\",\"position\":2,\"name\":\"Kursimi i energjis\u00eb p\u00ebr l\u00ebvizshm\u00ebrin\u00eb e q\u00ebndrueshme urbane: Java Evropiane e L\u00ebvizshm\u00ebris\u00eb n\u00eb Bosnje dhe Hercegovin\u00eb\"}]},{\"@type\":\"WebSite\",\"@id\":\"https:\/\/webalkans.eu\/sq\/#website\",\"url\":\"https:\/\/webalkans.eu\/sq\/\",\"name\":\"WeBalkans | EU Projects in the Western Balkans\",\"description\":\"\",\"publisher\":{\"@id\":\"https:\/\/webalkans.eu\/sq\/#organization\"},\"potentialAction\":[{\"@type\":\"SearchAction\",\"target\":{\"@type\":\"EntryPoint\",\"urlTemplate\":\"https:\/\/webalkans.eu\/sq\/?s={search_term_string}\"},\"query-input\":{\"@type\":\"PropertyValueSpecification\",\"valueRequired\":true,\"valueName\":\"search_term_string\"}}],\"inLanguage\":\"sq-AL\"},{\"@type\":\"Organization\",\"@id\":\"https:\/\/webalkans.eu\/sq\/#organization\",\"name\":\"European Union\",\"url\":\"https:\/\/webalkans.eu\/sq\/\",\"logo\":{\"@type\":\"ImageObject\",\"inLanguage\":\"sq-AL\",\"@id\":\"https:\/\/webalkans.eu\/sq\/#\/schema\/logo\/image\/\",\"url\":\"https:\/\/webalkans.eu\/wp-content\/uploads\/2020\/11\/eu_flag.jpg\",\"contentUrl\":\"https:\/\/webalkans.eu\/wp-content\/uploads\/2020\/11\/eu_flag.jpg\",\"width\":600,\"height\":401,\"caption\":\"European Union\"},\"image\":{\"@id\":\"https:\/\/webalkans.eu\/sq\/#\/schema\/logo\/image\/\"},\"sameAs\":[\"https:\/\/www.facebook.com\/webalkans.eu\",\"https:\/\/x.com\/WeBalkans\"]},{\"@type\":\"Person\",\"@id\":\"https:\/\/webalkans.eu\/sq\/#\/schema\/person\/95a8ea19ef21de3b7766e9b65ffdb4da\",\"name\":\"007designstudio@gmail.com\"}]}<\/script>\n<!-- \/ Yoast SEO plugin. -->","yoast_head_json":{"title":"Kursimi i energjis\u00eb p\u00ebr l\u00ebvizshm\u00ebrin\u00eb e q\u00ebndrueshme urbane: Java Evropiane e L\u00ebvizshm\u00ebris\u00eb n\u00eb Bosnje dhe Hercegovin\u00eb News | WeBalkans","description":"Kursimi i energjis\u00eb p\u00ebr l\u00ebvizshm\u00ebrin\u00eb e q\u00ebndrueshme urbane: Java Evropiane e L\u00ebvizshm\u00ebris\u00eb n\u00eb Bosnje dhe Hercegovin\u00eb","robots":{"index":"index","follow":"follow","max-snippet":"max-snippet:-1","max-image-preview":"max-image-preview:large","max-video-preview":"max-video-preview:-1"},"canonical":"https:\/\/webalkans.eu\/sq\/news\/saving-energy-for-sustainable-urban-mobility-european-mobility-week-in-bosnia-and-herzegovina\/","og_locale":"sq_AL","og_type":"article","og_title":"Kursimi i energjis\u00eb p\u00ebr l\u00ebvizshm\u00ebrin\u00eb e q\u00ebndrueshme urbane: Java Evropiane e L\u00ebvizshm\u00ebris\u00eb n\u00eb Bosnje dhe Hercegovin\u00eb News | WeBalkans","og_description":"Kursimi i energjis\u00eb p\u00ebr l\u00ebvizshm\u00ebrin\u00eb e q\u00ebndrueshme urbane: Java Evropiane e L\u00ebvizshm\u00ebris\u00eb n\u00eb Bosnje dhe Hercegovin\u00eb","og_url":"https:\/\/webalkans.eu\/sq\/news\/saving-energy-for-sustainable-urban-mobility-european-mobility-week-in-bosnia-and-herzegovina\/","og_site_name":"WeBalkans | EU Projects in the Western Balkans","article_publisher":"https:\/\/www.facebook.com\/webalkans.eu","article_published_time":"2023-09-26T10:03:09+00:00","article_modified_time":"2023-10-09T16:33:04+00:00","og_image":[{"width":1089,"height":726,"url":"https:\/\/webalkans.eu\/wp-content\/uploads\/2023\/09\/3-7.jpeg","type":"image\/jpeg"}],"author":"007designstudio@gmail.com","twitter_card":"summary_large_image","twitter_creator":"@WeBalkans","twitter_site":"@WeBalkans","twitter_misc":{"Written by":"007designstudio@gmail.com","Est. reading time":"2 minutes"},"schema":{"@context":"https:\/\/schema.org","@graph":[{"@type":"Article","@id":"https:\/\/webalkans.eu\/sq\/news\/saving-energy-for-sustainable-urban-mobility-european-mobility-week-in-bosnia-and-herzegovina\/#article","isPartOf":{"@id":"https:\/\/webalkans.eu\/sq\/news\/saving-energy-for-sustainable-urban-mobility-european-mobility-week-in-bosnia-and-herzegovina\/"},"author":{"name":"007designstudio@gmail.com","@id":"https:\/\/webalkans.eu\/sq\/#\/schema\/person\/95a8ea19ef21de3b7766e9b65ffdb4da"},"headline":"Kursimi i energjis\u00eb p\u00ebr l\u00ebvizshm\u00ebrin\u00eb e q\u00ebndrueshme urbane: Java Evropiane e L\u00ebvizshm\u00ebris\u00eb n\u00eb Bosnje dhe Hercegovin\u00eb","datePublished":"2023-09-26T10:03:09+00:00","dateModified":"2023-10-09T16:33:04+00:00","mainEntityOfPage":{"@id":"https:\/\/webalkans.eu\/sq\/news\/saving-energy-for-sustainable-urban-mobility-european-mobility-week-in-bosnia-and-herzegovina\/"},"wordCount":415,"publisher":{"@id":"https:\/\/webalkans.eu\/sq\/#organization"},"image":{"@id":"https:\/\/webalkans.eu\/sq\/news\/saving-energy-for-sustainable-urban-mobility-european-mobility-week-in-bosnia-and-herzegovina\/#primaryimage"},"thumbnailUrl":"https:\/\/webalkans.eu\/wp-content\/uploads\/2023\/09\/3-7.jpeg","inLanguage":"sq-AL"},{"@type":"WebPage","@id":"https:\/\/webalkans.eu\/sq\/news\/saving-energy-for-sustainable-urban-mobility-european-mobility-week-in-bosnia-and-herzegovina\/","url":"https:\/\/webalkans.eu\/sq\/news\/saving-energy-for-sustainable-urban-mobility-european-mobility-week-in-bosnia-and-herzegovina\/","name":"Kursimi i energjis\u00eb p\u00ebr l\u00ebvizshm\u00ebrin\u00eb e q\u00ebndrueshme urbane: Java Evropiane e L\u00ebvizshm\u00ebris\u00eb n\u00eb Bosnje dhe Hercegovin\u00eb News | WeBalkans","isPartOf":{"@id":"https:\/\/webalkans.eu\/sq\/#website"},"primaryImageOfPage":{"@id":"https:\/\/webalkans.eu\/sq\/news\/saving-energy-for-sustainable-urban-mobility-european-mobility-week-in-bosnia-and-herzegovina\/#primaryimage"},"image":{"@id":"https:\/\/webalkans.eu\/sq\/news\/saving-energy-for-sustainable-urban-mobility-european-mobility-week-in-bosnia-and-herzegovina\/#primaryimage"},"thumbnailUrl":"https:\/\/webalkans.eu\/wp-content\/uploads\/2023\/09\/3-7.jpeg","datePublished":"2023-09-26T10:03:09+00:00","dateModified":"2023-10-09T16:33:04+00:00","description":"Kursimi i energjis\u00eb p\u00ebr l\u00ebvizshm\u00ebrin\u00eb e q\u00ebndrueshme urbane: Java Evropiane e L\u00ebvizshm\u00ebris\u00eb n\u00eb Bosnje dhe Hercegovin\u00eb","breadcrumb":{"@id":"https:\/\/webalkans.eu\/sq\/news\/saving-energy-for-sustainable-urban-mobility-european-mobility-week-in-bosnia-and-herzegovina\/#breadcrumb"},"inLanguage":"sq-AL","potentialAction":[{"@type":"ReadAction","target":["https:\/\/webalkans.eu\/sq\/news\/saving-energy-for-sustainable-urban-mobility-european-mobility-week-in-bosnia-and-herzegovina\/"]}]},{"@type":"ImageObject","inLanguage":"sq-AL","@id":"https:\/\/webalkans.eu\/sq\/news\/saving-energy-for-sustainable-urban-mobility-european-mobility-week-in-bosnia-and-herzegovina\/#primaryimage","url":"https:\/\/webalkans.eu\/wp-content\/uploads\/2023\/09\/3-7.jpeg","contentUrl":"https:\/\/webalkans.eu\/wp-content\/uploads\/2023\/09\/3-7.jpeg","width":1089,"height":726},{"@type":"BreadcrumbList","@id":"https:\/\/webalkans.eu\/sq\/news\/saving-energy-for-sustainable-urban-mobility-european-mobility-week-in-bosnia-and-herzegovina\/#breadcrumb","itemListElement":[{"@type":"ListItem","position":1,"name":"Home","item":"https:\/\/webalkans.eu\/sq\/homepage\/"},{"@type":"ListItem","position":2,"name":"Kursimi i energjis\u00eb p\u00ebr l\u00ebvizshm\u00ebrin\u00eb e q\u00ebndrueshme urbane: Java Evropiane e L\u00ebvizshm\u00ebris\u00eb n\u00eb Bosnje dhe Hercegovin\u00eb"}]},{"@type":"WebSite","@id":"https:\/\/webalkans.eu\/sq\/#website","url":"https:\/\/webalkans.eu\/sq\/","name":"WeBalkans | EU Projects in the Western Balkans","description":"","publisher":{"@id":"https:\/\/webalkans.eu\/sq\/#organization"},"potentialAction":[{"@type":"SearchAction","target":{"@type":"EntryPoint","urlTemplate":"https:\/\/webalkans.eu\/sq\/?s={search_term_string}"},"query-input":{"@type":"PropertyValueSpecification","valueRequired":true,"valueName":"search_term_string"}}],"inLanguage":"sq-AL"},{"@type":"Organization","@id":"https:\/\/webalkans.eu\/sq\/#organization","name":"European Union","url":"https:\/\/webalkans.eu\/sq\/","logo":{"@type":"ImageObject","inLanguage":"sq-AL","@id":"https:\/\/webalkans.eu\/sq\/#\/schema\/logo\/image\/","url":"https:\/\/webalkans.eu\/wp-content\/uploads\/2020\/11\/eu_flag.jpg","contentUrl":"https:\/\/webalkans.eu\/wp-content\/uploads\/2020\/11\/eu_flag.jpg","width":600,"height":401,"caption":"European Union"},"image":{"@id":"https:\/\/webalkans.eu\/sq\/#\/schema\/logo\/image\/"},"sameAs":["https:\/\/www.facebook.com\/webalkans.eu","https:\/\/x.com\/WeBalkans"]},{"@type":"Person","@id":"https:\/\/webalkans.eu\/sq\/#\/schema\/person\/95a8ea19ef21de3b7766e9b65ffdb4da","name":"007designstudio@gmail.com"}]}},"_links":{"self":[{"href":"https:\/\/webalkans.eu\/sq\/wp-json\/wp\/v2\/posts\/1208132"}],"collection":[{"href":"https:\/\/webalkans.eu\/sq\/wp-json\/wp\/v2\/posts"}],"about":[{"href":"https:\/\/webalkans.eu\/sq\/wp-json\/wp\/v2\/types\/post"}],"author":[{"embeddable":true,"href":"https:\/\/webalkans.eu\/sq\/wp-json\/wp\/v2\/users\/152227"}],"replies":[{"embeddable":true,"href":"https:\/\/webalkans.eu\/sq\/wp-json\/wp\/v2\/comments?post=1208132"}],"version-history":[{"count":0,"href":"https:\/\/webalkans.eu\/sq\/wp-json\/wp\/v2\/posts\/1208132\/revisions"}],"wp:featuredmedia":[{"embeddable":true,"href":"https:\/\/webalkans.eu\/sq\/wp-json\/wp\/v2\/media\/1201895"}],"wp:attachment":[{"href":"https:\/\/webalkans.eu\/sq\/wp-json\/wp\/v2\/media?parent=1208132"}],"wp:term":[{"taxonomy":"country-for-news","embeddable":true,"href":"https:\/\/webalkans.eu\/sq\/wp-json\/wp\/v2\/country-for-news?post=1208132"}],"curies":[{"name":"wp","href":"https:\/\/api.w.org\/{rel}","templated":true}]}}