
{"id":1154413,"date":"2023-06-09T17:51:53","date_gmt":"2023-06-09T15:51:53","guid":{"rendered":"https:\/\/webalkans.eu\/news\/the-final-conference-of-the-eu-support-to-the-wb6-cif-project\/"},"modified":"2023-06-30T13:10:57","modified_gmt":"2023-06-30T11:10:57","slug":"the-final-conference-of-the-eu-support-to-the-wb6-cif-project","status":"publish","type":"post","link":"https:\/\/webalkans.eu\/sq\/news\/the-final-conference-of-the-eu-support-to-the-wb6-cif-project\/","title":{"rendered":"Konferenca p\u00ebrfundimtare e projektit \u2018EU Support to the WB6 CIF\u2019"},"content":{"rendered":"<p style=\"font-weight: 400;\">N\u00eb konferenc\u00ebn p\u00ebrfundimtare t\u00eb projektit \u2018EU Support to the WB6 CIF\u2019 n\u00eb Prishtin\u00eb, t\u00eb organizuar nga Western Balkans 6 Chamber Investment Forum (WB6 CIF), an\u00ebtar\u00ebt e CIF Management Board i b\u00ebn\u00eb thirrje Bashkimit Evropian q\u00eb t\u00eb siguroj\u00eb se qytetar\u00ebt dhe ekonomit\u00eb e rajonit g\u00ebzojn\u00eb kat\u00ebr lirit\u00eb themelore n\u00eb themel t\u00eb BE-s\u00eb, si l\u00ebvizja e lir\u00eb e njer\u00ebzve, mallrave, sh\u00ebrbimeve dhe kapitalit. Ata vler\u00ebsuan se ky proces mund t\u00eb p\u00ebrfundoj\u00eb n\u00eb m\u00eb pak se dy vjet.<\/p>\n<p>&nbsp;<\/p>\n<p style=\"font-weight: 400;\">Komisioni Evropian &#8211; i p\u00ebrfaq\u00ebsuar nga z. Thomas Hagleitner, fal\u00ebnderoi ekipin e projektit p\u00ebr bashk\u00ebpunimin e tyre t\u00eb shk\u00eblqyer dhe mir\u00ebpriti pun\u00ebn e arritur nga WB6 CIF p\u00ebr t\u00eb promovuar p\u00ebrfitimet dhe mund\u00ebsit\u00eb e integrimit ekonomik rajonal. Si z\u00ebri i biznesit n\u00eb Ballkanin Per\u00ebndimor, roli i WB6 CIF \u00ebsht\u00eb tani m\u00eb i r\u00ebnd\u00ebsish\u00ebm se kurr\u00eb. Me nj\u00eb perspektiv\u00eb unike p\u00ebr sfidat dhe mund\u00ebsit\u00eb e p\u00ebrfshira, WB6 CIF mund t\u00eb ndihmoj\u00eb n\u00eb thellimin e integrimit ekonomik t\u00eb rajonit &#8211; n\u00ebp\u00ebrmjet Tregut t\u00eb P\u00ebrbashk\u00ebt Rajonal dhe identifikimin e zonave p\u00ebr ta sjell\u00eb rajonin m\u00eb af\u00ebr Tregut t\u00eb Vet\u00ebm t\u00eb BE-s\u00eb.<\/p>\n<p>&nbsp;<\/p>\n<p style=\"font-weight: 400;\">Gjat\u00eb tre viteve t\u00eb fundit, nj\u00eb num\u00ebr i madh sh\u00ebrbimesh ose aktivitetesh pa pages\u00eb u zhvilluan n\u00eb projekt, duke p\u00ebrfshir\u00eb m\u00eb shum\u00eb se 6,500 kompani nga t\u00eb gjashta ekonomit\u00eb e Ballkanit Per\u00ebndimor. Objektivat kryesore t\u00eb projektit ishin rritja e bashk\u00ebpunimit nd\u00ebrkufitar t\u00eb biznesit n\u00eb Ballkanin Per\u00ebndimor duke p\u00ebrmir\u00ebsuar kuadrin rajonal ligjor dhe politik dhe duke leht\u00ebsuar bashk\u00ebpunimin e drejtp\u00ebrdrejt\u00eb p\u00ebrmes sh\u00ebrbimeve mb\u00ebshtet\u00ebse t\u00eb ofruara nga dhomat e tregtis\u00eb. Ai synonte gjithashtu t\u00eb mb\u00ebshteste zhvillimin e sektorit privat duke promovuar aksesin n\u00eb financa p\u00ebr lloje t\u00eb ndryshme biznesesh dhe zona t\u00eb tregut. P\u00ebr m\u00eb tep\u00ebr, u ofruan sh\u00ebrbime mb\u00ebshtet\u00ebse p\u00ebr t\u00eb shtuar konkurrenc\u00ebn, ve\u00e7an\u00ebrisht p\u00ebr nd\u00ebrmarrjet e vogla dhe t\u00eb mesme, theksuan pjes\u00ebmarr\u00ebsit e konferenc\u00ebs.<\/p>\n","protected":false},"excerpt":{"rendered":"<p>N\u00eb konferenc\u00ebn p\u00ebrfundimtare t\u00eb projektit \u2018EU Support to the WB6 CIF\u2019 n\u00eb Prishtin\u00eb, t\u00eb organizuar nga Western Balkans 6 Chamber Investment Forum (WB6 CIF), an\u00ebtar\u00ebt <\/p>\n","protected":false},"author":152227,"featured_media":1133765,"comment_status":"closed","ping_status":"closed","sticky":false,"template":"","format":"standard","meta":{"_acf_changed":false,"_monsterinsights_skip_tracking":false,"_monsterinsights_sitenote_active":false,"_monsterinsights_sitenote_note":"","_monsterinsights_sitenote_category":0,"footnotes":""},"country-for-news":[415,421,428,431,437,441],"class_list":["post-1154413","post","type-post","status-publish","format-standard","has-post-thumbnail","hentry","wb_theme-economy","country-for-news-albania","country-for-news-bosnia-and-herzegovina","country-for-news-kosovo","country-for-news-montenegro","country-for-news-north-macedonia","country-for-news-serbia"],"acf":[],"yoast_head":"<!-- This site is optimized with the Yoast SEO plugin v25.3.1 - https:\/\/yoast.com\/wordpress\/plugins\/seo\/ -->\n<title>Konferenca p\u00ebrfundimtare e projektit \u2018EU Support to the WB6 CIF\u2019 News | WeBalkans<\/title>\n<meta name=\"description\" content=\"Konferenca p\u00ebrfundimtare e projektit \u2018EU Support to the WB6 CIF\u2019\" \/>\n<meta name=\"robots\" content=\"index, follow, max-snippet:-1, max-image-preview:large, max-video-preview:-1\" \/>\n<link rel=\"canonical\" href=\"https:\/\/webalkans.eu\/sq\/news\/the-final-conference-of-the-eu-support-to-the-wb6-cif-project\/\" \/>\n<meta property=\"og:locale\" content=\"sq_AL\" \/>\n<meta property=\"og:type\" content=\"article\" \/>\n<meta property=\"og:title\" content=\"Konferenca p\u00ebrfundimtare e projektit \u2018EU Support to the WB6 CIF\u2019 News | WeBalkans\" \/>\n<meta property=\"og:description\" content=\"Konferenca p\u00ebrfundimtare e projektit \u2018EU Support to the WB6 CIF\u2019\" \/>\n<meta property=\"og:url\" content=\"https:\/\/webalkans.eu\/sq\/news\/the-final-conference-of-the-eu-support-to-the-wb6-cif-project\/\" \/>\n<meta property=\"og:site_name\" content=\"WeBalkans | EU Projects in the Western Balkans\" \/>\n<meta property=\"article:publisher\" content=\"https:\/\/www.facebook.com\/webalkans.eu\" \/>\n<meta property=\"article:published_time\" content=\"2023-06-09T15:51:53+00:00\" \/>\n<meta property=\"article:modified_time\" content=\"2023-06-30T11:10:57+00:00\" \/>\n<meta property=\"og:image\" content=\"https:\/\/webalkans.eu\/wp-content\/uploads\/2023\/06\/13.jpeg\" \/>\n\t<meta property=\"og:image:width\" content=\"1000\" \/>\n\t<meta property=\"og:image:height\" content=\"522\" \/>\n\t<meta property=\"og:image:type\" content=\"image\/jpeg\" \/>\n<meta name=\"author\" content=\"007designstudio@gmail.com\" \/>\n<meta name=\"twitter:card\" content=\"summary_large_image\" \/>\n<meta name=\"twitter:creator\" content=\"@WeBalkans\" \/>\n<meta name=\"twitter:site\" content=\"@WeBalkans\" \/>\n<meta name=\"twitter:label1\" content=\"Written by\" \/>\n\t<meta name=\"twitter:data1\" content=\"007designstudio@gmail.com\" \/>\n\t<meta name=\"twitter:label2\" content=\"Est. reading time\" \/>\n\t<meta name=\"twitter:data2\" content=\"2 minutes\" \/>\n<script type=\"application\/ld+json\" class=\"yoast-schema-graph\">{\"@context\":\"https:\/\/schema.org\",\"@graph\":[{\"@type\":\"Article\",\"@id\":\"https:\/\/webalkans.eu\/sq\/news\/the-final-conference-of-the-eu-support-to-the-wb6-cif-project\/#article\",\"isPartOf\":{\"@id\":\"https:\/\/webalkans.eu\/sq\/news\/the-final-conference-of-the-eu-support-to-the-wb6-cif-project\/\"},\"author\":{\"name\":\"007designstudio@gmail.com\",\"@id\":\"https:\/\/webalkans.eu\/sq\/#\/schema\/person\/95a8ea19ef21de3b7766e9b65ffdb4da\"},\"headline\":\"Konferenca p\u00ebrfundimtare e projektit \u2018EU Support to the WB6 CIF\u2019\",\"datePublished\":\"2023-06-09T15:51:53+00:00\",\"dateModified\":\"2023-06-30T11:10:57+00:00\",\"mainEntityOfPage\":{\"@id\":\"https:\/\/webalkans.eu\/sq\/news\/the-final-conference-of-the-eu-support-to-the-wb6-cif-project\/\"},\"wordCount\":369,\"publisher\":{\"@id\":\"https:\/\/webalkans.eu\/sq\/#organization\"},\"image\":{\"@id\":\"https:\/\/webalkans.eu\/sq\/news\/the-final-conference-of-the-eu-support-to-the-wb6-cif-project\/#primaryimage\"},\"thumbnailUrl\":\"https:\/\/webalkans.eu\/wp-content\/uploads\/2023\/06\/13.jpeg\",\"inLanguage\":\"sq-AL\"},{\"@type\":\"WebPage\",\"@id\":\"https:\/\/webalkans.eu\/sq\/news\/the-final-conference-of-the-eu-support-to-the-wb6-cif-project\/\",\"url\":\"https:\/\/webalkans.eu\/sq\/news\/the-final-conference-of-the-eu-support-to-the-wb6-cif-project\/\",\"name\":\"Konferenca p\u00ebrfundimtare e projektit \u2018EU Support to the WB6 CIF\u2019 News | WeBalkans\",\"isPartOf\":{\"@id\":\"https:\/\/webalkans.eu\/sq\/#website\"},\"primaryImageOfPage\":{\"@id\":\"https:\/\/webalkans.eu\/sq\/news\/the-final-conference-of-the-eu-support-to-the-wb6-cif-project\/#primaryimage\"},\"image\":{\"@id\":\"https:\/\/webalkans.eu\/sq\/news\/the-final-conference-of-the-eu-support-to-the-wb6-cif-project\/#primaryimage\"},\"thumbnailUrl\":\"https:\/\/webalkans.eu\/wp-content\/uploads\/2023\/06\/13.jpeg\",\"datePublished\":\"2023-06-09T15:51:53+00:00\",\"dateModified\":\"2023-06-30T11:10:57+00:00\",\"description\":\"Konferenca p\u00ebrfundimtare e projektit \u2018EU Support to the WB6 CIF\u2019\",\"breadcrumb\":{\"@id\":\"https:\/\/webalkans.eu\/sq\/news\/the-final-conference-of-the-eu-support-to-the-wb6-cif-project\/#breadcrumb\"},\"inLanguage\":\"sq-AL\",\"potentialAction\":[{\"@type\":\"ReadAction\",\"target\":[\"https:\/\/webalkans.eu\/sq\/news\/the-final-conference-of-the-eu-support-to-the-wb6-cif-project\/\"]}]},{\"@type\":\"ImageObject\",\"inLanguage\":\"sq-AL\",\"@id\":\"https:\/\/webalkans.eu\/sq\/news\/the-final-conference-of-the-eu-support-to-the-wb6-cif-project\/#primaryimage\",\"url\":\"https:\/\/webalkans.eu\/wp-content\/uploads\/2023\/06\/13.jpeg\",\"contentUrl\":\"https:\/\/webalkans.eu\/wp-content\/uploads\/2023\/06\/13.jpeg\",\"width\":1000,\"height\":522},{\"@type\":\"BreadcrumbList\",\"@id\":\"https:\/\/webalkans.eu\/sq\/news\/the-final-conference-of-the-eu-support-to-the-wb6-cif-project\/#breadcrumb\",\"itemListElement\":[{\"@type\":\"ListItem\",\"position\":1,\"name\":\"Home\",\"item\":\"https:\/\/webalkans.eu\/sq\/homepage\/\"},{\"@type\":\"ListItem\",\"position\":2,\"name\":\"Konferenca p\u00ebrfundimtare e projektit \u2018EU Support to the WB6 CIF\u2019\"}]},{\"@type\":\"WebSite\",\"@id\":\"https:\/\/webalkans.eu\/sq\/#website\",\"url\":\"https:\/\/webalkans.eu\/sq\/\",\"name\":\"WeBalkans | EU Projects in the Western Balkans\",\"description\":\"\",\"publisher\":{\"@id\":\"https:\/\/webalkans.eu\/sq\/#organization\"},\"potentialAction\":[{\"@type\":\"SearchAction\",\"target\":{\"@type\":\"EntryPoint\",\"urlTemplate\":\"https:\/\/webalkans.eu\/sq\/?s={search_term_string}\"},\"query-input\":{\"@type\":\"PropertyValueSpecification\",\"valueRequired\":true,\"valueName\":\"search_term_string\"}}],\"inLanguage\":\"sq-AL\"},{\"@type\":\"Organization\",\"@id\":\"https:\/\/webalkans.eu\/sq\/#organization\",\"name\":\"European Union\",\"url\":\"https:\/\/webalkans.eu\/sq\/\",\"logo\":{\"@type\":\"ImageObject\",\"inLanguage\":\"sq-AL\",\"@id\":\"https:\/\/webalkans.eu\/sq\/#\/schema\/logo\/image\/\",\"url\":\"https:\/\/webalkans.eu\/wp-content\/uploads\/2020\/11\/eu_flag.jpg\",\"contentUrl\":\"https:\/\/webalkans.eu\/wp-content\/uploads\/2020\/11\/eu_flag.jpg\",\"width\":600,\"height\":401,\"caption\":\"European Union\"},\"image\":{\"@id\":\"https:\/\/webalkans.eu\/sq\/#\/schema\/logo\/image\/\"},\"sameAs\":[\"https:\/\/www.facebook.com\/webalkans.eu\",\"https:\/\/x.com\/WeBalkans\"]},{\"@type\":\"Person\",\"@id\":\"https:\/\/webalkans.eu\/sq\/#\/schema\/person\/95a8ea19ef21de3b7766e9b65ffdb4da\",\"name\":\"007designstudio@gmail.com\"}]}<\/script>\n<!-- \/ Yoast SEO plugin. -->","yoast_head_json":{"title":"Konferenca p\u00ebrfundimtare e projektit \u2018EU Support to the WB6 CIF\u2019 News | WeBalkans","description":"Konferenca p\u00ebrfundimtare e projektit \u2018EU Support to the WB6 CIF\u2019","robots":{"index":"index","follow":"follow","max-snippet":"max-snippet:-1","max-image-preview":"max-image-preview:large","max-video-preview":"max-video-preview:-1"},"canonical":"https:\/\/webalkans.eu\/sq\/news\/the-final-conference-of-the-eu-support-to-the-wb6-cif-project\/","og_locale":"sq_AL","og_type":"article","og_title":"Konferenca p\u00ebrfundimtare e projektit \u2018EU Support to the WB6 CIF\u2019 News | WeBalkans","og_description":"Konferenca p\u00ebrfundimtare e projektit \u2018EU Support to the WB6 CIF\u2019","og_url":"https:\/\/webalkans.eu\/sq\/news\/the-final-conference-of-the-eu-support-to-the-wb6-cif-project\/","og_site_name":"WeBalkans | EU Projects in the Western Balkans","article_publisher":"https:\/\/www.facebook.com\/webalkans.eu","article_published_time":"2023-06-09T15:51:53+00:00","article_modified_time":"2023-06-30T11:10:57+00:00","og_image":[{"width":1000,"height":522,"url":"https:\/\/webalkans.eu\/wp-content\/uploads\/2023\/06\/13.jpeg","type":"image\/jpeg"}],"author":"007designstudio@gmail.com","twitter_card":"summary_large_image","twitter_creator":"@WeBalkans","twitter_site":"@WeBalkans","twitter_misc":{"Written by":"007designstudio@gmail.com","Est. reading time":"2 minutes"},"schema":{"@context":"https:\/\/schema.org","@graph":[{"@type":"Article","@id":"https:\/\/webalkans.eu\/sq\/news\/the-final-conference-of-the-eu-support-to-the-wb6-cif-project\/#article","isPartOf":{"@id":"https:\/\/webalkans.eu\/sq\/news\/the-final-conference-of-the-eu-support-to-the-wb6-cif-project\/"},"author":{"name":"007designstudio@gmail.com","@id":"https:\/\/webalkans.eu\/sq\/#\/schema\/person\/95a8ea19ef21de3b7766e9b65ffdb4da"},"headline":"Konferenca p\u00ebrfundimtare e projektit \u2018EU Support to the WB6 CIF\u2019","datePublished":"2023-06-09T15:51:53+00:00","dateModified":"2023-06-30T11:10:57+00:00","mainEntityOfPage":{"@id":"https:\/\/webalkans.eu\/sq\/news\/the-final-conference-of-the-eu-support-to-the-wb6-cif-project\/"},"wordCount":369,"publisher":{"@id":"https:\/\/webalkans.eu\/sq\/#organization"},"image":{"@id":"https:\/\/webalkans.eu\/sq\/news\/the-final-conference-of-the-eu-support-to-the-wb6-cif-project\/#primaryimage"},"thumbnailUrl":"https:\/\/webalkans.eu\/wp-content\/uploads\/2023\/06\/13.jpeg","inLanguage":"sq-AL"},{"@type":"WebPage","@id":"https:\/\/webalkans.eu\/sq\/news\/the-final-conference-of-the-eu-support-to-the-wb6-cif-project\/","url":"https:\/\/webalkans.eu\/sq\/news\/the-final-conference-of-the-eu-support-to-the-wb6-cif-project\/","name":"Konferenca p\u00ebrfundimtare e projektit \u2018EU Support to the WB6 CIF\u2019 News | WeBalkans","isPartOf":{"@id":"https:\/\/webalkans.eu\/sq\/#website"},"primaryImageOfPage":{"@id":"https:\/\/webalkans.eu\/sq\/news\/the-final-conference-of-the-eu-support-to-the-wb6-cif-project\/#primaryimage"},"image":{"@id":"https:\/\/webalkans.eu\/sq\/news\/the-final-conference-of-the-eu-support-to-the-wb6-cif-project\/#primaryimage"},"thumbnailUrl":"https:\/\/webalkans.eu\/wp-content\/uploads\/2023\/06\/13.jpeg","datePublished":"2023-06-09T15:51:53+00:00","dateModified":"2023-06-30T11:10:57+00:00","description":"Konferenca p\u00ebrfundimtare e projektit \u2018EU Support to the WB6 CIF\u2019","breadcrumb":{"@id":"https:\/\/webalkans.eu\/sq\/news\/the-final-conference-of-the-eu-support-to-the-wb6-cif-project\/#breadcrumb"},"inLanguage":"sq-AL","potentialAction":[{"@type":"ReadAction","target":["https:\/\/webalkans.eu\/sq\/news\/the-final-conference-of-the-eu-support-to-the-wb6-cif-project\/"]}]},{"@type":"ImageObject","inLanguage":"sq-AL","@id":"https:\/\/webalkans.eu\/sq\/news\/the-final-conference-of-the-eu-support-to-the-wb6-cif-project\/#primaryimage","url":"https:\/\/webalkans.eu\/wp-content\/uploads\/2023\/06\/13.jpeg","contentUrl":"https:\/\/webalkans.eu\/wp-content\/uploads\/2023\/06\/13.jpeg","width":1000,"height":522},{"@type":"BreadcrumbList","@id":"https:\/\/webalkans.eu\/sq\/news\/the-final-conference-of-the-eu-support-to-the-wb6-cif-project\/#breadcrumb","itemListElement":[{"@type":"ListItem","position":1,"name":"Home","item":"https:\/\/webalkans.eu\/sq\/homepage\/"},{"@type":"ListItem","position":2,"name":"Konferenca p\u00ebrfundimtare e projektit \u2018EU Support to the WB6 CIF\u2019"}]},{"@type":"WebSite","@id":"https:\/\/webalkans.eu\/sq\/#website","url":"https:\/\/webalkans.eu\/sq\/","name":"WeBalkans | EU Projects in the Western Balkans","description":"","publisher":{"@id":"https:\/\/webalkans.eu\/sq\/#organization"},"potentialAction":[{"@type":"SearchAction","target":{"@type":"EntryPoint","urlTemplate":"https:\/\/webalkans.eu\/sq\/?s={search_term_string}"},"query-input":{"@type":"PropertyValueSpecification","valueRequired":true,"valueName":"search_term_string"}}],"inLanguage":"sq-AL"},{"@type":"Organization","@id":"https:\/\/webalkans.eu\/sq\/#organization","name":"European Union","url":"https:\/\/webalkans.eu\/sq\/","logo":{"@type":"ImageObject","inLanguage":"sq-AL","@id":"https:\/\/webalkans.eu\/sq\/#\/schema\/logo\/image\/","url":"https:\/\/webalkans.eu\/wp-content\/uploads\/2020\/11\/eu_flag.jpg","contentUrl":"https:\/\/webalkans.eu\/wp-content\/uploads\/2020\/11\/eu_flag.jpg","width":600,"height":401,"caption":"European Union"},"image":{"@id":"https:\/\/webalkans.eu\/sq\/#\/schema\/logo\/image\/"},"sameAs":["https:\/\/www.facebook.com\/webalkans.eu","https:\/\/x.com\/WeBalkans"]},{"@type":"Person","@id":"https:\/\/webalkans.eu\/sq\/#\/schema\/person\/95a8ea19ef21de3b7766e9b65ffdb4da","name":"007designstudio@gmail.com"}]}},"_links":{"self":[{"href":"https:\/\/webalkans.eu\/sq\/wp-json\/wp\/v2\/posts\/1154413"}],"collection":[{"href":"https:\/\/webalkans.eu\/sq\/wp-json\/wp\/v2\/posts"}],"about":[{"href":"https:\/\/webalkans.eu\/sq\/wp-json\/wp\/v2\/types\/post"}],"author":[{"embeddable":true,"href":"https:\/\/webalkans.eu\/sq\/wp-json\/wp\/v2\/users\/152227"}],"replies":[{"embeddable":true,"href":"https:\/\/webalkans.eu\/sq\/wp-json\/wp\/v2\/comments?post=1154413"}],"version-history":[{"count":0,"href":"https:\/\/webalkans.eu\/sq\/wp-json\/wp\/v2\/posts\/1154413\/revisions"}],"wp:featuredmedia":[{"embeddable":true,"href":"https:\/\/webalkans.eu\/sq\/wp-json\/wp\/v2\/media\/1133765"}],"wp:attachment":[{"href":"https:\/\/webalkans.eu\/sq\/wp-json\/wp\/v2\/media?parent=1154413"}],"wp:term":[{"taxonomy":"country-for-news","embeddable":true,"href":"https:\/\/webalkans.eu\/sq\/wp-json\/wp\/v2\/country-for-news?post=1154413"}],"curies":[{"name":"wp","href":"https:\/\/api.w.org\/{rel}","templated":true}]}}