
{"id":1154406,"date":"2023-06-09T17:48:11","date_gmt":"2023-06-09T15:48:11","guid":{"rendered":"https:\/\/webalkans.eu\/news\/energy-efficiency-in-sarajevo-in-images\/"},"modified":"2023-06-30T13:08:46","modified_gmt":"2023-06-30T11:08:46","slug":"energy-efficiency-in-sarajevo-in-images","status":"publish","type":"post","link":"https:\/\/webalkans.eu\/sq\/news\/energy-efficiency-in-sarajevo-in-images\/","title":{"rendered":"Eficienca e energjis\u00eb n\u00eb Sarajev\u00eb n\u00eb pamje"},"content":{"rendered":"<div>\n<p><span lang=\"SQ\">Nj\u00eb ekspozit\u00eb fotosh u prezantua deri n\u00eb fund t\u00eb majit af\u00ebr bregut t\u00eb lumit t\u00eb Sarajev\u00ebs si pjes\u00eb e projektit <\/span><span lang=\"EN-GB\"><a href=\"https:\/\/wbif.eu\/news-details\/eu-helps-energy-efficiency-public-buildings-sarajevo-canton-2\" target=\"_blank\" rel=\"noopener\"><span lang=\"SQ\">&#8221; Energy efficiency in public buildings of the Canton of Sarajevo &#8220;<\/span><\/a><\/span><span lang=\"SQ\">. Ekspozita prezanton rezultatet e faz\u00ebs s\u00eb par\u00eb t\u00eb projektit t\u00eb p\u00ebrfunduar me sukses, gjat\u00eb s\u00eb cil\u00ebs u rinovuan 15 godina publike n\u00eb Sarajev\u00eb. Ata p\u00ebrfshin\u00eb shkollat dhe kopshtet si dhe Qendr\u00ebn Sh\u00ebndet\u00ebsore Ilid\u017ea. Si rezultat i investimeve n\u00eb izolimin termal, duke instaluar ndri\u00e7ues LED dhe duke z\u00ebvend\u00ebsuar burimet e energjis\u00eb, emetimet e CO<sub>2 <\/sub>-s\u00eb priten t\u00eb p\u00ebrgjysmohen. Me cil\u00ebsi t\u00eb lart\u00eb t\u00eb ngrohjes dhe ftohjes, p\u00ebrdoruesit e k\u00ebtyre godinave publike do t\u00eb ndihen m\u00eb rehat dhe konsumimi i p\u00ebrgjysmuar i energjis\u00eb p\u00ebrkthehet n\u00eb nj\u00eb kursim i konsideruesh\u00ebm n\u00eb buxhetin e Kantonit t\u00eb Sarajev\u00ebs. Projekti \u00ebsht\u00eb financuar nga <\/span><span lang=\"EN-GB\"><a href=\"https:\/\/wbif.eu\/reep\" target=\"_blank\" rel=\"noopener\"><span lang=\"SQ\">Programi i Eficien\u00ebs s\u00eb Energjis\u00eb Rajonale (REEP)<\/span><\/a><\/span><span lang=\"SQ\">, nj\u00eb produkt investimi nga Plani Ekonomik dhe Investimi p\u00ebr Ballkanin Per\u00ebndimor 2021-2027.<\/span><\/p>\n<p>&nbsp;<\/p>\n<\/div>\n<div>\n<p><span lang=\"SQ\">Punimet n\u00eb objektet ishin financuar nga Bashkimi Evropian me 2 milion\u00eb euro grant dhe kredin\u00eb prej 8 milion\u00ebsh nga BREZH-i. Qeveria Austriake dha fonde p\u00ebr asistenc\u00eb teknike. Projekti \u00ebsht\u00eb pjes\u00eb e Planit t\u00eb Veprimit t\u00eb BRZH-it <\/span><span lang=\"EN-GB\"><a href=\"https:\/\/www.ebrdgreencities.com\/\" target=\"_blank\" rel=\"noopener\"><span lang=\"SQ\">&#8220;Qytetet Ekologjike&#8221;<\/span><\/a><\/span><span lang=\"SQ\">\u00a0p\u00ebr Sarajev\u00ebn. Ekspozita ishte e vendosur p\u00ebrball\u00eb Akademis\u00eb s\u00eb Arteve t\u00eb Bukura n\u00eb Sarajev\u00eb, ku qytetar\u00ebt mund t\u00eb vizitonin at\u00eb nga 16 deri n\u00eb 29 Maj.<\/span><\/p>\n<p>&nbsp;<\/p>\n<\/div>\n<div>\n<p><span lang=\"SQ\"><br \/>\nEkspozita ishte hapur zyrtarisht nga Kryeministri i Kantonit t\u00eb Sarajev\u00ebs, Nihad Uk, s\u00eb bashku me p\u00ebrfaq\u00ebsuesit e Bashkimit Evropian, t\u00eb Ambasad\u00ebs Austriake n\u00eb Bosnje dhe Hercegovin\u00ebn dhe BERZH-it.<\/span><\/p>\n<\/div>\n","protected":false},"excerpt":{"rendered":"<p>Nj\u00eb ekspozit\u00eb fotosh u prezantua deri n\u00eb fund t\u00eb majit af\u00ebr bregut t\u00eb lumit t\u00eb Sarajev\u00ebs si pjes\u00eb e projektit &#8221; Energy efficiency in public <\/p>\n","protected":false},"author":152227,"featured_media":1133752,"comment_status":"closed","ping_status":"closed","sticky":false,"template":"","format":"standard","meta":{"_acf_changed":false,"_monsterinsights_skip_tracking":false,"_monsterinsights_sitenote_active":false,"_monsterinsights_sitenote_note":"","_monsterinsights_sitenote_category":0,"footnotes":""},"country-for-news":[421],"class_list":["post-1154406","post","type-post","status-publish","format-standard","has-post-thumbnail","hentry","wb_theme-environment","country-for-news-bosnia-and-herzegovina"],"acf":[],"yoast_head":"<!-- This site is optimized with the Yoast SEO plugin v25.3.1 - https:\/\/yoast.com\/wordpress\/plugins\/seo\/ -->\n<title>Eficienca e energjis\u00eb n\u00eb Sarajev\u00eb n\u00eb pamje News | WeBalkans<\/title>\n<meta name=\"description\" content=\"Eficienca e energjis\u00eb n\u00eb Sarajev\u00eb n\u00eb pamje\" \/>\n<meta name=\"robots\" content=\"index, follow, max-snippet:-1, max-image-preview:large, max-video-preview:-1\" \/>\n<link rel=\"canonical\" href=\"https:\/\/webalkans.eu\/sq\/news\/energy-efficiency-in-sarajevo-in-images\/\" \/>\n<meta property=\"og:locale\" content=\"sq_AL\" \/>\n<meta property=\"og:type\" content=\"article\" \/>\n<meta property=\"og:title\" content=\"Eficienca e energjis\u00eb n\u00eb Sarajev\u00eb n\u00eb pamje News | WeBalkans\" \/>\n<meta property=\"og:description\" content=\"Eficienca e energjis\u00eb n\u00eb Sarajev\u00eb n\u00eb pamje\" \/>\n<meta property=\"og:url\" content=\"https:\/\/webalkans.eu\/sq\/news\/energy-efficiency-in-sarajevo-in-images\/\" \/>\n<meta property=\"og:site_name\" content=\"WeBalkans | EU Projects in the Western Balkans\" \/>\n<meta property=\"article:publisher\" content=\"https:\/\/www.facebook.com\/webalkans.eu\" \/>\n<meta property=\"article:published_time\" content=\"2023-06-09T15:48:11+00:00\" \/>\n<meta property=\"article:modified_time\" content=\"2023-06-30T11:08:46+00:00\" \/>\n<meta property=\"og:image\" content=\"https:\/\/webalkans.eu\/wp-content\/uploads\/2023\/06\/12.jpeg\" \/>\n\t<meta property=\"og:image:width\" content=\"1393\" \/>\n\t<meta property=\"og:image:height\" content=\"931\" \/>\n\t<meta property=\"og:image:type\" content=\"image\/jpeg\" \/>\n<meta name=\"author\" content=\"007designstudio@gmail.com\" \/>\n<meta name=\"twitter:card\" content=\"summary_large_image\" \/>\n<meta name=\"twitter:creator\" content=\"@WeBalkans\" \/>\n<meta name=\"twitter:site\" content=\"@WeBalkans\" \/>\n<meta name=\"twitter:label1\" content=\"Written by\" \/>\n\t<meta name=\"twitter:data1\" content=\"007designstudio@gmail.com\" \/>\n\t<meta name=\"twitter:label2\" content=\"Est. reading time\" \/>\n\t<meta name=\"twitter:data2\" content=\"1 minute\" \/>\n<script type=\"application\/ld+json\" class=\"yoast-schema-graph\">{\"@context\":\"https:\/\/schema.org\",\"@graph\":[{\"@type\":\"Article\",\"@id\":\"https:\/\/webalkans.eu\/sq\/news\/energy-efficiency-in-sarajevo-in-images\/#article\",\"isPartOf\":{\"@id\":\"https:\/\/webalkans.eu\/sq\/news\/energy-efficiency-in-sarajevo-in-images\/\"},\"author\":{\"name\":\"007designstudio@gmail.com\",\"@id\":\"https:\/\/webalkans.eu\/sq\/#\/schema\/person\/95a8ea19ef21de3b7766e9b65ffdb4da\"},\"headline\":\"Eficienca e energjis\u00eb n\u00eb Sarajev\u00eb n\u00eb pamje\",\"datePublished\":\"2023-06-09T15:48:11+00:00\",\"dateModified\":\"2023-06-30T11:08:46+00:00\",\"mainEntityOfPage\":{\"@id\":\"https:\/\/webalkans.eu\/sq\/news\/energy-efficiency-in-sarajevo-in-images\/\"},\"wordCount\":277,\"publisher\":{\"@id\":\"https:\/\/webalkans.eu\/sq\/#organization\"},\"image\":{\"@id\":\"https:\/\/webalkans.eu\/sq\/news\/energy-efficiency-in-sarajevo-in-images\/#primaryimage\"},\"thumbnailUrl\":\"https:\/\/webalkans.eu\/wp-content\/uploads\/2023\/06\/12.jpeg\",\"inLanguage\":\"sq-AL\"},{\"@type\":\"WebPage\",\"@id\":\"https:\/\/webalkans.eu\/sq\/news\/energy-efficiency-in-sarajevo-in-images\/\",\"url\":\"https:\/\/webalkans.eu\/sq\/news\/energy-efficiency-in-sarajevo-in-images\/\",\"name\":\"Eficienca e energjis\u00eb n\u00eb Sarajev\u00eb n\u00eb pamje News | WeBalkans\",\"isPartOf\":{\"@id\":\"https:\/\/webalkans.eu\/sq\/#website\"},\"primaryImageOfPage\":{\"@id\":\"https:\/\/webalkans.eu\/sq\/news\/energy-efficiency-in-sarajevo-in-images\/#primaryimage\"},\"image\":{\"@id\":\"https:\/\/webalkans.eu\/sq\/news\/energy-efficiency-in-sarajevo-in-images\/#primaryimage\"},\"thumbnailUrl\":\"https:\/\/webalkans.eu\/wp-content\/uploads\/2023\/06\/12.jpeg\",\"datePublished\":\"2023-06-09T15:48:11+00:00\",\"dateModified\":\"2023-06-30T11:08:46+00:00\",\"description\":\"Eficienca e energjis\u00eb n\u00eb Sarajev\u00eb n\u00eb pamje\",\"breadcrumb\":{\"@id\":\"https:\/\/webalkans.eu\/sq\/news\/energy-efficiency-in-sarajevo-in-images\/#breadcrumb\"},\"inLanguage\":\"sq-AL\",\"potentialAction\":[{\"@type\":\"ReadAction\",\"target\":[\"https:\/\/webalkans.eu\/sq\/news\/energy-efficiency-in-sarajevo-in-images\/\"]}]},{\"@type\":\"ImageObject\",\"inLanguage\":\"sq-AL\",\"@id\":\"https:\/\/webalkans.eu\/sq\/news\/energy-efficiency-in-sarajevo-in-images\/#primaryimage\",\"url\":\"https:\/\/webalkans.eu\/wp-content\/uploads\/2023\/06\/12.jpeg\",\"contentUrl\":\"https:\/\/webalkans.eu\/wp-content\/uploads\/2023\/06\/12.jpeg\",\"width\":1393,\"height\":931},{\"@type\":\"BreadcrumbList\",\"@id\":\"https:\/\/webalkans.eu\/sq\/news\/energy-efficiency-in-sarajevo-in-images\/#breadcrumb\",\"itemListElement\":[{\"@type\":\"ListItem\",\"position\":1,\"name\":\"Home\",\"item\":\"https:\/\/webalkans.eu\/sq\/homepage\/\"},{\"@type\":\"ListItem\",\"position\":2,\"name\":\"Eficienca e energjis\u00eb n\u00eb Sarajev\u00eb n\u00eb pamje\"}]},{\"@type\":\"WebSite\",\"@id\":\"https:\/\/webalkans.eu\/sq\/#website\",\"url\":\"https:\/\/webalkans.eu\/sq\/\",\"name\":\"WeBalkans | EU Projects in the Western Balkans\",\"description\":\"\",\"publisher\":{\"@id\":\"https:\/\/webalkans.eu\/sq\/#organization\"},\"potentialAction\":[{\"@type\":\"SearchAction\",\"target\":{\"@type\":\"EntryPoint\",\"urlTemplate\":\"https:\/\/webalkans.eu\/sq\/?s={search_term_string}\"},\"query-input\":{\"@type\":\"PropertyValueSpecification\",\"valueRequired\":true,\"valueName\":\"search_term_string\"}}],\"inLanguage\":\"sq-AL\"},{\"@type\":\"Organization\",\"@id\":\"https:\/\/webalkans.eu\/sq\/#organization\",\"name\":\"European Union\",\"url\":\"https:\/\/webalkans.eu\/sq\/\",\"logo\":{\"@type\":\"ImageObject\",\"inLanguage\":\"sq-AL\",\"@id\":\"https:\/\/webalkans.eu\/sq\/#\/schema\/logo\/image\/\",\"url\":\"https:\/\/webalkans.eu\/wp-content\/uploads\/2020\/11\/eu_flag.jpg\",\"contentUrl\":\"https:\/\/webalkans.eu\/wp-content\/uploads\/2020\/11\/eu_flag.jpg\",\"width\":600,\"height\":401,\"caption\":\"European Union\"},\"image\":{\"@id\":\"https:\/\/webalkans.eu\/sq\/#\/schema\/logo\/image\/\"},\"sameAs\":[\"https:\/\/www.facebook.com\/webalkans.eu\",\"https:\/\/x.com\/WeBalkans\"]},{\"@type\":\"Person\",\"@id\":\"https:\/\/webalkans.eu\/sq\/#\/schema\/person\/95a8ea19ef21de3b7766e9b65ffdb4da\",\"name\":\"007designstudio@gmail.com\"}]}<\/script>\n<!-- \/ Yoast SEO plugin. -->","yoast_head_json":{"title":"Eficienca e energjis\u00eb n\u00eb Sarajev\u00eb n\u00eb pamje News | WeBalkans","description":"Eficienca e energjis\u00eb n\u00eb Sarajev\u00eb n\u00eb pamje","robots":{"index":"index","follow":"follow","max-snippet":"max-snippet:-1","max-image-preview":"max-image-preview:large","max-video-preview":"max-video-preview:-1"},"canonical":"https:\/\/webalkans.eu\/sq\/news\/energy-efficiency-in-sarajevo-in-images\/","og_locale":"sq_AL","og_type":"article","og_title":"Eficienca e energjis\u00eb n\u00eb Sarajev\u00eb n\u00eb pamje News | WeBalkans","og_description":"Eficienca e energjis\u00eb n\u00eb Sarajev\u00eb n\u00eb pamje","og_url":"https:\/\/webalkans.eu\/sq\/news\/energy-efficiency-in-sarajevo-in-images\/","og_site_name":"WeBalkans | EU Projects in the Western Balkans","article_publisher":"https:\/\/www.facebook.com\/webalkans.eu","article_published_time":"2023-06-09T15:48:11+00:00","article_modified_time":"2023-06-30T11:08:46+00:00","og_image":[{"width":1393,"height":931,"url":"https:\/\/webalkans.eu\/wp-content\/uploads\/2023\/06\/12.jpeg","type":"image\/jpeg"}],"author":"007designstudio@gmail.com","twitter_card":"summary_large_image","twitter_creator":"@WeBalkans","twitter_site":"@WeBalkans","twitter_misc":{"Written by":"007designstudio@gmail.com","Est. reading time":"1 minute"},"schema":{"@context":"https:\/\/schema.org","@graph":[{"@type":"Article","@id":"https:\/\/webalkans.eu\/sq\/news\/energy-efficiency-in-sarajevo-in-images\/#article","isPartOf":{"@id":"https:\/\/webalkans.eu\/sq\/news\/energy-efficiency-in-sarajevo-in-images\/"},"author":{"name":"007designstudio@gmail.com","@id":"https:\/\/webalkans.eu\/sq\/#\/schema\/person\/95a8ea19ef21de3b7766e9b65ffdb4da"},"headline":"Eficienca e energjis\u00eb n\u00eb Sarajev\u00eb n\u00eb pamje","datePublished":"2023-06-09T15:48:11+00:00","dateModified":"2023-06-30T11:08:46+00:00","mainEntityOfPage":{"@id":"https:\/\/webalkans.eu\/sq\/news\/energy-efficiency-in-sarajevo-in-images\/"},"wordCount":277,"publisher":{"@id":"https:\/\/webalkans.eu\/sq\/#organization"},"image":{"@id":"https:\/\/webalkans.eu\/sq\/news\/energy-efficiency-in-sarajevo-in-images\/#primaryimage"},"thumbnailUrl":"https:\/\/webalkans.eu\/wp-content\/uploads\/2023\/06\/12.jpeg","inLanguage":"sq-AL"},{"@type":"WebPage","@id":"https:\/\/webalkans.eu\/sq\/news\/energy-efficiency-in-sarajevo-in-images\/","url":"https:\/\/webalkans.eu\/sq\/news\/energy-efficiency-in-sarajevo-in-images\/","name":"Eficienca e energjis\u00eb n\u00eb Sarajev\u00eb n\u00eb pamje News | WeBalkans","isPartOf":{"@id":"https:\/\/webalkans.eu\/sq\/#website"},"primaryImageOfPage":{"@id":"https:\/\/webalkans.eu\/sq\/news\/energy-efficiency-in-sarajevo-in-images\/#primaryimage"},"image":{"@id":"https:\/\/webalkans.eu\/sq\/news\/energy-efficiency-in-sarajevo-in-images\/#primaryimage"},"thumbnailUrl":"https:\/\/webalkans.eu\/wp-content\/uploads\/2023\/06\/12.jpeg","datePublished":"2023-06-09T15:48:11+00:00","dateModified":"2023-06-30T11:08:46+00:00","description":"Eficienca e energjis\u00eb n\u00eb Sarajev\u00eb n\u00eb pamje","breadcrumb":{"@id":"https:\/\/webalkans.eu\/sq\/news\/energy-efficiency-in-sarajevo-in-images\/#breadcrumb"},"inLanguage":"sq-AL","potentialAction":[{"@type":"ReadAction","target":["https:\/\/webalkans.eu\/sq\/news\/energy-efficiency-in-sarajevo-in-images\/"]}]},{"@type":"ImageObject","inLanguage":"sq-AL","@id":"https:\/\/webalkans.eu\/sq\/news\/energy-efficiency-in-sarajevo-in-images\/#primaryimage","url":"https:\/\/webalkans.eu\/wp-content\/uploads\/2023\/06\/12.jpeg","contentUrl":"https:\/\/webalkans.eu\/wp-content\/uploads\/2023\/06\/12.jpeg","width":1393,"height":931},{"@type":"BreadcrumbList","@id":"https:\/\/webalkans.eu\/sq\/news\/energy-efficiency-in-sarajevo-in-images\/#breadcrumb","itemListElement":[{"@type":"ListItem","position":1,"name":"Home","item":"https:\/\/webalkans.eu\/sq\/homepage\/"},{"@type":"ListItem","position":2,"name":"Eficienca e energjis\u00eb n\u00eb Sarajev\u00eb n\u00eb pamje"}]},{"@type":"WebSite","@id":"https:\/\/webalkans.eu\/sq\/#website","url":"https:\/\/webalkans.eu\/sq\/","name":"WeBalkans | EU Projects in the Western Balkans","description":"","publisher":{"@id":"https:\/\/webalkans.eu\/sq\/#organization"},"potentialAction":[{"@type":"SearchAction","target":{"@type":"EntryPoint","urlTemplate":"https:\/\/webalkans.eu\/sq\/?s={search_term_string}"},"query-input":{"@type":"PropertyValueSpecification","valueRequired":true,"valueName":"search_term_string"}}],"inLanguage":"sq-AL"},{"@type":"Organization","@id":"https:\/\/webalkans.eu\/sq\/#organization","name":"European Union","url":"https:\/\/webalkans.eu\/sq\/","logo":{"@type":"ImageObject","inLanguage":"sq-AL","@id":"https:\/\/webalkans.eu\/sq\/#\/schema\/logo\/image\/","url":"https:\/\/webalkans.eu\/wp-content\/uploads\/2020\/11\/eu_flag.jpg","contentUrl":"https:\/\/webalkans.eu\/wp-content\/uploads\/2020\/11\/eu_flag.jpg","width":600,"height":401,"caption":"European Union"},"image":{"@id":"https:\/\/webalkans.eu\/sq\/#\/schema\/logo\/image\/"},"sameAs":["https:\/\/www.facebook.com\/webalkans.eu","https:\/\/x.com\/WeBalkans"]},{"@type":"Person","@id":"https:\/\/webalkans.eu\/sq\/#\/schema\/person\/95a8ea19ef21de3b7766e9b65ffdb4da","name":"007designstudio@gmail.com"}]}},"_links":{"self":[{"href":"https:\/\/webalkans.eu\/sq\/wp-json\/wp\/v2\/posts\/1154406"}],"collection":[{"href":"https:\/\/webalkans.eu\/sq\/wp-json\/wp\/v2\/posts"}],"about":[{"href":"https:\/\/webalkans.eu\/sq\/wp-json\/wp\/v2\/types\/post"}],"author":[{"embeddable":true,"href":"https:\/\/webalkans.eu\/sq\/wp-json\/wp\/v2\/users\/152227"}],"replies":[{"embeddable":true,"href":"https:\/\/webalkans.eu\/sq\/wp-json\/wp\/v2\/comments?post=1154406"}],"version-history":[{"count":0,"href":"https:\/\/webalkans.eu\/sq\/wp-json\/wp\/v2\/posts\/1154406\/revisions"}],"wp:featuredmedia":[{"embeddable":true,"href":"https:\/\/webalkans.eu\/sq\/wp-json\/wp\/v2\/media\/1133752"}],"wp:attachment":[{"href":"https:\/\/webalkans.eu\/sq\/wp-json\/wp\/v2\/media?parent=1154406"}],"wp:term":[{"taxonomy":"country-for-news","embeddable":true,"href":"https:\/\/webalkans.eu\/sq\/wp-json\/wp\/v2\/country-for-news?post=1154406"}],"curies":[{"name":"wp","href":"https:\/\/api.w.org\/{rel}","templated":true}]}}