
{"id":1154377,"date":"2023-06-07T17:36:47","date_gmt":"2023-06-07T15:36:47","guid":{"rendered":"https:\/\/webalkans.eu\/news\/no-borders-orchestra-is-the-champion-of-regional-cooperation-for-2022\/"},"modified":"2023-06-30T12:59:26","modified_gmt":"2023-06-30T10:59:26","slug":"no-borders-orchestra-is-the-champion-of-regional-cooperation-for-2022","status":"publish","type":"post","link":"https:\/\/webalkans.eu\/sq\/news\/no-borders-orchestra-is-the-champion-of-regional-cooperation-for-2022\/","title":{"rendered":"Orkestra \u201eNo Borders\u201c kampion i bashk\u00ebpunimit rajonal p\u00ebr vitin 2022"},"content":{"rendered":"<div>\n<p><span lang=\"SQ\">The Regional Cooperation Council (RCC) dhe Ministria Federale p\u00ebr \u00c7\u00ebshtjet Evropiane dhe Nd\u00ebrkomb\u00ebtare t\u00eb Republik\u00ebs s\u00eb Austris\u00eb (BMEIA) kan\u00eb njoftojn\u00eb se fituesi i \u00c7mimit Dr Erhard Busek \u201cKampion t\u00eb Bashk\u00ebpunimit Rajonal\u201d p\u00ebr vitin 2022 \u00ebsht\u00eb \u201cNo Borders Orchestra\u201d (NBO).<\/span><\/p>\n<p>&nbsp;<\/p>\n<\/div>\n<div>\n<p><span lang=\"SQ\">Midis shum\u00eb nominimeve t\u00eb pranuara k\u00ebt\u00eb vit, juria, e p\u00ebrb\u00ebr\u00eb nga Goran Svilanovic, ish-sekretar i p\u00ebrgjithsh\u00ebm i RCC; Asja Krsmanovic, Menaxhere e Programit t\u00eb Konkurrenc\u00ebs n\u00eb Festivalin e Filmit n\u00eb Sarajev\u00eb; dhe Umut Ergezer, Koordinator i Strategjis\u00eb RCC SEE 2030\/Analist i Lart\u00eb i Politikave Ekonomike, unanimisht zgjodh\u00ebn NBO-n\u00eb si fituese p\u00ebr vitin 2022. Fituesi i k\u00ebtij titulli prestigjioz do t\u00eb marr\u00eb shp\u00ebrblim financiar n\u00eb shum\u00ebn prej 5000 euro. Fal\u00ebnderojm\u00eb t\u00eb gjith\u00eb t\u00eb nominuarit e shumt\u00eb dhe i urojm\u00eb fat vitin e ardhsh\u00ebm.<\/span><\/p>\n<p>&nbsp;<\/p>\n<\/div>\n<div>\n<p><span lang=\"SQ\">Kampioni i bashk\u00ebpunimit rajonal \u00ebsht\u00eb nj\u00eb \u00e7mim vjetor i inauguruar nga RCC n\u00eb Shkurt t\u00eb vitit 2013 me rastin e 5 vjetorit t\u00eb organizat\u00ebs. N\u00eb vitin 2022, n\u00eb bashk\u00ebpunim me BMEIA0-n\u00eb , \u00e7mimi ndryshoi titullin e tij n\u00eb Dr Erhard Busek \u201cKampion i Bashk\u00ebpunimit Rajonal\u201d, duke nderuar pas vdekjes z. Busek i cili ishte Koordinatori Special i Paktit t\u00eb Stabilitetit p\u00ebr Evrop\u00ebn Juglindore- paraardh\u00ebsi i RCC, por edhe nj\u00eb mb\u00ebshtet\u00ebs i vendosur i Ballkanit Per\u00ebndimor dhe avokat i zjarrt\u00eb i integrimit t\u00eb rajonit n\u00eb Bashkimin Evropian.<\/span><\/p>\n<\/div>\n","protected":false},"excerpt":{"rendered":"<p>The Regional Cooperation Council (RCC) dhe Ministria Federale p\u00ebr \u00c7\u00ebshtjet Evropiane dhe Nd\u00ebrkomb\u00ebtare t\u00eb Republik\u00ebs s\u00eb Austris\u00eb (BMEIA) kan\u00eb njoftojn\u00eb se fituesi i \u00c7mimit Dr <\/p>\n","protected":false},"author":152227,"featured_media":1133706,"comment_status":"closed","ping_status":"closed","sticky":false,"template":"","format":"standard","meta":{"_acf_changed":false,"_monsterinsights_skip_tracking":false,"_monsterinsights_sitenote_active":false,"_monsterinsights_sitenote_note":"","_monsterinsights_sitenote_category":0,"footnotes":""},"country-for-news":[415,421,428,431,437,441],"class_list":["post-1154377","post","type-post","status-publish","format-standard","has-post-thumbnail","hentry","wb_theme-regional-cooperation","country-for-news-albania","country-for-news-bosnia-and-herzegovina","country-for-news-kosovo","country-for-news-montenegro","country-for-news-north-macedonia","country-for-news-serbia"],"acf":[],"yoast_head":"<!-- This site is optimized with the Yoast SEO plugin v25.3.1 - https:\/\/yoast.com\/wordpress\/plugins\/seo\/ -->\n<title>Orkestra \u201eNo Borders\u201c kampion i bashk\u00ebpunimit rajonal p\u00ebr vitin 2022 News | WeBalkans<\/title>\n<meta name=\"description\" content=\"Orkestra \u201eNo Borders\u201c kampion i bashk\u00ebpunimit rajonal p\u00ebr vitin 2022\" \/>\n<meta name=\"robots\" content=\"index, follow, max-snippet:-1, max-image-preview:large, max-video-preview:-1\" \/>\n<link rel=\"canonical\" href=\"https:\/\/webalkans.eu\/sq\/news\/no-borders-orchestra-is-the-champion-of-regional-cooperation-for-2022\/\" \/>\n<meta property=\"og:locale\" content=\"sq_AL\" \/>\n<meta property=\"og:type\" content=\"article\" \/>\n<meta property=\"og:title\" content=\"Orkestra \u201eNo Borders\u201c kampion i bashk\u00ebpunimit rajonal p\u00ebr vitin 2022 News | WeBalkans\" \/>\n<meta property=\"og:description\" content=\"Orkestra \u201eNo Borders\u201c kampion i bashk\u00ebpunimit rajonal p\u00ebr vitin 2022\" \/>\n<meta property=\"og:url\" content=\"https:\/\/webalkans.eu\/sq\/news\/no-borders-orchestra-is-the-champion-of-regional-cooperation-for-2022\/\" \/>\n<meta property=\"og:site_name\" content=\"WeBalkans | EU Projects in the Western Balkans\" \/>\n<meta property=\"article:publisher\" content=\"https:\/\/www.facebook.com\/webalkans.eu\" \/>\n<meta property=\"article:published_time\" content=\"2023-06-07T15:36:47+00:00\" \/>\n<meta property=\"article:modified_time\" content=\"2023-06-30T10:59:26+00:00\" \/>\n<meta property=\"og:image\" content=\"https:\/\/webalkans.eu\/wp-content\/uploads\/2023\/06\/8.jpeg\" \/>\n\t<meta property=\"og:image:width\" content=\"1620\" \/>\n\t<meta property=\"og:image:height\" content=\"1080\" \/>\n\t<meta property=\"og:image:type\" content=\"image\/jpeg\" \/>\n<meta name=\"author\" content=\"007designstudio@gmail.com\" \/>\n<meta name=\"twitter:card\" content=\"summary_large_image\" \/>\n<meta name=\"twitter:creator\" content=\"@WeBalkans\" \/>\n<meta name=\"twitter:site\" content=\"@WeBalkans\" \/>\n<meta name=\"twitter:label1\" content=\"Written by\" \/>\n\t<meta name=\"twitter:data1\" content=\"007designstudio@gmail.com\" \/>\n\t<meta name=\"twitter:label2\" content=\"Est. reading time\" \/>\n\t<meta name=\"twitter:data2\" content=\"1 minute\" \/>\n<script type=\"application\/ld+json\" class=\"yoast-schema-graph\">{\"@context\":\"https:\/\/schema.org\",\"@graph\":[{\"@type\":\"Article\",\"@id\":\"https:\/\/webalkans.eu\/sq\/news\/no-borders-orchestra-is-the-champion-of-regional-cooperation-for-2022\/#article\",\"isPartOf\":{\"@id\":\"https:\/\/webalkans.eu\/sq\/news\/no-borders-orchestra-is-the-champion-of-regional-cooperation-for-2022\/\"},\"author\":{\"name\":\"007designstudio@gmail.com\",\"@id\":\"https:\/\/webalkans.eu\/sq\/#\/schema\/person\/95a8ea19ef21de3b7766e9b65ffdb4da\"},\"headline\":\"Orkestra \u201eNo Borders\u201c kampion i bashk\u00ebpunimit rajonal p\u00ebr vitin 2022\",\"datePublished\":\"2023-06-07T15:36:47+00:00\",\"dateModified\":\"2023-06-30T10:59:26+00:00\",\"mainEntityOfPage\":{\"@id\":\"https:\/\/webalkans.eu\/sq\/news\/no-borders-orchestra-is-the-champion-of-regional-cooperation-for-2022\/\"},\"wordCount\":243,\"publisher\":{\"@id\":\"https:\/\/webalkans.eu\/sq\/#organization\"},\"image\":{\"@id\":\"https:\/\/webalkans.eu\/sq\/news\/no-borders-orchestra-is-the-champion-of-regional-cooperation-for-2022\/#primaryimage\"},\"thumbnailUrl\":\"https:\/\/webalkans.eu\/wp-content\/uploads\/2023\/06\/8.jpeg\",\"inLanguage\":\"sq-AL\"},{\"@type\":\"WebPage\",\"@id\":\"https:\/\/webalkans.eu\/sq\/news\/no-borders-orchestra-is-the-champion-of-regional-cooperation-for-2022\/\",\"url\":\"https:\/\/webalkans.eu\/sq\/news\/no-borders-orchestra-is-the-champion-of-regional-cooperation-for-2022\/\",\"name\":\"Orkestra \u201eNo Borders\u201c kampion i bashk\u00ebpunimit rajonal p\u00ebr vitin 2022 News | WeBalkans\",\"isPartOf\":{\"@id\":\"https:\/\/webalkans.eu\/sq\/#website\"},\"primaryImageOfPage\":{\"@id\":\"https:\/\/webalkans.eu\/sq\/news\/no-borders-orchestra-is-the-champion-of-regional-cooperation-for-2022\/#primaryimage\"},\"image\":{\"@id\":\"https:\/\/webalkans.eu\/sq\/news\/no-borders-orchestra-is-the-champion-of-regional-cooperation-for-2022\/#primaryimage\"},\"thumbnailUrl\":\"https:\/\/webalkans.eu\/wp-content\/uploads\/2023\/06\/8.jpeg\",\"datePublished\":\"2023-06-07T15:36:47+00:00\",\"dateModified\":\"2023-06-30T10:59:26+00:00\",\"description\":\"Orkestra \u201eNo Borders\u201c kampion i bashk\u00ebpunimit rajonal p\u00ebr vitin 2022\",\"breadcrumb\":{\"@id\":\"https:\/\/webalkans.eu\/sq\/news\/no-borders-orchestra-is-the-champion-of-regional-cooperation-for-2022\/#breadcrumb\"},\"inLanguage\":\"sq-AL\",\"potentialAction\":[{\"@type\":\"ReadAction\",\"target\":[\"https:\/\/webalkans.eu\/sq\/news\/no-borders-orchestra-is-the-champion-of-regional-cooperation-for-2022\/\"]}]},{\"@type\":\"ImageObject\",\"inLanguage\":\"sq-AL\",\"@id\":\"https:\/\/webalkans.eu\/sq\/news\/no-borders-orchestra-is-the-champion-of-regional-cooperation-for-2022\/#primaryimage\",\"url\":\"https:\/\/webalkans.eu\/wp-content\/uploads\/2023\/06\/8.jpeg\",\"contentUrl\":\"https:\/\/webalkans.eu\/wp-content\/uploads\/2023\/06\/8.jpeg\",\"width\":1620,\"height\":1080},{\"@type\":\"BreadcrumbList\",\"@id\":\"https:\/\/webalkans.eu\/sq\/news\/no-borders-orchestra-is-the-champion-of-regional-cooperation-for-2022\/#breadcrumb\",\"itemListElement\":[{\"@type\":\"ListItem\",\"position\":1,\"name\":\"Home\",\"item\":\"https:\/\/webalkans.eu\/sq\/homepage\/\"},{\"@type\":\"ListItem\",\"position\":2,\"name\":\"Orkestra \u201eNo Borders\u201c kampion i bashk\u00ebpunimit rajonal p\u00ebr vitin 2022\"}]},{\"@type\":\"WebSite\",\"@id\":\"https:\/\/webalkans.eu\/sq\/#website\",\"url\":\"https:\/\/webalkans.eu\/sq\/\",\"name\":\"WeBalkans | EU Projects in the Western Balkans\",\"description\":\"\",\"publisher\":{\"@id\":\"https:\/\/webalkans.eu\/sq\/#organization\"},\"potentialAction\":[{\"@type\":\"SearchAction\",\"target\":{\"@type\":\"EntryPoint\",\"urlTemplate\":\"https:\/\/webalkans.eu\/sq\/?s={search_term_string}\"},\"query-input\":{\"@type\":\"PropertyValueSpecification\",\"valueRequired\":true,\"valueName\":\"search_term_string\"}}],\"inLanguage\":\"sq-AL\"},{\"@type\":\"Organization\",\"@id\":\"https:\/\/webalkans.eu\/sq\/#organization\",\"name\":\"European Union\",\"url\":\"https:\/\/webalkans.eu\/sq\/\",\"logo\":{\"@type\":\"ImageObject\",\"inLanguage\":\"sq-AL\",\"@id\":\"https:\/\/webalkans.eu\/sq\/#\/schema\/logo\/image\/\",\"url\":\"https:\/\/webalkans.eu\/wp-content\/uploads\/2020\/11\/eu_flag.jpg\",\"contentUrl\":\"https:\/\/webalkans.eu\/wp-content\/uploads\/2020\/11\/eu_flag.jpg\",\"width\":600,\"height\":401,\"caption\":\"European Union\"},\"image\":{\"@id\":\"https:\/\/webalkans.eu\/sq\/#\/schema\/logo\/image\/\"},\"sameAs\":[\"https:\/\/www.facebook.com\/webalkans.eu\",\"https:\/\/x.com\/WeBalkans\"]},{\"@type\":\"Person\",\"@id\":\"https:\/\/webalkans.eu\/sq\/#\/schema\/person\/95a8ea19ef21de3b7766e9b65ffdb4da\",\"name\":\"007designstudio@gmail.com\"}]}<\/script>\n<!-- \/ Yoast SEO plugin. -->","yoast_head_json":{"title":"Orkestra \u201eNo Borders\u201c kampion i bashk\u00ebpunimit rajonal p\u00ebr vitin 2022 News | WeBalkans","description":"Orkestra \u201eNo Borders\u201c kampion i bashk\u00ebpunimit rajonal p\u00ebr vitin 2022","robots":{"index":"index","follow":"follow","max-snippet":"max-snippet:-1","max-image-preview":"max-image-preview:large","max-video-preview":"max-video-preview:-1"},"canonical":"https:\/\/webalkans.eu\/sq\/news\/no-borders-orchestra-is-the-champion-of-regional-cooperation-for-2022\/","og_locale":"sq_AL","og_type":"article","og_title":"Orkestra \u201eNo Borders\u201c kampion i bashk\u00ebpunimit rajonal p\u00ebr vitin 2022 News | WeBalkans","og_description":"Orkestra \u201eNo Borders\u201c kampion i bashk\u00ebpunimit rajonal p\u00ebr vitin 2022","og_url":"https:\/\/webalkans.eu\/sq\/news\/no-borders-orchestra-is-the-champion-of-regional-cooperation-for-2022\/","og_site_name":"WeBalkans | EU Projects in the Western Balkans","article_publisher":"https:\/\/www.facebook.com\/webalkans.eu","article_published_time":"2023-06-07T15:36:47+00:00","article_modified_time":"2023-06-30T10:59:26+00:00","og_image":[{"width":1620,"height":1080,"url":"https:\/\/webalkans.eu\/wp-content\/uploads\/2023\/06\/8.jpeg","type":"image\/jpeg"}],"author":"007designstudio@gmail.com","twitter_card":"summary_large_image","twitter_creator":"@WeBalkans","twitter_site":"@WeBalkans","twitter_misc":{"Written by":"007designstudio@gmail.com","Est. reading time":"1 minute"},"schema":{"@context":"https:\/\/schema.org","@graph":[{"@type":"Article","@id":"https:\/\/webalkans.eu\/sq\/news\/no-borders-orchestra-is-the-champion-of-regional-cooperation-for-2022\/#article","isPartOf":{"@id":"https:\/\/webalkans.eu\/sq\/news\/no-borders-orchestra-is-the-champion-of-regional-cooperation-for-2022\/"},"author":{"name":"007designstudio@gmail.com","@id":"https:\/\/webalkans.eu\/sq\/#\/schema\/person\/95a8ea19ef21de3b7766e9b65ffdb4da"},"headline":"Orkestra \u201eNo Borders\u201c kampion i bashk\u00ebpunimit rajonal p\u00ebr vitin 2022","datePublished":"2023-06-07T15:36:47+00:00","dateModified":"2023-06-30T10:59:26+00:00","mainEntityOfPage":{"@id":"https:\/\/webalkans.eu\/sq\/news\/no-borders-orchestra-is-the-champion-of-regional-cooperation-for-2022\/"},"wordCount":243,"publisher":{"@id":"https:\/\/webalkans.eu\/sq\/#organization"},"image":{"@id":"https:\/\/webalkans.eu\/sq\/news\/no-borders-orchestra-is-the-champion-of-regional-cooperation-for-2022\/#primaryimage"},"thumbnailUrl":"https:\/\/webalkans.eu\/wp-content\/uploads\/2023\/06\/8.jpeg","inLanguage":"sq-AL"},{"@type":"WebPage","@id":"https:\/\/webalkans.eu\/sq\/news\/no-borders-orchestra-is-the-champion-of-regional-cooperation-for-2022\/","url":"https:\/\/webalkans.eu\/sq\/news\/no-borders-orchestra-is-the-champion-of-regional-cooperation-for-2022\/","name":"Orkestra \u201eNo Borders\u201c kampion i bashk\u00ebpunimit rajonal p\u00ebr vitin 2022 News | WeBalkans","isPartOf":{"@id":"https:\/\/webalkans.eu\/sq\/#website"},"primaryImageOfPage":{"@id":"https:\/\/webalkans.eu\/sq\/news\/no-borders-orchestra-is-the-champion-of-regional-cooperation-for-2022\/#primaryimage"},"image":{"@id":"https:\/\/webalkans.eu\/sq\/news\/no-borders-orchestra-is-the-champion-of-regional-cooperation-for-2022\/#primaryimage"},"thumbnailUrl":"https:\/\/webalkans.eu\/wp-content\/uploads\/2023\/06\/8.jpeg","datePublished":"2023-06-07T15:36:47+00:00","dateModified":"2023-06-30T10:59:26+00:00","description":"Orkestra \u201eNo Borders\u201c kampion i bashk\u00ebpunimit rajonal p\u00ebr vitin 2022","breadcrumb":{"@id":"https:\/\/webalkans.eu\/sq\/news\/no-borders-orchestra-is-the-champion-of-regional-cooperation-for-2022\/#breadcrumb"},"inLanguage":"sq-AL","potentialAction":[{"@type":"ReadAction","target":["https:\/\/webalkans.eu\/sq\/news\/no-borders-orchestra-is-the-champion-of-regional-cooperation-for-2022\/"]}]},{"@type":"ImageObject","inLanguage":"sq-AL","@id":"https:\/\/webalkans.eu\/sq\/news\/no-borders-orchestra-is-the-champion-of-regional-cooperation-for-2022\/#primaryimage","url":"https:\/\/webalkans.eu\/wp-content\/uploads\/2023\/06\/8.jpeg","contentUrl":"https:\/\/webalkans.eu\/wp-content\/uploads\/2023\/06\/8.jpeg","width":1620,"height":1080},{"@type":"BreadcrumbList","@id":"https:\/\/webalkans.eu\/sq\/news\/no-borders-orchestra-is-the-champion-of-regional-cooperation-for-2022\/#breadcrumb","itemListElement":[{"@type":"ListItem","position":1,"name":"Home","item":"https:\/\/webalkans.eu\/sq\/homepage\/"},{"@type":"ListItem","position":2,"name":"Orkestra \u201eNo Borders\u201c kampion i bashk\u00ebpunimit rajonal p\u00ebr vitin 2022"}]},{"@type":"WebSite","@id":"https:\/\/webalkans.eu\/sq\/#website","url":"https:\/\/webalkans.eu\/sq\/","name":"WeBalkans | EU Projects in the Western Balkans","description":"","publisher":{"@id":"https:\/\/webalkans.eu\/sq\/#organization"},"potentialAction":[{"@type":"SearchAction","target":{"@type":"EntryPoint","urlTemplate":"https:\/\/webalkans.eu\/sq\/?s={search_term_string}"},"query-input":{"@type":"PropertyValueSpecification","valueRequired":true,"valueName":"search_term_string"}}],"inLanguage":"sq-AL"},{"@type":"Organization","@id":"https:\/\/webalkans.eu\/sq\/#organization","name":"European Union","url":"https:\/\/webalkans.eu\/sq\/","logo":{"@type":"ImageObject","inLanguage":"sq-AL","@id":"https:\/\/webalkans.eu\/sq\/#\/schema\/logo\/image\/","url":"https:\/\/webalkans.eu\/wp-content\/uploads\/2020\/11\/eu_flag.jpg","contentUrl":"https:\/\/webalkans.eu\/wp-content\/uploads\/2020\/11\/eu_flag.jpg","width":600,"height":401,"caption":"European Union"},"image":{"@id":"https:\/\/webalkans.eu\/sq\/#\/schema\/logo\/image\/"},"sameAs":["https:\/\/www.facebook.com\/webalkans.eu","https:\/\/x.com\/WeBalkans"]},{"@type":"Person","@id":"https:\/\/webalkans.eu\/sq\/#\/schema\/person\/95a8ea19ef21de3b7766e9b65ffdb4da","name":"007designstudio@gmail.com"}]}},"_links":{"self":[{"href":"https:\/\/webalkans.eu\/sq\/wp-json\/wp\/v2\/posts\/1154377"}],"collection":[{"href":"https:\/\/webalkans.eu\/sq\/wp-json\/wp\/v2\/posts"}],"about":[{"href":"https:\/\/webalkans.eu\/sq\/wp-json\/wp\/v2\/types\/post"}],"author":[{"embeddable":true,"href":"https:\/\/webalkans.eu\/sq\/wp-json\/wp\/v2\/users\/152227"}],"replies":[{"embeddable":true,"href":"https:\/\/webalkans.eu\/sq\/wp-json\/wp\/v2\/comments?post=1154377"}],"version-history":[{"count":0,"href":"https:\/\/webalkans.eu\/sq\/wp-json\/wp\/v2\/posts\/1154377\/revisions"}],"wp:featuredmedia":[{"embeddable":true,"href":"https:\/\/webalkans.eu\/sq\/wp-json\/wp\/v2\/media\/1133706"}],"wp:attachment":[{"href":"https:\/\/webalkans.eu\/sq\/wp-json\/wp\/v2\/media?parent=1154377"}],"wp:term":[{"taxonomy":"country-for-news","embeddable":true,"href":"https:\/\/webalkans.eu\/sq\/wp-json\/wp\/v2\/country-for-news?post=1154377"}],"curies":[{"name":"wp","href":"https:\/\/api.w.org\/{rel}","templated":true}]}}