
{"id":1154372,"date":"2023-06-07T17:34:40","date_gmt":"2023-06-07T15:34:40","guid":{"rendered":"https:\/\/webalkans.eu\/news\/eu-wbif-extend-e2-5-million-grant-to-wastewater-project-in-kosovo\/"},"modified":"2023-06-30T12:57:39","modified_gmt":"2023-06-30T10:57:39","slug":"eu-wbif-extend-e2-5-million-grant-to-wastewater-project-in-kosovo","status":"publish","type":"post","link":"https:\/\/webalkans.eu\/sq\/news\/eu-wbif-extend-e2-5-million-grant-to-wastewater-project-in-kosovo\/","title":{"rendered":"BE-ja, WBIF zgjerojn\u00eb grantin prej 2.5 milion\u00eb euro p\u00ebr projektin e uj\u00ebrave t\u00eb ndotura n\u00eb Kosov\u00eb"},"content":{"rendered":"<p style=\"font-weight: 400;\">Projekti i zhvillimit i uj\u00ebrave t\u00eb ndotura t\u00eb Gjilanit n\u00eb<a href=\"https:\/\/www.ebrd.com\/kosovo.html\"> Kosov\u00eb<\/a>, i bashk\u00ebfinancuar nga Banka Evropiane p\u00ebr Rind\u00ebrtim dhe Zhvillim (BERZH) dhe Banka Evropiane p\u00ebr Investime (EIB), ka marr\u00eb mb\u00ebshtetje shtes\u00eb financiare nga donator\u00ebt dypal\u00ebsh n\u00eb <a href=\"https:\/\/wbif.eu\/\">Kuadrin e Investimit t\u00eb Ballkanit Per\u00ebndimor <\/a>(WBIF).<\/p>\n<p>&nbsp;<\/p>\n<p style=\"font-weight: 400;\">Marr\u00ebveshja p\u00ebr grantin prej 2.5 milion\u00eb eurosh \u00ebsht\u00eb n\u00ebnshkruar sot n\u00eb Prishtin\u00eb nga Sergiy Maslichenko, drejtor i BERZH-IT p\u00ebr Kosov\u00ebn dhe Hekuran Murati, Minist\u00ebr i Financave, Pun\u00ebs dhe Transferimeve t\u00eb Kosov\u00ebs. N\u00eb ceremonin\u00eb e n\u00ebnshkrimit mor\u00ebn pjes\u00eb Johannes Stenbaek Madsen, kreu i Bashk\u00ebpunimit n\u00eb Zyr\u00ebn e Bashkimit Evropian n\u00eb Kosov\u00eb dhe p\u00ebrfaq\u00ebsues t\u00eb nd\u00ebrmarrjes rajonale t\u00eb uj\u00ebsjell\u00ebsit, Hidromorava.<\/p>\n<p>&nbsp;<\/p>\n<p style=\"font-weight: 400;\">Fondet do t\u00eb shkojn\u00eb p\u00ebr t\u00eb nd\u00ebrtuar nj\u00eb impiant p\u00ebr trajtimin e uj\u00ebrave t\u00eb ndotura dhe p\u00ebr t\u00eb rehabilituar, zgjeruar rrjetin ekzistues t\u00eb uj\u00ebrave t\u00eb ndotura dhe kanalizimet n\u00eb komun\u00ebn e Gjilanit. BERZH-i dha nj\u00eb kredi prej 10 milion\u00ebsh p\u00ebr projektin n\u00eb vitin 2019. Banka Evropiane e Investimeve (EIB) po jep nj\u00eb tjet\u00ebr kredi prej 10 milion\u00ebsh eurosh.<\/p>\n<p>&nbsp;<\/p>\n<p style=\"font-weight: 400;\">Pasi t\u00eb nd\u00ebrtohet, impianti i ri i trajtimit do t\u00eb reduktoj\u00eb ndjesh\u00ebm ndotjen q\u00eb vjen nga uj\u00ebrat e ndotura q\u00eb derdhen n\u00eb lumenjt\u00eb e af\u00ebrt dhe do t\u2019u siguroj\u00eb akses banor\u00ebve t\u00eb Gjilanit n\u00eb uj\u00eb m\u00eb t\u00eb past\u00ebr. Gjithashtu do t\u00eb ndihmoj\u00eb n\u00eb p\u00ebrmir\u00ebsimin e kushteve mjedisore dhe sh\u00ebndetit publik, duke zbutur efektet e ndryshimeve klimatike n\u00eb sektorin e ujit t\u00eb pijsh\u00ebm dhe uj\u00ebrave t\u00eb ndotura n\u00eb Kosov\u00eb.<\/p>\n<p>&nbsp;<\/p>\n<p style=\"font-weight: 400;\"><a href=\"https:\/\/wbif.eu\/storage\/app\/media\/Library\/1.%20Governance\/WBIF%20at%20a%20Glance_May2020.pdf\">Kuadri i Investimeve t\u00eb Ballkanit Per\u00ebndimor (WBIF)<\/a>\u00a0mb\u00ebshtet zhvillimin socio-ekonomik dhe an\u00ebtar\u00ebsimin n\u00eb BE n\u00eb t\u00eb gjith\u00eb Ballkanin Per\u00ebndimor duke ofruar financa dhe asistenc\u00eb teknike p\u00ebr investime strategjike. \u00cbsht\u00eb nj\u00eb nism\u00eb e p\u00ebrbashk\u00ebt e Bashkimit Evropian, institucioneve financiare, donator\u00ebve dypal\u00ebsh dhe qeverive t\u00eb Ballkanit Per\u00ebndimor.<\/p>\n","protected":false},"excerpt":{"rendered":"<p>Projekti i zhvillimit i uj\u00ebrave t\u00eb ndotura t\u00eb Gjilanit n\u00eb Kosov\u00eb, i bashk\u00ebfinancuar nga Banka Evropiane p\u00ebr Rind\u00ebrtim dhe Zhvillim (BERZH) dhe Banka Evropiane p\u00ebr <\/p>\n","protected":false},"author":152227,"featured_media":1133695,"comment_status":"closed","ping_status":"closed","sticky":false,"template":"","format":"standard","meta":{"_acf_changed":false,"_monsterinsights_skip_tracking":false,"_monsterinsights_sitenote_active":false,"_monsterinsights_sitenote_note":"","_monsterinsights_sitenote_category":0,"footnotes":""},"country-for-news":[428],"class_list":["post-1154372","post","type-post","status-publish","format-standard","has-post-thumbnail","hentry","country-for-news-kosovo"],"acf":[],"yoast_head":"<!-- This site is optimized with the Yoast SEO plugin v25.3.1 - https:\/\/yoast.com\/wordpress\/plugins\/seo\/ -->\n<title>BE-ja, WBIF zgjerojn\u00eb grantin prej 2.5 milion\u00eb euro p\u00ebr projektin e uj\u00ebrave t\u00eb ndotura n\u00eb Kosov\u00eb News | WeBalkans<\/title>\n<meta name=\"description\" content=\"BE-ja, WBIF zgjerojn\u00eb grantin prej 2.5 milion\u00eb euro p\u00ebr projektin e uj\u00ebrave t\u00eb ndotura n\u00eb Kosov\u00eb\" \/>\n<meta name=\"robots\" content=\"index, follow, max-snippet:-1, max-image-preview:large, max-video-preview:-1\" \/>\n<link rel=\"canonical\" href=\"https:\/\/webalkans.eu\/sq\/news\/eu-wbif-extend-e2-5-million-grant-to-wastewater-project-in-kosovo\/\" \/>\n<meta property=\"og:locale\" content=\"sq_AL\" \/>\n<meta property=\"og:type\" content=\"article\" \/>\n<meta property=\"og:title\" content=\"BE-ja, WBIF zgjerojn\u00eb grantin prej 2.5 milion\u00eb euro p\u00ebr projektin e uj\u00ebrave t\u00eb ndotura n\u00eb Kosov\u00eb News | WeBalkans\" \/>\n<meta property=\"og:description\" content=\"BE-ja, WBIF zgjerojn\u00eb grantin prej 2.5 milion\u00eb euro p\u00ebr projektin e uj\u00ebrave t\u00eb ndotura n\u00eb Kosov\u00eb\" \/>\n<meta property=\"og:url\" content=\"https:\/\/webalkans.eu\/sq\/news\/eu-wbif-extend-e2-5-million-grant-to-wastewater-project-in-kosovo\/\" \/>\n<meta property=\"og:site_name\" content=\"WeBalkans | EU Projects in the Western Balkans\" \/>\n<meta property=\"article:publisher\" content=\"https:\/\/www.facebook.com\/webalkans.eu\" \/>\n<meta property=\"article:published_time\" content=\"2023-06-07T15:34:40+00:00\" \/>\n<meta property=\"article:modified_time\" content=\"2023-06-30T10:57:39+00:00\" \/>\n<meta property=\"og:image\" content=\"https:\/\/webalkans.eu\/wp-content\/uploads\/2023\/06\/7-1.jpeg\" \/>\n\t<meta property=\"og:image:width\" content=\"750\" \/>\n\t<meta property=\"og:image:height\" content=\"354\" \/>\n\t<meta property=\"og:image:type\" content=\"image\/jpeg\" \/>\n<meta name=\"author\" content=\"007designstudio@gmail.com\" \/>\n<meta name=\"twitter:card\" content=\"summary_large_image\" \/>\n<meta name=\"twitter:creator\" content=\"@WeBalkans\" \/>\n<meta name=\"twitter:site\" content=\"@WeBalkans\" \/>\n<meta name=\"twitter:label1\" content=\"Written by\" \/>\n\t<meta name=\"twitter:data1\" content=\"007designstudio@gmail.com\" \/>\n\t<meta name=\"twitter:label2\" content=\"Est. reading time\" \/>\n\t<meta name=\"twitter:data2\" content=\"2 minutes\" \/>\n<script type=\"application\/ld+json\" class=\"yoast-schema-graph\">{\"@context\":\"https:\/\/schema.org\",\"@graph\":[{\"@type\":\"Article\",\"@id\":\"https:\/\/webalkans.eu\/sq\/news\/eu-wbif-extend-e2-5-million-grant-to-wastewater-project-in-kosovo\/#article\",\"isPartOf\":{\"@id\":\"https:\/\/webalkans.eu\/sq\/news\/eu-wbif-extend-e2-5-million-grant-to-wastewater-project-in-kosovo\/\"},\"author\":{\"name\":\"007designstudio@gmail.com\",\"@id\":\"https:\/\/webalkans.eu\/sq\/#\/schema\/person\/95a8ea19ef21de3b7766e9b65ffdb4da\"},\"headline\":\"BE-ja, WBIF zgjerojn\u00eb grantin prej 2.5 milion\u00eb euro p\u00ebr projektin e uj\u00ebrave t\u00eb ndotura n\u00eb Kosov\u00eb\",\"datePublished\":\"2023-06-07T15:34:40+00:00\",\"dateModified\":\"2023-06-30T10:57:39+00:00\",\"mainEntityOfPage\":{\"@id\":\"https:\/\/webalkans.eu\/sq\/news\/eu-wbif-extend-e2-5-million-grant-to-wastewater-project-in-kosovo\/\"},\"wordCount\":349,\"publisher\":{\"@id\":\"https:\/\/webalkans.eu\/sq\/#organization\"},\"image\":{\"@id\":\"https:\/\/webalkans.eu\/sq\/news\/eu-wbif-extend-e2-5-million-grant-to-wastewater-project-in-kosovo\/#primaryimage\"},\"thumbnailUrl\":\"https:\/\/webalkans.eu\/wp-content\/uploads\/2023\/06\/7-1.jpeg\",\"inLanguage\":\"sq-AL\"},{\"@type\":\"WebPage\",\"@id\":\"https:\/\/webalkans.eu\/sq\/news\/eu-wbif-extend-e2-5-million-grant-to-wastewater-project-in-kosovo\/\",\"url\":\"https:\/\/webalkans.eu\/sq\/news\/eu-wbif-extend-e2-5-million-grant-to-wastewater-project-in-kosovo\/\",\"name\":\"BE-ja, WBIF zgjerojn\u00eb grantin prej 2.5 milion\u00eb euro p\u00ebr projektin e uj\u00ebrave t\u00eb ndotura n\u00eb Kosov\u00eb News | WeBalkans\",\"isPartOf\":{\"@id\":\"https:\/\/webalkans.eu\/sq\/#website\"},\"primaryImageOfPage\":{\"@id\":\"https:\/\/webalkans.eu\/sq\/news\/eu-wbif-extend-e2-5-million-grant-to-wastewater-project-in-kosovo\/#primaryimage\"},\"image\":{\"@id\":\"https:\/\/webalkans.eu\/sq\/news\/eu-wbif-extend-e2-5-million-grant-to-wastewater-project-in-kosovo\/#primaryimage\"},\"thumbnailUrl\":\"https:\/\/webalkans.eu\/wp-content\/uploads\/2023\/06\/7-1.jpeg\",\"datePublished\":\"2023-06-07T15:34:40+00:00\",\"dateModified\":\"2023-06-30T10:57:39+00:00\",\"description\":\"BE-ja, WBIF zgjerojn\u00eb grantin prej 2.5 milion\u00eb euro p\u00ebr projektin e uj\u00ebrave t\u00eb ndotura n\u00eb Kosov\u00eb\",\"breadcrumb\":{\"@id\":\"https:\/\/webalkans.eu\/sq\/news\/eu-wbif-extend-e2-5-million-grant-to-wastewater-project-in-kosovo\/#breadcrumb\"},\"inLanguage\":\"sq-AL\",\"potentialAction\":[{\"@type\":\"ReadAction\",\"target\":[\"https:\/\/webalkans.eu\/sq\/news\/eu-wbif-extend-e2-5-million-grant-to-wastewater-project-in-kosovo\/\"]}]},{\"@type\":\"ImageObject\",\"inLanguage\":\"sq-AL\",\"@id\":\"https:\/\/webalkans.eu\/sq\/news\/eu-wbif-extend-e2-5-million-grant-to-wastewater-project-in-kosovo\/#primaryimage\",\"url\":\"https:\/\/webalkans.eu\/wp-content\/uploads\/2023\/06\/7-1.jpeg\",\"contentUrl\":\"https:\/\/webalkans.eu\/wp-content\/uploads\/2023\/06\/7-1.jpeg\",\"width\":750,\"height\":354},{\"@type\":\"BreadcrumbList\",\"@id\":\"https:\/\/webalkans.eu\/sq\/news\/eu-wbif-extend-e2-5-million-grant-to-wastewater-project-in-kosovo\/#breadcrumb\",\"itemListElement\":[{\"@type\":\"ListItem\",\"position\":1,\"name\":\"Home\",\"item\":\"https:\/\/webalkans.eu\/sq\/homepage\/\"},{\"@type\":\"ListItem\",\"position\":2,\"name\":\"BE-ja, WBIF zgjerojn\u00eb grantin prej 2.5 milion\u00eb euro p\u00ebr projektin e uj\u00ebrave t\u00eb ndotura n\u00eb Kosov\u00eb\"}]},{\"@type\":\"WebSite\",\"@id\":\"https:\/\/webalkans.eu\/sq\/#website\",\"url\":\"https:\/\/webalkans.eu\/sq\/\",\"name\":\"WeBalkans | EU Projects in the Western Balkans\",\"description\":\"\",\"publisher\":{\"@id\":\"https:\/\/webalkans.eu\/sq\/#organization\"},\"potentialAction\":[{\"@type\":\"SearchAction\",\"target\":{\"@type\":\"EntryPoint\",\"urlTemplate\":\"https:\/\/webalkans.eu\/sq\/?s={search_term_string}\"},\"query-input\":{\"@type\":\"PropertyValueSpecification\",\"valueRequired\":true,\"valueName\":\"search_term_string\"}}],\"inLanguage\":\"sq-AL\"},{\"@type\":\"Organization\",\"@id\":\"https:\/\/webalkans.eu\/sq\/#organization\",\"name\":\"European Union\",\"url\":\"https:\/\/webalkans.eu\/sq\/\",\"logo\":{\"@type\":\"ImageObject\",\"inLanguage\":\"sq-AL\",\"@id\":\"https:\/\/webalkans.eu\/sq\/#\/schema\/logo\/image\/\",\"url\":\"https:\/\/webalkans.eu\/wp-content\/uploads\/2020\/11\/eu_flag.jpg\",\"contentUrl\":\"https:\/\/webalkans.eu\/wp-content\/uploads\/2020\/11\/eu_flag.jpg\",\"width\":600,\"height\":401,\"caption\":\"European Union\"},\"image\":{\"@id\":\"https:\/\/webalkans.eu\/sq\/#\/schema\/logo\/image\/\"},\"sameAs\":[\"https:\/\/www.facebook.com\/webalkans.eu\",\"https:\/\/x.com\/WeBalkans\"]},{\"@type\":\"Person\",\"@id\":\"https:\/\/webalkans.eu\/sq\/#\/schema\/person\/95a8ea19ef21de3b7766e9b65ffdb4da\",\"name\":\"007designstudio@gmail.com\"}]}<\/script>\n<!-- \/ Yoast SEO plugin. -->","yoast_head_json":{"title":"BE-ja, WBIF zgjerojn\u00eb grantin prej 2.5 milion\u00eb euro p\u00ebr projektin e uj\u00ebrave t\u00eb ndotura n\u00eb Kosov\u00eb News | WeBalkans","description":"BE-ja, WBIF zgjerojn\u00eb grantin prej 2.5 milion\u00eb euro p\u00ebr projektin e uj\u00ebrave t\u00eb ndotura n\u00eb Kosov\u00eb","robots":{"index":"index","follow":"follow","max-snippet":"max-snippet:-1","max-image-preview":"max-image-preview:large","max-video-preview":"max-video-preview:-1"},"canonical":"https:\/\/webalkans.eu\/sq\/news\/eu-wbif-extend-e2-5-million-grant-to-wastewater-project-in-kosovo\/","og_locale":"sq_AL","og_type":"article","og_title":"BE-ja, WBIF zgjerojn\u00eb grantin prej 2.5 milion\u00eb euro p\u00ebr projektin e uj\u00ebrave t\u00eb ndotura n\u00eb Kosov\u00eb News | WeBalkans","og_description":"BE-ja, WBIF zgjerojn\u00eb grantin prej 2.5 milion\u00eb euro p\u00ebr projektin e uj\u00ebrave t\u00eb ndotura n\u00eb Kosov\u00eb","og_url":"https:\/\/webalkans.eu\/sq\/news\/eu-wbif-extend-e2-5-million-grant-to-wastewater-project-in-kosovo\/","og_site_name":"WeBalkans | EU Projects in the Western Balkans","article_publisher":"https:\/\/www.facebook.com\/webalkans.eu","article_published_time":"2023-06-07T15:34:40+00:00","article_modified_time":"2023-06-30T10:57:39+00:00","og_image":[{"width":750,"height":354,"url":"https:\/\/webalkans.eu\/wp-content\/uploads\/2023\/06\/7-1.jpeg","type":"image\/jpeg"}],"author":"007designstudio@gmail.com","twitter_card":"summary_large_image","twitter_creator":"@WeBalkans","twitter_site":"@WeBalkans","twitter_misc":{"Written by":"007designstudio@gmail.com","Est. reading time":"2 minutes"},"schema":{"@context":"https:\/\/schema.org","@graph":[{"@type":"Article","@id":"https:\/\/webalkans.eu\/sq\/news\/eu-wbif-extend-e2-5-million-grant-to-wastewater-project-in-kosovo\/#article","isPartOf":{"@id":"https:\/\/webalkans.eu\/sq\/news\/eu-wbif-extend-e2-5-million-grant-to-wastewater-project-in-kosovo\/"},"author":{"name":"007designstudio@gmail.com","@id":"https:\/\/webalkans.eu\/sq\/#\/schema\/person\/95a8ea19ef21de3b7766e9b65ffdb4da"},"headline":"BE-ja, WBIF zgjerojn\u00eb grantin prej 2.5 milion\u00eb euro p\u00ebr projektin e uj\u00ebrave t\u00eb ndotura n\u00eb Kosov\u00eb","datePublished":"2023-06-07T15:34:40+00:00","dateModified":"2023-06-30T10:57:39+00:00","mainEntityOfPage":{"@id":"https:\/\/webalkans.eu\/sq\/news\/eu-wbif-extend-e2-5-million-grant-to-wastewater-project-in-kosovo\/"},"wordCount":349,"publisher":{"@id":"https:\/\/webalkans.eu\/sq\/#organization"},"image":{"@id":"https:\/\/webalkans.eu\/sq\/news\/eu-wbif-extend-e2-5-million-grant-to-wastewater-project-in-kosovo\/#primaryimage"},"thumbnailUrl":"https:\/\/webalkans.eu\/wp-content\/uploads\/2023\/06\/7-1.jpeg","inLanguage":"sq-AL"},{"@type":"WebPage","@id":"https:\/\/webalkans.eu\/sq\/news\/eu-wbif-extend-e2-5-million-grant-to-wastewater-project-in-kosovo\/","url":"https:\/\/webalkans.eu\/sq\/news\/eu-wbif-extend-e2-5-million-grant-to-wastewater-project-in-kosovo\/","name":"BE-ja, WBIF zgjerojn\u00eb grantin prej 2.5 milion\u00eb euro p\u00ebr projektin e uj\u00ebrave t\u00eb ndotura n\u00eb Kosov\u00eb News | WeBalkans","isPartOf":{"@id":"https:\/\/webalkans.eu\/sq\/#website"},"primaryImageOfPage":{"@id":"https:\/\/webalkans.eu\/sq\/news\/eu-wbif-extend-e2-5-million-grant-to-wastewater-project-in-kosovo\/#primaryimage"},"image":{"@id":"https:\/\/webalkans.eu\/sq\/news\/eu-wbif-extend-e2-5-million-grant-to-wastewater-project-in-kosovo\/#primaryimage"},"thumbnailUrl":"https:\/\/webalkans.eu\/wp-content\/uploads\/2023\/06\/7-1.jpeg","datePublished":"2023-06-07T15:34:40+00:00","dateModified":"2023-06-30T10:57:39+00:00","description":"BE-ja, WBIF zgjerojn\u00eb grantin prej 2.5 milion\u00eb euro p\u00ebr projektin e uj\u00ebrave t\u00eb ndotura n\u00eb Kosov\u00eb","breadcrumb":{"@id":"https:\/\/webalkans.eu\/sq\/news\/eu-wbif-extend-e2-5-million-grant-to-wastewater-project-in-kosovo\/#breadcrumb"},"inLanguage":"sq-AL","potentialAction":[{"@type":"ReadAction","target":["https:\/\/webalkans.eu\/sq\/news\/eu-wbif-extend-e2-5-million-grant-to-wastewater-project-in-kosovo\/"]}]},{"@type":"ImageObject","inLanguage":"sq-AL","@id":"https:\/\/webalkans.eu\/sq\/news\/eu-wbif-extend-e2-5-million-grant-to-wastewater-project-in-kosovo\/#primaryimage","url":"https:\/\/webalkans.eu\/wp-content\/uploads\/2023\/06\/7-1.jpeg","contentUrl":"https:\/\/webalkans.eu\/wp-content\/uploads\/2023\/06\/7-1.jpeg","width":750,"height":354},{"@type":"BreadcrumbList","@id":"https:\/\/webalkans.eu\/sq\/news\/eu-wbif-extend-e2-5-million-grant-to-wastewater-project-in-kosovo\/#breadcrumb","itemListElement":[{"@type":"ListItem","position":1,"name":"Home","item":"https:\/\/webalkans.eu\/sq\/homepage\/"},{"@type":"ListItem","position":2,"name":"BE-ja, WBIF zgjerojn\u00eb grantin prej 2.5 milion\u00eb euro p\u00ebr projektin e uj\u00ebrave t\u00eb ndotura n\u00eb Kosov\u00eb"}]},{"@type":"WebSite","@id":"https:\/\/webalkans.eu\/sq\/#website","url":"https:\/\/webalkans.eu\/sq\/","name":"WeBalkans | EU Projects in the Western Balkans","description":"","publisher":{"@id":"https:\/\/webalkans.eu\/sq\/#organization"},"potentialAction":[{"@type":"SearchAction","target":{"@type":"EntryPoint","urlTemplate":"https:\/\/webalkans.eu\/sq\/?s={search_term_string}"},"query-input":{"@type":"PropertyValueSpecification","valueRequired":true,"valueName":"search_term_string"}}],"inLanguage":"sq-AL"},{"@type":"Organization","@id":"https:\/\/webalkans.eu\/sq\/#organization","name":"European Union","url":"https:\/\/webalkans.eu\/sq\/","logo":{"@type":"ImageObject","inLanguage":"sq-AL","@id":"https:\/\/webalkans.eu\/sq\/#\/schema\/logo\/image\/","url":"https:\/\/webalkans.eu\/wp-content\/uploads\/2020\/11\/eu_flag.jpg","contentUrl":"https:\/\/webalkans.eu\/wp-content\/uploads\/2020\/11\/eu_flag.jpg","width":600,"height":401,"caption":"European Union"},"image":{"@id":"https:\/\/webalkans.eu\/sq\/#\/schema\/logo\/image\/"},"sameAs":["https:\/\/www.facebook.com\/webalkans.eu","https:\/\/x.com\/WeBalkans"]},{"@type":"Person","@id":"https:\/\/webalkans.eu\/sq\/#\/schema\/person\/95a8ea19ef21de3b7766e9b65ffdb4da","name":"007designstudio@gmail.com"}]}},"_links":{"self":[{"href":"https:\/\/webalkans.eu\/sq\/wp-json\/wp\/v2\/posts\/1154372"}],"collection":[{"href":"https:\/\/webalkans.eu\/sq\/wp-json\/wp\/v2\/posts"}],"about":[{"href":"https:\/\/webalkans.eu\/sq\/wp-json\/wp\/v2\/types\/post"}],"author":[{"embeddable":true,"href":"https:\/\/webalkans.eu\/sq\/wp-json\/wp\/v2\/users\/152227"}],"replies":[{"embeddable":true,"href":"https:\/\/webalkans.eu\/sq\/wp-json\/wp\/v2\/comments?post=1154372"}],"version-history":[{"count":0,"href":"https:\/\/webalkans.eu\/sq\/wp-json\/wp\/v2\/posts\/1154372\/revisions"}],"wp:featuredmedia":[{"embeddable":true,"href":"https:\/\/webalkans.eu\/sq\/wp-json\/wp\/v2\/media\/1133695"}],"wp:attachment":[{"href":"https:\/\/webalkans.eu\/sq\/wp-json\/wp\/v2\/media?parent=1154372"}],"wp:term":[{"taxonomy":"country-for-news","embeddable":true,"href":"https:\/\/webalkans.eu\/sq\/wp-json\/wp\/v2\/country-for-news?post=1154372"}],"curies":[{"name":"wp","href":"https:\/\/api.w.org\/{rel}","templated":true}]}}