
{"id":1115255,"date":"2023-05-17T17:03:10","date_gmt":"2023-05-17T15:03:10","guid":{"rendered":"https:\/\/webalkans.eu\/?p=1115255"},"modified":"2023-05-17T17:03:10","modified_gmt":"2023-05-17T15:03:10","slug":"calls-opens-for-eu-investigative-journalism-award-2023","status":"publish","type":"post","link":"https:\/\/webalkans.eu\/sq\/news\/calls-opens-for-eu-investigative-journalism-award-2023\/","title":{"rendered":"\u00c7elet Thirrja p\u00ebr \u00c7mimin e BE-s\u00eb p\u00ebr Gazetari Investigative 2023"},"content":{"rendered":"<p style=\"font-weight: 400;\"><strong>\u00c7mimi i BE-s\u00eb p\u00ebr Gazetari Investigative 2023 po pranon tani aplikime.<\/strong> Edhe nj\u00eb her\u00eb, \u00e7mimi prestigjioz vler\u00ebson historit\u00eb m\u00eb t\u00eb mira investiguese q\u00eb jan\u00eb botuar vitin e kaluar kalendarik dhe hapet p\u00ebr gazetar\u00ebt nga Ballkani Per\u00ebndimor dhe Turqia.<\/p>\n<p>&nbsp;<\/p>\n<p style=\"font-weight: 400;\">K\u00ebt\u00eb vit, \u00c7mimi i BE-s\u00eb, p\u00ebrve\u00e7 \u00e7mimeve komb\u00ebtare po prezanton nj\u00eb \u00e7mim rajonal p\u00ebr historit\u00eb m\u00eb t\u00eb mira nga gjith\u00eb rajoni bazuar te kritere t\u00eb p\u00ebrcaktuara qart\u00ebsisht. Kjo kategori e re \u00ebsht\u00eb nj\u00eb zhvillim emocionues q\u00eb do t\u2019i nxis\u00eb gazetar\u00ebt t\u00eb mendojn\u00eb p\u00ebrtej kufijve komb\u00ebtar\u00eb dhe t\u00eb trajtojn\u00eb probleme q\u00eb ndikojn\u00eb gjith\u00eb rajonin.<\/p>\n<p>&nbsp;<\/p>\n<p style=\"font-weight: 400;\">Fondi i \u00e7mimit vjetor p\u00ebr secilin shtet \u00ebsht\u00eb 10,000 euro, dhe fondi i \u00e7mimit p\u00ebr \u00e7mimet rajonale \u00ebsht\u00eb po ashtu 10,000 euro. Tri historit\u00eb m\u00eb t\u00eb mira t\u00eb vitit do t\u00eb marrin \u00e7mim, dhe shuma p\u00ebr \u00e7mimet komb\u00ebtare dhe rajonale \u00ebsht\u00eb 5,000 euro (vendi i par\u00eb), 3,000 (i dyti), dhe 2,000 (i treti).<\/p>\n<p>&nbsp;<\/p>\n<p style=\"font-weight: 400;\">Historit\u00eb duhet t\u00eb kontribuojn\u00eb p\u00ebr lirin\u00eb e shprehjes, sundimin e ligjit dhe transparenc\u00ebn q\u00eb t\u00eb mund t\u00eb nominohen. Ato duhet t\u00eb mbulojn\u00eb tema t\u00eb ndryshme q\u00eb kan\u00eb ndikim te ekonomia komb\u00ebtare dhe rajonale, v\u00ebshtir\u00ebsit\u00eb p\u00ebr proceset e integrimit t\u00eb k\u00ebtyre shteteve n\u00eb BE dhe problemeve t\u00eb tilla si krimi i organizuar, format e ndryshme t\u00eb ndikimit t\u00eb huaj, dhunimi i t\u00eb drejtave t\u00eb njeriut, p\u00ebrfshir\u00eb dhe ato n\u00eb fush\u00ebn digjitale, sikurse dhe tema t\u00eb tjera t\u00eb cilat publiku mund t\u00eb mos i njoh\u00eb dhe aq mir\u00eb sa t\u00eb parat.<\/p>\n<p>&nbsp;<\/p>\n<p style=\"font-weight: 400;\">Aplikimet mund t\u00eb nominohet p\u00ebr \u00e7mimin komb\u00ebtar ose rajonal, ose p\u00ebr t\u00eb dyja, dhe kjo mund\u00ebsi ofrohet te vet\u00eb forma e aplikimit. Ve\u00e7 k\u00ebsaj, nj\u00eb kandidat mund t\u00eb aplikoj\u00eb me disa histori n\u00eb konkurs.<\/p>\n<p>&nbsp;<\/p>\n<p style=\"font-weight: 400;\">Fituesit e \u00e7mimeve komb\u00ebtare n\u00eb rajonin e Ballkanit Per\u00ebndimor dhe Turqi b\u00ebhen automatikisht kandidat\u00eb p\u00ebr \u00e7mimin rajonal t\u00eb BE-s\u00eb p\u00ebr gazetarin\u00eb investiguese, n\u00ebse kjo shprehet n\u00eb k\u00ebt\u00eb m\u00ebnyr\u00eb n\u00eb form\u00ebn e aplikimit. Juria p\u00ebr dyja \u00e7mimet, komb\u00ebtare dhe rajonale, p\u00ebrb\u00ebhet nga ekspert\u00eb lokal\u00eb dhe nd\u00ebrkomb\u00ebtar\u00eb t\u00eb medias, redaktor\u00eb, an\u00ebtar\u00eb akademie dhe gazetar\u00eb t\u00eb mir\u00ebnjohur.<\/p>\n<p style=\"font-weight: 400;\">\n","protected":false},"excerpt":{"rendered":"<p>\u00c7mimi i BE-s\u00eb p\u00ebr Gazetari Investigative 2023 po pranon tani aplikime. Edhe nj\u00eb her\u00eb, \u00e7mimi prestigjioz vler\u00ebson historit\u00eb m\u00eb t\u00eb mira investiguese q\u00eb jan\u00eb botuar <\/p>\n","protected":false},"author":152227,"featured_media":1109816,"comment_status":"closed","ping_status":"closed","sticky":false,"template":"","format":"standard","meta":{"_acf_changed":false,"_monsterinsights_skip_tracking":false,"_monsterinsights_sitenote_active":false,"_monsterinsights_sitenote_note":"","_monsterinsights_sitenote_category":0,"footnotes":""},"country-for-news":[415,421,428,431,437,441],"class_list":["post-1115255","post","type-post","status-publish","format-standard","has-post-thumbnail","hentry","wb_theme-democracy-and-fundamental-rights","country-for-news-albania","country-for-news-bosnia-and-herzegovina","country-for-news-kosovo","country-for-news-montenegro","country-for-news-north-macedonia","country-for-news-serbia"],"acf":[],"yoast_head":"<!-- This site is optimized with the Yoast SEO plugin v25.3.1 - https:\/\/yoast.com\/wordpress\/plugins\/seo\/ -->\n<title>\u00c7elet Thirrja p\u00ebr \u00c7mimin e BE-s\u00eb p\u00ebr Gazetari Investigative 2023 News | WeBalkans<\/title>\n<meta name=\"description\" content=\"\u00c7elet Thirrja p\u00ebr \u00c7mimin e BE-s\u00eb p\u00ebr Gazetari Investigative 2023\" \/>\n<meta name=\"robots\" content=\"index, follow, max-snippet:-1, max-image-preview:large, max-video-preview:-1\" \/>\n<link rel=\"canonical\" href=\"https:\/\/webalkans.eu\/sq\/news\/calls-opens-for-eu-investigative-journalism-award-2023\/\" \/>\n<meta property=\"og:locale\" content=\"sq_AL\" \/>\n<meta property=\"og:type\" content=\"article\" \/>\n<meta property=\"og:title\" content=\"\u00c7elet Thirrja p\u00ebr \u00c7mimin e BE-s\u00eb p\u00ebr Gazetari Investigative 2023 News | WeBalkans\" \/>\n<meta property=\"og:description\" content=\"\u00c7elet Thirrja p\u00ebr \u00c7mimin e BE-s\u00eb p\u00ebr Gazetari Investigative 2023\" \/>\n<meta property=\"og:url\" content=\"https:\/\/webalkans.eu\/sq\/news\/calls-opens-for-eu-investigative-journalism-award-2023\/\" \/>\n<meta property=\"og:site_name\" content=\"WeBalkans | EU Projects in the Western Balkans\" \/>\n<meta property=\"article:publisher\" content=\"https:\/\/www.facebook.com\/webalkans.eu\" \/>\n<meta property=\"article:published_time\" content=\"2023-05-17T15:03:10+00:00\" \/>\n<meta property=\"og:image\" content=\"https:\/\/webalkans.eu\/wp-content\/uploads\/2023\/05\/9.png\" \/>\n\t<meta property=\"og:image:width\" content=\"2000\" \/>\n\t<meta property=\"og:image:height\" content=\"1500\" \/>\n\t<meta property=\"og:image:type\" content=\"image\/png\" \/>\n<meta name=\"author\" content=\"007designstudio@gmail.com\" \/>\n<meta name=\"twitter:card\" content=\"summary_large_image\" \/>\n<meta name=\"twitter:creator\" content=\"@WeBalkans\" \/>\n<meta name=\"twitter:site\" content=\"@WeBalkans\" \/>\n<meta name=\"twitter:label1\" content=\"Written by\" \/>\n\t<meta name=\"twitter:data1\" content=\"007designstudio@gmail.com\" \/>\n\t<meta name=\"twitter:label2\" content=\"Est. reading time\" \/>\n\t<meta name=\"twitter:data2\" content=\"2 minutes\" \/>\n<script type=\"application\/ld+json\" class=\"yoast-schema-graph\">{\"@context\":\"https:\/\/schema.org\",\"@graph\":[{\"@type\":\"Article\",\"@id\":\"https:\/\/webalkans.eu\/sq\/news\/calls-opens-for-eu-investigative-journalism-award-2023\/#article\",\"isPartOf\":{\"@id\":\"https:\/\/webalkans.eu\/sq\/news\/calls-opens-for-eu-investigative-journalism-award-2023\/\"},\"author\":{\"name\":\"007designstudio@gmail.com\",\"@id\":\"https:\/\/webalkans.eu\/sq\/#\/schema\/person\/95a8ea19ef21de3b7766e9b65ffdb4da\"},\"headline\":\"\u00c7elet Thirrja p\u00ebr \u00c7mimin e BE-s\u00eb p\u00ebr Gazetari Investigative 2023\",\"datePublished\":\"2023-05-17T15:03:10+00:00\",\"mainEntityOfPage\":{\"@id\":\"https:\/\/webalkans.eu\/sq\/news\/calls-opens-for-eu-investigative-journalism-award-2023\/\"},\"wordCount\":381,\"publisher\":{\"@id\":\"https:\/\/webalkans.eu\/sq\/#organization\"},\"image\":{\"@id\":\"https:\/\/webalkans.eu\/sq\/news\/calls-opens-for-eu-investigative-journalism-award-2023\/#primaryimage\"},\"thumbnailUrl\":\"https:\/\/webalkans.eu\/wp-content\/uploads\/2023\/05\/9.png\",\"inLanguage\":\"sq-AL\"},{\"@type\":\"WebPage\",\"@id\":\"https:\/\/webalkans.eu\/sq\/news\/calls-opens-for-eu-investigative-journalism-award-2023\/\",\"url\":\"https:\/\/webalkans.eu\/sq\/news\/calls-opens-for-eu-investigative-journalism-award-2023\/\",\"name\":\"\u00c7elet Thirrja p\u00ebr \u00c7mimin e BE-s\u00eb p\u00ebr Gazetari Investigative 2023 News | WeBalkans\",\"isPartOf\":{\"@id\":\"https:\/\/webalkans.eu\/sq\/#website\"},\"primaryImageOfPage\":{\"@id\":\"https:\/\/webalkans.eu\/sq\/news\/calls-opens-for-eu-investigative-journalism-award-2023\/#primaryimage\"},\"image\":{\"@id\":\"https:\/\/webalkans.eu\/sq\/news\/calls-opens-for-eu-investigative-journalism-award-2023\/#primaryimage\"},\"thumbnailUrl\":\"https:\/\/webalkans.eu\/wp-content\/uploads\/2023\/05\/9.png\",\"datePublished\":\"2023-05-17T15:03:10+00:00\",\"description\":\"\u00c7elet Thirrja p\u00ebr \u00c7mimin e BE-s\u00eb p\u00ebr Gazetari Investigative 2023\",\"breadcrumb\":{\"@id\":\"https:\/\/webalkans.eu\/sq\/news\/calls-opens-for-eu-investigative-journalism-award-2023\/#breadcrumb\"},\"inLanguage\":\"sq-AL\",\"potentialAction\":[{\"@type\":\"ReadAction\",\"target\":[\"https:\/\/webalkans.eu\/sq\/news\/calls-opens-for-eu-investigative-journalism-award-2023\/\"]}]},{\"@type\":\"ImageObject\",\"inLanguage\":\"sq-AL\",\"@id\":\"https:\/\/webalkans.eu\/sq\/news\/calls-opens-for-eu-investigative-journalism-award-2023\/#primaryimage\",\"url\":\"https:\/\/webalkans.eu\/wp-content\/uploads\/2023\/05\/9.png\",\"contentUrl\":\"https:\/\/webalkans.eu\/wp-content\/uploads\/2023\/05\/9.png\",\"width\":2000,\"height\":1500},{\"@type\":\"BreadcrumbList\",\"@id\":\"https:\/\/webalkans.eu\/sq\/news\/calls-opens-for-eu-investigative-journalism-award-2023\/#breadcrumb\",\"itemListElement\":[{\"@type\":\"ListItem\",\"position\":1,\"name\":\"Home\",\"item\":\"https:\/\/webalkans.eu\/sq\/homepage\/\"},{\"@type\":\"ListItem\",\"position\":2,\"name\":\"\u00c7elet Thirrja p\u00ebr \u00c7mimin e BE-s\u00eb p\u00ebr Gazetari Investigative 2023\"}]},{\"@type\":\"WebSite\",\"@id\":\"https:\/\/webalkans.eu\/sq\/#website\",\"url\":\"https:\/\/webalkans.eu\/sq\/\",\"name\":\"WeBalkans | EU Projects in the Western Balkans\",\"description\":\"\",\"publisher\":{\"@id\":\"https:\/\/webalkans.eu\/sq\/#organization\"},\"potentialAction\":[{\"@type\":\"SearchAction\",\"target\":{\"@type\":\"EntryPoint\",\"urlTemplate\":\"https:\/\/webalkans.eu\/sq\/?s={search_term_string}\"},\"query-input\":{\"@type\":\"PropertyValueSpecification\",\"valueRequired\":true,\"valueName\":\"search_term_string\"}}],\"inLanguage\":\"sq-AL\"},{\"@type\":\"Organization\",\"@id\":\"https:\/\/webalkans.eu\/sq\/#organization\",\"name\":\"European Union\",\"url\":\"https:\/\/webalkans.eu\/sq\/\",\"logo\":{\"@type\":\"ImageObject\",\"inLanguage\":\"sq-AL\",\"@id\":\"https:\/\/webalkans.eu\/sq\/#\/schema\/logo\/image\/\",\"url\":\"https:\/\/webalkans.eu\/wp-content\/uploads\/2020\/11\/eu_flag.jpg\",\"contentUrl\":\"https:\/\/webalkans.eu\/wp-content\/uploads\/2020\/11\/eu_flag.jpg\",\"width\":600,\"height\":401,\"caption\":\"European Union\"},\"image\":{\"@id\":\"https:\/\/webalkans.eu\/sq\/#\/schema\/logo\/image\/\"},\"sameAs\":[\"https:\/\/www.facebook.com\/webalkans.eu\",\"https:\/\/x.com\/WeBalkans\"]},{\"@type\":\"Person\",\"@id\":\"https:\/\/webalkans.eu\/sq\/#\/schema\/person\/95a8ea19ef21de3b7766e9b65ffdb4da\",\"name\":\"007designstudio@gmail.com\"}]}<\/script>\n<!-- \/ Yoast SEO plugin. -->","yoast_head_json":{"title":"\u00c7elet Thirrja p\u00ebr \u00c7mimin e BE-s\u00eb p\u00ebr Gazetari Investigative 2023 News | WeBalkans","description":"\u00c7elet Thirrja p\u00ebr \u00c7mimin e BE-s\u00eb p\u00ebr Gazetari Investigative 2023","robots":{"index":"index","follow":"follow","max-snippet":"max-snippet:-1","max-image-preview":"max-image-preview:large","max-video-preview":"max-video-preview:-1"},"canonical":"https:\/\/webalkans.eu\/sq\/news\/calls-opens-for-eu-investigative-journalism-award-2023\/","og_locale":"sq_AL","og_type":"article","og_title":"\u00c7elet Thirrja p\u00ebr \u00c7mimin e BE-s\u00eb p\u00ebr Gazetari Investigative 2023 News | WeBalkans","og_description":"\u00c7elet Thirrja p\u00ebr \u00c7mimin e BE-s\u00eb p\u00ebr Gazetari Investigative 2023","og_url":"https:\/\/webalkans.eu\/sq\/news\/calls-opens-for-eu-investigative-journalism-award-2023\/","og_site_name":"WeBalkans | EU Projects in the Western Balkans","article_publisher":"https:\/\/www.facebook.com\/webalkans.eu","article_published_time":"2023-05-17T15:03:10+00:00","og_image":[{"width":2000,"height":1500,"url":"https:\/\/webalkans.eu\/wp-content\/uploads\/2023\/05\/9.png","type":"image\/png"}],"author":"007designstudio@gmail.com","twitter_card":"summary_large_image","twitter_creator":"@WeBalkans","twitter_site":"@WeBalkans","twitter_misc":{"Written by":"007designstudio@gmail.com","Est. reading time":"2 minutes"},"schema":{"@context":"https:\/\/schema.org","@graph":[{"@type":"Article","@id":"https:\/\/webalkans.eu\/sq\/news\/calls-opens-for-eu-investigative-journalism-award-2023\/#article","isPartOf":{"@id":"https:\/\/webalkans.eu\/sq\/news\/calls-opens-for-eu-investigative-journalism-award-2023\/"},"author":{"name":"007designstudio@gmail.com","@id":"https:\/\/webalkans.eu\/sq\/#\/schema\/person\/95a8ea19ef21de3b7766e9b65ffdb4da"},"headline":"\u00c7elet Thirrja p\u00ebr \u00c7mimin e BE-s\u00eb p\u00ebr Gazetari Investigative 2023","datePublished":"2023-05-17T15:03:10+00:00","mainEntityOfPage":{"@id":"https:\/\/webalkans.eu\/sq\/news\/calls-opens-for-eu-investigative-journalism-award-2023\/"},"wordCount":381,"publisher":{"@id":"https:\/\/webalkans.eu\/sq\/#organization"},"image":{"@id":"https:\/\/webalkans.eu\/sq\/news\/calls-opens-for-eu-investigative-journalism-award-2023\/#primaryimage"},"thumbnailUrl":"https:\/\/webalkans.eu\/wp-content\/uploads\/2023\/05\/9.png","inLanguage":"sq-AL"},{"@type":"WebPage","@id":"https:\/\/webalkans.eu\/sq\/news\/calls-opens-for-eu-investigative-journalism-award-2023\/","url":"https:\/\/webalkans.eu\/sq\/news\/calls-opens-for-eu-investigative-journalism-award-2023\/","name":"\u00c7elet Thirrja p\u00ebr \u00c7mimin e BE-s\u00eb p\u00ebr Gazetari Investigative 2023 News | WeBalkans","isPartOf":{"@id":"https:\/\/webalkans.eu\/sq\/#website"},"primaryImageOfPage":{"@id":"https:\/\/webalkans.eu\/sq\/news\/calls-opens-for-eu-investigative-journalism-award-2023\/#primaryimage"},"image":{"@id":"https:\/\/webalkans.eu\/sq\/news\/calls-opens-for-eu-investigative-journalism-award-2023\/#primaryimage"},"thumbnailUrl":"https:\/\/webalkans.eu\/wp-content\/uploads\/2023\/05\/9.png","datePublished":"2023-05-17T15:03:10+00:00","description":"\u00c7elet Thirrja p\u00ebr \u00c7mimin e BE-s\u00eb p\u00ebr Gazetari Investigative 2023","breadcrumb":{"@id":"https:\/\/webalkans.eu\/sq\/news\/calls-opens-for-eu-investigative-journalism-award-2023\/#breadcrumb"},"inLanguage":"sq-AL","potentialAction":[{"@type":"ReadAction","target":["https:\/\/webalkans.eu\/sq\/news\/calls-opens-for-eu-investigative-journalism-award-2023\/"]}]},{"@type":"ImageObject","inLanguage":"sq-AL","@id":"https:\/\/webalkans.eu\/sq\/news\/calls-opens-for-eu-investigative-journalism-award-2023\/#primaryimage","url":"https:\/\/webalkans.eu\/wp-content\/uploads\/2023\/05\/9.png","contentUrl":"https:\/\/webalkans.eu\/wp-content\/uploads\/2023\/05\/9.png","width":2000,"height":1500},{"@type":"BreadcrumbList","@id":"https:\/\/webalkans.eu\/sq\/news\/calls-opens-for-eu-investigative-journalism-award-2023\/#breadcrumb","itemListElement":[{"@type":"ListItem","position":1,"name":"Home","item":"https:\/\/webalkans.eu\/sq\/homepage\/"},{"@type":"ListItem","position":2,"name":"\u00c7elet Thirrja p\u00ebr \u00c7mimin e BE-s\u00eb p\u00ebr Gazetari Investigative 2023"}]},{"@type":"WebSite","@id":"https:\/\/webalkans.eu\/sq\/#website","url":"https:\/\/webalkans.eu\/sq\/","name":"WeBalkans | EU Projects in the Western Balkans","description":"","publisher":{"@id":"https:\/\/webalkans.eu\/sq\/#organization"},"potentialAction":[{"@type":"SearchAction","target":{"@type":"EntryPoint","urlTemplate":"https:\/\/webalkans.eu\/sq\/?s={search_term_string}"},"query-input":{"@type":"PropertyValueSpecification","valueRequired":true,"valueName":"search_term_string"}}],"inLanguage":"sq-AL"},{"@type":"Organization","@id":"https:\/\/webalkans.eu\/sq\/#organization","name":"European Union","url":"https:\/\/webalkans.eu\/sq\/","logo":{"@type":"ImageObject","inLanguage":"sq-AL","@id":"https:\/\/webalkans.eu\/sq\/#\/schema\/logo\/image\/","url":"https:\/\/webalkans.eu\/wp-content\/uploads\/2020\/11\/eu_flag.jpg","contentUrl":"https:\/\/webalkans.eu\/wp-content\/uploads\/2020\/11\/eu_flag.jpg","width":600,"height":401,"caption":"European Union"},"image":{"@id":"https:\/\/webalkans.eu\/sq\/#\/schema\/logo\/image\/"},"sameAs":["https:\/\/www.facebook.com\/webalkans.eu","https:\/\/x.com\/WeBalkans"]},{"@type":"Person","@id":"https:\/\/webalkans.eu\/sq\/#\/schema\/person\/95a8ea19ef21de3b7766e9b65ffdb4da","name":"007designstudio@gmail.com"}]}},"_links":{"self":[{"href":"https:\/\/webalkans.eu\/sq\/wp-json\/wp\/v2\/posts\/1115255"}],"collection":[{"href":"https:\/\/webalkans.eu\/sq\/wp-json\/wp\/v2\/posts"}],"about":[{"href":"https:\/\/webalkans.eu\/sq\/wp-json\/wp\/v2\/types\/post"}],"author":[{"embeddable":true,"href":"https:\/\/webalkans.eu\/sq\/wp-json\/wp\/v2\/users\/152227"}],"replies":[{"embeddable":true,"href":"https:\/\/webalkans.eu\/sq\/wp-json\/wp\/v2\/comments?post=1115255"}],"version-history":[{"count":0,"href":"https:\/\/webalkans.eu\/sq\/wp-json\/wp\/v2\/posts\/1115255\/revisions"}],"wp:featuredmedia":[{"embeddable":true,"href":"https:\/\/webalkans.eu\/sq\/wp-json\/wp\/v2\/media\/1109816"}],"wp:attachment":[{"href":"https:\/\/webalkans.eu\/sq\/wp-json\/wp\/v2\/media?parent=1115255"}],"wp:term":[{"taxonomy":"country-for-news","embeddable":true,"href":"https:\/\/webalkans.eu\/sq\/wp-json\/wp\/v2\/country-for-news?post=1115255"}],"curies":[{"name":"wp","href":"https:\/\/api.w.org\/{rel}","templated":true}]}}