
{"id":1082836,"date":"2023-03-03T13:00:35","date_gmt":"2023-03-03T12:00:35","guid":{"rendered":"https:\/\/webalkans.eu\/news\/energy-support-package-in-action-the-rehabilitation-of-six-hydropower-plants-in-north-macedonia\/"},"modified":"2023-04-06T15:33:17","modified_gmt":"2023-04-06T13:33:17","slug":"energy-support-package-in-action-the-rehabilitation-of-six-hydropower-plants-in-north-macedonia","status":"publish","type":"post","link":"https:\/\/webalkans.eu\/sq\/news\/energy-support-package-in-action-the-rehabilitation-of-six-hydropower-plants-in-north-macedonia\/","title":{"rendered":"Paketa e Mb\u00ebshtetjes p\u00ebr Energjin\u00eb nis t\u00eb veproj\u00eb &#8211; Rehabilitimi i gjasht\u00eb hidrocentraleve n\u00eb Maqedonin\u00eb e Veriut"},"content":{"rendered":"<div>\n<p><span lang=\"SQ\">M\u00eb 23 shkurt 2023, u n\u00ebnshkruan marr\u00ebveshje financiare me vler\u00eb 36.2 milion\u00eb Euro p\u00ebr rehabilitimin e gjasht\u00eb hidrocentraleve n\u00eb Maqedonin\u00eb e Veriut. Investimi p\u00ebrmban grante t\u00eb BE-s\u00eb prej 11.2 milion\u00eb Eurosh, 25 milion\u00eb Euro kredi nga banka zhvillimore KfW dhe 200,000 Euro nga qeveria gjermane \u2013 t\u00eb gjitha fonde t\u00eb kanalizuara n\u00ebp\u00ebrmjet Korniz\u00ebs s\u00eb Investimeve p\u00ebr Ballkanin Per\u00ebndimor (WBIF).<\/span><\/p>\n<p>&nbsp;<\/p>\n<\/div>\n<div>\n<p><span lang=\"SQ\">Investimi do t\u00eb p\u00ebrfundoj\u00eb gjat\u00eb dy viteve t\u00eb ardhshme dhe \u00ebsht\u00eb faza e tret\u00eb e rehabilitimit t\u00eb gjasht\u00eb hidrocentraleve t\u00eb m\u00ebdhenj (HE Vrutok, HE Vrben, HE Raven, HE Tikvesh, HE Shpilje dhe HE Globocica) q\u00eb do t\u00eb sigurojn\u00eb midis 20% dhe 30% t\u00eb prodhimit total t\u00eb energjis\u00eb elektrike n\u00eb vend.<\/span><\/p>\n<p>&nbsp;<\/p>\n<\/div>\n<div>\n<p><span lang=\"SQ\">Investimet do ta zgjasin jet\u00ebgjat\u00ebsin\u00eb e centraleve, duke e rritur kapacitetin e tyre gjenerues me 13.5 M\u00eb. Prodhimi i elektricitetit do t\u00eb rritet me rreth 47.5 G. Projekti \u00ebsht\u00eb n\u00eb harmoni me angazhimin e Agjend\u00ebs s\u00eb Gjelb\u00ebr p\u00ebr Ballkanin Per\u00ebndimor p\u00ebr tranzicionin te energjia e past\u00ebr dhe do t\u00eb kontribuoj\u00eb p\u00ebr Strategjin\u00eb e Zhvillimit p\u00ebr Energjin\u00eb t\u00eb Maqedonis\u00eb s\u00eb Veriut. Kjo synon t\u00eb reduktoj\u00eb emetimet e gazeve serr\u00eb me 61% n\u00eb krahasim me nivelet e vitit 2005 dhe t\u00eb rris\u00eb pjes\u00ebn e burimeve t\u00eb rinovueshme t\u00eb energjis\u00eb n\u00eb 45% deri n\u00eb vitin 2040.<\/span><\/p>\n<p>&nbsp;<\/p>\n<\/div>\n<div>\n<p><span lang=\"SQ\">Marr\u00ebveshjet e huas\u00eb, grantit dhe garancis\u00eb u n\u00ebnshkruan nga Kreu i KfW-s\u00eb i Sektorit p\u00ebr Energjin\u00eb dhe Transportin e Evrop\u00ebs Juglindore dhe Turqis\u00eb,<strong>\u00a0Pablo Obrador Alvarez<\/strong>; Ministri i Financave i Maqedonis\u00eb s\u00eb Veriut,<strong> Fatmir Besimi; <\/strong>dhe drejtori i nd\u00ebrmarrjes publike ESM SH.A. &#8211; Shkup,<strong>Vasko Kovachevski.\u00a0<\/strong>N\u00eb ceremonin\u00eb e firmosjes qen\u00eb t\u00eb pranish\u00ebm Ambasadori Evropian,<strong>David Geer,\u00a0<\/strong>dhe ambasadori i Gjermanis\u00eb n\u00eb detyr\u00eb n\u00eb vend,\u00a0<strong>Otto Graf<\/strong>.<\/span><\/p>\n<p>&nbsp;<\/p>\n<\/div>\n<div>\n<p><span lang=\"SQ\">Projekti, i njohur si \u201eFlagship 4 &#8211; Energjia e Rinovueshme\u201c n\u00eb Planin Ekonomik dhe t\u00eb Investimeve t\u00eb BE-s\u00eb, \u00ebsht\u00eb pjes\u00eb e p\u00ebrpjekjeve t\u00eb Komisionit Evropian p\u00ebr t\u00eb p\u00ebrmir\u00ebsuar sigurin\u00eb energjetike n\u00eb rajon dhe pason miratimin e Paket\u00ebs s\u00eb Mb\u00ebshtetjes p\u00ebr <\/span><span lang=\"SQ\"><a href=\"https:\/\/www.wbif.eu\/storage\/app\/media\/Library\/12.%20Economic%20and%20Investment%20Plan\/WBIF%20Energy%20Support%20Package%20%20for%20the%20Western%20Balkans%202022.pdf\">Energjin\u00eb p\u00ebr Ballkanin Per\u00ebndimor, prej 1 miliard Eurosh<\/a><\/span><span lang=\"SQ\">. Financohet pjes\u00ebrisht n\u00ebp\u00ebrmjet pjes\u00ebs WBIF t\u00eb paket\u00ebs (500 milion\u00eb Euro) q\u00eb mbulon investimet pilot prioritare p\u00ebr diversifikimin e furnizimit me energji, nxit energjin\u00eb e rinovueshme dhe p\u00ebrmir\u00ebson efi\u00e7ienc\u00ebn e energjis\u00eb.<\/span><\/p>\n<\/div>\n","protected":false},"excerpt":{"rendered":"<p>M\u00eb 23 shkurt 2023, u n\u00ebnshkruan marr\u00ebveshje financiare me vler\u00eb 36.2 milion\u00eb Euro p\u00ebr rehabilitimin e gjasht\u00eb hidrocentraleve n\u00eb Maqedonin\u00eb e Veriut. Investimi p\u00ebrmban grante <\/p>\n","protected":false},"author":152227,"featured_media":1051608,"comment_status":"closed","ping_status":"closed","sticky":false,"template":"","format":"standard","meta":{"_acf_changed":false,"_monsterinsights_skip_tracking":false,"_monsterinsights_sitenote_active":false,"_monsterinsights_sitenote_note":"","_monsterinsights_sitenote_category":0,"footnotes":""},"country-for-news":[437],"class_list":["post-1082836","post","type-post","status-publish","format-standard","has-post-thumbnail","hentry","wb_theme-connectivity","country-for-news-north-macedonia"],"acf":[],"yoast_head":"<!-- This site is optimized with the Yoast SEO plugin v25.3.1 - https:\/\/yoast.com\/wordpress\/plugins\/seo\/ -->\n<title>Paketa e Mb\u00ebshtetjes p\u00ebr Energjin\u00eb nis t\u00eb veproj\u00eb - Rehabilitimi i gjasht\u00eb hidrocentraleve n\u00eb Maqedonin\u00eb e Veriut News | WeBalkans<\/title>\n<meta name=\"description\" content=\"Paketa e Mb\u00ebshtetjes p\u00ebr Energjin\u00eb nis t\u00eb veproj\u00eb - Rehabilitimi i gjasht\u00eb hidrocentraleve n\u00eb Maqedonin\u00eb e Veriut\" \/>\n<meta name=\"robots\" content=\"index, follow, max-snippet:-1, max-image-preview:large, max-video-preview:-1\" \/>\n<link rel=\"canonical\" href=\"https:\/\/webalkans.eu\/sq\/news\/energy-support-package-in-action-the-rehabilitation-of-six-hydropower-plants-in-north-macedonia\/\" \/>\n<meta property=\"og:locale\" content=\"sq_AL\" \/>\n<meta property=\"og:type\" content=\"article\" \/>\n<meta property=\"og:title\" content=\"Paketa e Mb\u00ebshtetjes p\u00ebr Energjin\u00eb nis t\u00eb veproj\u00eb - Rehabilitimi i gjasht\u00eb hidrocentraleve n\u00eb Maqedonin\u00eb e Veriut News | WeBalkans\" \/>\n<meta property=\"og:description\" content=\"Paketa e Mb\u00ebshtetjes p\u00ebr Energjin\u00eb nis t\u00eb veproj\u00eb - Rehabilitimi i gjasht\u00eb hidrocentraleve n\u00eb Maqedonin\u00eb e Veriut\" \/>\n<meta property=\"og:url\" content=\"https:\/\/webalkans.eu\/sq\/news\/energy-support-package-in-action-the-rehabilitation-of-six-hydropower-plants-in-north-macedonia\/\" \/>\n<meta property=\"og:site_name\" content=\"WeBalkans | EU Projects in the Western Balkans\" \/>\n<meta property=\"article:publisher\" content=\"https:\/\/www.facebook.com\/webalkans.eu\" \/>\n<meta property=\"article:published_time\" content=\"2023-03-03T12:00:35+00:00\" \/>\n<meta property=\"article:modified_time\" content=\"2023-04-06T13:33:17+00:00\" \/>\n<meta property=\"og:image\" content=\"https:\/\/webalkans.eu\/wp-content\/uploads\/2023\/03\/12.jpeg\" \/>\n\t<meta property=\"og:image:width\" content=\"500\" \/>\n\t<meta property=\"og:image:height\" content=\"650\" \/>\n\t<meta property=\"og:image:type\" content=\"image\/jpeg\" \/>\n<meta name=\"author\" content=\"007designstudio@gmail.com\" \/>\n<meta name=\"twitter:card\" content=\"summary_large_image\" \/>\n<meta name=\"twitter:creator\" content=\"@WeBalkans\" \/>\n<meta name=\"twitter:site\" content=\"@WeBalkans\" \/>\n<meta name=\"twitter:label1\" content=\"Written by\" \/>\n\t<meta name=\"twitter:data1\" content=\"007designstudio@gmail.com\" \/>\n\t<meta name=\"twitter:label2\" content=\"Est. reading time\" \/>\n\t<meta name=\"twitter:data2\" content=\"2 minutes\" \/>\n<script type=\"application\/ld+json\" class=\"yoast-schema-graph\">{\"@context\":\"https:\/\/schema.org\",\"@graph\":[{\"@type\":\"Article\",\"@id\":\"https:\/\/webalkans.eu\/sq\/news\/energy-support-package-in-action-the-rehabilitation-of-six-hydropower-plants-in-north-macedonia\/#article\",\"isPartOf\":{\"@id\":\"https:\/\/webalkans.eu\/sq\/news\/energy-support-package-in-action-the-rehabilitation-of-six-hydropower-plants-in-north-macedonia\/\"},\"author\":{\"name\":\"007designstudio@gmail.com\",\"@id\":\"https:\/\/webalkans.eu\/sq\/#\/schema\/person\/95a8ea19ef21de3b7766e9b65ffdb4da\"},\"headline\":\"Paketa e Mb\u00ebshtetjes p\u00ebr Energjin\u00eb nis t\u00eb veproj\u00eb &#8211; Rehabilitimi i gjasht\u00eb hidrocentraleve n\u00eb Maqedonin\u00eb e Veriut\",\"datePublished\":\"2023-03-03T12:00:35+00:00\",\"dateModified\":\"2023-04-06T13:33:17+00:00\",\"mainEntityOfPage\":{\"@id\":\"https:\/\/webalkans.eu\/sq\/news\/energy-support-package-in-action-the-rehabilitation-of-six-hydropower-plants-in-north-macedonia\/\"},\"wordCount\":400,\"publisher\":{\"@id\":\"https:\/\/webalkans.eu\/sq\/#organization\"},\"image\":{\"@id\":\"https:\/\/webalkans.eu\/sq\/news\/energy-support-package-in-action-the-rehabilitation-of-six-hydropower-plants-in-north-macedonia\/#primaryimage\"},\"thumbnailUrl\":\"https:\/\/webalkans.eu\/wp-content\/uploads\/2023\/03\/12.jpeg\",\"inLanguage\":\"sq-AL\"},{\"@type\":\"WebPage\",\"@id\":\"https:\/\/webalkans.eu\/sq\/news\/energy-support-package-in-action-the-rehabilitation-of-six-hydropower-plants-in-north-macedonia\/\",\"url\":\"https:\/\/webalkans.eu\/sq\/news\/energy-support-package-in-action-the-rehabilitation-of-six-hydropower-plants-in-north-macedonia\/\",\"name\":\"Paketa e Mb\u00ebshtetjes p\u00ebr Energjin\u00eb nis t\u00eb veproj\u00eb - Rehabilitimi i gjasht\u00eb hidrocentraleve n\u00eb Maqedonin\u00eb e Veriut News | WeBalkans\",\"isPartOf\":{\"@id\":\"https:\/\/webalkans.eu\/sq\/#website\"},\"primaryImageOfPage\":{\"@id\":\"https:\/\/webalkans.eu\/sq\/news\/energy-support-package-in-action-the-rehabilitation-of-six-hydropower-plants-in-north-macedonia\/#primaryimage\"},\"image\":{\"@id\":\"https:\/\/webalkans.eu\/sq\/news\/energy-support-package-in-action-the-rehabilitation-of-six-hydropower-plants-in-north-macedonia\/#primaryimage\"},\"thumbnailUrl\":\"https:\/\/webalkans.eu\/wp-content\/uploads\/2023\/03\/12.jpeg\",\"datePublished\":\"2023-03-03T12:00:35+00:00\",\"dateModified\":\"2023-04-06T13:33:17+00:00\",\"description\":\"Paketa e Mb\u00ebshtetjes p\u00ebr Energjin\u00eb nis t\u00eb veproj\u00eb - Rehabilitimi i gjasht\u00eb hidrocentraleve n\u00eb Maqedonin\u00eb e Veriut\",\"breadcrumb\":{\"@id\":\"https:\/\/webalkans.eu\/sq\/news\/energy-support-package-in-action-the-rehabilitation-of-six-hydropower-plants-in-north-macedonia\/#breadcrumb\"},\"inLanguage\":\"sq-AL\",\"potentialAction\":[{\"@type\":\"ReadAction\",\"target\":[\"https:\/\/webalkans.eu\/sq\/news\/energy-support-package-in-action-the-rehabilitation-of-six-hydropower-plants-in-north-macedonia\/\"]}]},{\"@type\":\"ImageObject\",\"inLanguage\":\"sq-AL\",\"@id\":\"https:\/\/webalkans.eu\/sq\/news\/energy-support-package-in-action-the-rehabilitation-of-six-hydropower-plants-in-north-macedonia\/#primaryimage\",\"url\":\"https:\/\/webalkans.eu\/wp-content\/uploads\/2023\/03\/12.jpeg\",\"contentUrl\":\"https:\/\/webalkans.eu\/wp-content\/uploads\/2023\/03\/12.jpeg\",\"width\":500,\"height\":650},{\"@type\":\"BreadcrumbList\",\"@id\":\"https:\/\/webalkans.eu\/sq\/news\/energy-support-package-in-action-the-rehabilitation-of-six-hydropower-plants-in-north-macedonia\/#breadcrumb\",\"itemListElement\":[{\"@type\":\"ListItem\",\"position\":1,\"name\":\"Home\",\"item\":\"https:\/\/webalkans.eu\/sq\/homepage\/\"},{\"@type\":\"ListItem\",\"position\":2,\"name\":\"Paketa e Mb\u00ebshtetjes p\u00ebr Energjin\u00eb nis t\u00eb veproj\u00eb &#8211; Rehabilitimi i gjasht\u00eb hidrocentraleve n\u00eb Maqedonin\u00eb e Veriut\"}]},{\"@type\":\"WebSite\",\"@id\":\"https:\/\/webalkans.eu\/sq\/#website\",\"url\":\"https:\/\/webalkans.eu\/sq\/\",\"name\":\"WeBalkans | EU Projects in the Western Balkans\",\"description\":\"\",\"publisher\":{\"@id\":\"https:\/\/webalkans.eu\/sq\/#organization\"},\"potentialAction\":[{\"@type\":\"SearchAction\",\"target\":{\"@type\":\"EntryPoint\",\"urlTemplate\":\"https:\/\/webalkans.eu\/sq\/?s={search_term_string}\"},\"query-input\":{\"@type\":\"PropertyValueSpecification\",\"valueRequired\":true,\"valueName\":\"search_term_string\"}}],\"inLanguage\":\"sq-AL\"},{\"@type\":\"Organization\",\"@id\":\"https:\/\/webalkans.eu\/sq\/#organization\",\"name\":\"European Union\",\"url\":\"https:\/\/webalkans.eu\/sq\/\",\"logo\":{\"@type\":\"ImageObject\",\"inLanguage\":\"sq-AL\",\"@id\":\"https:\/\/webalkans.eu\/sq\/#\/schema\/logo\/image\/\",\"url\":\"https:\/\/webalkans.eu\/wp-content\/uploads\/2020\/11\/eu_flag.jpg\",\"contentUrl\":\"https:\/\/webalkans.eu\/wp-content\/uploads\/2020\/11\/eu_flag.jpg\",\"width\":600,\"height\":401,\"caption\":\"European Union\"},\"image\":{\"@id\":\"https:\/\/webalkans.eu\/sq\/#\/schema\/logo\/image\/\"},\"sameAs\":[\"https:\/\/www.facebook.com\/webalkans.eu\",\"https:\/\/x.com\/WeBalkans\"]},{\"@type\":\"Person\",\"@id\":\"https:\/\/webalkans.eu\/sq\/#\/schema\/person\/95a8ea19ef21de3b7766e9b65ffdb4da\",\"name\":\"007designstudio@gmail.com\"}]}<\/script>\n<!-- \/ Yoast SEO plugin. -->","yoast_head_json":{"title":"Paketa e Mb\u00ebshtetjes p\u00ebr Energjin\u00eb nis t\u00eb veproj\u00eb - Rehabilitimi i gjasht\u00eb hidrocentraleve n\u00eb Maqedonin\u00eb e Veriut News | WeBalkans","description":"Paketa e Mb\u00ebshtetjes p\u00ebr Energjin\u00eb nis t\u00eb veproj\u00eb - Rehabilitimi i gjasht\u00eb hidrocentraleve n\u00eb Maqedonin\u00eb e Veriut","robots":{"index":"index","follow":"follow","max-snippet":"max-snippet:-1","max-image-preview":"max-image-preview:large","max-video-preview":"max-video-preview:-1"},"canonical":"https:\/\/webalkans.eu\/sq\/news\/energy-support-package-in-action-the-rehabilitation-of-six-hydropower-plants-in-north-macedonia\/","og_locale":"sq_AL","og_type":"article","og_title":"Paketa e Mb\u00ebshtetjes p\u00ebr Energjin\u00eb nis t\u00eb veproj\u00eb - Rehabilitimi i gjasht\u00eb hidrocentraleve n\u00eb Maqedonin\u00eb e Veriut News | WeBalkans","og_description":"Paketa e Mb\u00ebshtetjes p\u00ebr Energjin\u00eb nis t\u00eb veproj\u00eb - Rehabilitimi i gjasht\u00eb hidrocentraleve n\u00eb Maqedonin\u00eb e Veriut","og_url":"https:\/\/webalkans.eu\/sq\/news\/energy-support-package-in-action-the-rehabilitation-of-six-hydropower-plants-in-north-macedonia\/","og_site_name":"WeBalkans | EU Projects in the Western Balkans","article_publisher":"https:\/\/www.facebook.com\/webalkans.eu","article_published_time":"2023-03-03T12:00:35+00:00","article_modified_time":"2023-04-06T13:33:17+00:00","og_image":[{"width":500,"height":650,"url":"https:\/\/webalkans.eu\/wp-content\/uploads\/2023\/03\/12.jpeg","type":"image\/jpeg"}],"author":"007designstudio@gmail.com","twitter_card":"summary_large_image","twitter_creator":"@WeBalkans","twitter_site":"@WeBalkans","twitter_misc":{"Written by":"007designstudio@gmail.com","Est. reading time":"2 minutes"},"schema":{"@context":"https:\/\/schema.org","@graph":[{"@type":"Article","@id":"https:\/\/webalkans.eu\/sq\/news\/energy-support-package-in-action-the-rehabilitation-of-six-hydropower-plants-in-north-macedonia\/#article","isPartOf":{"@id":"https:\/\/webalkans.eu\/sq\/news\/energy-support-package-in-action-the-rehabilitation-of-six-hydropower-plants-in-north-macedonia\/"},"author":{"name":"007designstudio@gmail.com","@id":"https:\/\/webalkans.eu\/sq\/#\/schema\/person\/95a8ea19ef21de3b7766e9b65ffdb4da"},"headline":"Paketa e Mb\u00ebshtetjes p\u00ebr Energjin\u00eb nis t\u00eb veproj\u00eb &#8211; Rehabilitimi i gjasht\u00eb hidrocentraleve n\u00eb Maqedonin\u00eb e Veriut","datePublished":"2023-03-03T12:00:35+00:00","dateModified":"2023-04-06T13:33:17+00:00","mainEntityOfPage":{"@id":"https:\/\/webalkans.eu\/sq\/news\/energy-support-package-in-action-the-rehabilitation-of-six-hydropower-plants-in-north-macedonia\/"},"wordCount":400,"publisher":{"@id":"https:\/\/webalkans.eu\/sq\/#organization"},"image":{"@id":"https:\/\/webalkans.eu\/sq\/news\/energy-support-package-in-action-the-rehabilitation-of-six-hydropower-plants-in-north-macedonia\/#primaryimage"},"thumbnailUrl":"https:\/\/webalkans.eu\/wp-content\/uploads\/2023\/03\/12.jpeg","inLanguage":"sq-AL"},{"@type":"WebPage","@id":"https:\/\/webalkans.eu\/sq\/news\/energy-support-package-in-action-the-rehabilitation-of-six-hydropower-plants-in-north-macedonia\/","url":"https:\/\/webalkans.eu\/sq\/news\/energy-support-package-in-action-the-rehabilitation-of-six-hydropower-plants-in-north-macedonia\/","name":"Paketa e Mb\u00ebshtetjes p\u00ebr Energjin\u00eb nis t\u00eb veproj\u00eb - Rehabilitimi i gjasht\u00eb hidrocentraleve n\u00eb Maqedonin\u00eb e Veriut News | WeBalkans","isPartOf":{"@id":"https:\/\/webalkans.eu\/sq\/#website"},"primaryImageOfPage":{"@id":"https:\/\/webalkans.eu\/sq\/news\/energy-support-package-in-action-the-rehabilitation-of-six-hydropower-plants-in-north-macedonia\/#primaryimage"},"image":{"@id":"https:\/\/webalkans.eu\/sq\/news\/energy-support-package-in-action-the-rehabilitation-of-six-hydropower-plants-in-north-macedonia\/#primaryimage"},"thumbnailUrl":"https:\/\/webalkans.eu\/wp-content\/uploads\/2023\/03\/12.jpeg","datePublished":"2023-03-03T12:00:35+00:00","dateModified":"2023-04-06T13:33:17+00:00","description":"Paketa e Mb\u00ebshtetjes p\u00ebr Energjin\u00eb nis t\u00eb veproj\u00eb - Rehabilitimi i gjasht\u00eb hidrocentraleve n\u00eb Maqedonin\u00eb e Veriut","breadcrumb":{"@id":"https:\/\/webalkans.eu\/sq\/news\/energy-support-package-in-action-the-rehabilitation-of-six-hydropower-plants-in-north-macedonia\/#breadcrumb"},"inLanguage":"sq-AL","potentialAction":[{"@type":"ReadAction","target":["https:\/\/webalkans.eu\/sq\/news\/energy-support-package-in-action-the-rehabilitation-of-six-hydropower-plants-in-north-macedonia\/"]}]},{"@type":"ImageObject","inLanguage":"sq-AL","@id":"https:\/\/webalkans.eu\/sq\/news\/energy-support-package-in-action-the-rehabilitation-of-six-hydropower-plants-in-north-macedonia\/#primaryimage","url":"https:\/\/webalkans.eu\/wp-content\/uploads\/2023\/03\/12.jpeg","contentUrl":"https:\/\/webalkans.eu\/wp-content\/uploads\/2023\/03\/12.jpeg","width":500,"height":650},{"@type":"BreadcrumbList","@id":"https:\/\/webalkans.eu\/sq\/news\/energy-support-package-in-action-the-rehabilitation-of-six-hydropower-plants-in-north-macedonia\/#breadcrumb","itemListElement":[{"@type":"ListItem","position":1,"name":"Home","item":"https:\/\/webalkans.eu\/sq\/homepage\/"},{"@type":"ListItem","position":2,"name":"Paketa e Mb\u00ebshtetjes p\u00ebr Energjin\u00eb nis t\u00eb veproj\u00eb &#8211; Rehabilitimi i gjasht\u00eb hidrocentraleve n\u00eb Maqedonin\u00eb e Veriut"}]},{"@type":"WebSite","@id":"https:\/\/webalkans.eu\/sq\/#website","url":"https:\/\/webalkans.eu\/sq\/","name":"WeBalkans | EU Projects in the Western Balkans","description":"","publisher":{"@id":"https:\/\/webalkans.eu\/sq\/#organization"},"potentialAction":[{"@type":"SearchAction","target":{"@type":"EntryPoint","urlTemplate":"https:\/\/webalkans.eu\/sq\/?s={search_term_string}"},"query-input":{"@type":"PropertyValueSpecification","valueRequired":true,"valueName":"search_term_string"}}],"inLanguage":"sq-AL"},{"@type":"Organization","@id":"https:\/\/webalkans.eu\/sq\/#organization","name":"European Union","url":"https:\/\/webalkans.eu\/sq\/","logo":{"@type":"ImageObject","inLanguage":"sq-AL","@id":"https:\/\/webalkans.eu\/sq\/#\/schema\/logo\/image\/","url":"https:\/\/webalkans.eu\/wp-content\/uploads\/2020\/11\/eu_flag.jpg","contentUrl":"https:\/\/webalkans.eu\/wp-content\/uploads\/2020\/11\/eu_flag.jpg","width":600,"height":401,"caption":"European Union"},"image":{"@id":"https:\/\/webalkans.eu\/sq\/#\/schema\/logo\/image\/"},"sameAs":["https:\/\/www.facebook.com\/webalkans.eu","https:\/\/x.com\/WeBalkans"]},{"@type":"Person","@id":"https:\/\/webalkans.eu\/sq\/#\/schema\/person\/95a8ea19ef21de3b7766e9b65ffdb4da","name":"007designstudio@gmail.com"}]}},"_links":{"self":[{"href":"https:\/\/webalkans.eu\/sq\/wp-json\/wp\/v2\/posts\/1082836"}],"collection":[{"href":"https:\/\/webalkans.eu\/sq\/wp-json\/wp\/v2\/posts"}],"about":[{"href":"https:\/\/webalkans.eu\/sq\/wp-json\/wp\/v2\/types\/post"}],"author":[{"embeddable":true,"href":"https:\/\/webalkans.eu\/sq\/wp-json\/wp\/v2\/users\/152227"}],"replies":[{"embeddable":true,"href":"https:\/\/webalkans.eu\/sq\/wp-json\/wp\/v2\/comments?post=1082836"}],"version-history":[{"count":0,"href":"https:\/\/webalkans.eu\/sq\/wp-json\/wp\/v2\/posts\/1082836\/revisions"}],"wp:featuredmedia":[{"embeddable":true,"href":"https:\/\/webalkans.eu\/sq\/wp-json\/wp\/v2\/media\/1051608"}],"wp:attachment":[{"href":"https:\/\/webalkans.eu\/sq\/wp-json\/wp\/v2\/media?parent=1082836"}],"wp:term":[{"taxonomy":"country-for-news","embeddable":true,"href":"https:\/\/webalkans.eu\/sq\/wp-json\/wp\/v2\/country-for-news?post=1082836"}],"curies":[{"name":"wp","href":"https:\/\/api.w.org\/{rel}","templated":true}]}}